{"id":2088,"date":"2023-03-27T08:16:09","date_gmt":"2023-03-27T08:16:09","guid":{"rendered":"https:\/\/news.sap.com\/belgique\/?p=2088"},"modified":"2024-07-29T15:11:48","modified_gmt":"2024-07-29T15:11:48","slug":"la-crise-de-la-chaine-dapprovisionnement-entraine-des-pertes-demplois-et-des-prix-plus-eleves","status":"publish","type":"post","link":"https:\/\/news.sap.com\/belgique\/2023\/03\/la-crise-de-la-chaine-dapprovisionnement-entraine-des-pertes-demplois-et-des-prix-plus-eleves\/","title":{"rendered":"La crise de la cha\u00eene d\u2019approvisionnement entra\u00eene des pertes d&#8217;emplois et des prix plus \u00e9lev\u00e9s"},"content":{"rendered":"<p><strong>Plus de la moiti\u00e9 des entreprises belges pr\u00e9voient de relocaliser leurs op\u00e9rations pour surmonter la crise de la cha\u00eene d\u2019approvisionnement<\/strong><\/p>\n<p>Ce sont quelques r\u00e9sultats d\u2019un nouveau rapport dans lequel les entreprises belges indiquent qu\u2019ils s\u2019attendent malgr\u00e9 tout \u00e0 des p\u00e9nuries de mati\u00e8res premi\u00e8res, \u00e0 des rayons vides et une disponibilit\u00e9 r\u00e9duite des produits de sant\u00e9 et de m\u00e9dicaments jusqu\u2019\u00e0 la fin de 2023. <em>Les d\u00e9fis en mati\u00e8re de cha\u00eene d\u2019approvisionnement s\u2019ajouteront aux difficult\u00e9s li\u00e9es \u00e0 l\u2019inflation, alors que les entreprises pr\u00e9voient de r\u00e9duire leurs effectifs et d\u2019augmenter leurs prix si la hausse des co\u00fbts de leur cha\u00eene logistique se poursuit.<\/em><\/p>\n<p>Voor de Nederlandse versie, <a href=\"https:\/\/news.sap.com\/belgie\/?p=2419\">klik hier<\/a>.<\/p>\n<p><img loading=\"lazy\" decoding=\"async\" class=\"size-medium wp-image-2089\" src=\"https:\/\/news.sap.com\/belgique\/files\/2023\/03\/27\/278183_278183_l_srgb_s_gl-300x199.jpg\" alt=\"\" width=\"300\" height=\"199\" srcset=\"https:\/\/news.sap.com\/belgique\/files\/2023\/03\/27\/278183_278183_l_srgb_s_gl-300x199.jpg 300w, https:\/\/news.sap.com\/belgique\/files\/2023\/03\/27\/278183_278183_l_srgb_s_gl-1024x680.jpg 1024w, https:\/\/news.sap.com\/belgique\/files\/2023\/03\/27\/278183_278183_l_srgb_s_gl-768x510.jpg 768w, https:\/\/news.sap.com\/belgique\/files\/2023\/03\/27\/278183_278183_l_srgb_s_gl-1536x1020.jpg 1536w, https:\/\/news.sap.com\/belgique\/files\/2023\/03\/27\/278183_278183_l_srgb_s_gl-2048x1360.jpg 2048w\" sizes=\"auto, (max-width: 300px) 100vw, 300px\" \/><\/p>\n<p>La grande majorit\u00e9 des entreprises belges sont conscientes du besoin d\u2019am\u00e9liorer leur cha\u00eene logistique (84\u00a0%). 36\u00a0% d\u2019entre elles comprennent \u00e9galement l\u2019ampleur des changements \u00e0 mettre en \u0153uvre. Cet avis est partag\u00e9 par les entreprises des pays voisins de la Belgique. 97 % des entreprises n\u00e9erlandaises participantes d\u00e9clarent qu\u2019elles doivent s\u2019am\u00e9liorer. En France, ce chiffre atteint 87 %.<\/p>\n<p><strong>D\u00e9fis internationaux<\/strong><\/p>\n<p>Les conclusions du rapport <a href=\"https:\/\/www.sap.com\/belgique\/documents\/2023\/03\/32cfd711-697e-0010-bca6-c68f7e60039b.urc.html\"><strong><em>Tomorrow\u2019s Supply Chain: Disruption Around Every Corner<\/em> (La Supply Chain de demain : des perturbations \u00e0 tout moment)<\/strong><\/a> soulignent l\u2019\u00e9tat d\u00e9sastreux de la cha\u00eene d\u2019approvisionnement depuis le d\u00e9but de la pand\u00e9mie. Les entreprises belges, fran\u00e7aises et n\u00e9erlandaises sont ainsi ralenties par des retards dans la production de biens ou la livraison de services (50 %) et par un manque de mati\u00e8res premi\u00e8res (34 %). Cette situation a entra\u00een\u00e9 une baisse de chiffres d\u2019affaires (33%), une incapacit\u00e9 de payer le personnel (31 %) ou les loyers (41 %), mais aussi une perte de client\u00e8le (35 %) ou une atteinte \u00e0 la r\u00e9putation (27 %).<\/p>\n<p>Pour les entreprises, le pessimisme est de mise lorsqu\u2019il s\u2019agit d\u2019apercevoir le bout du tunnel. La moiti\u00e9 des entreprises pensent ainsi que les probl\u00e8mes qui touchent actuellement la cha\u00eene logistique persisteront jusqu\u2019\u00e0 la fin 2023. Seule 1 entreprise sur 10 s\u2019attend \u00e0 une solution pour la fin de l\u2019\u00e9t\u00e9. Pour plus de 6 r\u00e9pondants belges sur 10, deux facteurs cl\u00e9s p\u00e8seront sur la r\u00e9solution des probl\u00e8mes : la crise \u00e9nerg\u00e9tique (42 %) et la situation en Ukraine (22 %).<\/p>\n<p>Voil\u00e0 qui n\u2019augure rien de bon pour les consommateurs et les travailleurs. En effet, les entreprises belges expliquent qu\u2019elles devront compenser l\u2019inflation qui a gagn\u00e9 la cha\u00eene logistique, en gelant le recrutement et les salaires (56 %), en augmentant les prix (40 %) ou en supprimant des emplois (32 %).<\/p>\n<blockquote><p>\u00ab <em>Les incertitudes et les d\u00e9fis auxquels font face tant d\u2019entreprises belges ont des cons\u00e9quences sur les consommateurs. Ceux-ci sont confront\u00e9s \u00e0 l\u2019envol\u00e9e des prix de produits essentiels comme l\u2019alimentation, l\u2019\u00e9nergie et les carburants<\/em> \u00bb explique Frank Soudan, Head of Digital Supply Chain chez SAP Belgique &amp; Luxembourg.<\/p><\/blockquote>\n<p><strong>Localisation avec un appel clair au gouvernement<\/strong><\/p>\n<p>100 % des entreprises belges confirment aussi la valeur d\u2019une d\u00e9mondialisation des cha\u00eenes d\u2019approvisionnement. Selon elles, celle-ci soutiendrait la croissance \u00e9conomique. Ces entreprises demandent en outre le soutien des autorit\u00e9s. Elles souhaitent ainsi des mesures incitatives pour attirer les personnes vers le travail et d\u00e9velopper les comp\u00e9tences (50\u00a0%), mais aussi pour attirer les talents \u00e9trangers (40\u00a0%). Elles veulent \u00e9galement une surveillance de la cha\u00eene d\u2019approvisionnement et des investissements l\u00e0 o\u00f9 cela est n\u00e9cessaire (48 %), tout en veillant \u00e0 un assouplissement des politiques industrielles et commerciales (44 %).<\/p>\n<p>Le rapport montre qu\u2019une majorit\u00e9 d\u2019entreprises fran\u00e7aises (66 %) pensent \u00e9galement que la d\u00e9mondialisation des cha\u00eenes d\u2019approvisionnement pourrait favoriser la croissance \u00e9conomique. Aux Pays-Bas, les entreprises sont plus mitig\u00e9es : 34 % y seraient favorables et 66 % d\u00e9favorables.<\/p>\n<p><strong>L&rsquo;\u00e9volution du r\u00f4le de la gestion de la cha\u00eene d&rsquo;approvisionnement<\/strong><\/p>\n<p><em>\u00ab Autrefois, la gestion de la cha\u00eene logistique consistait principalement \u00e0 r\u00e9duire les co\u00fbts. Aujourd\u2019hui, le grand d\u00e9fi pour les entreprises est de devancer la demande des consommateurs, tout en am\u00e9liorant leur r\u00e9silience, en r\u00e9duisant leurs \u00e9missions carbone, en retenant les talents et en minimisant leurs co\u00fbts. Le march\u00e9 du travail postpand\u00e9mique, la guerre en Ukraine, la hausse des co\u00fbts de l\u2019\u00e9nergie ont exacerb\u00e9 les difficult\u00e9s li\u00e9es aux mod\u00e8les actuels de cha\u00eene d\u2019approvisionnement en Belgique\u00a0\u00bb <\/em>explique Frank Soudan<em>. \u00ab\u00a0Et quels que soient les facteurs externes qui perturberont la circulation des biens et des services \u00e0 l\u2019avenir, la culture de la consommation \u00e0 la demande va encore se d\u00e9velopper. Une nouvelle approche est n\u00e9cessaire pour r\u00e9pondre \u00e0 cette demande.\u00a0\u00bb<\/em><\/p>\n<p><strong>Bru Textiles, accent sur la durabilit\u00e9<\/strong><\/p>\n<p>Bru Textiles est l\u2019un des principaux fournisseurs mondiaux de tissus d\u2019ameublement d\u2019int\u00e9rieur. L\u2019entreprise utilise la technologie SAP pour collecter des donn\u00e9es et les enrichir afin de garantir une visibilit\u00e9 totale de son r\u00e9seau d\u2019approvisionnement. Bru Textiles a construit un entrep\u00f4t \u00e0 la pointe de la technologie, enti\u00e8rement automatis\u00e9, pour concr\u00e9tiser ses objectifs de croissance \u00e0 grande \u00e9chelle et garantir l\u2019excellence de ses services.<\/p>\n<p>Dieter Verlaeckt, IT Director chez Bru Textiles, commente les conclusions du rapport : <em>\u00ab\u00a0Bien s\u00fbr, nous avons aussi ressenti les effets de la crise. Le transport \u00e9tait particuli\u00e8rement sous pression. Mais gr\u00e2ce \u00e0 nos investissements logiciels, nous avons pu contr\u00f4ler, g\u00e9rer et automatiser nos processus en mati\u00e8re de co\u00fbts et d\u2019op\u00e9rations. C\u2019est vraiment ce qui a fait la diff\u00e9rence.\u00a0\u00bb<\/em><\/p>\n<blockquote><p>En ce qui concerne le d\u00e9veloppement durable, le rapport montre aussi qu\u2019une entreprise sur 4 ne sait ni par o\u00f9 commencer, ni comment. Dieter Verlaeckt\u00a0: \u00ab\u00a0<em>Chez nous, c\u2019\u00e9tait plut\u00f4t l\u2019inverse : nous avons d\u00e9ploy\u00e9 notre logiciel sur la base de consid\u00e9rations durables. Nous avons rapidement constat\u00e9 que l\u2019am\u00e9lioration du flux d\u2019informations dans notre cha\u00eene d\u2019approvisionnement ouvrait aussi de nombreuses opportunit\u00e9s pour la bonne gestion de notre stock et un meilleur service au client. En collectant et en enrichissant les donn\u00e9es, nous disposons d\u2019une vue d\u2019ensemble de notre cha\u00eene d\u2019approvisionnement \u00bb<\/em><\/p><\/blockquote>\n<p><strong>De nouvelles fa\u00e7ons d&rsquo;am\u00e9liorer la cha\u00eene d&rsquo;approvisionnement<\/strong><\/p>\n<p>Les conclusions du rapport montrent enfin que les entreprises belges explorent d\u2019autres voies pour am\u00e9liorer leurs cha\u00eenes d\u2019approvisionnement\u00a0:<\/p>\n<ul>\n<li>80\u00a0% pr\u00e9voient de donner la priorit\u00e9 aux solutions de cha\u00eene d\u2019approvisionnement domestiques.<\/li>\n<li>72\u00a0% pensent faire appel aux nouvelles technologies pour les aider \u00e0 relever les d\u00e9fis des deux\u00a0prochaines ann\u00e9es.<\/li>\n<li>66\u00a0% souhaitent trouver de nouvelles solutions de cha\u00eene d\u2019approvisionnement respectueuses de l\u2019environnement.<\/li>\n<\/ul>\n<p><em>\u00ab\u00a0Nous ne pouvons que nous r\u00e9jouir qu&rsquo;autant d&rsquo;entreprises comprennent l&rsquo;importance d&rsquo;investir dans les technologies de pointe pour innover et d\u00e9ployer de nouvelles solutions \u00e9cologiques. Cela donnera la perspicacit\u00e9 et la r\u00e9silience n\u00e9cessaire \u00e0 la cha\u00eene d&rsquo;approvisionnement<\/em>\u00a0\u00bb conclut Frank Soudan de SAP.<\/p>\n<p><a href=\"https:\/\/www.sap.com\/belgique\/documents\/2023\/03\/32cfd711-697e-0010-bca6-c68f7e60039b.urc.html\">Cliquez-ici<\/a> pour d\u00e9couvrir le rapport avec les r\u00e9sultats belges.<\/p>\n","protected":false},"excerpt":{"rendered":"<p>Plus de la moiti\u00e9 des entreprises belges pr\u00e9voient de relocaliser leurs op\u00e9rations pour surmonter la crise de la cha\u00eene d\u2019approvisionnement Ce sont quelques r\u00e9sultats d\u2019un&#8230;<\/p>\n","protected":false},"author":4269,"featured_media":2090,"comment_status":"closed","ping_status":"closed","sticky":false,"template":"","format":"standard","meta":{"related_posts":[],"footnotes":"","_links_to":"","_links_to_target":""},"categories":[5562304],"tags":[],"sapn-display":[45149,5562343,5562344,60294],"sapn-type":[1654279],"class_list":["post-2088","post","type-post","status-publish","format-standard","has-post-thumbnail","hentry","category-supply-chain","sapn-display-homepage-hero","sapn-display-presse-hero","sapn-display-presse-spotlight","sapn-display-topic-hero","sapn-type-communique-de-presse"],"yoast_head":"<!-- This site is optimized with the Yoast SEO Premium plugin v26.9 (Yoast SEO v26.9) - https:\/\/yoast.com\/product\/yoast-seo-premium-wordpress\/ -->\n<title>La crise de la cha\u00eene d\u2019approvisionnement entra\u00eene des pertes d&#039;emplois et des prix plus \u00e9lev\u00e9s - SAP Belgique News Center<\/title>\n<meta name=\"robots\" content=\"index, follow, max-snippet:-1, max-image-preview:large, max-video-preview:-1\" \/>\n<link rel=\"canonical\" href=\"https:\/\/news.sap.com\/belgique\/2023\/03\/la-crise-de-la-chaine-dapprovisionnement-entraine-des-pertes-demplois-et-des-prix-plus-eleves\/\" \/>\n<meta property=\"og:locale\" content=\"fr_FR\" \/>\n<meta property=\"og:type\" content=\"article\" \/>\n<meta property=\"og:title\" content=\"La crise de la cha\u00eene d\u2019approvisionnement entra\u00eene des pertes d&#039;emplois et des prix plus \u00e9lev\u00e9s\" \/>\n<meta property=\"og:description\" content=\"Plus de la moiti\u00e9 des entreprises belges pr\u00e9voient de relocaliser leurs op\u00e9rations pour surmonter la crise de la cha\u00eene d\u2019approvisionnement Ce sont quelques r\u00e9sultats d\u2019un...\" \/>\n<meta property=\"og:url\" content=\"https:\/\/news.sap.com\/belgique\/2023\/03\/la-crise-de-la-chaine-dapprovisionnement-entraine-des-pertes-demplois-et-des-prix-plus-eleves\/\" \/>\n<meta property=\"og:site_name\" content=\"SAP Belgique News Center\" \/>\n<meta property=\"article:published_time\" content=\"2023-03-27T08:16:09+00:00\" \/>\n<meta property=\"article:modified_time\" content=\"2024-07-29T15:11:48+00:00\" \/>\n<meta property=\"og:image\" content=\"https:\/\/news.sap.com\/belgique\/files\/2023\/03\/27\/281784_GettyImages-584250294_super_low.jpg\" \/>\n\t<meta property=\"og:image:width\" content=\"8688\" \/>\n\t<meta property=\"og:image:height\" content=\"5792\" \/>\n\t<meta property=\"og:image:type\" content=\"image\/jpeg\" \/>\n<meta name=\"author\" content=\"SAP BeLux\" \/>\n<meta name=\"twitter:card\" content=\"summary_large_image\" \/>\n<meta name=\"twitter:label1\" content=\"\u00c9crit par\" \/>\n\t<meta name=\"twitter:data1\" content=\"SAP BeLux\" \/>\n\t<meta name=\"twitter:label2\" content=\"Dur\u00e9e de lecture est.\" \/>\n\t<meta name=\"twitter:data2\" content=\"6 minutes\" \/>\n<script type=\"application\/ld+json\" class=\"yoast-schema-graph\">{\"@context\":\"https:\/\/schema.org\",\"@graph\":[{\"@type\":\"Article\",\"@id\":\"https:\/\/news.sap.com\/belgique\/2023\/03\/la-crise-de-la-chaine-dapprovisionnement-entraine-des-pertes-demplois-et-des-prix-plus-eleves\/#article\",\"isPartOf\":{\"@id\":\"https:\/\/news.sap.com\/belgique\/2023\/03\/la-crise-de-la-chaine-dapprovisionnement-entraine-des-pertes-demplois-et-des-prix-plus-eleves\/\"},\"author\":{\"name\":\"SAP BeLux\",\"@id\":\"https:\/\/news.sap.com\/belgique\/#\/schema\/person\/f51f26aaff321fe402e84bbabb701dc9\"},\"headline\":\"La crise de la cha\u00eene d\u2019approvisionnement entra\u00eene des pertes d&#8217;emplois et des prix plus \u00e9lev\u00e9s\",\"datePublished\":\"2023-03-27T08:16:09+00:00\",\"dateModified\":\"2024-07-29T15:11:48+00:00\",\"mainEntityOfPage\":{\"@id\":\"https:\/\/news.sap.com\/belgique\/2023\/03\/la-crise-de-la-chaine-dapprovisionnement-entraine-des-pertes-demplois-et-des-prix-plus-eleves\/\"},\"wordCount\":1176,\"image\":{\"@id\":\"https:\/\/news.sap.com\/belgique\/2023\/03\/la-crise-de-la-chaine-dapprovisionnement-entraine-des-pertes-demplois-et-des-prix-plus-eleves\/#primaryimage\"},\"thumbnailUrl\":\"https:\/\/news.sap.com\/belgique\/files\/2023\/03\/27\/281784_GettyImages-584250294_super_low.jpg\",\"articleSection\":[\"Gestion de la cha\u00eene logistique\"],\"inLanguage\":\"fr-BE\"},{\"@type\":\"WebPage\",\"@id\":\"https:\/\/news.sap.com\/belgique\/2023\/03\/la-crise-de-la-chaine-dapprovisionnement-entraine-des-pertes-demplois-et-des-prix-plus-eleves\/\",\"url\":\"https:\/\/news.sap.com\/belgique\/2023\/03\/la-crise-de-la-chaine-dapprovisionnement-entraine-des-pertes-demplois-et-des-prix-plus-eleves\/\",\"name\":\"La crise de la cha\u00eene d\u2019approvisionnement entra\u00eene des pertes d'emplois et des prix plus \u00e9lev\u00e9s - SAP Belgique News Center\",\"isPartOf\":{\"@id\":\"https:\/\/news.sap.com\/belgique\/#website\"},\"primaryImageOfPage\":{\"@id\":\"https:\/\/news.sap.com\/belgique\/2023\/03\/la-crise-de-la-chaine-dapprovisionnement-entraine-des-pertes-demplois-et-des-prix-plus-eleves\/#primaryimage\"},\"image\":{\"@id\":\"https:\/\/news.sap.com\/belgique\/2023\/03\/la-crise-de-la-chaine-dapprovisionnement-entraine-des-pertes-demplois-et-des-prix-plus-eleves\/#primaryimage\"},\"thumbnailUrl\":\"https:\/\/news.sap.com\/belgique\/files\/2023\/03\/27\/281784_GettyImages-584250294_super_low.jpg\",\"datePublished\":\"2023-03-27T08:16:09+00:00\",\"dateModified\":\"2024-07-29T15:11:48+00:00\",\"author\":{\"@id\":\"https:\/\/news.sap.com\/belgique\/#\/schema\/person\/f51f26aaff321fe402e84bbabb701dc9\"},\"breadcrumb\":{\"@id\":\"https:\/\/news.sap.com\/belgique\/2023\/03\/la-crise-de-la-chaine-dapprovisionnement-entraine-des-pertes-demplois-et-des-prix-plus-eleves\/#breadcrumb\"},\"inLanguage\":\"fr-BE\",\"potentialAction\":[{\"@type\":\"ReadAction\",\"target\":[\"https:\/\/news.sap.com\/belgique\/2023\/03\/la-crise-de-la-chaine-dapprovisionnement-entraine-des-pertes-demplois-et-des-prix-plus-eleves\/\"]}]},{\"@type\":\"ImageObject\",\"inLanguage\":\"fr-BE\",\"@id\":\"https:\/\/news.sap.com\/belgique\/2023\/03\/la-crise-de-la-chaine-dapprovisionnement-entraine-des-pertes-demplois-et-des-prix-plus-eleves\/#primaryimage\",\"url\":\"https:\/\/news.sap.com\/belgique\/files\/2023\/03\/27\/281784_GettyImages-584250294_super_low.jpg\",\"contentUrl\":\"https:\/\/news.sap.com\/belgique\/files\/2023\/03\/27\/281784_GettyImages-584250294_super_low.jpg\",\"width\":8688,\"height\":5792},{\"@type\":\"BreadcrumbList\",\"@id\":\"https:\/\/news.sap.com\/belgique\/2023\/03\/la-crise-de-la-chaine-dapprovisionnement-entraine-des-pertes-demplois-et-des-prix-plus-eleves\/#breadcrumb\",\"itemListElement\":[{\"@type\":\"ListItem\",\"position\":1,\"name\":\"Home\",\"item\":\"https:\/\/news.sap.com\/belgique\/\"},{\"@type\":\"ListItem\",\"position\":2,\"name\":\"La crise de la cha\u00eene d\u2019approvisionnement entra\u00eene des pertes d&#8217;emplois et des prix plus \u00e9lev\u00e9s\"}]},{\"@type\":\"WebSite\",\"@id\":\"https:\/\/news.sap.com\/belgique\/#website\",\"url\":\"https:\/\/news.sap.com\/belgique\/\",\"name\":\"SAP Belgique News Center\",\"description\":\"Actualit\u00e9s et informations sur SAP\",\"potentialAction\":[{\"@type\":\"SearchAction\",\"target\":{\"@type\":\"EntryPoint\",\"urlTemplate\":\"https:\/\/news.sap.com\/belgique\/?s={search_term_string}\"},\"query-input\":{\"@type\":\"PropertyValueSpecification\",\"valueRequired\":true,\"valueName\":\"search_term_string\"}}],\"inLanguage\":\"fr-BE\"},{\"@type\":\"Person\",\"@id\":\"https:\/\/news.sap.com\/belgique\/#\/schema\/person\/f51f26aaff321fe402e84bbabb701dc9\",\"name\":\"SAP BeLux\",\"image\":{\"@type\":\"ImageObject\",\"inLanguage\":\"fr-BE\",\"@id\":\"https:\/\/news.sap.com\/belgique\/#\/schema\/person\/image\/\",\"url\":\"https:\/\/news.sap.com\/belgique\/wp-content\/plugins\/wp-user-avatars\/wp-user-avatars\/assets\/images\/mystery.jpg\",\"contentUrl\":\"https:\/\/news.sap.com\/belgique\/wp-content\/plugins\/wp-user-avatars\/wp-user-avatars\/assets\/images\/mystery.jpg\",\"caption\":\"SAP BeLux\"},\"url\":\"https:\/\/news.sap.com\/belgique\/author\/sapbelux\/\"}]}<\/script>\n<!-- \/ Yoast SEO Premium plugin. -->","yoast_head_json":{"title":"La crise de la cha\u00eene d\u2019approvisionnement entra\u00eene des pertes d'emplois et des prix plus \u00e9lev\u00e9s - SAP Belgique News Center","robots":{"index":"index","follow":"follow","max-snippet":"max-snippet:-1","max-image-preview":"max-image-preview:large","max-video-preview":"max-video-preview:-1"},"canonical":"https:\/\/news.sap.com\/belgique\/2023\/03\/la-crise-de-la-chaine-dapprovisionnement-entraine-des-pertes-demplois-et-des-prix-plus-eleves\/","og_locale":"fr_FR","og_type":"article","og_title":"La crise de la cha\u00eene d\u2019approvisionnement entra\u00eene des pertes d'emplois et des prix plus \u00e9lev\u00e9s","og_description":"Plus de la moiti\u00e9 des entreprises belges pr\u00e9voient de relocaliser leurs op\u00e9rations pour surmonter la crise de la cha\u00eene d\u2019approvisionnement Ce sont quelques r\u00e9sultats d\u2019un...","og_url":"https:\/\/news.sap.com\/belgique\/2023\/03\/la-crise-de-la-chaine-dapprovisionnement-entraine-des-pertes-demplois-et-des-prix-plus-eleves\/","og_site_name":"SAP Belgique News Center","article_published_time":"2023-03-27T08:16:09+00:00","article_modified_time":"2024-07-29T15:11:48+00:00","og_image":[{"width":8688,"height":5792,"url":"https:\/\/news.sap.com\/belgique\/files\/2023\/03\/27\/281784_GettyImages-584250294_super_low.jpg","type":"image\/jpeg"}],"author":"SAP BeLux","twitter_card":"summary_large_image","twitter_misc":{"\u00c9crit par":"SAP BeLux","Dur\u00e9e de lecture est.":"6 minutes"},"schema":{"@context":"https:\/\/schema.org","@graph":[{"@type":"Article","@id":"https:\/\/news.sap.com\/belgique\/2023\/03\/la-crise-de-la-chaine-dapprovisionnement-entraine-des-pertes-demplois-et-des-prix-plus-eleves\/#article","isPartOf":{"@id":"https:\/\/news.sap.com\/belgique\/2023\/03\/la-crise-de-la-chaine-dapprovisionnement-entraine-des-pertes-demplois-et-des-prix-plus-eleves\/"},"author":{"name":"SAP BeLux","@id":"https:\/\/news.sap.com\/belgique\/#\/schema\/person\/f51f26aaff321fe402e84bbabb701dc9"},"headline":"La crise de la cha\u00eene d\u2019approvisionnement entra\u00eene des pertes d&#8217;emplois et des prix plus \u00e9lev\u00e9s","datePublished":"2023-03-27T08:16:09+00:00","dateModified":"2024-07-29T15:11:48+00:00","mainEntityOfPage":{"@id":"https:\/\/news.sap.com\/belgique\/2023\/03\/la-crise-de-la-chaine-dapprovisionnement-entraine-des-pertes-demplois-et-des-prix-plus-eleves\/"},"wordCount":1176,"image":{"@id":"https:\/\/news.sap.com\/belgique\/2023\/03\/la-crise-de-la-chaine-dapprovisionnement-entraine-des-pertes-demplois-et-des-prix-plus-eleves\/#primaryimage"},"thumbnailUrl":"https:\/\/news.sap.com\/belgique\/files\/2023\/03\/27\/281784_GettyImages-584250294_super_low.jpg","articleSection":["Gestion de la cha\u00eene logistique"],"inLanguage":"fr-BE"},{"@type":"WebPage","@id":"https:\/\/news.sap.com\/belgique\/2023\/03\/la-crise-de-la-chaine-dapprovisionnement-entraine-des-pertes-demplois-et-des-prix-plus-eleves\/","url":"https:\/\/news.sap.com\/belgique\/2023\/03\/la-crise-de-la-chaine-dapprovisionnement-entraine-des-pertes-demplois-et-des-prix-plus-eleves\/","name":"La crise de la cha\u00eene d\u2019approvisionnement entra\u00eene des pertes d'emplois et des prix plus \u00e9lev\u00e9s - SAP Belgique News Center","isPartOf":{"@id":"https:\/\/news.sap.com\/belgique\/#website"},"primaryImageOfPage":{"@id":"https:\/\/news.sap.com\/belgique\/2023\/03\/la-crise-de-la-chaine-dapprovisionnement-entraine-des-pertes-demplois-et-des-prix-plus-eleves\/#primaryimage"},"image":{"@id":"https:\/\/news.sap.com\/belgique\/2023\/03\/la-crise-de-la-chaine-dapprovisionnement-entraine-des-pertes-demplois-et-des-prix-plus-eleves\/#primaryimage"},"thumbnailUrl":"https:\/\/news.sap.com\/belgique\/files\/2023\/03\/27\/281784_GettyImages-584250294_super_low.jpg","datePublished":"2023-03-27T08:16:09+00:00","dateModified":"2024-07-29T15:11:48+00:00","author":{"@id":"https:\/\/news.sap.com\/belgique\/#\/schema\/person\/f51f26aaff321fe402e84bbabb701dc9"},"breadcrumb":{"@id":"https:\/\/news.sap.com\/belgique\/2023\/03\/la-crise-de-la-chaine-dapprovisionnement-entraine-des-pertes-demplois-et-des-prix-plus-eleves\/#breadcrumb"},"inLanguage":"fr-BE","potentialAction":[{"@type":"ReadAction","target":["https:\/\/news.sap.com\/belgique\/2023\/03\/la-crise-de-la-chaine-dapprovisionnement-entraine-des-pertes-demplois-et-des-prix-plus-eleves\/"]}]},{"@type":"ImageObject","inLanguage":"fr-BE","@id":"https:\/\/news.sap.com\/belgique\/2023\/03\/la-crise-de-la-chaine-dapprovisionnement-entraine-des-pertes-demplois-et-des-prix-plus-eleves\/#primaryimage","url":"https:\/\/news.sap.com\/belgique\/files\/2023\/03\/27\/281784_GettyImages-584250294_super_low.jpg","contentUrl":"https:\/\/news.sap.com\/belgique\/files\/2023\/03\/27\/281784_GettyImages-584250294_super_low.jpg","width":8688,"height":5792},{"@type":"BreadcrumbList","@id":"https:\/\/news.sap.com\/belgique\/2023\/03\/la-crise-de-la-chaine-dapprovisionnement-entraine-des-pertes-demplois-et-des-prix-plus-eleves\/#breadcrumb","itemListElement":[{"@type":"ListItem","position":1,"name":"Home","item":"https:\/\/news.sap.com\/belgique\/"},{"@type":"ListItem","position":2,"name":"La crise de la cha\u00eene d\u2019approvisionnement entra\u00eene des pertes d&#8217;emplois et des prix plus \u00e9lev\u00e9s"}]},{"@type":"WebSite","@id":"https:\/\/news.sap.com\/belgique\/#website","url":"https:\/\/news.sap.com\/belgique\/","name":"SAP Belgique News Center","description":"Actualit\u00e9s et informations sur SAP","potentialAction":[{"@type":"SearchAction","target":{"@type":"EntryPoint","urlTemplate":"https:\/\/news.sap.com\/belgique\/?s={search_term_string}"},"query-input":{"@type":"PropertyValueSpecification","valueRequired":true,"valueName":"search_term_string"}}],"inLanguage":"fr-BE"},{"@type":"Person","@id":"https:\/\/news.sap.com\/belgique\/#\/schema\/person\/f51f26aaff321fe402e84bbabb701dc9","name":"SAP BeLux","image":{"@type":"ImageObject","inLanguage":"fr-BE","@id":"https:\/\/news.sap.com\/belgique\/#\/schema\/person\/image\/","url":"https:\/\/news.sap.com\/belgique\/wp-content\/plugins\/wp-user-avatars\/wp-user-avatars\/assets\/images\/mystery.jpg","contentUrl":"https:\/\/news.sap.com\/belgique\/wp-content\/plugins\/wp-user-avatars\/wp-user-avatars\/assets\/images\/mystery.jpg","caption":"SAP BeLux"},"url":"https:\/\/news.sap.com\/belgique\/author\/sapbelux\/"}]}},"amp_enabled":true,"_links":{"self":[{"href":"https:\/\/news.sap.com\/belgique\/wp-json\/wp\/v2\/posts\/2088","targetHints":{"allow":["GET"]}}],"collection":[{"href":"https:\/\/news.sap.com\/belgique\/wp-json\/wp\/v2\/posts"}],"about":[{"href":"https:\/\/news.sap.com\/belgique\/wp-json\/wp\/v2\/types\/post"}],"author":[{"embeddable":true,"href":"https:\/\/news.sap.com\/belgique\/wp-json\/wp\/v2\/users\/4269"}],"replies":[{"embeddable":true,"href":"https:\/\/news.sap.com\/belgique\/wp-json\/wp\/v2\/comments?post=2088"}],"version-history":[{"count":0,"href":"https:\/\/news.sap.com\/belgique\/wp-json\/wp\/v2\/posts\/2088\/revisions"}],"wp:featuredmedia":[{"embeddable":true,"href":"https:\/\/news.sap.com\/belgique\/wp-json\/wp\/v2\/media\/2090"}],"wp:attachment":[{"href":"https:\/\/news.sap.com\/belgique\/wp-json\/wp\/v2\/media?parent=2088"}],"wp:term":[{"taxonomy":"category","embeddable":true,"href":"https:\/\/news.sap.com\/belgique\/wp-json\/wp\/v2\/categories?post=2088"},{"taxonomy":"post_tag","embeddable":true,"href":"https:\/\/news.sap.com\/belgique\/wp-json\/wp\/v2\/tags?post=2088"},{"taxonomy":"sapn-display","embeddable":true,"href":"https:\/\/news.sap.com\/belgique\/wp-json\/wp\/v2\/sapn-display?post=2088"},{"taxonomy":"sapn-type","embeddable":true,"href":"https:\/\/news.sap.com\/belgique\/wp-json\/wp\/v2\/sapn-type?post=2088"}],"curies":[{"name":"wp","href":"https:\/\/api.w.org\/{rel}","templated":true}]}}