{"id":12004,"date":"2020-04-09T09:00:35","date_gmt":"2020-04-09T12:00:35","guid":{"rendered":"https:\/\/news.sap.com\/brazil\/?p=12004"},"modified":"2023-10-19T14:13:02","modified_gmt":"2023-10-19T17:13:02","slug":"como-o-setor-de-servicos-publicos-esta-agindo-para-contribuir-com-a-sociedade-em-tempos-de-pandemia-bl0g","status":"publish","type":"post","link":"https:\/\/news.sap.com\/brazil\/2020\/04\/como-o-setor-de-servicos-publicos-esta-agindo-para-contribuir-com-a-sociedade-em-tempos-de-pandemia-bl0g\/","title":{"rendered":"Como o setor de servi\u00e7os p\u00fablicos est\u00e1 agindo para contribuir com a sociedade em tempos de pandemia"},"content":{"rendered":"<p>Por: SAP Brasil<\/p>\n<p><em>O setor adotou medidas como cortes nas cobran\u00e7as para fam\u00edlias de baixa renda e garantia de abastecimento <\/em><\/p>\n<p>O governos estaduais t\u00eam interferido nas pol\u00edticas tarif\u00e1rias das empresas de servi\u00e7os p\u00fablicos como um esfor\u00e7o para compensar a queda dos sal\u00e1rios e a perda dos empregos em decorr\u00eancia do fechamento do com\u00e9rcio de servi\u00e7os n\u00e3o essenciais e da paralisa\u00e7\u00e3o das atividades dos trabalhadores aut\u00f4nomos, medidas que tem como objetivo diminuir a circula\u00e7\u00e3o de pessoas e evitar aglomera\u00e7\u00f5es.<\/p>\n<p>Em mar\u00e7o, <a href=\"http:\/\/site.sabesp.com.br\/site\/imprensa\/noticias-detalhe.aspx?secaoId=65&amp;id=8299\" target=\"_blank\" rel=\"noopener noreferrer\">dois milh\u00f5es de residentes de baixa renda foram beneficiados por um corte de tr\u00eas meses na cobran\u00e7a de tarifa social paga \u00e0 Sabesp<\/a>, empresa de fornecimento de servi\u00e7os de \u00e1gua e esgoto do Estado de S\u00e3o Paulo. A medida ser\u00e1 v\u00e1lida para os meses de abril, maio e junho, abrangendo fam\u00edlias de pessoas desempregadas, habita\u00e7\u00f5es coletivas, em \u00e1reas de riscos ou para resid\u00eancias unifamiliares.<\/p>\n<p>Quando o ano come\u00e7ou, <a href=\"https:\/\/news.sap.com\/brazil\/2020\/01\/servicos-publicos-e-de-energia-o-que-esperar-para-2020-bl0g\/?url_id=text-blogentry-innovationBlogBR-2020_blog-original-post-otherpost\" target=\"_blank\" rel=\"noopener noreferrer\">havia uma grande expectativa a respeito das perspectivas do setor<\/a>. Com a chegada de novas tend\u00eancias relacionadas \u00e0 moderniza\u00e7\u00e3o das opera\u00e7\u00f5es, digitalizando 80% dos servi\u00e7os da categoria. Al\u00e9m disso, o pa\u00eds iniciava um debate sobre a gera\u00e7\u00e3o de energia limpa, com a revis\u00e3o de op\u00e7\u00f5es que possam beneficiar a experi\u00eancia do consumidor e flexibilizar a oferta de servi\u00e7os.<\/p>\n<p>A <a href=\"https:\/\/www12.senado.leg.br\/noticias\/materias\/2020\/03\/25\/senadores-comemoram-garantia-de-fornecimento-de-luz-a-inadimplentes\" target=\"_blank\" rel=\"noopener noreferrer\">Ag\u00eancia Nacional de Energia El\u00e9trica (Aneel) proibiu as distribuidoras de realizar cortes nos servi\u00e7os<\/a> para quem n\u00e3o pagar as contas nos pr\u00f3ximos 90 dias. O senado tamb\u00e9m tem trabalhado para garantir o fornecimento de g\u00e1s \u00e0 popula\u00e7\u00e3o, mesmo sob os riscos de inadimpl\u00eancia do consumidor por ocorr\u00eancia do surto de Coronav\u00edrus.<\/p>\n<p>Para que as empresas possam continuar oferecendo os servi\u00e7os sob essas condi\u00e7\u00f5es \u00e9 importante que o Estado interfira, oferecendo recursos para custear as atividades das empresas do setor de servi\u00e7os, assim como firmando parcerias para implementa\u00e7\u00e3o de sistemas de saneamento b\u00e1sico em \u00e1reas de risco, desenvolvimento de projetos para capta\u00e7\u00e3o de energia alternativa, que garanta a sa\u00fade, a sustentabilidade do sistema e dos servi\u00e7os \u00e0 popula\u00e7\u00e3o em casos emergenciais.<\/p>\n<p>Com uma <a href=\"https:\/\/www.sap.com\/brazil\/industries\/energy-utilities.html?url_id=text-blogentry-innovationBlogBR-2020_blog-original-post-sapcom\" target=\"_blank\" rel=\"noopener noreferrer\">gest\u00e3o inteligente<\/a> e em conjunto com estados e a popula\u00e7\u00e3o, as empresas do setor de servi\u00e7os p\u00fablicos n\u00e3o deixam de gerar receitas para continuar funcionando e ainda conseguem entregar os servi\u00e7os ao consumidor.<\/p>\n<p>A SAP est\u00e1 atenta aos desdobramentos sobre a COVID-19. Acompanhe tudo pelas nossas redes sociais: <a href=\"https:\/\/www.facebook.com\/sapbrasil\/\" target=\"_blank\" rel=\"noopener noreferrer\">Facebook\u00a0<\/a>\/\u00a0<a href=\"https:\/\/twitter.com\/SAPBrasil\" target=\"_blank\" rel=\"noopener noreferrer\">Twitter\u00a0<\/a>\/\u00a0<a href=\"https:\/\/www.linkedin.com\/company\/1115\/\" target=\"_blank\" rel=\"noopener noreferrer\">LinkedIn\u00a0<\/a>\/\u00a0<a href=\"https:\/\/www.instagram.com\/sap_brasil\/\" target=\"_blank\" rel=\"noopener noreferrer\">Instagram<\/a> \/ <a href=\"https:\/\/widget.msgp.pl\/?id=66415e417325f13e20.82207836\" target=\"_blank\" rel=\"noopener noreferrer\">WhatsApp<\/a> \/ <a href=\"https:\/\/www.youtube.com\/user\/sapbrasil\" target=\"_blank\" rel=\"noopener noreferrer\">Youtube<\/a><\/p>\n<p>\u00a9 2020 SAP SE. All rights reserved. SAP and other SAP products and services mentioned herein as well as their respective logos are trademarks or registered trademarks of SAP SE in Germany and other countries. Please see <a href=\"http:\/\/www.sap.com\/corporate-en\/legal\/copyright\/index.epx#trademark\" target=\"_blank\" rel=\"noopener noreferrer\">http:\/\/www.sap.com\/corporate-en\/legal\/copyright\/index.epx#trademark<\/a> for additional trademark information and notices.<\/p>\n","protected":false},"excerpt":{"rendered":"<p>Por: SAP Brasil O setor adotou medidas como cortes nas cobran\u00e7as para fam\u00edlias de baixa renda e garantia de abastecimento O governos estaduais t\u00eam interferido&#8230;<\/p>\n","protected":false},"author":561,"featured_media":12005,"comment_status":"closed","ping_status":"closed","sticky":false,"template":"","format":"standard","meta":{"footnotes":"","_links_to":"","_links_to_target":""},"categories":[52091],"tags":[5598245,5598246,41879],"sapn-display":[5599933,5599931,48431,48433],"sapn-type":[6114],"class_list":["post-12004","post","type-post","status-publish","format-standard","has-post-thumbnail","hentry","category-industrias","tag-coronavirus","tag-covid-19","tag-servicos-publicos","sapn-display-feature-hero","sapn-display-feature-spotlight","sapn-display-homepage-hero","sapn-display-hero","sapn-type-artigo"],"yoast_head":"<!-- This site is optimized with the Yoast SEO Premium plugin v26.9 (Yoast SEO v26.9) - https:\/\/yoast.com\/product\/yoast-seo-premium-wordpress\/ -->\n<title>Os servi\u00e7os p\u00fablicos est\u00e3o agindo para contribuir em tempos de pandemia<\/title>\n<meta name=\"description\" content=\"O setor de servi\u00e7os p\u00fablicos adotou medidas como cortes nas cobran\u00e7as para fam\u00edlias de baixa renda e garantia de abastecimento.\" \/>\n<meta name=\"robots\" content=\"index, follow, max-snippet:-1, max-image-preview:large, max-video-preview:-1\" \/>\n<link rel=\"canonical\" href=\"https:\/\/news.sap.com\/brazil\/2020\/04\/como-o-setor-de-servicos-publicos-esta-agindo-para-contribuir-com-a-sociedade-em-tempos-de-pandemia-bl0g\/\" \/>\n<meta property=\"og:locale\" content=\"pt_BR\" \/>\n<meta property=\"og:type\" content=\"article\" \/>\n<meta property=\"og:title\" content=\"Como o setor de servi\u00e7os p\u00fablicos est\u00e1 agindo para contribuir com a sociedade em tempos de pandemia\" \/>\n<meta property=\"og:description\" content=\"O setor de servi\u00e7os p\u00fablicos adotou medidas como cortes nas cobran\u00e7as para fam\u00edlias de baixa renda e garantia de abastecimento.\" \/>\n<meta property=\"og:url\" content=\"https:\/\/news.sap.com\/brazil\/2020\/04\/como-o-setor-de-servicos-publicos-esta-agindo-para-contribuir-com-a-sociedade-em-tempos-de-pandemia-bl0g\/\" \/>\n<meta property=\"og:site_name\" content=\"Sala de Imprensa SAP Brasil\" \/>\n<meta property=\"article:published_time\" content=\"2020-04-09T12:00:35+00:00\" \/>\n<meta property=\"article:modified_time\" content=\"2023-10-19T17:13:02+00:00\" \/>\n<meta property=\"og:image\" content=\"https:\/\/news.sap.com\/brazil\/files\/2020\/04\/fb-1.jpg\" \/>\n\t<meta property=\"og:image:width\" content=\"565\" \/>\n\t<meta property=\"og:image:height\" content=\"292\" \/>\n\t<meta property=\"og:image:type\" content=\"image\/jpeg\" \/>\n<meta name=\"author\" content=\"SAP Brasil\" \/>\n<meta name=\"twitter:card\" content=\"summary_large_image\" \/>\n<meta name=\"twitter:title\" content=\"Como o setor de servi\u00e7os p\u00fablicos est\u00e1 agindo para contribuir com a sociedade em tempos de pandemia\" \/>\n<meta name=\"twitter:creator\" content=\"@SAPBrasil\" \/>\n<meta name=\"twitter:site\" content=\"@SAPBrasil\" \/>\n<meta name=\"twitter:label1\" content=\"Escrito por\" \/>\n\t<meta name=\"twitter:data1\" content=\"SAP Brasil\" \/>\n\t<meta name=\"twitter:label2\" content=\"Est. tempo de leitura\" \/>\n\t<meta name=\"twitter:data2\" content=\"2 minutos\" \/>\n<script type=\"application\/ld+json\" class=\"yoast-schema-graph\">{\"@context\":\"https:\/\/schema.org\",\"@graph\":[{\"@type\":\"Article\",\"@id\":\"https:\/\/news.sap.com\/brazil\/2020\/04\/como-o-setor-de-servicos-publicos-esta-agindo-para-contribuir-com-a-sociedade-em-tempos-de-pandemia-bl0g\/#article\",\"isPartOf\":{\"@id\":\"https:\/\/news.sap.com\/brazil\/2020\/04\/como-o-setor-de-servicos-publicos-esta-agindo-para-contribuir-com-a-sociedade-em-tempos-de-pandemia-bl0g\/\"},\"author\":{\"name\":\"SAP Brasil\",\"@id\":\"https:\/\/news.sap.com\/brazil\/#\/schema\/person\/1cfc5d6de5ffdc23f1f3b1670a90ae3c\"},\"headline\":\"Como o setor de servi\u00e7os p\u00fablicos est\u00e1 agindo para contribuir com a sociedade em tempos de pandemia\",\"datePublished\":\"2020-04-09T12:00:35+00:00\",\"dateModified\":\"2023-10-19T17:13:02+00:00\",\"mainEntityOfPage\":{\"@id\":\"https:\/\/news.sap.com\/brazil\/2020\/04\/como-o-setor-de-servicos-publicos-esta-agindo-para-contribuir-com-a-sociedade-em-tempos-de-pandemia-bl0g\/\"},\"wordCount\":511,\"image\":{\"@id\":\"https:\/\/news.sap.com\/brazil\/2020\/04\/como-o-setor-de-servicos-publicos-esta-agindo-para-contribuir-com-a-sociedade-em-tempos-de-pandemia-bl0g\/#primaryimage\"},\"thumbnailUrl\":\"https:\/\/news.sap.com\/brazil\/files\/2020\/04\/dest-1.jpg\",\"keywords\":[\"Coronav\u00edrus\",\"COVID-19\",\"servi\u00e7os p\u00fablicos\"],\"articleSection\":[\"Setores\"],\"inLanguage\":\"pt-BR\"},{\"@type\":\"WebPage\",\"@id\":\"https:\/\/news.sap.com\/brazil\/2020\/04\/como-o-setor-de-servicos-publicos-esta-agindo-para-contribuir-com-a-sociedade-em-tempos-de-pandemia-bl0g\/\",\"url\":\"https:\/\/news.sap.com\/brazil\/2020\/04\/como-o-setor-de-servicos-publicos-esta-agindo-para-contribuir-com-a-sociedade-em-tempos-de-pandemia-bl0g\/\",\"name\":\"Os servi\u00e7os p\u00fablicos est\u00e3o agindo para contribuir em tempos de pandemia\",\"isPartOf\":{\"@id\":\"https:\/\/news.sap.com\/brazil\/#website\"},\"primaryImageOfPage\":{\"@id\":\"https:\/\/news.sap.com\/brazil\/2020\/04\/como-o-setor-de-servicos-publicos-esta-agindo-para-contribuir-com-a-sociedade-em-tempos-de-pandemia-bl0g\/#primaryimage\"},\"image\":{\"@id\":\"https:\/\/news.sap.com\/brazil\/2020\/04\/como-o-setor-de-servicos-publicos-esta-agindo-para-contribuir-com-a-sociedade-em-tempos-de-pandemia-bl0g\/#primaryimage\"},\"thumbnailUrl\":\"https:\/\/news.sap.com\/brazil\/files\/2020\/04\/dest-1.jpg\",\"datePublished\":\"2020-04-09T12:00:35+00:00\",\"dateModified\":\"2023-10-19T17:13:02+00:00\",\"author\":{\"@id\":\"https:\/\/news.sap.com\/brazil\/#\/schema\/person\/1cfc5d6de5ffdc23f1f3b1670a90ae3c\"},\"description\":\"O setor de servi\u00e7os p\u00fablicos adotou medidas como cortes nas cobran\u00e7as para fam\u00edlias de baixa renda e garantia de abastecimento.\",\"breadcrumb\":{\"@id\":\"https:\/\/news.sap.com\/brazil\/2020\/04\/como-o-setor-de-servicos-publicos-esta-agindo-para-contribuir-com-a-sociedade-em-tempos-de-pandemia-bl0g\/#breadcrumb\"},\"inLanguage\":\"pt-BR\",\"potentialAction\":[{\"@type\":\"ReadAction\",\"target\":[\"https:\/\/news.sap.com\/brazil\/2020\/04\/como-o-setor-de-servicos-publicos-esta-agindo-para-contribuir-com-a-sociedade-em-tempos-de-pandemia-bl0g\/\"]}]},{\"@type\":\"ImageObject\",\"inLanguage\":\"pt-BR\",\"@id\":\"https:\/\/news.sap.com\/brazil\/2020\/04\/como-o-setor-de-servicos-publicos-esta-agindo-para-contribuir-com-a-sociedade-em-tempos-de-pandemia-bl0g\/#primaryimage\",\"url\":\"https:\/\/news.sap.com\/brazil\/files\/2020\/04\/dest-1.jpg\",\"contentUrl\":\"https:\/\/news.sap.com\/brazil\/files\/2020\/04\/dest-1.jpg\",\"width\":1400,\"height\":601,\"caption\":\"Hydro-electric Dam --- Image by \u00a9 Ocean\/Corbis\"},{\"@type\":\"BreadcrumbList\",\"@id\":\"https:\/\/news.sap.com\/brazil\/2020\/04\/como-o-setor-de-servicos-publicos-esta-agindo-para-contribuir-com-a-sociedade-em-tempos-de-pandemia-bl0g\/#breadcrumb\",\"itemListElement\":[{\"@type\":\"ListItem\",\"position\":1,\"name\":\"Home\",\"item\":\"https:\/\/news.sap.com\/brazil\/\"},{\"@type\":\"ListItem\",\"position\":2,\"name\":\"Como o setor de servi\u00e7os p\u00fablicos est\u00e1 agindo para contribuir com a sociedade em tempos de pandemia\"}]},{\"@type\":\"WebSite\",\"@id\":\"https:\/\/news.sap.com\/brazil\/#website\",\"url\":\"https:\/\/news.sap.com\/brazil\/\",\"name\":\"Sala de Imprensa SAP Brasil\",\"description\":\"Not\u00edcias e informa\u00e7\u00f5es sobre a SAP\",\"potentialAction\":[{\"@type\":\"SearchAction\",\"target\":{\"@type\":\"EntryPoint\",\"urlTemplate\":\"https:\/\/news.sap.com\/brazil\/?s={search_term_string}\"},\"query-input\":{\"@type\":\"PropertyValueSpecification\",\"valueRequired\":true,\"valueName\":\"search_term_string\"}}],\"inLanguage\":\"pt-BR\"},{\"@type\":\"Person\",\"@id\":\"https:\/\/news.sap.com\/brazil\/#\/schema\/person\/1cfc5d6de5ffdc23f1f3b1670a90ae3c\",\"name\":\"SAP Brasil\",\"image\":{\"@type\":\"ImageObject\",\"inLanguage\":\"pt-BR\",\"@id\":\"https:\/\/news.sap.com\/brazil\/#\/schema\/person\/image\/\",\"url\":\"https:\/\/news.sap.com\/brazil\/wp-content\/plugins\/wp-user-avatars\/wp-user-avatars\/assets\/images\/mystery.jpg\",\"contentUrl\":\"https:\/\/news.sap.com\/brazil\/wp-content\/plugins\/wp-user-avatars\/wp-user-avatars\/assets\/images\/mystery.jpg\",\"caption\":\"SAP Brasil\"},\"url\":\"https:\/\/news.sap.com\/brazil\/author\/raquelcasciato\/\"}]}<\/script>\n<!-- \/ Yoast SEO Premium plugin. -->","yoast_head_json":{"title":"Os servi\u00e7os p\u00fablicos est\u00e3o agindo para contribuir em tempos de pandemia","description":"O setor de servi\u00e7os p\u00fablicos adotou medidas como cortes nas cobran\u00e7as para fam\u00edlias de baixa renda e garantia de abastecimento.","robots":{"index":"index","follow":"follow","max-snippet":"max-snippet:-1","max-image-preview":"max-image-preview:large","max-video-preview":"max-video-preview:-1"},"canonical":"https:\/\/news.sap.com\/brazil\/2020\/04\/como-o-setor-de-servicos-publicos-esta-agindo-para-contribuir-com-a-sociedade-em-tempos-de-pandemia-bl0g\/","og_locale":"pt_BR","og_type":"article","og_title":"Como o setor de servi\u00e7os p\u00fablicos est\u00e1 agindo para contribuir com a sociedade em tempos de pandemia","og_description":"O setor de servi\u00e7os p\u00fablicos adotou medidas como cortes nas cobran\u00e7as para fam\u00edlias de baixa renda e garantia de abastecimento.","og_url":"https:\/\/news.sap.com\/brazil\/2020\/04\/como-o-setor-de-servicos-publicos-esta-agindo-para-contribuir-com-a-sociedade-em-tempos-de-pandemia-bl0g\/","og_site_name":"Sala de Imprensa SAP Brasil","article_published_time":"2020-04-09T12:00:35+00:00","article_modified_time":"2023-10-19T17:13:02+00:00","og_image":[{"width":565,"height":292,"url":"https:\/\/news.sap.com\/brazil\/files\/2020\/04\/fb-1.jpg","type":"image\/jpeg"}],"author":"SAP Brasil","twitter_card":"summary_large_image","twitter_title":"Como o setor de servi\u00e7os p\u00fablicos est\u00e1 agindo para contribuir com a sociedade em tempos de pandemia","twitter_creator":"@SAPBrasil","twitter_site":"@SAPBrasil","twitter_misc":{"Escrito por":"SAP Brasil","Est. tempo de leitura":"2 minutos"},"schema":{"@context":"https:\/\/schema.org","@graph":[{"@type":"Article","@id":"https:\/\/news.sap.com\/brazil\/2020\/04\/como-o-setor-de-servicos-publicos-esta-agindo-para-contribuir-com-a-sociedade-em-tempos-de-pandemia-bl0g\/#article","isPartOf":{"@id":"https:\/\/news.sap.com\/brazil\/2020\/04\/como-o-setor-de-servicos-publicos-esta-agindo-para-contribuir-com-a-sociedade-em-tempos-de-pandemia-bl0g\/"},"author":{"name":"SAP Brasil","@id":"https:\/\/news.sap.com\/brazil\/#\/schema\/person\/1cfc5d6de5ffdc23f1f3b1670a90ae3c"},"headline":"Como o setor de servi\u00e7os p\u00fablicos est\u00e1 agindo para contribuir com a sociedade em tempos de pandemia","datePublished":"2020-04-09T12:00:35+00:00","dateModified":"2023-10-19T17:13:02+00:00","mainEntityOfPage":{"@id":"https:\/\/news.sap.com\/brazil\/2020\/04\/como-o-setor-de-servicos-publicos-esta-agindo-para-contribuir-com-a-sociedade-em-tempos-de-pandemia-bl0g\/"},"wordCount":511,"image":{"@id":"https:\/\/news.sap.com\/brazil\/2020\/04\/como-o-setor-de-servicos-publicos-esta-agindo-para-contribuir-com-a-sociedade-em-tempos-de-pandemia-bl0g\/#primaryimage"},"thumbnailUrl":"https:\/\/news.sap.com\/brazil\/files\/2020\/04\/dest-1.jpg","keywords":["Coronav\u00edrus","COVID-19","servi\u00e7os p\u00fablicos"],"articleSection":["Setores"],"inLanguage":"pt-BR"},{"@type":"WebPage","@id":"https:\/\/news.sap.com\/brazil\/2020\/04\/como-o-setor-de-servicos-publicos-esta-agindo-para-contribuir-com-a-sociedade-em-tempos-de-pandemia-bl0g\/","url":"https:\/\/news.sap.com\/brazil\/2020\/04\/como-o-setor-de-servicos-publicos-esta-agindo-para-contribuir-com-a-sociedade-em-tempos-de-pandemia-bl0g\/","name":"Os servi\u00e7os p\u00fablicos est\u00e3o agindo para contribuir em tempos de pandemia","isPartOf":{"@id":"https:\/\/news.sap.com\/brazil\/#website"},"primaryImageOfPage":{"@id":"https:\/\/news.sap.com\/brazil\/2020\/04\/como-o-setor-de-servicos-publicos-esta-agindo-para-contribuir-com-a-sociedade-em-tempos-de-pandemia-bl0g\/#primaryimage"},"image":{"@id":"https:\/\/news.sap.com\/brazil\/2020\/04\/como-o-setor-de-servicos-publicos-esta-agindo-para-contribuir-com-a-sociedade-em-tempos-de-pandemia-bl0g\/#primaryimage"},"thumbnailUrl":"https:\/\/news.sap.com\/brazil\/files\/2020\/04\/dest-1.jpg","datePublished":"2020-04-09T12:00:35+00:00","dateModified":"2023-10-19T17:13:02+00:00","author":{"@id":"https:\/\/news.sap.com\/brazil\/#\/schema\/person\/1cfc5d6de5ffdc23f1f3b1670a90ae3c"},"description":"O setor de servi\u00e7os p\u00fablicos adotou medidas como cortes nas cobran\u00e7as para fam\u00edlias de baixa renda e garantia de abastecimento.","breadcrumb":{"@id":"https:\/\/news.sap.com\/brazil\/2020\/04\/como-o-setor-de-servicos-publicos-esta-agindo-para-contribuir-com-a-sociedade-em-tempos-de-pandemia-bl0g\/#breadcrumb"},"inLanguage":"pt-BR","potentialAction":[{"@type":"ReadAction","target":["https:\/\/news.sap.com\/brazil\/2020\/04\/como-o-setor-de-servicos-publicos-esta-agindo-para-contribuir-com-a-sociedade-em-tempos-de-pandemia-bl0g\/"]}]},{"@type":"ImageObject","inLanguage":"pt-BR","@id":"https:\/\/news.sap.com\/brazil\/2020\/04\/como-o-setor-de-servicos-publicos-esta-agindo-para-contribuir-com-a-sociedade-em-tempos-de-pandemia-bl0g\/#primaryimage","url":"https:\/\/news.sap.com\/brazil\/files\/2020\/04\/dest-1.jpg","contentUrl":"https:\/\/news.sap.com\/brazil\/files\/2020\/04\/dest-1.jpg","width":1400,"height":601,"caption":"Hydro-electric Dam --- Image by \u00a9 Ocean\/Corbis"},{"@type":"BreadcrumbList","@id":"https:\/\/news.sap.com\/brazil\/2020\/04\/como-o-setor-de-servicos-publicos-esta-agindo-para-contribuir-com-a-sociedade-em-tempos-de-pandemia-bl0g\/#breadcrumb","itemListElement":[{"@type":"ListItem","position":1,"name":"Home","item":"https:\/\/news.sap.com\/brazil\/"},{"@type":"ListItem","position":2,"name":"Como o setor de servi\u00e7os p\u00fablicos est\u00e1 agindo para contribuir com a sociedade em tempos de pandemia"}]},{"@type":"WebSite","@id":"https:\/\/news.sap.com\/brazil\/#website","url":"https:\/\/news.sap.com\/brazil\/","name":"Sala de Imprensa SAP Brasil","description":"Not\u00edcias e informa\u00e7\u00f5es sobre a SAP","potentialAction":[{"@type":"SearchAction","target":{"@type":"EntryPoint","urlTemplate":"https:\/\/news.sap.com\/brazil\/?s={search_term_string}"},"query-input":{"@type":"PropertyValueSpecification","valueRequired":true,"valueName":"search_term_string"}}],"inLanguage":"pt-BR"},{"@type":"Person","@id":"https:\/\/news.sap.com\/brazil\/#\/schema\/person\/1cfc5d6de5ffdc23f1f3b1670a90ae3c","name":"SAP Brasil","image":{"@type":"ImageObject","inLanguage":"pt-BR","@id":"https:\/\/news.sap.com\/brazil\/#\/schema\/person\/image\/","url":"https:\/\/news.sap.com\/brazil\/wp-content\/plugins\/wp-user-avatars\/wp-user-avatars\/assets\/images\/mystery.jpg","contentUrl":"https:\/\/news.sap.com\/brazil\/wp-content\/plugins\/wp-user-avatars\/wp-user-avatars\/assets\/images\/mystery.jpg","caption":"SAP Brasil"},"url":"https:\/\/news.sap.com\/brazil\/author\/raquelcasciato\/"}]}},"amp_enabled":true,"_links":{"self":[{"href":"https:\/\/news.sap.com\/brazil\/wp-json\/wp\/v2\/posts\/12004","targetHints":{"allow":["GET"]}}],"collection":[{"href":"https:\/\/news.sap.com\/brazil\/wp-json\/wp\/v2\/posts"}],"about":[{"href":"https:\/\/news.sap.com\/brazil\/wp-json\/wp\/v2\/types\/post"}],"author":[{"embeddable":true,"href":"https:\/\/news.sap.com\/brazil\/wp-json\/wp\/v2\/users\/561"}],"replies":[{"embeddable":true,"href":"https:\/\/news.sap.com\/brazil\/wp-json\/wp\/v2\/comments?post=12004"}],"version-history":[{"count":0,"href":"https:\/\/news.sap.com\/brazil\/wp-json\/wp\/v2\/posts\/12004\/revisions"}],"wp:featuredmedia":[{"embeddable":true,"href":"https:\/\/news.sap.com\/brazil\/wp-json\/wp\/v2\/media\/12005"}],"wp:attachment":[{"href":"https:\/\/news.sap.com\/brazil\/wp-json\/wp\/v2\/media?parent=12004"}],"wp:term":[{"taxonomy":"category","embeddable":true,"href":"https:\/\/news.sap.com\/brazil\/wp-json\/wp\/v2\/categories?post=12004"},{"taxonomy":"post_tag","embeddable":true,"href":"https:\/\/news.sap.com\/brazil\/wp-json\/wp\/v2\/tags?post=12004"},{"taxonomy":"sapn-display","embeddable":true,"href":"https:\/\/news.sap.com\/brazil\/wp-json\/wp\/v2\/sapn-display?post=12004"},{"taxonomy":"sapn-type","embeddable":true,"href":"https:\/\/news.sap.com\/brazil\/wp-json\/wp\/v2\/sapn-type?post=12004"}],"curies":[{"name":"wp","href":"https:\/\/api.w.org\/{rel}","templated":true}]}}