{"id":12413,"date":"2020-08-20T14:42:40","date_gmt":"2020-08-20T17:42:40","guid":{"rendered":"https:\/\/news.sap.com\/brazil\/?p=12413"},"modified":"2022-06-21T11:10:14","modified_gmt":"2022-06-21T14:10:14","slug":"lojas-cem-inicia-migracao-para-o-sap-s-4hana-para-modernizar-a-gestao","status":"publish","type":"post","link":"https:\/\/news.sap.com\/brazil\/2020\/08\/lojas-cem-inicia-migracao-para-o-sap-s-4hana-para-modernizar-a-gestao\/","title":{"rendered":"Lojas CEM inicia migra\u00e7\u00e3o para o SAP S\/4HANA para modernizar a gest\u00e3o"},"content":{"rendered":"<h1><strong>Lojas CEM inicia migra\u00e7\u00e3o para o SAP S\/4HANA para modernizar a gest\u00e3o <\/strong><\/h1>\n<p><strong>\u00a0<\/strong><em>Empresa que utiliza uma solu\u00e7\u00e3o desenvolvida internamente vai implementar a plataforma da SAP para dar sustenta\u00e7\u00e3o \u00e0 estrat\u00e9gia de crescimento<\/em><\/p>\n<p><strong>Agosto de 2020<\/strong> \u2013 A Lojas CEM, rede varejista com 68 anos de mercado, 278 lojas, um centro de distribui\u00e7\u00e3o e o segundo em constru\u00e7\u00e3o, iniciou a implementa\u00e7\u00e3o do <a href=\"https:\/\/www.sap.com\/brazil\/products\/erp-financial-management.html\">ERP<\/a> digital SAP S\/4HANA para modernizar a opera\u00e7\u00e3o e contar com uma plataforma robusta para consolidar dados de todas as unidades e prover as diferentes informa\u00e7\u00f5es de neg\u00f3cios em tempo real para agilizar a tomada de decis\u00e3o.<\/p>\n<p>Al\u00e9m do ERP, o processo de moderniza\u00e7\u00e3o da gest\u00e3o inclui a ado\u00e7\u00e3o nos pr\u00f3ximos cinco anos das solu\u00e7\u00f5es de CRM e gest\u00e3o da experi\u00eancia do cliente apoiado no portf\u00f3lio SAP CX e SAP Qualtrics, e ainda um impulso na jornada de e-commerce com as solu\u00e7\u00f5es de SAP Marketing Cloud. A Lojas CEM tamb\u00e9m cuidar\u00e1 da contrata\u00e7\u00e3o, reten\u00e7\u00e3o e desenvolvimento dos seus mais de 11 mil funcion\u00e1rios com o SAP SuccessFactors.<\/p>\n<p>\u201cEsperamos nos pr\u00f3ximos 18 meses concluir a migra\u00e7\u00e3o do nosso ERP dom\u00e9stico para a plataforma da SAP. A escolha pelo S\/4HANA levou em considera\u00e7\u00e3o a capacidade de estruturarmos toda a nossa intelig\u00eancia de sistemas em uma s\u00f3 aplica\u00e7\u00e3o e, na sequ\u00eancia, vamos incluir as novas aplica\u00e7\u00f5es. Batizado de Everest, \u00e9 um movimento que inclui todas as \u00e1reas da empresa para preparar a Lojas CEM para o crescimento projetado para os pr\u00f3ximos 20 anos\u201d, explica Roberto Benito Junior, diretor de TI.<\/p>\n<p>O executivo explica que a rede segue investindo na constru\u00e7\u00e3o de um novo centro de distribui\u00e7\u00e3o e que mesmo durante a pandemia manteve os planos de abertura de novas lojas para 2020. A desacelera\u00e7\u00e3o causada pela crise serviu de incentivo para finalizar o planejamento de substitui\u00e7\u00e3o da plataforma desenvolvida internamente e que n\u00e3o oferece mais capacidade de inova\u00e7\u00e3o e ado\u00e7\u00e3o de novas tecnologias. Ele explica que a escolha pela SAP considerou a atua\u00e7\u00e3o global, a experi\u00eancia que a equipe demonstrou em projetos de varejo e o diferencial t\u00e9cnico das solu\u00e7\u00f5es, que ficou claro com as apresenta\u00e7\u00f5es dos diferentes times da SAP.<\/p>\n<p>\u201cO SAP S\/4HANA ser\u00e1 a nossa plataforma de sustenta\u00e7\u00e3o do neg\u00f3cio e se mostrou uma aplica\u00e7\u00e3o que atende todas as nossas necessidades de transforma\u00e7\u00e3o digital com um sistema que vai permitir modernizar processos e criar condi\u00e7\u00f5es para que nossos times dediquem mais esfor\u00e7os em projetos de inova\u00e7\u00e3o dos neg\u00f3cios\u201d, completa o diretor.<\/p>\n<p>Benito Junior explica que a decis\u00e3o de substituir o sistema de gest\u00e3o atual foi tomada no come\u00e7o de 2020, com a consulta a diversos fornecedores. \u201cSe por um lado a crise do coronav\u00edrus trouxe v\u00e1rios impactos no funcionamento da nossa opera\u00e7\u00e3o, tamb\u00e9m permitiu maior dedica\u00e7\u00e3o do nosso time no planejamento da migra\u00e7\u00e3o para o novo ERP da SAP e dar in\u00edcio ao projeto, o que para a Lojas CEM era um dos desafios estrat\u00e9gicos para o ano\u201d.<\/p>\n<p>A Essence IT, parceira de implementa\u00e7\u00e3o da SAP, foi a integradora escolhida para condu\u00e7\u00e3o do processo de migra\u00e7\u00e3o para as solu\u00e7\u00f5es SAP. Para a solu\u00e7\u00e3o fiscal, foi escolhida a Alliance Consultoria.<\/p>\n<p>\u201cPara a SAP \u00e9 motivo de muito orgulho participar do processo de transforma\u00e7\u00e3o da Lojas CEM, uma rede varejista que vem registrando forte crescimento no mercado e que acreditou nas solu\u00e7\u00f5es da SAP para apoiar o seu processo de crescimento nas pr\u00f3ximas d\u00e9cadas. A plataforma da SAP ir\u00e1 permitir que a empresa modernize a opera\u00e7\u00e3o e adote novas tecnologias que ser\u00e3o fundamentais para continuar crescendo e se destacando como uma das grandes redes do setor\u201d, explica Jackson Borges, vice-presidente de Strategic Industries da SAP Brasil.<\/p>\n","protected":false},"excerpt":{"rendered":"<p>Lojas CEM inicia migra\u00e7\u00e3o para o SAP S\/4HANA para modernizar a gest\u00e3o \u00a0Empresa que utiliza uma solu\u00e7\u00e3o desenvolvida internamente vai implementar a plataforma da SAP&#8230;<\/p>\n","protected":false},"author":137,"featured_media":0,"comment_status":"closed","ping_status":"closed","sticky":false,"template":"","format":"standard","meta":{"footnotes":"","_links_to":"","_links_to_target":""},"categories":[5590831,5599822,52091,5599814],"tags":[5590076,270082,16576],"sapn-display":[48431,48433],"sapn-type":[4446],"class_list":["post-12413","post","type-post","status-publish","format-standard","hentry","category-customer-experience","category-erp","category-industrias","category-tecnologia","tag-qualtrics","tag-sap-s4hana","tag-varejo","sapn-display-homepage-hero","sapn-display-hero","sapn-type-noticias"],"yoast_head":"<!-- This site is optimized with the Yoast SEO Premium plugin v26.9 (Yoast SEO v26.9) - https:\/\/yoast.com\/product\/yoast-seo-premium-wordpress\/ -->\n<title>Lojas CEM inicia migra\u00e7\u00e3o para o SAP S\/4HANA para modernizar a gest\u00e3o - Sala de Imprensa SAP Brasil<\/title>\n<meta name=\"robots\" content=\"index, follow, max-snippet:-1, max-image-preview:large, max-video-preview:-1\" \/>\n<link rel=\"canonical\" href=\"https:\/\/news.sap.com\/brazil\/2020\/08\/lojas-cem-inicia-migracao-para-o-sap-s-4hana-para-modernizar-a-gestao\/\" \/>\n<meta property=\"og:locale\" content=\"pt_BR\" \/>\n<meta property=\"og:type\" content=\"article\" \/>\n<meta property=\"og:title\" content=\"Lojas CEM inicia migra\u00e7\u00e3o para o SAP S\/4HANA para modernizar a gest\u00e3o\" \/>\n<meta property=\"og:description\" content=\"Lojas CEM inicia migra\u00e7\u00e3o para o SAP S\/4HANA para modernizar a gest\u00e3o \u00a0Empresa que utiliza uma solu\u00e7\u00e3o desenvolvida internamente vai implementar a plataforma da SAP...\" \/>\n<meta property=\"og:url\" content=\"https:\/\/news.sap.com\/brazil\/2020\/08\/lojas-cem-inicia-migracao-para-o-sap-s-4hana-para-modernizar-a-gestao\/\" \/>\n<meta property=\"og:site_name\" content=\"Sala de Imprensa SAP Brasil\" \/>\n<meta property=\"article:published_time\" content=\"2020-08-20T17:42:40+00:00\" \/>\n<meta property=\"article:modified_time\" content=\"2022-06-21T14:10:14+00:00\" \/>\n<meta name=\"author\" content=\"SAP Not\u00edcias Brasil\" \/>\n<meta name=\"twitter:card\" content=\"summary_large_image\" \/>\n<meta name=\"twitter:creator\" content=\"@SAPBrasil\" \/>\n<meta name=\"twitter:site\" content=\"@SAPBrasil\" \/>\n<meta name=\"twitter:label1\" content=\"Escrito por\" \/>\n\t<meta name=\"twitter:data1\" content=\"SAP Not\u00edcias Brasil\" \/>\n\t<meta name=\"twitter:label2\" content=\"Est. tempo de leitura\" \/>\n\t<meta name=\"twitter:data2\" content=\"3 minutos\" \/>\n<script type=\"application\/ld+json\" class=\"yoast-schema-graph\">{\"@context\":\"https:\/\/schema.org\",\"@graph\":[{\"@type\":\"Article\",\"@id\":\"https:\/\/news.sap.com\/brazil\/2020\/08\/lojas-cem-inicia-migracao-para-o-sap-s-4hana-para-modernizar-a-gestao\/#article\",\"isPartOf\":{\"@id\":\"https:\/\/news.sap.com\/brazil\/2020\/08\/lojas-cem-inicia-migracao-para-o-sap-s-4hana-para-modernizar-a-gestao\/\"},\"author\":{\"name\":\"SAP Not\u00edcias Brasil\",\"@id\":\"https:\/\/news.sap.com\/brazil\/#\/schema\/person\/8cdf2c1130b6f3fadd9757cfd7f24daf\"},\"headline\":\"Lojas CEM inicia migra\u00e7\u00e3o para o SAP S\/4HANA para modernizar a gest\u00e3o\",\"datePublished\":\"2020-08-20T17:42:40+00:00\",\"dateModified\":\"2022-06-21T14:10:14+00:00\",\"mainEntityOfPage\":{\"@id\":\"https:\/\/news.sap.com\/brazil\/2020\/08\/lojas-cem-inicia-migracao-para-o-sap-s-4hana-para-modernizar-a-gestao\/\"},\"wordCount\":678,\"keywords\":[\"Qualtrics\",\"SAP S\/4HANA\",\"varejo\"],\"articleSection\":[\"CRM e experi\u00eancia do cliente\",\"Planejamento de recursos empresariais\",\"Setores\",\"Tecnologia\"],\"inLanguage\":\"pt-BR\"},{\"@type\":\"WebPage\",\"@id\":\"https:\/\/news.sap.com\/brazil\/2020\/08\/lojas-cem-inicia-migracao-para-o-sap-s-4hana-para-modernizar-a-gestao\/\",\"url\":\"https:\/\/news.sap.com\/brazil\/2020\/08\/lojas-cem-inicia-migracao-para-o-sap-s-4hana-para-modernizar-a-gestao\/\",\"name\":\"Lojas CEM inicia migra\u00e7\u00e3o para o SAP S\/4HANA para modernizar a gest\u00e3o - Sala de Imprensa SAP Brasil\",\"isPartOf\":{\"@id\":\"https:\/\/news.sap.com\/brazil\/#website\"},\"datePublished\":\"2020-08-20T17:42:40+00:00\",\"dateModified\":\"2022-06-21T14:10:14+00:00\",\"author\":{\"@id\":\"https:\/\/news.sap.com\/brazil\/#\/schema\/person\/8cdf2c1130b6f3fadd9757cfd7f24daf\"},\"breadcrumb\":{\"@id\":\"https:\/\/news.sap.com\/brazil\/2020\/08\/lojas-cem-inicia-migracao-para-o-sap-s-4hana-para-modernizar-a-gestao\/#breadcrumb\"},\"inLanguage\":\"pt-BR\",\"potentialAction\":[{\"@type\":\"ReadAction\",\"target\":[\"https:\/\/news.sap.com\/brazil\/2020\/08\/lojas-cem-inicia-migracao-para-o-sap-s-4hana-para-modernizar-a-gestao\/\"]}]},{\"@type\":\"BreadcrumbList\",\"@id\":\"https:\/\/news.sap.com\/brazil\/2020\/08\/lojas-cem-inicia-migracao-para-o-sap-s-4hana-para-modernizar-a-gestao\/#breadcrumb\",\"itemListElement\":[{\"@type\":\"ListItem\",\"position\":1,\"name\":\"Home\",\"item\":\"https:\/\/news.sap.com\/brazil\/\"},{\"@type\":\"ListItem\",\"position\":2,\"name\":\"Lojas CEM inicia migra\u00e7\u00e3o para o SAP S\/4HANA para modernizar a gest\u00e3o\"}]},{\"@type\":\"WebSite\",\"@id\":\"https:\/\/news.sap.com\/brazil\/#website\",\"url\":\"https:\/\/news.sap.com\/brazil\/\",\"name\":\"Sala de Imprensa SAP Brasil\",\"description\":\"Not\u00edcias e informa\u00e7\u00f5es sobre a SAP\",\"potentialAction\":[{\"@type\":\"SearchAction\",\"target\":{\"@type\":\"EntryPoint\",\"urlTemplate\":\"https:\/\/news.sap.com\/brazil\/?s={search_term_string}\"},\"query-input\":{\"@type\":\"PropertyValueSpecification\",\"valueRequired\":true,\"valueName\":\"search_term_string\"}}],\"inLanguage\":\"pt-BR\"},{\"@type\":\"Person\",\"@id\":\"https:\/\/news.sap.com\/brazil\/#\/schema\/person\/8cdf2c1130b6f3fadd9757cfd7f24daf\",\"name\":\"SAP Not\u00edcias Brasil\",\"image\":{\"@type\":\"ImageObject\",\"inLanguage\":\"pt-BR\",\"@id\":\"https:\/\/news.sap.com\/brazil\/#\/schema\/person\/image\/\",\"url\":\"https:\/\/news.sap.com\/brazil\/wp-content\/plugins\/wp-user-avatars\/wp-user-avatars\/assets\/images\/mystery.jpg\",\"contentUrl\":\"https:\/\/news.sap.com\/brazil\/wp-content\/plugins\/wp-user-avatars\/wp-user-avatars\/assets\/images\/mystery.jpg\",\"caption\":\"SAP Not\u00edcias Brasil\"},\"url\":\"https:\/\/news.sap.com\/brazil\/author\/brasil\/\"}]}<\/script>\n<!-- \/ Yoast SEO Premium plugin. -->","yoast_head_json":{"title":"Lojas CEM inicia migra\u00e7\u00e3o para o SAP S\/4HANA para modernizar a gest\u00e3o - Sala de Imprensa SAP Brasil","robots":{"index":"index","follow":"follow","max-snippet":"max-snippet:-1","max-image-preview":"max-image-preview:large","max-video-preview":"max-video-preview:-1"},"canonical":"https:\/\/news.sap.com\/brazil\/2020\/08\/lojas-cem-inicia-migracao-para-o-sap-s-4hana-para-modernizar-a-gestao\/","og_locale":"pt_BR","og_type":"article","og_title":"Lojas CEM inicia migra\u00e7\u00e3o para o SAP S\/4HANA para modernizar a gest\u00e3o","og_description":"Lojas CEM inicia migra\u00e7\u00e3o para o SAP S\/4HANA para modernizar a gest\u00e3o \u00a0Empresa que utiliza uma solu\u00e7\u00e3o desenvolvida internamente vai implementar a plataforma da SAP...","og_url":"https:\/\/news.sap.com\/brazil\/2020\/08\/lojas-cem-inicia-migracao-para-o-sap-s-4hana-para-modernizar-a-gestao\/","og_site_name":"Sala de Imprensa SAP Brasil","article_published_time":"2020-08-20T17:42:40+00:00","article_modified_time":"2022-06-21T14:10:14+00:00","author":"SAP Not\u00edcias Brasil","twitter_card":"summary_large_image","twitter_creator":"@SAPBrasil","twitter_site":"@SAPBrasil","twitter_misc":{"Escrito por":"SAP Not\u00edcias Brasil","Est. tempo de leitura":"3 minutos"},"schema":{"@context":"https:\/\/schema.org","@graph":[{"@type":"Article","@id":"https:\/\/news.sap.com\/brazil\/2020\/08\/lojas-cem-inicia-migracao-para-o-sap-s-4hana-para-modernizar-a-gestao\/#article","isPartOf":{"@id":"https:\/\/news.sap.com\/brazil\/2020\/08\/lojas-cem-inicia-migracao-para-o-sap-s-4hana-para-modernizar-a-gestao\/"},"author":{"name":"SAP Not\u00edcias Brasil","@id":"https:\/\/news.sap.com\/brazil\/#\/schema\/person\/8cdf2c1130b6f3fadd9757cfd7f24daf"},"headline":"Lojas CEM inicia migra\u00e7\u00e3o para o SAP S\/4HANA para modernizar a gest\u00e3o","datePublished":"2020-08-20T17:42:40+00:00","dateModified":"2022-06-21T14:10:14+00:00","mainEntityOfPage":{"@id":"https:\/\/news.sap.com\/brazil\/2020\/08\/lojas-cem-inicia-migracao-para-o-sap-s-4hana-para-modernizar-a-gestao\/"},"wordCount":678,"keywords":["Qualtrics","SAP S\/4HANA","varejo"],"articleSection":["CRM e experi\u00eancia do cliente","Planejamento de recursos empresariais","Setores","Tecnologia"],"inLanguage":"pt-BR"},{"@type":"WebPage","@id":"https:\/\/news.sap.com\/brazil\/2020\/08\/lojas-cem-inicia-migracao-para-o-sap-s-4hana-para-modernizar-a-gestao\/","url":"https:\/\/news.sap.com\/brazil\/2020\/08\/lojas-cem-inicia-migracao-para-o-sap-s-4hana-para-modernizar-a-gestao\/","name":"Lojas CEM inicia migra\u00e7\u00e3o para o SAP S\/4HANA para modernizar a gest\u00e3o - Sala de Imprensa SAP Brasil","isPartOf":{"@id":"https:\/\/news.sap.com\/brazil\/#website"},"datePublished":"2020-08-20T17:42:40+00:00","dateModified":"2022-06-21T14:10:14+00:00","author":{"@id":"https:\/\/news.sap.com\/brazil\/#\/schema\/person\/8cdf2c1130b6f3fadd9757cfd7f24daf"},"breadcrumb":{"@id":"https:\/\/news.sap.com\/brazil\/2020\/08\/lojas-cem-inicia-migracao-para-o-sap-s-4hana-para-modernizar-a-gestao\/#breadcrumb"},"inLanguage":"pt-BR","potentialAction":[{"@type":"ReadAction","target":["https:\/\/news.sap.com\/brazil\/2020\/08\/lojas-cem-inicia-migracao-para-o-sap-s-4hana-para-modernizar-a-gestao\/"]}]},{"@type":"BreadcrumbList","@id":"https:\/\/news.sap.com\/brazil\/2020\/08\/lojas-cem-inicia-migracao-para-o-sap-s-4hana-para-modernizar-a-gestao\/#breadcrumb","itemListElement":[{"@type":"ListItem","position":1,"name":"Home","item":"https:\/\/news.sap.com\/brazil\/"},{"@type":"ListItem","position":2,"name":"Lojas CEM inicia migra\u00e7\u00e3o para o SAP S\/4HANA para modernizar a gest\u00e3o"}]},{"@type":"WebSite","@id":"https:\/\/news.sap.com\/brazil\/#website","url":"https:\/\/news.sap.com\/brazil\/","name":"Sala de Imprensa SAP Brasil","description":"Not\u00edcias e informa\u00e7\u00f5es sobre a SAP","potentialAction":[{"@type":"SearchAction","target":{"@type":"EntryPoint","urlTemplate":"https:\/\/news.sap.com\/brazil\/?s={search_term_string}"},"query-input":{"@type":"PropertyValueSpecification","valueRequired":true,"valueName":"search_term_string"}}],"inLanguage":"pt-BR"},{"@type":"Person","@id":"https:\/\/news.sap.com\/brazil\/#\/schema\/person\/8cdf2c1130b6f3fadd9757cfd7f24daf","name":"SAP Not\u00edcias Brasil","image":{"@type":"ImageObject","inLanguage":"pt-BR","@id":"https:\/\/news.sap.com\/brazil\/#\/schema\/person\/image\/","url":"https:\/\/news.sap.com\/brazil\/wp-content\/plugins\/wp-user-avatars\/wp-user-avatars\/assets\/images\/mystery.jpg","contentUrl":"https:\/\/news.sap.com\/brazil\/wp-content\/plugins\/wp-user-avatars\/wp-user-avatars\/assets\/images\/mystery.jpg","caption":"SAP Not\u00edcias Brasil"},"url":"https:\/\/news.sap.com\/brazil\/author\/brasil\/"}]}},"amp_enabled":true,"_links":{"self":[{"href":"https:\/\/news.sap.com\/brazil\/wp-json\/wp\/v2\/posts\/12413","targetHints":{"allow":["GET"]}}],"collection":[{"href":"https:\/\/news.sap.com\/brazil\/wp-json\/wp\/v2\/posts"}],"about":[{"href":"https:\/\/news.sap.com\/brazil\/wp-json\/wp\/v2\/types\/post"}],"author":[{"embeddable":true,"href":"https:\/\/news.sap.com\/brazil\/wp-json\/wp\/v2\/users\/137"}],"replies":[{"embeddable":true,"href":"https:\/\/news.sap.com\/brazil\/wp-json\/wp\/v2\/comments?post=12413"}],"version-history":[{"count":0,"href":"https:\/\/news.sap.com\/brazil\/wp-json\/wp\/v2\/posts\/12413\/revisions"}],"wp:attachment":[{"href":"https:\/\/news.sap.com\/brazil\/wp-json\/wp\/v2\/media?parent=12413"}],"wp:term":[{"taxonomy":"category","embeddable":true,"href":"https:\/\/news.sap.com\/brazil\/wp-json\/wp\/v2\/categories?post=12413"},{"taxonomy":"post_tag","embeddable":true,"href":"https:\/\/news.sap.com\/brazil\/wp-json\/wp\/v2\/tags?post=12413"},{"taxonomy":"sapn-display","embeddable":true,"href":"https:\/\/news.sap.com\/brazil\/wp-json\/wp\/v2\/sapn-display?post=12413"},{"taxonomy":"sapn-type","embeddable":true,"href":"https:\/\/news.sap.com\/brazil\/wp-json\/wp\/v2\/sapn-type?post=12413"}],"curies":[{"name":"wp","href":"https:\/\/api.w.org\/{rel}","templated":true}]}}