{"id":2142,"date":"2023-04-04T06:13:27","date_gmt":"2023-04-04T06:13:27","guid":{"rendered":"https:\/\/news.sap.com\/cz\/?p=2142"},"modified":"2023-04-04T06:13:27","modified_gmt":"2023-04-04T06:13:27","slug":"prace-s-autismem-sap-ve-svych-prazskych-kancelarich-otevira-unikatni-multisenzorickou-mistnost","status":"publish","type":"post","link":"https:\/\/news.sap.com\/cz\/2023\/04\/prace-s-autismem-sap-ve-svych-prazskych-kancelarich-otevira-unikatni-multisenzorickou-mistnost\/","title":{"rendered":"Pr\u00e1ce s autismem. SAP ve sv\u00fdch pra\u017esk\u00fdch kancel\u00e1\u0159\u00edch otev\u00edr\u00e1 unik\u00e1tn\u00ed multisenzorickou m\u00edstnost"},"content":{"rendered":"<p>Spole\u010dnost SAP, jeden z nejv\u011bt\u0161\u00edch IT zam\u011bstnavatel\u016f v \u010cesku, dnes otev\u0159ela ve sv\u00fdch pra\u017esk\u00fdch kancel\u00e1\u0159\u00edch multisenzorickou relaxa\u010dn\u00ed m\u00edstnost. C\u00edlem nov\u011b vybaven\u00e9ho prostoru je vytvo\u0159it p\u0159\u00edjemn\u00e9 prost\u0159ed\u00ed pro autistick\u00e9 zam\u011bstnance a podpo\u0159it neurodiverzitu ve spole\u010dnosti. Nov\u011b otev\u0159en\u00e1 m\u00edstnost je sou\u010d\u00e1st\u00ed iniciativy Autism at Work, kterou spole\u010dnost SAP zalo\u017eila p\u0159ed deseti lety. Celosv\u011btov\u011b SAP zam\u011bstn\u00e1v\u00e1 p\u0159es 200 zam\u011bstnanc\u016f na autistick\u00e9m spektru, z\u00a0toho v\u00a0\u010cesku jde o v\u00edce ne\u017e des\u00edtku.<\/p>\n<p><em>\u201eV posledn\u00edch letech se vn\u00edm\u00e1n\u00ed autismu m\u011bn\u00ed k\u00a0lep\u0161\u00edmu a firmy si za\u010d\u00ednaj\u00ed uv\u011bdomovat potenci\u00e1l a p\u0159\u00ednosy neurodiverzity v t\u00fdmech. B\u011bhem p\u0159ij\u00edmac\u00edho pohovoru v\u00a0SAP hodnot\u00edme kandid\u00e1ty na z\u00e1klad\u011b jejich dovednost\u00ed, vzd\u011bl\u00e1n\u00ed a zku\u0161enost\u00ed bez ohledu na to, zda se nach\u00e1z\u00ed na autistick\u00e9m spektru. Kdy\u017e jsme p\u0159ed lety iniciativu Autism at Work zakl\u00e1dali, byli jsme jedn\u00edm z\u00a0pr\u016fkopn\u00edk\u016f, a moc m\u011b t\u011b\u0161\u00ed, \u017ee dnes u\u017e hovo\u0159\u00edme o \u0159ad\u011b podobn\u00fdch iniciativ v\u00a0\u010cesku,\u201c<\/em> \u0159\u00edk\u00e1 Iveta Chv\u00e1lov\u00e1, gener\u00e1ln\u00ed \u0159editelka SAP Services.<\/p>\n<p>Multisenzorickou m\u00edstnost spole\u010dnost SAP vybavila sedac\u00edm vakem, pohovkou a kobercem s r\u016fzn\u00fdmi texturami, reproduktory a zvukov\u00fdm syst\u00e9mem s relaxa\u010dn\u00ed hudbou, senzorickou lampou a pom\u016fckami, jako jsou antistresov\u00e9 m\u00ed\u010dky. Cel\u00fd prostor zvukov\u011b odst\u00ednila z\u00e1v\u011bsem. Zam\u011bstnanci tak maj\u00ed na v\u00fdb\u011br z mnoha variant, a pokud se rozhodnou \u017e\u00e1dnou z nich nevyu\u017e\u00edt, na\u010derpaj\u00ed nov\u00e9 s\u00edly \u00fapln\u011b v tichosti.<\/p>\n<p><em>\u201ePodle na\u0161ich informac\u00ed by se m\u011blo jednat o jedno z prvn\u00edch vyu\u017eit\u00ed multisenzorick\u00e9 relaxa\u010dn\u00ed m\u00edstnosti ve firm\u00e1ch v \u010cesk\u00e9 republice. Pro spole\u010dnost SAP je to tak\u00e9 glob\u00e1ln\u00ed premi\u00e9ra a jsem moc r\u00e1da, \u017ee jsme mohli novou m\u00edstnost otev\u0159\u00edt pr\u00e1v\u011b v Praze. V\u011b\u0159\u00edm, \u017ee i nad\u00e1le se n\u00e1m poda\u0159\u00ed p\u0159ich\u00e1zet s nov\u00fdmi koncepty, aby se v\u0161ichni kolegov\u00e9 c\u00edtili v pr\u00e1ci dob\u0159e a mohli pln\u011b vyu\u017e\u00edt sv\u016fj potenci\u00e1l,\u201c<\/em>\u00a0\u0159\u00edk\u00e1 Lenka Tejmlov\u00e1, kter\u00e1 v SAP vede \u010desk\u00fd t\u00fdm Autism at Work.<\/p>\n<p>Celosv\u011btov\u011b zam\u011bstn\u00e1v\u00e1 SAP v\u00edce ne\u017e 200 autistick\u00fdch zam\u011bstnanc\u016f v 15 r\u016fzn\u00fdch zem\u00edch. V\u00edce ne\u017e des\u00edtka v \u010cesk\u00e9 republice pracuje v softwarov\u00e9 firm\u011b v odd\u011blen\u00edch v\u00fdvoje softwaru, lidsk\u00fdch zdroj\u016f nebo financ\u00ed.<\/p>\n<div id='gallery-1' class='gallery galleryid-2142 gallery-columns-3 gallery-size-thumbnail'><figure class='gallery-item'>\n\t\t\t<div class='gallery-icon landscape'>\n\t\t\t\t<a href='https:\/\/news.sap.com\/cz\/files\/2023\/04\/03\/DSC_3760.jpg'><img loading=\"lazy\" decoding=\"async\" width=\"150\" height=\"150\" src=\"https:\/\/news.sap.com\/cz\/files\/2023\/04\/03\/DSC_3760-150x150.jpg\" class=\"attachment-thumbnail size-thumbnail\" alt=\"\" \/><\/a>\n\t\t\t<\/div><\/figure><figure class='gallery-item'>\n\t\t\t<div class='gallery-icon landscape'>\n\t\t\t\t<a href='https:\/\/news.sap.com\/cz\/files\/2023\/04\/03\/DSC_3744.jpg'><img loading=\"lazy\" decoding=\"async\" width=\"150\" height=\"150\" src=\"https:\/\/news.sap.com\/cz\/files\/2023\/04\/03\/DSC_3744-150x150.jpg\" class=\"attachment-thumbnail size-thumbnail\" alt=\"\" \/><\/a>\n\t\t\t<\/div><\/figure><figure class='gallery-item'>\n\t\t\t<div class='gallery-icon landscape'>\n\t\t\t\t<a href='https:\/\/news.sap.com\/cz\/files\/2023\/04\/03\/DSC_3740.jpg'><img loading=\"lazy\" decoding=\"async\" width=\"150\" height=\"150\" src=\"https:\/\/news.sap.com\/cz\/files\/2023\/04\/03\/DSC_3740-150x150.jpg\" class=\"attachment-thumbnail size-thumbnail\" alt=\"\" \/><\/a>\n\t\t\t<\/div><\/figure><figure class='gallery-item'>\n\t\t\t<div class='gallery-icon landscape'>\n\t\t\t\t<a href='https:\/\/news.sap.com\/cz\/files\/2023\/04\/03\/DSC_3738.jpg'><img loading=\"lazy\" decoding=\"async\" width=\"150\" height=\"150\" src=\"https:\/\/news.sap.com\/cz\/files\/2023\/04\/03\/DSC_3738-150x150.jpg\" class=\"attachment-thumbnail size-thumbnail\" alt=\"\" \/><\/a>\n\t\t\t<\/div><\/figure><figure class='gallery-item'>\n\t\t\t<div class='gallery-icon portrait'>\n\t\t\t\t<a href='https:\/\/news.sap.com\/cz\/files\/2023\/04\/03\/DSC_3735-rotated.jpg'><img loading=\"lazy\" decoding=\"async\" width=\"150\" height=\"150\" src=\"https:\/\/news.sap.com\/cz\/files\/2023\/04\/03\/DSC_3735-150x150.jpg\" class=\"attachment-thumbnail size-thumbnail\" alt=\"\" \/><\/a>\n\t\t\t<\/div><\/figure><figure class='gallery-item'>\n\t\t\t<div class='gallery-icon portrait'>\n\t\t\t\t<a href='https:\/\/news.sap.com\/cz\/files\/2023\/04\/03\/DSC_3732-rotated.jpg'><img loading=\"lazy\" decoding=\"async\" width=\"150\" height=\"150\" src=\"https:\/\/news.sap.com\/cz\/files\/2023\/04\/03\/DSC_3732-150x150.jpg\" class=\"attachment-thumbnail size-thumbnail\" alt=\"\" \/><\/a>\n\t\t\t<\/div><\/figure><figure class='gallery-item'>\n\t\t\t<div class='gallery-icon portrait'>\n\t\t\t\t<a href='https:\/\/news.sap.com\/cz\/files\/2023\/04\/03\/DSC_3731-rotated.jpg'><img loading=\"lazy\" decoding=\"async\" width=\"150\" height=\"150\" src=\"https:\/\/news.sap.com\/cz\/files\/2023\/04\/03\/DSC_3731-150x150.jpg\" class=\"attachment-thumbnail size-thumbnail\" alt=\"\" \/><\/a>\n\t\t\t<\/div><\/figure><figure class='gallery-item'>\n\t\t\t<div class='gallery-icon landscape'>\n\t\t\t\t<a href='https:\/\/news.sap.com\/cz\/files\/2023\/04\/03\/DSC_3728.jpg'><img loading=\"lazy\" decoding=\"async\" width=\"150\" height=\"150\" src=\"https:\/\/news.sap.com\/cz\/files\/2023\/04\/03\/DSC_3728-150x150.jpg\" class=\"attachment-thumbnail size-thumbnail\" alt=\"\" \/><\/a>\n\t\t\t<\/div><\/figure><figure class='gallery-item'>\n\t\t\t<div class='gallery-icon portrait'>\n\t\t\t\t<a href='https:\/\/news.sap.com\/cz\/files\/2023\/04\/03\/DSC_3727-rotated.jpg'><img loading=\"lazy\" decoding=\"async\" width=\"150\" height=\"150\" src=\"https:\/\/news.sap.com\/cz\/files\/2023\/04\/03\/DSC_3727-150x150.jpg\" class=\"attachment-thumbnail size-thumbnail\" alt=\"\" \/><\/a>\n\t\t\t<\/div><\/figure><figure class='gallery-item'>\n\t\t\t<div class='gallery-icon portrait'>\n\t\t\t\t<a href='https:\/\/news.sap.com\/cz\/files\/2023\/04\/03\/DSC_3726-rotated.jpg'><img loading=\"lazy\" decoding=\"async\" width=\"150\" height=\"150\" src=\"https:\/\/news.sap.com\/cz\/files\/2023\/04\/03\/DSC_3726-150x150.jpg\" class=\"attachment-thumbnail size-thumbnail\" alt=\"\" \/><\/a>\n\t\t\t<\/div><\/figure><figure class='gallery-item'>\n\t\t\t<div class='gallery-icon portrait'>\n\t\t\t\t<a href='https:\/\/news.sap.com\/cz\/files\/2023\/04\/03\/DSC_3725-rotated.jpg'><img loading=\"lazy\" decoding=\"async\" width=\"150\" height=\"150\" src=\"https:\/\/news.sap.com\/cz\/files\/2023\/04\/03\/DSC_3725-150x150.jpg\" class=\"attachment-thumbnail size-thumbnail\" alt=\"\" \/><\/a>\n\t\t\t<\/div><\/figure><figure class='gallery-item'>\n\t\t\t<div class='gallery-icon portrait'>\n\t\t\t\t<a href='https:\/\/news.sap.com\/cz\/files\/2023\/04\/03\/DSC_3724-rotated.jpg'><img loading=\"lazy\" decoding=\"async\" width=\"150\" height=\"150\" src=\"https:\/\/news.sap.com\/cz\/files\/2023\/04\/03\/DSC_3724-150x150.jpg\" class=\"attachment-thumbnail size-thumbnail\" alt=\"\" \/><\/a>\n\t\t\t<\/div><\/figure><figure class='gallery-item'>\n\t\t\t<div class='gallery-icon portrait'>\n\t\t\t\t<a href='https:\/\/news.sap.com\/cz\/files\/2023\/04\/03\/DSC_3720-rotated.jpg'><img loading=\"lazy\" decoding=\"async\" width=\"150\" height=\"150\" src=\"https:\/\/news.sap.com\/cz\/files\/2023\/04\/03\/DSC_3720-150x150.jpg\" class=\"attachment-thumbnail size-thumbnail\" alt=\"\" \/><\/a>\n\t\t\t<\/div><\/figure><figure class='gallery-item'>\n\t\t\t<div class='gallery-icon landscape'>\n\t\t\t\t<a href='https:\/\/news.sap.com\/cz\/files\/2023\/04\/03\/DSC_3718.jpg'><img loading=\"lazy\" decoding=\"async\" width=\"150\" height=\"150\" src=\"https:\/\/news.sap.com\/cz\/files\/2023\/04\/03\/DSC_3718-150x150.jpg\" class=\"attachment-thumbnail size-thumbnail\" alt=\"\" \/><\/a>\n\t\t\t<\/div><\/figure><figure class='gallery-item'>\n\t\t\t<div class='gallery-icon landscape'>\n\t\t\t\t<a href='https:\/\/news.sap.com\/cz\/files\/2023\/04\/03\/DSC_3715.jpg'><img loading=\"lazy\" decoding=\"async\" width=\"150\" height=\"150\" src=\"https:\/\/news.sap.com\/cz\/files\/2023\/04\/03\/DSC_3715-150x150.jpg\" class=\"attachment-thumbnail size-thumbnail\" alt=\"\" \/><\/a>\n\t\t\t<\/div><\/figure><figure class='gallery-item'>\n\t\t\t<div class='gallery-icon landscape'>\n\t\t\t\t<a href='https:\/\/news.sap.com\/cz\/files\/2023\/04\/03\/DSC_3711.jpg'><img loading=\"lazy\" decoding=\"async\" width=\"150\" height=\"150\" src=\"https:\/\/news.sap.com\/cz\/files\/2023\/04\/03\/DSC_3711-150x150.jpg\" class=\"attachment-thumbnail size-thumbnail\" alt=\"\" \/><\/a>\n\t\t\t<\/div><\/figure><figure class='gallery-item'>\n\t\t\t<div class='gallery-icon portrait'>\n\t\t\t\t<a href='https:\/\/news.sap.com\/cz\/files\/2023\/04\/03\/DSC_3708-rotated.jpg'><img loading=\"lazy\" decoding=\"async\" width=\"150\" height=\"150\" src=\"https:\/\/news.sap.com\/cz\/files\/2023\/04\/03\/DSC_3708-150x150.jpg\" class=\"attachment-thumbnail size-thumbnail\" alt=\"\" \/><\/a>\n\t\t\t<\/div><\/figure><figure class='gallery-item'>\n\t\t\t<div class='gallery-icon landscape'>\n\t\t\t\t<a href='https:\/\/news.sap.com\/cz\/files\/2023\/04\/03\/DSC_3705.jpg'><img loading=\"lazy\" decoding=\"async\" width=\"150\" height=\"150\" src=\"https:\/\/news.sap.com\/cz\/files\/2023\/04\/03\/DSC_3705-150x150.jpg\" class=\"attachment-thumbnail size-thumbnail\" alt=\"\" \/><\/a>\n\t\t\t<\/div><\/figure><figure class='gallery-item'>\n\t\t\t<div class='gallery-icon portrait'>\n\t\t\t\t<a href='https:\/\/news.sap.com\/cz\/files\/2023\/04\/03\/DSC_3698-rotated.jpg'><img loading=\"lazy\" decoding=\"async\" width=\"150\" height=\"150\" src=\"https:\/\/news.sap.com\/cz\/files\/2023\/04\/03\/DSC_3698-150x150.jpg\" class=\"attachment-thumbnail size-thumbnail\" alt=\"\" \/><\/a>\n\t\t\t<\/div><\/figure><figure class='gallery-item'>\n\t\t\t<div class='gallery-icon landscape'>\n\t\t\t\t<a href='https:\/\/news.sap.com\/cz\/files\/2023\/04\/03\/DSC_3755.jpg'><img loading=\"lazy\" decoding=\"async\" width=\"150\" height=\"150\" src=\"https:\/\/news.sap.com\/cz\/files\/2023\/04\/03\/DSC_3755-150x150.jpg\" class=\"attachment-thumbnail size-thumbnail\" alt=\"\" \/><\/a>\n\t\t\t<\/div><\/figure>\n\t\t<\/div>\n\n<p>&nbsp;<\/p>\n<hr \/>\n<p><strong>Kontakt pro m\u00e9dia:<\/strong><br \/>\nDominik Je\u017eek, +420 720 034 071, <a href=\"mailto:dominik.jezek@sap.com\">dominik.jezek@sap.com<\/a><\/p>\n<p><strong>O spole\u010dnosti SAP<\/strong><\/p>\n<p>Strategi\u00ed spole\u010dnosti SAP je pomoci ka\u017ed\u00e9 firm\u011b fungovat jako inteligentn\u00ed podnik. Jako l\u00eddr na trhu podnikov\u00e9ho aplika\u010dn\u00edho softwaru pom\u00e1h\u00e1 SAP firm\u00e1m v\u0161ech velikost\u00ed a ve v\u0161ech odv\u011btv\u00edch fungovat co nejl\u00e9pe: Z\u00e1kazn\u00edci spole\u010dnosti SAP vytv\u00e1\u0159ej\u00ed 87 % celkov\u00e9ho sv\u011btov\u00e9ho obchodu. Technologie strojov\u00e9ho u\u010den\u00ed, internetu v\u011bc\u00ed (IoT) a pokro\u010dil\u00e9 analytiky v SAP pom\u00e1haj\u00ed prom\u011bnit podnik\u00e1n\u00ed z\u00e1kazn\u00edk\u016f v inteligentn\u00ed podniky. SAP pom\u00e1h\u00e1 lidem a organizac\u00edm z\u00edskat p\u0159ehled o podnik\u00e1n\u00ed a podporuje spolupr\u00e1ci, kter\u00e1 jim pom\u00e1h\u00e1 udr\u017eet si n\u00e1skok p\u0159ed konkurenc\u00ed. SAP zjednodu\u0161uje podnikov\u00e9 technologie, aby mohli klienti vyu\u017e\u00edvat software SAP tak, jak cht\u011bj\u00ed. Komplexn\u00ed sada aplikac\u00ed a slu\u017eeb SAP umo\u017e\u0148uje z\u00e1kazn\u00edk\u016fm z\u00a025\u00a0odv\u011btv\u00ed po cel\u00e9m sv\u011bt\u011b fungovat ziskov\u011b, neust\u00e1le se p\u0159izp\u016fsobovat a m\u011bnit v\u011bci k lep\u0161\u00edmu. D\u00edky glob\u00e1ln\u00ed s\u00edti z\u00e1kazn\u00edk\u016f, partner\u016f, zam\u011bstnanc\u016f a l\u00eddr\u016f pom\u00e1h\u00e1 SAP sv\u011btu l\u00e9pe fungovat a zlep\u0161ovat \u017eivoty lid\u00ed. Dal\u0161\u00ed informace naleznete na <a href=\"http:\/\/www.sap.com\">www.sap.com<\/a>.<\/p>\n","protected":false},"excerpt":{"rendered":"<p>Spole\u010dnost SAP, jeden z nejv\u011bt\u0161\u00edch IT zam\u011bstnavatel\u016f v \u010cesku, dnes otev\u0159ela ve sv\u00fdch pra\u017esk\u00fdch kancel\u00e1\u0159\u00edch multisenzorickou relaxa\u010dn\u00ed m\u00edstnost. C\u00edlem nov\u011b vybaven\u00e9ho prostoru je vytvo\u0159it p\u0159\u00edjemn\u00e9&#8230;<\/p>\n","protected":false},"author":29,"featured_media":2143,"comment_status":"closed","ping_status":"closed","sticky":false,"template":"","format":"standard","meta":{"footnotes":"","_links_to":"","_links_to_target":""},"categories":[4566000,5619999],"tags":[763,5619987],"sapn-display":[4564902,4565335],"sapn-type":[4566354,4569458],"class_list":["post-2142","post","type-post","status-publish","format-standard","has-post-thumbnail","hentry","category-firemni","category-hr","tag-autism-at-work","tag-sap","sapn-display-hero","sapn-display-homepage-hero","sapn-type-novinky","sapn-type-tiskova-zprava"],"yoast_head":"<!-- This site is optimized with the Yoast SEO Premium plugin v26.9 (Yoast SEO v26.9) - https:\/\/yoast.com\/product\/yoast-seo-premium-wordpress\/ -->\n<title>Pr\u00e1ce s autismem. SAP ve sv\u00fdch pra\u017esk\u00fdch kancel\u00e1\u0159\u00edch otev\u00edr\u00e1 unik\u00e1tn\u00ed multisenzorickou m\u00edstnost - SAP Czech Republic Pro novin\u00e1\u0159e<\/title>\n<meta name=\"robots\" content=\"index, follow, max-snippet:-1, max-image-preview:large, max-video-preview:-1\" \/>\n<link rel=\"canonical\" href=\"https:\/\/news.sap.com\/cz\/2023\/04\/prace-s-autismem-sap-ve-svych-prazskych-kancelarich-otevira-unikatni-multisenzorickou-mistnost\/\" \/>\n<meta property=\"og:locale\" content=\"cs_CZ\" \/>\n<meta property=\"og:type\" content=\"article\" \/>\n<meta property=\"og:title\" content=\"Pr\u00e1ce s autismem. SAP ve sv\u00fdch pra\u017esk\u00fdch kancel\u00e1\u0159\u00edch otev\u00edr\u00e1 unik\u00e1tn\u00ed multisenzorickou m\u00edstnost\" \/>\n<meta property=\"og:description\" content=\"Spole\u010dnost SAP, jeden z nejv\u011bt\u0161\u00edch IT zam\u011bstnavatel\u016f v \u010cesku, dnes otev\u0159ela ve sv\u00fdch pra\u017esk\u00fdch kancel\u00e1\u0159\u00edch multisenzorickou relaxa\u010dn\u00ed m\u00edstnost. C\u00edlem nov\u011b vybaven\u00e9ho prostoru je vytvo\u0159it p\u0159\u00edjemn\u00e9...\" \/>\n<meta property=\"og:url\" content=\"https:\/\/news.sap.com\/cz\/2023\/04\/prace-s-autismem-sap-ve-svych-prazskych-kancelarich-otevira-unikatni-multisenzorickou-mistnost\/\" \/>\n<meta property=\"og:site_name\" content=\"SAP Czech Republic Pro novin\u00e1\u0159e\" \/>\n<meta property=\"article:published_time\" content=\"2023-04-04T06:13:27+00:00\" \/>\n<meta property=\"og:image\" content=\"https:\/\/news.sap.com\/cz\/files\/2023\/04\/03\/Ilustracni-foto_Multisenzoricka-mistnost-v-SAP-zdroj-SAP_highres-1024x768.jpeg\" \/>\n\t<meta property=\"og:image:width\" content=\"1024\" \/>\n\t<meta property=\"og:image:height\" content=\"768\" \/>\n\t<meta property=\"og:image:type\" content=\"image\/jpeg\" \/>\n<meta name=\"author\" content=\"SAP News\" \/>\n<meta name=\"twitter:card\" content=\"summary_large_image\" \/>\n<meta name=\"twitter:label1\" content=\"Napsal(a)\" \/>\n\t<meta name=\"twitter:data1\" content=\"SAP News\" \/>\n\t<meta name=\"twitter:label2\" content=\"Odhadovan\u00e1 doba \u010dten\u00ed\" \/>\n\t<meta name=\"twitter:data2\" content=\"3 minuty\" \/>\n<script type=\"application\/ld+json\" class=\"yoast-schema-graph\">{\"@context\":\"https:\/\/schema.org\",\"@graph\":[{\"@type\":\"Article\",\"@id\":\"https:\/\/news.sap.com\/cz\/2023\/04\/prace-s-autismem-sap-ve-svych-prazskych-kancelarich-otevira-unikatni-multisenzorickou-mistnost\/#article\",\"isPartOf\":{\"@id\":\"https:\/\/news.sap.com\/cz\/2023\/04\/prace-s-autismem-sap-ve-svych-prazskych-kancelarich-otevira-unikatni-multisenzorickou-mistnost\/\"},\"author\":{\"name\":\"SAP News\",\"@id\":\"https:\/\/news.sap.com\/cz\/#\/schema\/person\/53b9854bd790d6f18f3fc4bbb2ad7570\"},\"headline\":\"Pr\u00e1ce s autismem. SAP ve sv\u00fdch pra\u017esk\u00fdch kancel\u00e1\u0159\u00edch otev\u00edr\u00e1 unik\u00e1tn\u00ed multisenzorickou m\u00edstnost\",\"datePublished\":\"2023-04-04T06:13:27+00:00\",\"mainEntityOfPage\":{\"@id\":\"https:\/\/news.sap.com\/cz\/2023\/04\/prace-s-autismem-sap-ve-svych-prazskych-kancelarich-otevira-unikatni-multisenzorickou-mistnost\/\"},\"wordCount\":675,\"image\":{\"@id\":\"https:\/\/news.sap.com\/cz\/2023\/04\/prace-s-autismem-sap-ve-svych-prazskych-kancelarich-otevira-unikatni-multisenzorickou-mistnost\/#primaryimage\"},\"thumbnailUrl\":\"https:\/\/news.sap.com\/cz\/files\/2023\/04\/03\/Ilustracni-foto_Multisenzoricka-mistnost-v-SAP-zdroj-SAP_highres.jpeg\",\"keywords\":[\"Autism at Work\",\"SAP\"],\"articleSection\":[\"Firemn\u00ed\",\"\u0158\u00edzen\u00ed lidsk\u00e9ho kapit\u00e1lu\"],\"inLanguage\":\"cs\"},{\"@type\":\"WebPage\",\"@id\":\"https:\/\/news.sap.com\/cz\/2023\/04\/prace-s-autismem-sap-ve-svych-prazskych-kancelarich-otevira-unikatni-multisenzorickou-mistnost\/\",\"url\":\"https:\/\/news.sap.com\/cz\/2023\/04\/prace-s-autismem-sap-ve-svych-prazskych-kancelarich-otevira-unikatni-multisenzorickou-mistnost\/\",\"name\":\"Pr\u00e1ce s autismem. SAP ve sv\u00fdch pra\u017esk\u00fdch kancel\u00e1\u0159\u00edch otev\u00edr\u00e1 unik\u00e1tn\u00ed multisenzorickou m\u00edstnost - SAP Czech Republic Pro novin\u00e1\u0159e\",\"isPartOf\":{\"@id\":\"https:\/\/news.sap.com\/cz\/#website\"},\"primaryImageOfPage\":{\"@id\":\"https:\/\/news.sap.com\/cz\/2023\/04\/prace-s-autismem-sap-ve-svych-prazskych-kancelarich-otevira-unikatni-multisenzorickou-mistnost\/#primaryimage\"},\"image\":{\"@id\":\"https:\/\/news.sap.com\/cz\/2023\/04\/prace-s-autismem-sap-ve-svych-prazskych-kancelarich-otevira-unikatni-multisenzorickou-mistnost\/#primaryimage\"},\"thumbnailUrl\":\"https:\/\/news.sap.com\/cz\/files\/2023\/04\/03\/Ilustracni-foto_Multisenzoricka-mistnost-v-SAP-zdroj-SAP_highres.jpeg\",\"datePublished\":\"2023-04-04T06:13:27+00:00\",\"author\":{\"@id\":\"https:\/\/news.sap.com\/cz\/#\/schema\/person\/53b9854bd790d6f18f3fc4bbb2ad7570\"},\"breadcrumb\":{\"@id\":\"https:\/\/news.sap.com\/cz\/2023\/04\/prace-s-autismem-sap-ve-svych-prazskych-kancelarich-otevira-unikatni-multisenzorickou-mistnost\/#breadcrumb\"},\"inLanguage\":\"cs\",\"potentialAction\":[{\"@type\":\"ReadAction\",\"target\":[\"https:\/\/news.sap.com\/cz\/2023\/04\/prace-s-autismem-sap-ve-svych-prazskych-kancelarich-otevira-unikatni-multisenzorickou-mistnost\/\"]}]},{\"@type\":\"ImageObject\",\"inLanguage\":\"cs\",\"@id\":\"https:\/\/news.sap.com\/cz\/2023\/04\/prace-s-autismem-sap-ve-svych-prazskych-kancelarich-otevira-unikatni-multisenzorickou-mistnost\/#primaryimage\",\"url\":\"https:\/\/news.sap.com\/cz\/files\/2023\/04\/03\/Ilustracni-foto_Multisenzoricka-mistnost-v-SAP-zdroj-SAP_highres.jpeg\",\"contentUrl\":\"https:\/\/news.sap.com\/cz\/files\/2023\/04\/03\/Ilustracni-foto_Multisenzoricka-mistnost-v-SAP-zdroj-SAP_highres.jpeg\",\"width\":4032,\"height\":3024},{\"@type\":\"BreadcrumbList\",\"@id\":\"https:\/\/news.sap.com\/cz\/2023\/04\/prace-s-autismem-sap-ve-svych-prazskych-kancelarich-otevira-unikatni-multisenzorickou-mistnost\/#breadcrumb\",\"itemListElement\":[{\"@type\":\"ListItem\",\"position\":1,\"name\":\"Home\",\"item\":\"https:\/\/news.sap.com\/cz\/\"},{\"@type\":\"ListItem\",\"position\":2,\"name\":\"Pr\u00e1ce s autismem. SAP ve sv\u00fdch pra\u017esk\u00fdch kancel\u00e1\u0159\u00edch otev\u00edr\u00e1 unik\u00e1tn\u00ed multisenzorickou m\u00edstnost\"}]},{\"@type\":\"WebSite\",\"@id\":\"https:\/\/news.sap.com\/cz\/#website\",\"url\":\"https:\/\/news.sap.com\/cz\/\",\"name\":\"SAP Czech Republic Pro novin\u00e1\u0159e\",\"description\":\"Novinky o SAPu\",\"potentialAction\":[{\"@type\":\"SearchAction\",\"target\":{\"@type\":\"EntryPoint\",\"urlTemplate\":\"https:\/\/news.sap.com\/cz\/?s={search_term_string}\"},\"query-input\":{\"@type\":\"PropertyValueSpecification\",\"valueRequired\":true,\"valueName\":\"search_term_string\"}}],\"inLanguage\":\"cs\"},{\"@type\":\"Person\",\"@id\":\"https:\/\/news.sap.com\/cz\/#\/schema\/person\/53b9854bd790d6f18f3fc4bbb2ad7570\",\"name\":\"SAP News\",\"image\":{\"@type\":\"ImageObject\",\"inLanguage\":\"cs\",\"@id\":\"https:\/\/news.sap.com\/cz\/#\/schema\/person\/image\/\",\"url\":\"https:\/\/news.sap.com\/cz\/wp-content\/plugins\/wp-user-avatars\/wp-user-avatars\/assets\/images\/mystery.jpg\",\"contentUrl\":\"https:\/\/news.sap.com\/cz\/wp-content\/plugins\/wp-user-avatars\/wp-user-avatars\/assets\/images\/mystery.jpg\",\"caption\":\"SAP News\"},\"url\":\"https:\/\/news.sap.com\/cz\/author\/colleenraftery\/\"}]}<\/script>\n<!-- \/ Yoast SEO Premium plugin. -->","yoast_head_json":{"title":"Pr\u00e1ce s autismem. SAP ve sv\u00fdch pra\u017esk\u00fdch kancel\u00e1\u0159\u00edch otev\u00edr\u00e1 unik\u00e1tn\u00ed multisenzorickou m\u00edstnost - SAP Czech Republic Pro novin\u00e1\u0159e","robots":{"index":"index","follow":"follow","max-snippet":"max-snippet:-1","max-image-preview":"max-image-preview:large","max-video-preview":"max-video-preview:-1"},"canonical":"https:\/\/news.sap.com\/cz\/2023\/04\/prace-s-autismem-sap-ve-svych-prazskych-kancelarich-otevira-unikatni-multisenzorickou-mistnost\/","og_locale":"cs_CZ","og_type":"article","og_title":"Pr\u00e1ce s autismem. SAP ve sv\u00fdch pra\u017esk\u00fdch kancel\u00e1\u0159\u00edch otev\u00edr\u00e1 unik\u00e1tn\u00ed multisenzorickou m\u00edstnost","og_description":"Spole\u010dnost SAP, jeden z nejv\u011bt\u0161\u00edch IT zam\u011bstnavatel\u016f v \u010cesku, dnes otev\u0159ela ve sv\u00fdch pra\u017esk\u00fdch kancel\u00e1\u0159\u00edch multisenzorickou relaxa\u010dn\u00ed m\u00edstnost. C\u00edlem nov\u011b vybaven\u00e9ho prostoru je vytvo\u0159it p\u0159\u00edjemn\u00e9...","og_url":"https:\/\/news.sap.com\/cz\/2023\/04\/prace-s-autismem-sap-ve-svych-prazskych-kancelarich-otevira-unikatni-multisenzorickou-mistnost\/","og_site_name":"SAP Czech Republic Pro novin\u00e1\u0159e","article_published_time":"2023-04-04T06:13:27+00:00","og_image":[{"width":1024,"height":768,"url":"https:\/\/news.sap.com\/cz\/files\/2023\/04\/03\/Ilustracni-foto_Multisenzoricka-mistnost-v-SAP-zdroj-SAP_highres-1024x768.jpeg","type":"image\/jpeg"}],"author":"SAP News","twitter_card":"summary_large_image","twitter_misc":{"Napsal(a)":"SAP News","Odhadovan\u00e1 doba \u010dten\u00ed":"3 minuty"},"schema":{"@context":"https:\/\/schema.org","@graph":[{"@type":"Article","@id":"https:\/\/news.sap.com\/cz\/2023\/04\/prace-s-autismem-sap-ve-svych-prazskych-kancelarich-otevira-unikatni-multisenzorickou-mistnost\/#article","isPartOf":{"@id":"https:\/\/news.sap.com\/cz\/2023\/04\/prace-s-autismem-sap-ve-svych-prazskych-kancelarich-otevira-unikatni-multisenzorickou-mistnost\/"},"author":{"name":"SAP News","@id":"https:\/\/news.sap.com\/cz\/#\/schema\/person\/53b9854bd790d6f18f3fc4bbb2ad7570"},"headline":"Pr\u00e1ce s autismem. SAP ve sv\u00fdch pra\u017esk\u00fdch kancel\u00e1\u0159\u00edch otev\u00edr\u00e1 unik\u00e1tn\u00ed multisenzorickou m\u00edstnost","datePublished":"2023-04-04T06:13:27+00:00","mainEntityOfPage":{"@id":"https:\/\/news.sap.com\/cz\/2023\/04\/prace-s-autismem-sap-ve-svych-prazskych-kancelarich-otevira-unikatni-multisenzorickou-mistnost\/"},"wordCount":675,"image":{"@id":"https:\/\/news.sap.com\/cz\/2023\/04\/prace-s-autismem-sap-ve-svych-prazskych-kancelarich-otevira-unikatni-multisenzorickou-mistnost\/#primaryimage"},"thumbnailUrl":"https:\/\/news.sap.com\/cz\/files\/2023\/04\/03\/Ilustracni-foto_Multisenzoricka-mistnost-v-SAP-zdroj-SAP_highres.jpeg","keywords":["Autism at Work","SAP"],"articleSection":["Firemn\u00ed","\u0158\u00edzen\u00ed lidsk\u00e9ho kapit\u00e1lu"],"inLanguage":"cs"},{"@type":"WebPage","@id":"https:\/\/news.sap.com\/cz\/2023\/04\/prace-s-autismem-sap-ve-svych-prazskych-kancelarich-otevira-unikatni-multisenzorickou-mistnost\/","url":"https:\/\/news.sap.com\/cz\/2023\/04\/prace-s-autismem-sap-ve-svych-prazskych-kancelarich-otevira-unikatni-multisenzorickou-mistnost\/","name":"Pr\u00e1ce s autismem. SAP ve sv\u00fdch pra\u017esk\u00fdch kancel\u00e1\u0159\u00edch otev\u00edr\u00e1 unik\u00e1tn\u00ed multisenzorickou m\u00edstnost - SAP Czech Republic Pro novin\u00e1\u0159e","isPartOf":{"@id":"https:\/\/news.sap.com\/cz\/#website"},"primaryImageOfPage":{"@id":"https:\/\/news.sap.com\/cz\/2023\/04\/prace-s-autismem-sap-ve-svych-prazskych-kancelarich-otevira-unikatni-multisenzorickou-mistnost\/#primaryimage"},"image":{"@id":"https:\/\/news.sap.com\/cz\/2023\/04\/prace-s-autismem-sap-ve-svych-prazskych-kancelarich-otevira-unikatni-multisenzorickou-mistnost\/#primaryimage"},"thumbnailUrl":"https:\/\/news.sap.com\/cz\/files\/2023\/04\/03\/Ilustracni-foto_Multisenzoricka-mistnost-v-SAP-zdroj-SAP_highres.jpeg","datePublished":"2023-04-04T06:13:27+00:00","author":{"@id":"https:\/\/news.sap.com\/cz\/#\/schema\/person\/53b9854bd790d6f18f3fc4bbb2ad7570"},"breadcrumb":{"@id":"https:\/\/news.sap.com\/cz\/2023\/04\/prace-s-autismem-sap-ve-svych-prazskych-kancelarich-otevira-unikatni-multisenzorickou-mistnost\/#breadcrumb"},"inLanguage":"cs","potentialAction":[{"@type":"ReadAction","target":["https:\/\/news.sap.com\/cz\/2023\/04\/prace-s-autismem-sap-ve-svych-prazskych-kancelarich-otevira-unikatni-multisenzorickou-mistnost\/"]}]},{"@type":"ImageObject","inLanguage":"cs","@id":"https:\/\/news.sap.com\/cz\/2023\/04\/prace-s-autismem-sap-ve-svych-prazskych-kancelarich-otevira-unikatni-multisenzorickou-mistnost\/#primaryimage","url":"https:\/\/news.sap.com\/cz\/files\/2023\/04\/03\/Ilustracni-foto_Multisenzoricka-mistnost-v-SAP-zdroj-SAP_highres.jpeg","contentUrl":"https:\/\/news.sap.com\/cz\/files\/2023\/04\/03\/Ilustracni-foto_Multisenzoricka-mistnost-v-SAP-zdroj-SAP_highres.jpeg","width":4032,"height":3024},{"@type":"BreadcrumbList","@id":"https:\/\/news.sap.com\/cz\/2023\/04\/prace-s-autismem-sap-ve-svych-prazskych-kancelarich-otevira-unikatni-multisenzorickou-mistnost\/#breadcrumb","itemListElement":[{"@type":"ListItem","position":1,"name":"Home","item":"https:\/\/news.sap.com\/cz\/"},{"@type":"ListItem","position":2,"name":"Pr\u00e1ce s autismem. SAP ve sv\u00fdch pra\u017esk\u00fdch kancel\u00e1\u0159\u00edch otev\u00edr\u00e1 unik\u00e1tn\u00ed multisenzorickou m\u00edstnost"}]},{"@type":"WebSite","@id":"https:\/\/news.sap.com\/cz\/#website","url":"https:\/\/news.sap.com\/cz\/","name":"SAP Czech Republic Pro novin\u00e1\u0159e","description":"Novinky o SAPu","potentialAction":[{"@type":"SearchAction","target":{"@type":"EntryPoint","urlTemplate":"https:\/\/news.sap.com\/cz\/?s={search_term_string}"},"query-input":{"@type":"PropertyValueSpecification","valueRequired":true,"valueName":"search_term_string"}}],"inLanguage":"cs"},{"@type":"Person","@id":"https:\/\/news.sap.com\/cz\/#\/schema\/person\/53b9854bd790d6f18f3fc4bbb2ad7570","name":"SAP News","image":{"@type":"ImageObject","inLanguage":"cs","@id":"https:\/\/news.sap.com\/cz\/#\/schema\/person\/image\/","url":"https:\/\/news.sap.com\/cz\/wp-content\/plugins\/wp-user-avatars\/wp-user-avatars\/assets\/images\/mystery.jpg","contentUrl":"https:\/\/news.sap.com\/cz\/wp-content\/plugins\/wp-user-avatars\/wp-user-avatars\/assets\/images\/mystery.jpg","caption":"SAP News"},"url":"https:\/\/news.sap.com\/cz\/author\/colleenraftery\/"}]}},"amp_enabled":true,"_links":{"self":[{"href":"https:\/\/news.sap.com\/cz\/wp-json\/wp\/v2\/posts\/2142","targetHints":{"allow":["GET"]}}],"collection":[{"href":"https:\/\/news.sap.com\/cz\/wp-json\/wp\/v2\/posts"}],"about":[{"href":"https:\/\/news.sap.com\/cz\/wp-json\/wp\/v2\/types\/post"}],"author":[{"embeddable":true,"href":"https:\/\/news.sap.com\/cz\/wp-json\/wp\/v2\/users\/29"}],"replies":[{"embeddable":true,"href":"https:\/\/news.sap.com\/cz\/wp-json\/wp\/v2\/comments?post=2142"}],"version-history":[{"count":0,"href":"https:\/\/news.sap.com\/cz\/wp-json\/wp\/v2\/posts\/2142\/revisions"}],"wp:featuredmedia":[{"embeddable":true,"href":"https:\/\/news.sap.com\/cz\/wp-json\/wp\/v2\/media\/2143"}],"wp:attachment":[{"href":"https:\/\/news.sap.com\/cz\/wp-json\/wp\/v2\/media?parent=2142"}],"wp:term":[{"taxonomy":"category","embeddable":true,"href":"https:\/\/news.sap.com\/cz\/wp-json\/wp\/v2\/categories?post=2142"},{"taxonomy":"post_tag","embeddable":true,"href":"https:\/\/news.sap.com\/cz\/wp-json\/wp\/v2\/tags?post=2142"},{"taxonomy":"sapn-display","embeddable":true,"href":"https:\/\/news.sap.com\/cz\/wp-json\/wp\/v2\/sapn-display?post=2142"},{"taxonomy":"sapn-type","embeddable":true,"href":"https:\/\/news.sap.com\/cz\/wp-json\/wp\/v2\/sapn-type?post=2142"}],"curies":[{"name":"wp","href":"https:\/\/api.w.org\/{rel}","templated":true}]}}