{"id":2188,"date":"2023-05-17T06:23:24","date_gmt":"2023-05-17T06:23:24","guid":{"rendered":"https:\/\/news.sap.com\/cz\/?p=2188"},"modified":"2024-01-08T18:40:05","modified_gmt":"2024-01-08T18:40:05","slug":"sap-predstavil-novinky-v-oblasti-umele-inteligence-pro-podniky-a-rozsireni-partnerstvi-s-ibm-google-cloud-a-microsoftem","status":"publish","type":"post","link":"https:\/\/news.sap.com\/cz\/2023\/05\/sap-predstavil-novinky-v-oblasti-umele-inteligence-pro-podniky-a-rozsireni-partnerstvi-s-ibm-google-cloud-a-microsoftem\/","title":{"rendered":"SAP p\u0159edstavil novinky v oblasti um\u011bl\u00e9 inteligence pro podniky a roz\u0161\u00ed\u0159en\u00ed partnerstv\u00ed s IBM, Google Cloud a Microsoftem"},"content":{"rendered":"<p>Na ka\u017edoro\u010dn\u00ed konferenci SAP Sapphire p\u0159edstavila spole\u010dnost SAP novinky v oblasti um\u011bl\u00e9 inteligence, m\u011b\u0159en\u00ed uhl\u00edkov\u00e9 stopy a obchodn\u00edch s\u00edt\u00ed pro podniky. Mezi nov\u00e9 produkty pat\u0159\u00ed odv\u011btvov\u00e9 \u0159e\u0161en\u00ed SAP Business Network for Industry nebo SAP Sustainability Data Exchange. Nejv\u011bt\u0161\u00ed evropsk\u00e1 IT spole\u010dnost tak\u00e9 ohl\u00e1sila partnerstv\u00ed s Google Cloud a Microsoftem s c\u00edlem propojit data ze syst\u00e9m\u016f SAP a mimo n\u011b a prohloubit vyu\u017eit\u00ed AI n\u00e1stroj\u016f v byznysov\u00fdch aplikac\u00edch. SAP tak pokra\u010duje v roz\u0161i\u0159ov\u00e1n\u00ed spoluprac\u00ed s ostatn\u00edmi IT giganty, kter\u00e9 odstartoval za\u010d\u00e1tkem kv\u011btna s IBM.<\/p>\n<p>\u201eVe sv\u011bt\u011b pln\u00e9m geopolitick\u00e9ho nap\u011bt\u00ed, nedostatku kvalifikovan\u00fdch zam\u011bstnanc\u016f a zesiluj\u00edc\u00ed regulace se na\u0161i z\u00e1kazn\u00edci st\u00e1le \u010dast\u011bji obracej\u00ed na SAP, proto\u017ee hledaj\u00ed optim\u00e1ln\u00ed \u0159e\u0161en\u00ed pro nejnal\u00e9hav\u011bj\u0161\u00ed byznysov\u00e9 v\u00fdzvy, kter\u00fdm dnes \u010del\u00ed. Novinky, kter\u00e9 jsme na SAP Sapphire p\u0159edstavili, spojuj\u00ed odpov\u011bdn\u011b vyv\u00edjen\u00e9 technologie a byznysov\u00e9 zku\u0161enosti, kter\u00e9 pom\u00e1haj\u00ed na\u0161im z\u00e1kazn\u00edk\u016fm usp\u011bt dnes i do budoucna,\u201c \u0159\u00edk\u00e1 gener\u00e1ln\u00ed \u0159editel SAP Christian Klein.<\/p>\n<p><strong>Generativn\u00ed AI pro podniky<\/strong><\/p>\n<p>V oblasti podnikov\u00e9ho vyu\u017eit\u00ed AI p\u0159edstavil SAP n\u011bkolik nov\u00fdch funkcionalit ve sv\u00fdch st\u00e1vaj\u00edc\u00edch \u0159e\u0161en\u00edch. Mezi n\u011b pat\u0159\u00ed n\u00e1stroje k personalizovan\u011bj\u0161\u00edmu vztahu se z\u00e1kazn\u00edky, produktivn\u011bj\u0161\u00edm n\u00e1kupn\u00edm proces\u016fm nebo efektivn\u011bj\u0161\u00edmu n\u00e1boru nov\u00fdch zam\u011bstnanc\u016f.<\/p>\n<p>Sou\u010d\u00e1st\u00ed ozn\u00e1men\u00ed byly i c\u00edle spojen\u00e9 s generativn\u00ed AI. Mezi \u0159e\u0161en\u00edmi, kter\u00e9 tato technologie ovlivn\u00ed ji\u017e letos, bude aplikace SAP Transportation Management pro v\u00fdrobn\u00ed sektor a automobilov\u00fd pr\u016fmysl. Krom\u011b automatizace manu\u00e1ln\u00ed kontroly p\u0159\u00edjemek zbo\u017e\u00ed a dodac\u00edch list\u016f by m\u011bla generativn\u00ed AI zv\u00fd\u0161it p\u0159esnost a efektivitu p\u0159epravy.<\/p>\n<p>Spole\u010dn\u011b <a href=\"https:\/\/news.sap.com\/2023\/05\/sap-microsoft-joint-generative-ai-offerings-talent-gap\/\">s Microsoftem SAP roz\u0161\u00ed\u0159il spolupr\u00e1ci<\/a> o integraci Azure OpenAI s \u0159e\u0161en\u00edm SAP SuccessFactors. C\u00edlem je poskytnout HR mana\u017eer\u016fm automatizovan\u00fd n\u00e1stroj, kter\u00fd jim pom\u016f\u017ee vytvo\u0159it obsah pracovn\u00edch nab\u00eddek a vylep\u0161it jejich podobu, upozornit na mo\u017en\u00e9 zdroje neobjektivity b\u011bhem n\u00e1borov\u00e9ho procesu a navrhnout personalizovan\u00e9 ot\u00e1zky pro p\u0159ij\u00edmac\u00ed pohovory na z\u00e1klad\u011b kombinace kandid\u00e1tova \u017eivotopisu, n\u00e1pln\u011b pr\u00e1ce a popisu podobn\u00fdch pozic ve firm\u011b. D\u00e1le tak\u00e9 k personalizaci doporu\u010den\u00e9ho \u0161kolen\u00ed pro zam\u011bstnance podle jeho pozice, kari\u00e9rn\u00edho r\u016fstu a osobn\u00edho rozvoje.<\/p>\n<p>Na vyu\u017eit\u00ed AI spolupracuje SAP i s IBM. IT spole\u010dnosti ohl\u00e1sily <a href=\"https:\/\/news.sap.com\/2023\/05\/ibm-watson-artificial-intelligence-in-sap-solutions\/\">zabudov\u00e1n\u00ed n\u00e1stroje IBM Watson do \u0159e\u0161en\u00ed SAP Start<\/a>, kter\u00e9 z\u00e1kazn\u00edk\u016fm poskytuje p\u0159ehled a jednoduch\u00fd p\u0159\u00edstup k proces\u016fm a aplikac\u00edm SAP. Prost\u0159ednictv\u00edm n\u00e1stroje od IBM u\u017eivatel\u00e9 z\u00edskaj\u00ed nov\u00e9 mo\u017enosti zv\u00fd\u0161en\u00ed produktivity nebo pr\u00e1ce s prediktivn\u00edmi anal\u00fdzami. V sou\u010dasn\u00e9 dob\u011b vyu\u017e\u00edv\u00e1 SAP um\u011blou inteligenci od IBM v aplikaci TripIt, kter\u00e1 u\u017eivatel\u016fm nab\u00edz\u00ed udr\u017eiteln\u011bj\u0161\u00ed mo\u017enosti cestov\u00e1n\u00ed prost\u0159ednictv\u00edm anal\u00fdzy po\u010das\u00ed.<\/p>\n<p><strong>M\u011b\u0159en\u00ed uhl\u00edkov\u00e9 stopy na z\u00e1klad\u011b re\u00e1ln\u00fdch dat<\/strong><\/p>\n<p>V sou\u010dasn\u00e9 dob\u011b st\u00e1le sklo\u0148ovan\u011bj\u0161\u00ed t\u00e9ma m\u011b\u0159en\u00ed uhl\u00edkov\u00e9 stopy se dotklo i p\u0159edstavovan\u00fdch novinek, mezi kter\u00fdmi n\u011bmeck\u00e1 firma uvedla novou aplikaci SAP Sustainability Data Exchange. Ta podnik\u016fm umo\u017en\u00ed sd\u00edlet standardizovan\u00e1 data o udr\u017eitelnosti s obchodn\u00edmi partnery a dodavateli, aby dok\u00e1zaly rychleji dos\u00e1hnout nulov\u00fdch uhl\u00edkov\u00fdch emis\u00ed nap\u0159\u00ed\u010d sv\u00fdmi dodavatelsko-odb\u011bratelsk\u00fdmi \u0159et\u011bzci.<\/p>\n<p>Nov\u00fdch funkcionalit se tak\u00e9 do\u010dk\u00e1 \u0159e\u0161en\u00ed <a href=\"https:\/\/www.sap.com\/products\/scm\/sustainability-footprint-management.html\">SAP Sustainability Footprint Management<\/a>, kter\u00e9 se zam\u011b\u0159\u00ed na monitoring uhl\u00edkov\u00e9 stopy na z\u00e1klad\u011b re\u00e1ln\u011b nam\u011b\u0159en\u00fdch dat nam\u00edsto sou\u010dasn\u00fdch odhad\u016f. To by m\u011blo firm\u00e1m pomoci v\u00a0oblasti nefinan\u010dn\u00edho reportingu a auditu. Funkcionality by se m\u011bly st\u00e1t sou\u010d\u00e1st\u00ed \u0159e\u0161en\u00ed <a href=\"https:\/\/www.sap.com\/products\/erp\/grow.html\">GROW with SAP<\/a>, kter\u00e9 spole\u010dnost p\u0159edstavila tento rok, a <a href=\"https:\/\/www.sap.com\/products\/rise.html\">RISE with SAP<\/a>.<\/p>\n<p><strong>Novinky v\u00a0oblasti sjednocen\u00ed dat<\/strong><\/p>\n<p>Mezi dal\u0161\u00ed novinky pat\u0159\u00ed i p\u0159edstaven\u00ed odv\u011btvov\u00e9 s\u00edt\u011b SAP Business Network for Industry, kter\u00e1 se zam\u011b\u0159\u00ed na propojen\u00ed firem v dan\u00e9m odv\u011btv\u00ed a zaji\u0161t\u011bn\u00ed odoln\u011bj\u0161\u00edho dodavatelsk\u00e9ho \u0159et\u011bzce. Podle odhad\u016f n\u011bmeck\u00e9 spole\u010dnosti generuj\u00ed firmy, kter\u00e9 jsou sou\u010d\u00e1st\u00ed st\u00e1vaj\u00edc\u00ed obchodn\u00ed s\u00edt\u011b SAP Business Network, objem obchodu p\u0159esahuj\u00edc\u00ed 4,5 bilionu dolar\u016f ro\u010dn\u011b.<\/p>\n<p>Na propojen\u00ed dat z r\u016fzn\u00fdch zdroj\u016f se zam\u011b\u0159\u00ed i dal\u0161\u00ed <a href=\"https:\/\/news.sap.com\/2023\/05\/sap-google-cloud-expanded-partnership-open-data-ai-enterprises\/\">partnerstv\u00ed SAP s Google Cloud<\/a>. Jedn\u00e1 se zejm\u00e9na o integraci <a href=\"https:\/\/www.sap.com\/products\/technology-platform\/datasphere.html\">SAP Datasphere<\/a>, analytick\u00fdch n\u00e1stroj\u016f a AI \u0159e\u0161en\u00ed s cloudov\u00fdmi syst\u00e9my Googlu, aby firmy vyu\u017e\u00edvaj\u00edc\u00ed \u0159e\u0161en\u00ed od obou IT firem z\u00edskaly jednotn\u00fd p\u0159ehled nad sv\u00fdmi daty. Spole\u010dn\u011b tak\u00e9 ob\u011b firmy p\u0159ipravuj\u00ed roz\u0161\u00ed\u0159en\u00ed podpory \u0159e\u0161en\u00ed SAP v p\u011bti dal\u0161\u00edch sv\u011btov\u00fdch regionech.<\/p>\n<p>&nbsp;<\/p>\n<hr \/>\n<p><strong>Kontakt pro m\u00e9dia:<\/strong><br \/>\nDominik Je\u017eek, +420 720 034 071, <a href=\"mailto:dominik.jezek@sap.com\">dominik.jezek@sap.com<\/a><\/p>\n<p><strong>O spole\u010dnosti SAP<\/strong><\/p>\n<p>Strategi\u00ed spole\u010dnosti SAP je pomoci ka\u017ed\u00e9 firm\u011b fungovat jako inteligentn\u00ed podnik. Jako l\u00eddr na trhu podnikov\u00e9ho aplika\u010dn\u00edho softwaru pom\u00e1h\u00e1 SAP firm\u00e1m v\u0161ech velikost\u00ed a ve v\u0161ech odv\u011btv\u00edch fungovat co nejl\u00e9pe: Z\u00e1kazn\u00edci spole\u010dnosti SAP vytv\u00e1\u0159ej\u00ed 87 % celkov\u00e9ho sv\u011btov\u00e9ho obchodu. Technologie strojov\u00e9ho u\u010den\u00ed, internetu v\u011bc\u00ed (IoT) a pokro\u010dil\u00e9 analytiky v SAP pom\u00e1haj\u00ed prom\u011bnit podnik\u00e1n\u00ed z\u00e1kazn\u00edk\u016f v inteligentn\u00ed podniky. SAP pom\u00e1h\u00e1 lidem a organizac\u00edm z\u00edskat p\u0159ehled o podnik\u00e1n\u00ed a podporuje spolupr\u00e1ci, kter\u00e1 jim pom\u00e1h\u00e1 udr\u017eet si n\u00e1skok p\u0159ed konkurenc\u00ed. SAP zjednodu\u0161uje podnikov\u00e9 technologie, aby mohli klienti vyu\u017e\u00edvat software SAP tak, jak cht\u011bj\u00ed. Komplexn\u00ed sada aplikac\u00ed a slu\u017eeb SAP umo\u017e\u0148uje z\u00e1kazn\u00edk\u016fm z\u00a025\u00a0odv\u011btv\u00ed po cel\u00e9m sv\u011bt\u011b fungovat ziskov\u011b, neust\u00e1le se p\u0159izp\u016fsobovat a m\u011bnit v\u011bci k lep\u0161\u00edmu. D\u00edky glob\u00e1ln\u00ed s\u00edti z\u00e1kazn\u00edk\u016f, partner\u016f, zam\u011bstnanc\u016f a l\u00eddr\u016f pom\u00e1h\u00e1 SAP sv\u011btu l\u00e9pe fungovat a zlep\u0161ovat \u017eivoty lid\u00ed. Dal\u0161\u00ed informace naleznete na <a href=\"http:\/\/www.sap.com\">www.sap.com<\/a>.<\/p>\n<p>&nbsp;<\/p>\n","protected":false},"excerpt":{"rendered":"<p>Na ka\u017edoro\u010dn\u00ed konferenci SAP Sapphire p\u0159edstavila spole\u010dnost SAP novinky v oblasti um\u011bl\u00e9 inteligence, m\u011b\u0159en\u00ed uhl\u00edkov\u00e9 stopy a obchodn\u00edch s\u00edt\u00ed pro podniky. Mezi nov\u00e9 produkty pat\u0159\u00ed&#8230;<\/p>\n","protected":false},"author":29,"featured_media":2189,"comment_status":"closed","ping_status":"closed","sticky":false,"template":"","format":"standard","meta":{"footnotes":"","_links_to":"","_links_to_target":""},"categories":[4503881,4566000,4566723,4569328,4976,4503006],"tags":[5620033,5619994,5620063,5620060,5620044,5620059,5567111,5620041,5619987,5620056,5620057,5620039,53145,5619820,5620055,5620062,60783,5620058,5620061],"sapn-display":[4564902,4565209,4565335],"sapn-type":[4566354,4569458],"class_list":["post-2188","post","type-post","status-publish","format-standard","has-post-thumbnail","hentry","category-ekosystem","category-firemni","category-odvetvi","category-reseni","category-technologie","category-udalosti","tag-ai","tag-digitalizace","tag-generative-ai","tag-google-cloud","tag-grow-with-sap","tag-ibm","tag-microsoft","tag-rise-with-sap","tag-sap","tag-sap-business-network","tag-sap-bussiness-network-for-industry","tag-sap-datasphere","tag-sap-s4hana","tag-sap-s-4hana-cloud","tag-sap-sapphire","tag-sap-start","tag-sap-successfactors","tag-sap-sustainability-data-exchange","tag-sap-sustainability-footprint-management","sapn-display-hero","sapn-display-top-stories","sapn-display-homepage-hero","sapn-type-novinky","sapn-type-tiskova-zprava"],"yoast_head":"<!-- This site is optimized with the Yoast SEO Premium plugin v26.9 (Yoast SEO v26.9) - https:\/\/yoast.com\/product\/yoast-seo-premium-wordpress\/ -->\n<title>SAP p\u0159edstavil novinky v oblasti um\u011bl\u00e9 inteligence pro podniky a roz\u0161\u00ed\u0159en\u00ed partnerstv\u00ed s IBM, Google Cloud a Microsoftem - SAP Czech Republic Pro novin\u00e1\u0159e<\/title>\n<meta name=\"robots\" content=\"index, follow, max-snippet:-1, max-image-preview:large, max-video-preview:-1\" \/>\n<link rel=\"canonical\" href=\"https:\/\/news.sap.com\/cz\/2023\/05\/sap-predstavil-novinky-v-oblasti-umele-inteligence-pro-podniky-a-rozsireni-partnerstvi-s-ibm-google-cloud-a-microsoftem\/\" \/>\n<meta property=\"og:locale\" content=\"cs_CZ\" \/>\n<meta property=\"og:type\" content=\"article\" \/>\n<meta property=\"og:title\" content=\"SAP p\u0159edstavil novinky v oblasti um\u011bl\u00e9 inteligence pro podniky a roz\u0161\u00ed\u0159en\u00ed partnerstv\u00ed s IBM, Google Cloud a Microsoftem\" \/>\n<meta property=\"og:description\" content=\"Na ka\u017edoro\u010dn\u00ed konferenci SAP Sapphire p\u0159edstavila spole\u010dnost SAP novinky v oblasti um\u011bl\u00e9 inteligence, m\u011b\u0159en\u00ed uhl\u00edkov\u00e9 stopy a obchodn\u00edch s\u00edt\u00ed pro podniky. Mezi nov\u00e9 produkty pat\u0159\u00ed...\" \/>\n<meta property=\"og:url\" content=\"https:\/\/news.sap.com\/cz\/2023\/05\/sap-predstavil-novinky-v-oblasti-umele-inteligence-pro-podniky-a-rozsireni-partnerstvi-s-ibm-google-cloud-a-microsoftem\/\" \/>\n<meta property=\"og:site_name\" content=\"SAP Czech Republic Pro novin\u00e1\u0159e\" \/>\n<meta property=\"article:published_time\" content=\"2023-05-17T06:23:24+00:00\" \/>\n<meta property=\"article:modified_time\" content=\"2024-01-08T18:40:05+00:00\" \/>\n<meta property=\"og:image\" content=\"https:\/\/news.sap.com\/cz\/files\/2023\/05\/16\/Christian-Klein-generalni-reditel-SAP-1024x683.jpg\" \/>\n\t<meta property=\"og:image:width\" content=\"1024\" \/>\n\t<meta property=\"og:image:height\" content=\"683\" \/>\n\t<meta property=\"og:image:type\" content=\"image\/jpeg\" \/>\n<meta name=\"author\" content=\"SAP News\" \/>\n<meta name=\"twitter:card\" content=\"summary_large_image\" \/>\n<meta name=\"twitter:label1\" content=\"Napsal(a)\" \/>\n\t<meta name=\"twitter:data1\" content=\"SAP News\" \/>\n\t<meta name=\"twitter:label2\" content=\"Odhadovan\u00e1 doba \u010dten\u00ed\" \/>\n\t<meta name=\"twitter:data2\" content=\"5 minut\" \/>\n<script type=\"application\/ld+json\" class=\"yoast-schema-graph\">{\"@context\":\"https:\/\/schema.org\",\"@graph\":[{\"@type\":\"Article\",\"@id\":\"https:\/\/news.sap.com\/cz\/2023\/05\/sap-predstavil-novinky-v-oblasti-umele-inteligence-pro-podniky-a-rozsireni-partnerstvi-s-ibm-google-cloud-a-microsoftem\/#article\",\"isPartOf\":{\"@id\":\"https:\/\/news.sap.com\/cz\/2023\/05\/sap-predstavil-novinky-v-oblasti-umele-inteligence-pro-podniky-a-rozsireni-partnerstvi-s-ibm-google-cloud-a-microsoftem\/\"},\"author\":{\"name\":\"SAP News\",\"@id\":\"https:\/\/news.sap.com\/cz\/#\/schema\/person\/53b9854bd790d6f18f3fc4bbb2ad7570\"},\"headline\":\"SAP p\u0159edstavil novinky v oblasti um\u011bl\u00e9 inteligence pro podniky a roz\u0161\u00ed\u0159en\u00ed partnerstv\u00ed s IBM, Google Cloud a Microsoftem\",\"datePublished\":\"2023-05-17T06:23:24+00:00\",\"dateModified\":\"2024-01-08T18:40:05+00:00\",\"mainEntityOfPage\":{\"@id\":\"https:\/\/news.sap.com\/cz\/2023\/05\/sap-predstavil-novinky-v-oblasti-umele-inteligence-pro-podniky-a-rozsireni-partnerstvi-s-ibm-google-cloud-a-microsoftem\/\"},\"wordCount\":1090,\"image\":{\"@id\":\"https:\/\/news.sap.com\/cz\/2023\/05\/sap-predstavil-novinky-v-oblasti-umele-inteligence-pro-podniky-a-rozsireni-partnerstvi-s-ibm-google-cloud-a-microsoftem\/#primaryimage\"},\"thumbnailUrl\":\"https:\/\/news.sap.com\/cz\/files\/2023\/05\/16\/Christian-Klein-generalni-reditel-SAP.jpg\",\"keywords\":[\"AI\",\"digitalizace\",\"generative AI\",\"Google Cloud\",\"GROW with SAP\",\"IBM\",\"Microsoft\",\"RISE with SAP\",\"SAP\",\"SAP Business Network\",\"SAP Bussiness Network for Industry\",\"SAP Datasphere\",\"SAP S\/4HANA\",\"SAP S\/4HANA Cloud\",\"SAP SAPPHIRE\",\"SAP Start\",\"SAP SuccessFactors\",\"SAP Sustainability Data Exchange\",\"SAP Sustainability Footprint Management\"],\"articleSection\":[\"Ekosyst\u00e9m\",\"Firemn\u00ed\",\"Odv\u011btv\u00ed\",\"\u0158e\u0161en\u00ed\",\"Technologie\",\"Ud\u00e1losti\"],\"inLanguage\":\"cs\"},{\"@type\":\"WebPage\",\"@id\":\"https:\/\/news.sap.com\/cz\/2023\/05\/sap-predstavil-novinky-v-oblasti-umele-inteligence-pro-podniky-a-rozsireni-partnerstvi-s-ibm-google-cloud-a-microsoftem\/\",\"url\":\"https:\/\/news.sap.com\/cz\/2023\/05\/sap-predstavil-novinky-v-oblasti-umele-inteligence-pro-podniky-a-rozsireni-partnerstvi-s-ibm-google-cloud-a-microsoftem\/\",\"name\":\"SAP p\u0159edstavil novinky v oblasti um\u011bl\u00e9 inteligence pro podniky a roz\u0161\u00ed\u0159en\u00ed partnerstv\u00ed s IBM, Google Cloud a Microsoftem - SAP Czech Republic Pro novin\u00e1\u0159e\",\"isPartOf\":{\"@id\":\"https:\/\/news.sap.com\/cz\/#website\"},\"primaryImageOfPage\":{\"@id\":\"https:\/\/news.sap.com\/cz\/2023\/05\/sap-predstavil-novinky-v-oblasti-umele-inteligence-pro-podniky-a-rozsireni-partnerstvi-s-ibm-google-cloud-a-microsoftem\/#primaryimage\"},\"image\":{\"@id\":\"https:\/\/news.sap.com\/cz\/2023\/05\/sap-predstavil-novinky-v-oblasti-umele-inteligence-pro-podniky-a-rozsireni-partnerstvi-s-ibm-google-cloud-a-microsoftem\/#primaryimage\"},\"thumbnailUrl\":\"https:\/\/news.sap.com\/cz\/files\/2023\/05\/16\/Christian-Klein-generalni-reditel-SAP.jpg\",\"datePublished\":\"2023-05-17T06:23:24+00:00\",\"dateModified\":\"2024-01-08T18:40:05+00:00\",\"author\":{\"@id\":\"https:\/\/news.sap.com\/cz\/#\/schema\/person\/53b9854bd790d6f18f3fc4bbb2ad7570\"},\"breadcrumb\":{\"@id\":\"https:\/\/news.sap.com\/cz\/2023\/05\/sap-predstavil-novinky-v-oblasti-umele-inteligence-pro-podniky-a-rozsireni-partnerstvi-s-ibm-google-cloud-a-microsoftem\/#breadcrumb\"},\"inLanguage\":\"cs\",\"potentialAction\":[{\"@type\":\"ReadAction\",\"target\":[\"https:\/\/news.sap.com\/cz\/2023\/05\/sap-predstavil-novinky-v-oblasti-umele-inteligence-pro-podniky-a-rozsireni-partnerstvi-s-ibm-google-cloud-a-microsoftem\/\"]}]},{\"@type\":\"ImageObject\",\"inLanguage\":\"cs\",\"@id\":\"https:\/\/news.sap.com\/cz\/2023\/05\/sap-predstavil-novinky-v-oblasti-umele-inteligence-pro-podniky-a-rozsireni-partnerstvi-s-ibm-google-cloud-a-microsoftem\/#primaryimage\",\"url\":\"https:\/\/news.sap.com\/cz\/files\/2023\/05\/16\/Christian-Klein-generalni-reditel-SAP.jpg\",\"contentUrl\":\"https:\/\/news.sap.com\/cz\/files\/2023\/05\/16\/Christian-Klein-generalni-reditel-SAP.jpg\",\"width\":4000,\"height\":2667,\"caption\":\"SAP SAPPHIRE 2023, Orlando, USA\"},{\"@type\":\"BreadcrumbList\",\"@id\":\"https:\/\/news.sap.com\/cz\/2023\/05\/sap-predstavil-novinky-v-oblasti-umele-inteligence-pro-podniky-a-rozsireni-partnerstvi-s-ibm-google-cloud-a-microsoftem\/#breadcrumb\",\"itemListElement\":[{\"@type\":\"ListItem\",\"position\":1,\"name\":\"Home\",\"item\":\"https:\/\/news.sap.com\/cz\/\"},{\"@type\":\"ListItem\",\"position\":2,\"name\":\"SAP p\u0159edstavil novinky v oblasti um\u011bl\u00e9 inteligence pro podniky a roz\u0161\u00ed\u0159en\u00ed partnerstv\u00ed s IBM, Google Cloud a Microsoftem\"}]},{\"@type\":\"WebSite\",\"@id\":\"https:\/\/news.sap.com\/cz\/#website\",\"url\":\"https:\/\/news.sap.com\/cz\/\",\"name\":\"SAP Czech Republic Pro novin\u00e1\u0159e\",\"description\":\"Novinky o SAPu\",\"potentialAction\":[{\"@type\":\"SearchAction\",\"target\":{\"@type\":\"EntryPoint\",\"urlTemplate\":\"https:\/\/news.sap.com\/cz\/?s={search_term_string}\"},\"query-input\":{\"@type\":\"PropertyValueSpecification\",\"valueRequired\":true,\"valueName\":\"search_term_string\"}}],\"inLanguage\":\"cs\"},{\"@type\":\"Person\",\"@id\":\"https:\/\/news.sap.com\/cz\/#\/schema\/person\/53b9854bd790d6f18f3fc4bbb2ad7570\",\"name\":\"SAP News\",\"image\":{\"@type\":\"ImageObject\",\"inLanguage\":\"cs\",\"@id\":\"https:\/\/news.sap.com\/cz\/#\/schema\/person\/image\/\",\"url\":\"https:\/\/news.sap.com\/cz\/wp-content\/plugins\/wp-user-avatars\/wp-user-avatars\/assets\/images\/mystery.jpg\",\"contentUrl\":\"https:\/\/news.sap.com\/cz\/wp-content\/plugins\/wp-user-avatars\/wp-user-avatars\/assets\/images\/mystery.jpg\",\"caption\":\"SAP News\"},\"url\":\"https:\/\/news.sap.com\/cz\/author\/colleenraftery\/\"}]}<\/script>\n<!-- \/ Yoast SEO Premium plugin. -->","yoast_head_json":{"title":"SAP p\u0159edstavil novinky v oblasti um\u011bl\u00e9 inteligence pro podniky a roz\u0161\u00ed\u0159en\u00ed partnerstv\u00ed s IBM, Google Cloud a Microsoftem - SAP Czech Republic Pro novin\u00e1\u0159e","robots":{"index":"index","follow":"follow","max-snippet":"max-snippet:-1","max-image-preview":"max-image-preview:large","max-video-preview":"max-video-preview:-1"},"canonical":"https:\/\/news.sap.com\/cz\/2023\/05\/sap-predstavil-novinky-v-oblasti-umele-inteligence-pro-podniky-a-rozsireni-partnerstvi-s-ibm-google-cloud-a-microsoftem\/","og_locale":"cs_CZ","og_type":"article","og_title":"SAP p\u0159edstavil novinky v oblasti um\u011bl\u00e9 inteligence pro podniky a roz\u0161\u00ed\u0159en\u00ed partnerstv\u00ed s IBM, Google Cloud a Microsoftem","og_description":"Na ka\u017edoro\u010dn\u00ed konferenci SAP Sapphire p\u0159edstavila spole\u010dnost SAP novinky v oblasti um\u011bl\u00e9 inteligence, m\u011b\u0159en\u00ed uhl\u00edkov\u00e9 stopy a obchodn\u00edch s\u00edt\u00ed pro podniky. Mezi nov\u00e9 produkty pat\u0159\u00ed...","og_url":"https:\/\/news.sap.com\/cz\/2023\/05\/sap-predstavil-novinky-v-oblasti-umele-inteligence-pro-podniky-a-rozsireni-partnerstvi-s-ibm-google-cloud-a-microsoftem\/","og_site_name":"SAP Czech Republic Pro novin\u00e1\u0159e","article_published_time":"2023-05-17T06:23:24+00:00","article_modified_time":"2024-01-08T18:40:05+00:00","og_image":[{"width":1024,"height":683,"url":"https:\/\/news.sap.com\/cz\/files\/2023\/05\/16\/Christian-Klein-generalni-reditel-SAP-1024x683.jpg","type":"image\/jpeg"}],"author":"SAP News","twitter_card":"summary_large_image","twitter_misc":{"Napsal(a)":"SAP News","Odhadovan\u00e1 doba \u010dten\u00ed":"5 minut"},"schema":{"@context":"https:\/\/schema.org","@graph":[{"@type":"Article","@id":"https:\/\/news.sap.com\/cz\/2023\/05\/sap-predstavil-novinky-v-oblasti-umele-inteligence-pro-podniky-a-rozsireni-partnerstvi-s-ibm-google-cloud-a-microsoftem\/#article","isPartOf":{"@id":"https:\/\/news.sap.com\/cz\/2023\/05\/sap-predstavil-novinky-v-oblasti-umele-inteligence-pro-podniky-a-rozsireni-partnerstvi-s-ibm-google-cloud-a-microsoftem\/"},"author":{"name":"SAP News","@id":"https:\/\/news.sap.com\/cz\/#\/schema\/person\/53b9854bd790d6f18f3fc4bbb2ad7570"},"headline":"SAP p\u0159edstavil novinky v oblasti um\u011bl\u00e9 inteligence pro podniky a roz\u0161\u00ed\u0159en\u00ed partnerstv\u00ed s IBM, Google Cloud a Microsoftem","datePublished":"2023-05-17T06:23:24+00:00","dateModified":"2024-01-08T18:40:05+00:00","mainEntityOfPage":{"@id":"https:\/\/news.sap.com\/cz\/2023\/05\/sap-predstavil-novinky-v-oblasti-umele-inteligence-pro-podniky-a-rozsireni-partnerstvi-s-ibm-google-cloud-a-microsoftem\/"},"wordCount":1090,"image":{"@id":"https:\/\/news.sap.com\/cz\/2023\/05\/sap-predstavil-novinky-v-oblasti-umele-inteligence-pro-podniky-a-rozsireni-partnerstvi-s-ibm-google-cloud-a-microsoftem\/#primaryimage"},"thumbnailUrl":"https:\/\/news.sap.com\/cz\/files\/2023\/05\/16\/Christian-Klein-generalni-reditel-SAP.jpg","keywords":["AI","digitalizace","generative AI","Google Cloud","GROW with SAP","IBM","Microsoft","RISE with SAP","SAP","SAP Business Network","SAP Bussiness Network for Industry","SAP Datasphere","SAP S\/4HANA","SAP S\/4HANA Cloud","SAP SAPPHIRE","SAP Start","SAP SuccessFactors","SAP Sustainability Data Exchange","SAP Sustainability Footprint Management"],"articleSection":["Ekosyst\u00e9m","Firemn\u00ed","Odv\u011btv\u00ed","\u0158e\u0161en\u00ed","Technologie","Ud\u00e1losti"],"inLanguage":"cs"},{"@type":"WebPage","@id":"https:\/\/news.sap.com\/cz\/2023\/05\/sap-predstavil-novinky-v-oblasti-umele-inteligence-pro-podniky-a-rozsireni-partnerstvi-s-ibm-google-cloud-a-microsoftem\/","url":"https:\/\/news.sap.com\/cz\/2023\/05\/sap-predstavil-novinky-v-oblasti-umele-inteligence-pro-podniky-a-rozsireni-partnerstvi-s-ibm-google-cloud-a-microsoftem\/","name":"SAP p\u0159edstavil novinky v oblasti um\u011bl\u00e9 inteligence pro podniky a roz\u0161\u00ed\u0159en\u00ed partnerstv\u00ed s IBM, Google Cloud a Microsoftem - SAP Czech Republic Pro novin\u00e1\u0159e","isPartOf":{"@id":"https:\/\/news.sap.com\/cz\/#website"},"primaryImageOfPage":{"@id":"https:\/\/news.sap.com\/cz\/2023\/05\/sap-predstavil-novinky-v-oblasti-umele-inteligence-pro-podniky-a-rozsireni-partnerstvi-s-ibm-google-cloud-a-microsoftem\/#primaryimage"},"image":{"@id":"https:\/\/news.sap.com\/cz\/2023\/05\/sap-predstavil-novinky-v-oblasti-umele-inteligence-pro-podniky-a-rozsireni-partnerstvi-s-ibm-google-cloud-a-microsoftem\/#primaryimage"},"thumbnailUrl":"https:\/\/news.sap.com\/cz\/files\/2023\/05\/16\/Christian-Klein-generalni-reditel-SAP.jpg","datePublished":"2023-05-17T06:23:24+00:00","dateModified":"2024-01-08T18:40:05+00:00","author":{"@id":"https:\/\/news.sap.com\/cz\/#\/schema\/person\/53b9854bd790d6f18f3fc4bbb2ad7570"},"breadcrumb":{"@id":"https:\/\/news.sap.com\/cz\/2023\/05\/sap-predstavil-novinky-v-oblasti-umele-inteligence-pro-podniky-a-rozsireni-partnerstvi-s-ibm-google-cloud-a-microsoftem\/#breadcrumb"},"inLanguage":"cs","potentialAction":[{"@type":"ReadAction","target":["https:\/\/news.sap.com\/cz\/2023\/05\/sap-predstavil-novinky-v-oblasti-umele-inteligence-pro-podniky-a-rozsireni-partnerstvi-s-ibm-google-cloud-a-microsoftem\/"]}]},{"@type":"ImageObject","inLanguage":"cs","@id":"https:\/\/news.sap.com\/cz\/2023\/05\/sap-predstavil-novinky-v-oblasti-umele-inteligence-pro-podniky-a-rozsireni-partnerstvi-s-ibm-google-cloud-a-microsoftem\/#primaryimage","url":"https:\/\/news.sap.com\/cz\/files\/2023\/05\/16\/Christian-Klein-generalni-reditel-SAP.jpg","contentUrl":"https:\/\/news.sap.com\/cz\/files\/2023\/05\/16\/Christian-Klein-generalni-reditel-SAP.jpg","width":4000,"height":2667,"caption":"SAP SAPPHIRE 2023, Orlando, USA"},{"@type":"BreadcrumbList","@id":"https:\/\/news.sap.com\/cz\/2023\/05\/sap-predstavil-novinky-v-oblasti-umele-inteligence-pro-podniky-a-rozsireni-partnerstvi-s-ibm-google-cloud-a-microsoftem\/#breadcrumb","itemListElement":[{"@type":"ListItem","position":1,"name":"Home","item":"https:\/\/news.sap.com\/cz\/"},{"@type":"ListItem","position":2,"name":"SAP p\u0159edstavil novinky v oblasti um\u011bl\u00e9 inteligence pro podniky a roz\u0161\u00ed\u0159en\u00ed partnerstv\u00ed s IBM, Google Cloud a Microsoftem"}]},{"@type":"WebSite","@id":"https:\/\/news.sap.com\/cz\/#website","url":"https:\/\/news.sap.com\/cz\/","name":"SAP Czech Republic Pro novin\u00e1\u0159e","description":"Novinky o SAPu","potentialAction":[{"@type":"SearchAction","target":{"@type":"EntryPoint","urlTemplate":"https:\/\/news.sap.com\/cz\/?s={search_term_string}"},"query-input":{"@type":"PropertyValueSpecification","valueRequired":true,"valueName":"search_term_string"}}],"inLanguage":"cs"},{"@type":"Person","@id":"https:\/\/news.sap.com\/cz\/#\/schema\/person\/53b9854bd790d6f18f3fc4bbb2ad7570","name":"SAP News","image":{"@type":"ImageObject","inLanguage":"cs","@id":"https:\/\/news.sap.com\/cz\/#\/schema\/person\/image\/","url":"https:\/\/news.sap.com\/cz\/wp-content\/plugins\/wp-user-avatars\/wp-user-avatars\/assets\/images\/mystery.jpg","contentUrl":"https:\/\/news.sap.com\/cz\/wp-content\/plugins\/wp-user-avatars\/wp-user-avatars\/assets\/images\/mystery.jpg","caption":"SAP News"},"url":"https:\/\/news.sap.com\/cz\/author\/colleenraftery\/"}]}},"amp_enabled":true,"_links":{"self":[{"href":"https:\/\/news.sap.com\/cz\/wp-json\/wp\/v2\/posts\/2188","targetHints":{"allow":["GET"]}}],"collection":[{"href":"https:\/\/news.sap.com\/cz\/wp-json\/wp\/v2\/posts"}],"about":[{"href":"https:\/\/news.sap.com\/cz\/wp-json\/wp\/v2\/types\/post"}],"author":[{"embeddable":true,"href":"https:\/\/news.sap.com\/cz\/wp-json\/wp\/v2\/users\/29"}],"replies":[{"embeddable":true,"href":"https:\/\/news.sap.com\/cz\/wp-json\/wp\/v2\/comments?post=2188"}],"version-history":[{"count":0,"href":"https:\/\/news.sap.com\/cz\/wp-json\/wp\/v2\/posts\/2188\/revisions"}],"wp:featuredmedia":[{"embeddable":true,"href":"https:\/\/news.sap.com\/cz\/wp-json\/wp\/v2\/media\/2189"}],"wp:attachment":[{"href":"https:\/\/news.sap.com\/cz\/wp-json\/wp\/v2\/media?parent=2188"}],"wp:term":[{"taxonomy":"category","embeddable":true,"href":"https:\/\/news.sap.com\/cz\/wp-json\/wp\/v2\/categories?post=2188"},{"taxonomy":"post_tag","embeddable":true,"href":"https:\/\/news.sap.com\/cz\/wp-json\/wp\/v2\/tags?post=2188"},{"taxonomy":"sapn-display","embeddable":true,"href":"https:\/\/news.sap.com\/cz\/wp-json\/wp\/v2\/sapn-display?post=2188"},{"taxonomy":"sapn-type","embeddable":true,"href":"https:\/\/news.sap.com\/cz\/wp-json\/wp\/v2\/sapn-type?post=2188"}],"curies":[{"name":"wp","href":"https:\/\/api.w.org\/{rel}","templated":true}]}}