{"id":3278,"date":"2020-11-17T08:00:59","date_gmt":"2020-11-17T08:00:59","guid":{"rendered":"https:\/\/news.sap.com\/denmark\/?p=3278"},"modified":"2024-08-01T19:05:53","modified_gmt":"2024-08-01T17:05:53","slug":"opraab-til-cio-og-cfo-byd-ind-paa-den-groenne-dagsorden","status":"publish","type":"post","link":"https:\/\/news.sap.com\/denmark\/2020\/11\/opraab-til-cio-og-cfo-byd-ind-paa-den-groenne-dagsorden\/","title":{"rendered":"Opr\u00e5b til CIO og CFO: Byd ind p\u00e5 den gr\u00f8nne dagsorden \u00a0\u00a0\u00a0\u00a0\u00a0"},"content":{"rendered":"<p class=\"lead\"><strong><em>Klumme<\/em>. H\u00e5rde facts er n\u00f8glen til gr\u00f8n omstilling. CO2-regnskabet skal have samme tyngde og fokus som det \u00f8konomiske regnskab. Det skal omfatte hele v\u00e6rdik\u00e6den med transparens fra A til Z, og her har CIO og CFO masser at byde ind med. \u00a0\u00a0\u00a0\u00a0\u00a0\u00a0<\/strong><\/p>\n<p>Hvis man beder en ledelse om at reducere virksomhedens CO2-aftryk, s\u00e5 er der risiko for at \u201dl\u00f8sningen\u201d bliver outsourcing af CO2-intensive aktiviteter til underleverand\u00f8rer. Godt for virksomhedens b\u00e6redygtighedsregnskab men nyttesl\u00f8st for kloden.<\/p>\n<p>Hvis man beder den samme dygtige ledelse om at reducere det samlede CO2-aftryk i et produkt, s\u00e5 vil man se en metodisk unders\u00f8gelse og optimering af samtlige aktiviteter i en v\u00e6rdik\u00e6de. Vi er nemlig godt tr\u00e6nede i at analysere og optimere processer.<\/p>\n<p>N\u00e5r CO2-afgifter fra myndighederne sl\u00e5r bredere igennem som et reguleringsv\u00e6rkt\u00f8j, bliver indsatsen for at kende aftrykket i hele v\u00e6rdik\u00e6den helt n\u00f8dvendigt. Det vil v\u00e6re b\u00e5de i virksomhedens og klodens interesse.<\/p>\n<h2><strong>Brug CFO\u2019ens v\u00e6rkt\u00f8jskasse<\/strong><\/h2>\n<p>Den \u00f8konomisk-analytiske v\u00e6rkt\u00f8jskasse er meget righoldig. Den har bare prim\u00e6rt fokus p\u00e5 finansiel v\u00e6rdiskabelse: Transaktionsomkostninger, produktionsomkostninger, activity-based costing, cost center accounting og en hel stribe af gennempr\u00f8vede metoder finder man hos CFO\u2019en.<\/p>\n<p>Lige om lidt st\u00e5r vi med et samfund, hvor forbrugere, samarbejdspartnere, medarbejdere, investorer og politikere forlanger samme faktaunderst\u00f8ttelse p\u00e5 klimaomr\u00e5det som p\u00e5 det finansielle. Vi vil v\u00e6lge varer, leverand\u00f8rer og arbejdspladser med lige s\u00e5 stort fokus p\u00e5 b\u00e6redygtighed som \u00f8konomi. Klima og b\u00e6redygtighed bliver en afg\u00f8rende konkurrenceparameter.<\/p>\n<p>Hele CFO\u2019ens v\u00e6rkt\u00f8jskasse kan direkte overf\u00f8res til CO2-aftrykket. Dataunderst\u00f8ttelsen fra digitaliseringen underst\u00f8tter vores \u00f8konomiske beslutningsprocesser men har samme potentiale til at underst\u00f8tte m\u00e5lestandarder for CO2 i end-to-end-processer. I hver transaktion og hver k\u00f8bsbeslutning er der et klima-aftryk \u2013 ligesom der er hensyn til tid, penge, kvalitet og transport.<\/p>\n<h2><strong>Digital transparens ned p\u00e5 transaktionen<\/strong><\/h2>\n<p>CIO\u2019en kan naturligvis bidrage til at skabe denne transparens. Og det handler om at drive en udvikling frem mod klima-transparens i hele \u00f8ko-systemet (som vi \u2013 pudsigt nok \u2013 har v\u00e6nnet os til at kalde de samlede \u00f8konomiske v\u00e6rdik\u00e6der).<\/p>\n<p>Vi skal simpelthen have operationaliseret og pr\u00e6ciseret CO2-konsekvensen af alle de sm\u00e5 beslutninger, som helheden best\u00e5r af. Og det kan i min optik kun g\u00f8res digitalt, og derfor skal virksomheder stille krav til deres leverand\u00f8rer. Hele vejen fra transaktionsh\u00e5ndtering over business analytics til kunstig intelligens skal vi have et spor, som handler om CO2.<\/p>\n<p>N\u00e5r verdens st\u00f8rste revisionshuse er f\u00e6rdige med at standardisere vores klimam\u00e6ssige m\u00e5lestok (og de er i fuld gang bl.a. i samarbejde med SAP), s\u00e5 bliver bolden spillet over til softwareleverand\u00f8rerne. It-indk\u00f8bere skal stille krav til en klima-dimension i virksomhedsl\u00f8sningerne, s\u00e5 vi ogs\u00e5 konkurrerer p\u00e5 den bane.<\/p>\n<p>Klimaet er med fuld fart p\u00e5 vej ind i den holistiske del af \u00e5rsrapporterne, og vi skal have gjort op med overfladisk green washing p\u00e5 generalforsamlingen og ved andre h\u00f8jtidelige lejligheder. Om f\u00e5 \u00e5r vil CO2-aftrykket p\u00e5 din m\u00e6lk, din sofa og din pc v\u00e6re lige s\u00e5 tydeligt deklareret som prisen. Vi f\u00e5r strikse standarder for at levere transparens, s\u00e5 forbrugerne f\u00e5r et reelt valg.<\/p>\n<p>Den d\u00e5rlige nyhed er, at det haster. Den gode nyhed er, at CIO og it i bredeste forstand kan g\u00f8re en stor forskel.<\/p>\n<p>&nbsp;<\/p>\n<p><em><strong>Af Thomas Madsen, Head of SAP Data Lab Copenhagen i SAP Experience Center Copenhagen<\/strong><\/em><\/p>\n<p><img loading=\"lazy\" decoding=\"async\" class=\"alignnone size-full wp-image-2675\" src=\"https:\/\/news.sap.com\/denmark\/files\/2019\/12\/Thomas-Madsen_Head-of-SAP-Experience-Center-CPH_Profil.jpg\" alt=\"\" width=\"457\" height=\"517\" \/><\/p>\n<p><em>Oprindelig publiceret i Computerworld den 3. november 2020.<\/em><\/p>\n<p>&nbsp;<\/p>\n","protected":false},"excerpt":{"rendered":"<p>Klumme. H\u00e5rde facts er n\u00f8glen til gr\u00f8n omstilling. CO2-regnskabet skal have samme tyngde og fokus som det \u00f8konomiske regnskab. Det skal omfatte hele v\u00e6rdik\u00e6den med&#8230;<\/p>\n","protected":false},"author":3000,"featured_media":0,"comment_status":"closed","ping_status":"closed","sticky":false,"template":"","format":"standard","meta":{"footnotes":"","_links_to":"","_links_to_target":""},"categories":[4520855,4522668,4579962],"tags":[5562249,5565344,5564766,5565356,5565354,5565355,5564765,5564662],"sapn-display":[5566077,5566075,45149,4579516,60294],"sapn-type":[5563396],"class_list":["post-3278","post","type-post","status-publish","format-standard","hentry","category-forretningslosninger","category-teknologi","category-virksomhedsinformation","tag-cfo","tag-cio","tag-climate-21","tag-co2-regnskab","tag-co2-aftryk","tag-groen-omstilling","tag-sap-product-carbon-footprint-analytics","tag-thomas-madsen","sapn-display-artikel-hero","sapn-display-artikel-spotlight","sapn-display-homepage-hero","sapn-display-top-stories","sapn-display-hero","sapn-type-artikel"],"yoast_head":"<!-- This site is optimized with the Yoast SEO Premium plugin v26.9 (Yoast SEO v26.9) - https:\/\/yoast.com\/product\/yoast-seo-premium-wordpress\/ -->\n<title>Opr\u00e5b til CIO og CFO: Byd ind p\u00e5 den gr\u00f8nne dagsorden \u00a0\u00a0\u00a0\u00a0\u00a0 - SAP Danmark Nyheder<\/title>\n<meta name=\"robots\" content=\"index, follow, max-snippet:-1, max-image-preview:large, max-video-preview:-1\" \/>\n<link rel=\"canonical\" href=\"https:\/\/news.sap.com\/denmark\/2020\/11\/opraab-til-cio-og-cfo-byd-ind-paa-den-groenne-dagsorden\/\" \/>\n<meta property=\"og:locale\" content=\"da_DK\" \/>\n<meta property=\"og:type\" content=\"article\" \/>\n<meta property=\"og:title\" content=\"Opr\u00e5b til CIO og CFO: Byd ind p\u00e5 den gr\u00f8nne dagsorden \u00a0\u00a0\u00a0\u00a0\u00a0\" \/>\n<meta property=\"og:description\" content=\"Klumme. H\u00e5rde facts er n\u00f8glen til gr\u00f8n omstilling. CO2-regnskabet skal have samme tyngde og fokus som det \u00f8konomiske regnskab. Det skal omfatte hele v\u00e6rdik\u00e6den med...\" \/>\n<meta property=\"og:url\" content=\"https:\/\/news.sap.com\/denmark\/2020\/11\/opraab-til-cio-og-cfo-byd-ind-paa-den-groenne-dagsorden\/\" \/>\n<meta property=\"og:site_name\" content=\"SAP Danmark Nyheder\" \/>\n<meta property=\"article:published_time\" content=\"2020-11-17T08:00:59+00:00\" \/>\n<meta property=\"article:modified_time\" content=\"2024-08-01T17:05:53+00:00\" \/>\n<meta property=\"og:image\" content=\"https:\/\/news.sap.com\/denmark\/files\/2019\/12\/Thomas-Madsen_Head-of-SAP-Experience-Center-CPH_Profil.jpg\" \/>\n<meta name=\"author\" content=\"Thomas Madsen\" \/>\n<meta name=\"twitter:card\" content=\"summary_large_image\" \/>\n<meta name=\"twitter:label1\" content=\"Skrevet af\" \/>\n\t<meta name=\"twitter:data1\" content=\"Thomas Madsen\" \/>\n\t<meta name=\"twitter:label2\" content=\"Estimeret l\u00e6setid\" \/>\n\t<meta name=\"twitter:data2\" content=\"3 minutter\" \/>\n<script type=\"application\/ld+json\" class=\"yoast-schema-graph\">{\"@context\":\"https:\/\/schema.org\",\"@graph\":[{\"@type\":\"Article\",\"@id\":\"https:\/\/news.sap.com\/denmark\/2020\/11\/opraab-til-cio-og-cfo-byd-ind-paa-den-groenne-dagsorden\/#article\",\"isPartOf\":{\"@id\":\"https:\/\/news.sap.com\/denmark\/2020\/11\/opraab-til-cio-og-cfo-byd-ind-paa-den-groenne-dagsorden\/\"},\"author\":{\"name\":\"Thomas Madsen\",\"@id\":\"https:\/\/news.sap.com\/denmark\/#\/schema\/person\/d0515ddb657cd51916d336f0de69ec72\"},\"headline\":\"Opr\u00e5b til CIO og CFO: Byd ind p\u00e5 den gr\u00f8nne dagsorden \u00a0\u00a0\u00a0\u00a0\u00a0\",\"datePublished\":\"2020-11-17T08:00:59+00:00\",\"dateModified\":\"2024-08-01T17:05:53+00:00\",\"mainEntityOfPage\":{\"@id\":\"https:\/\/news.sap.com\/denmark\/2020\/11\/opraab-til-cio-og-cfo-byd-ind-paa-den-groenne-dagsorden\/\"},\"wordCount\":620,\"image\":{\"@id\":\"https:\/\/news.sap.com\/denmark\/2020\/11\/opraab-til-cio-og-cfo-byd-ind-paa-den-groenne-dagsorden\/#primaryimage\"},\"thumbnailUrl\":\"https:\/\/news.sap.com\/denmark\/files\/2019\/12\/Thomas-Madsen_Head-of-SAP-Experience-Center-CPH_Profil.jpg\",\"keywords\":[\"CFO\",\"CIO\",\"Climate 21\",\"CO2 regnskab\",\"CO2-aftryk\",\"gr\u00f8n omstilling\",\"SAP Product Carbon Footprint Analytics\",\"Thomas Madsen\"],\"articleSection\":[\"Forretningsl\u00f8sninger\",\"Teknologi\",\"Virksomhedsinformation\"],\"inLanguage\":\"da-DK\"},{\"@type\":\"WebPage\",\"@id\":\"https:\/\/news.sap.com\/denmark\/2020\/11\/opraab-til-cio-og-cfo-byd-ind-paa-den-groenne-dagsorden\/\",\"url\":\"https:\/\/news.sap.com\/denmark\/2020\/11\/opraab-til-cio-og-cfo-byd-ind-paa-den-groenne-dagsorden\/\",\"name\":\"Opr\u00e5b til CIO og CFO: Byd ind p\u00e5 den gr\u00f8nne dagsorden \u00a0\u00a0\u00a0\u00a0\u00a0 - SAP Danmark Nyheder\",\"isPartOf\":{\"@id\":\"https:\/\/news.sap.com\/denmark\/#website\"},\"primaryImageOfPage\":{\"@id\":\"https:\/\/news.sap.com\/denmark\/2020\/11\/opraab-til-cio-og-cfo-byd-ind-paa-den-groenne-dagsorden\/#primaryimage\"},\"image\":{\"@id\":\"https:\/\/news.sap.com\/denmark\/2020\/11\/opraab-til-cio-og-cfo-byd-ind-paa-den-groenne-dagsorden\/#primaryimage\"},\"thumbnailUrl\":\"https:\/\/news.sap.com\/denmark\/files\/2019\/12\/Thomas-Madsen_Head-of-SAP-Experience-Center-CPH_Profil.jpg\",\"datePublished\":\"2020-11-17T08:00:59+00:00\",\"dateModified\":\"2024-08-01T17:05:53+00:00\",\"author\":{\"@id\":\"https:\/\/news.sap.com\/denmark\/#\/schema\/person\/d0515ddb657cd51916d336f0de69ec72\"},\"breadcrumb\":{\"@id\":\"https:\/\/news.sap.com\/denmark\/2020\/11\/opraab-til-cio-og-cfo-byd-ind-paa-den-groenne-dagsorden\/#breadcrumb\"},\"inLanguage\":\"da-DK\",\"potentialAction\":[{\"@type\":\"ReadAction\",\"target\":[\"https:\/\/news.sap.com\/denmark\/2020\/11\/opraab-til-cio-og-cfo-byd-ind-paa-den-groenne-dagsorden\/\"]}]},{\"@type\":\"ImageObject\",\"inLanguage\":\"da-DK\",\"@id\":\"https:\/\/news.sap.com\/denmark\/2020\/11\/opraab-til-cio-og-cfo-byd-ind-paa-den-groenne-dagsorden\/#primaryimage\",\"url\":\"https:\/\/news.sap.com\/denmark\/files\/2019\/12\/Thomas-Madsen_Head-of-SAP-Experience-Center-CPH_Profil.jpg\",\"contentUrl\":\"https:\/\/news.sap.com\/denmark\/files\/2019\/12\/Thomas-Madsen_Head-of-SAP-Experience-Center-CPH_Profil.jpg\"},{\"@type\":\"BreadcrumbList\",\"@id\":\"https:\/\/news.sap.com\/denmark\/2020\/11\/opraab-til-cio-og-cfo-byd-ind-paa-den-groenne-dagsorden\/#breadcrumb\",\"itemListElement\":[{\"@type\":\"ListItem\",\"position\":1,\"name\":\"Home\",\"item\":\"https:\/\/news.sap.com\/denmark\/\"},{\"@type\":\"ListItem\",\"position\":2,\"name\":\"Opr\u00e5b til CIO og CFO: Byd ind p\u00e5 den gr\u00f8nne dagsorden \u00a0\u00a0\u00a0\u00a0\u00a0\"}]},{\"@type\":\"WebSite\",\"@id\":\"https:\/\/news.sap.com\/denmark\/#website\",\"url\":\"https:\/\/news.sap.com\/denmark\/\",\"name\":\"SAP Danmark Nyheder\",\"description\":\"Nyheder og information om SAP\",\"potentialAction\":[{\"@type\":\"SearchAction\",\"target\":{\"@type\":\"EntryPoint\",\"urlTemplate\":\"https:\/\/news.sap.com\/denmark\/?s={search_term_string}\"},\"query-input\":{\"@type\":\"PropertyValueSpecification\",\"valueRequired\":true,\"valueName\":\"search_term_string\"}}],\"inLanguage\":\"da-DK\"},{\"@type\":\"Person\",\"@id\":\"https:\/\/news.sap.com\/denmark\/#\/schema\/person\/d0515ddb657cd51916d336f0de69ec72\",\"name\":\"Thomas Madsen\",\"image\":{\"@type\":\"ImageObject\",\"inLanguage\":\"da-DK\",\"@id\":\"https:\/\/news.sap.com\/denmark\/#\/schema\/person\/image\/\",\"url\":\"https:\/\/news.sap.com\/denmark\/wp-content\/plugins\/wp-user-avatars\/wp-user-avatars\/assets\/images\/mystery.jpg\",\"contentUrl\":\"https:\/\/news.sap.com\/denmark\/wp-content\/plugins\/wp-user-avatars\/wp-user-avatars\/assets\/images\/mystery.jpg\",\"caption\":\"Thomas Madsen\"},\"url\":\"https:\/\/news.sap.com\/denmark\/author\/thomasmadsen\/\"}]}<\/script>\n<!-- \/ Yoast SEO Premium plugin. -->","yoast_head_json":{"title":"Opr\u00e5b til CIO og CFO: Byd ind p\u00e5 den gr\u00f8nne dagsorden \u00a0\u00a0\u00a0\u00a0\u00a0 - SAP Danmark Nyheder","robots":{"index":"index","follow":"follow","max-snippet":"max-snippet:-1","max-image-preview":"max-image-preview:large","max-video-preview":"max-video-preview:-1"},"canonical":"https:\/\/news.sap.com\/denmark\/2020\/11\/opraab-til-cio-og-cfo-byd-ind-paa-den-groenne-dagsorden\/","og_locale":"da_DK","og_type":"article","og_title":"Opr\u00e5b til CIO og CFO: Byd ind p\u00e5 den gr\u00f8nne dagsorden \u00a0\u00a0\u00a0\u00a0\u00a0","og_description":"Klumme. H\u00e5rde facts er n\u00f8glen til gr\u00f8n omstilling. CO2-regnskabet skal have samme tyngde og fokus som det \u00f8konomiske regnskab. Det skal omfatte hele v\u00e6rdik\u00e6den med...","og_url":"https:\/\/news.sap.com\/denmark\/2020\/11\/opraab-til-cio-og-cfo-byd-ind-paa-den-groenne-dagsorden\/","og_site_name":"SAP Danmark Nyheder","article_published_time":"2020-11-17T08:00:59+00:00","article_modified_time":"2024-08-01T17:05:53+00:00","og_image":[{"url":"https:\/\/news.sap.com\/denmark\/files\/2019\/12\/Thomas-Madsen_Head-of-SAP-Experience-Center-CPH_Profil.jpg","type":"","width":"","height":""}],"author":"Thomas Madsen","twitter_card":"summary_large_image","twitter_misc":{"Skrevet af":"Thomas Madsen","Estimeret l\u00e6setid":"3 minutter"},"schema":{"@context":"https:\/\/schema.org","@graph":[{"@type":"Article","@id":"https:\/\/news.sap.com\/denmark\/2020\/11\/opraab-til-cio-og-cfo-byd-ind-paa-den-groenne-dagsorden\/#article","isPartOf":{"@id":"https:\/\/news.sap.com\/denmark\/2020\/11\/opraab-til-cio-og-cfo-byd-ind-paa-den-groenne-dagsorden\/"},"author":{"name":"Thomas Madsen","@id":"https:\/\/news.sap.com\/denmark\/#\/schema\/person\/d0515ddb657cd51916d336f0de69ec72"},"headline":"Opr\u00e5b til CIO og CFO: Byd ind p\u00e5 den gr\u00f8nne dagsorden \u00a0\u00a0\u00a0\u00a0\u00a0","datePublished":"2020-11-17T08:00:59+00:00","dateModified":"2024-08-01T17:05:53+00:00","mainEntityOfPage":{"@id":"https:\/\/news.sap.com\/denmark\/2020\/11\/opraab-til-cio-og-cfo-byd-ind-paa-den-groenne-dagsorden\/"},"wordCount":620,"image":{"@id":"https:\/\/news.sap.com\/denmark\/2020\/11\/opraab-til-cio-og-cfo-byd-ind-paa-den-groenne-dagsorden\/#primaryimage"},"thumbnailUrl":"https:\/\/news.sap.com\/denmark\/files\/2019\/12\/Thomas-Madsen_Head-of-SAP-Experience-Center-CPH_Profil.jpg","keywords":["CFO","CIO","Climate 21","CO2 regnskab","CO2-aftryk","gr\u00f8n omstilling","SAP Product Carbon Footprint Analytics","Thomas Madsen"],"articleSection":["Forretningsl\u00f8sninger","Teknologi","Virksomhedsinformation"],"inLanguage":"da-DK"},{"@type":"WebPage","@id":"https:\/\/news.sap.com\/denmark\/2020\/11\/opraab-til-cio-og-cfo-byd-ind-paa-den-groenne-dagsorden\/","url":"https:\/\/news.sap.com\/denmark\/2020\/11\/opraab-til-cio-og-cfo-byd-ind-paa-den-groenne-dagsorden\/","name":"Opr\u00e5b til CIO og CFO: Byd ind p\u00e5 den gr\u00f8nne dagsorden \u00a0\u00a0\u00a0\u00a0\u00a0 - SAP Danmark Nyheder","isPartOf":{"@id":"https:\/\/news.sap.com\/denmark\/#website"},"primaryImageOfPage":{"@id":"https:\/\/news.sap.com\/denmark\/2020\/11\/opraab-til-cio-og-cfo-byd-ind-paa-den-groenne-dagsorden\/#primaryimage"},"image":{"@id":"https:\/\/news.sap.com\/denmark\/2020\/11\/opraab-til-cio-og-cfo-byd-ind-paa-den-groenne-dagsorden\/#primaryimage"},"thumbnailUrl":"https:\/\/news.sap.com\/denmark\/files\/2019\/12\/Thomas-Madsen_Head-of-SAP-Experience-Center-CPH_Profil.jpg","datePublished":"2020-11-17T08:00:59+00:00","dateModified":"2024-08-01T17:05:53+00:00","author":{"@id":"https:\/\/news.sap.com\/denmark\/#\/schema\/person\/d0515ddb657cd51916d336f0de69ec72"},"breadcrumb":{"@id":"https:\/\/news.sap.com\/denmark\/2020\/11\/opraab-til-cio-og-cfo-byd-ind-paa-den-groenne-dagsorden\/#breadcrumb"},"inLanguage":"da-DK","potentialAction":[{"@type":"ReadAction","target":["https:\/\/news.sap.com\/denmark\/2020\/11\/opraab-til-cio-og-cfo-byd-ind-paa-den-groenne-dagsorden\/"]}]},{"@type":"ImageObject","inLanguage":"da-DK","@id":"https:\/\/news.sap.com\/denmark\/2020\/11\/opraab-til-cio-og-cfo-byd-ind-paa-den-groenne-dagsorden\/#primaryimage","url":"https:\/\/news.sap.com\/denmark\/files\/2019\/12\/Thomas-Madsen_Head-of-SAP-Experience-Center-CPH_Profil.jpg","contentUrl":"https:\/\/news.sap.com\/denmark\/files\/2019\/12\/Thomas-Madsen_Head-of-SAP-Experience-Center-CPH_Profil.jpg"},{"@type":"BreadcrumbList","@id":"https:\/\/news.sap.com\/denmark\/2020\/11\/opraab-til-cio-og-cfo-byd-ind-paa-den-groenne-dagsorden\/#breadcrumb","itemListElement":[{"@type":"ListItem","position":1,"name":"Home","item":"https:\/\/news.sap.com\/denmark\/"},{"@type":"ListItem","position":2,"name":"Opr\u00e5b til CIO og CFO: Byd ind p\u00e5 den gr\u00f8nne dagsorden \u00a0\u00a0\u00a0\u00a0\u00a0"}]},{"@type":"WebSite","@id":"https:\/\/news.sap.com\/denmark\/#website","url":"https:\/\/news.sap.com\/denmark\/","name":"SAP Danmark Nyheder","description":"Nyheder og information om SAP","potentialAction":[{"@type":"SearchAction","target":{"@type":"EntryPoint","urlTemplate":"https:\/\/news.sap.com\/denmark\/?s={search_term_string}"},"query-input":{"@type":"PropertyValueSpecification","valueRequired":true,"valueName":"search_term_string"}}],"inLanguage":"da-DK"},{"@type":"Person","@id":"https:\/\/news.sap.com\/denmark\/#\/schema\/person\/d0515ddb657cd51916d336f0de69ec72","name":"Thomas Madsen","image":{"@type":"ImageObject","inLanguage":"da-DK","@id":"https:\/\/news.sap.com\/denmark\/#\/schema\/person\/image\/","url":"https:\/\/news.sap.com\/denmark\/wp-content\/plugins\/wp-user-avatars\/wp-user-avatars\/assets\/images\/mystery.jpg","contentUrl":"https:\/\/news.sap.com\/denmark\/wp-content\/plugins\/wp-user-avatars\/wp-user-avatars\/assets\/images\/mystery.jpg","caption":"Thomas Madsen"},"url":"https:\/\/news.sap.com\/denmark\/author\/thomasmadsen\/"}]}},"amp_enabled":true,"_links":{"self":[{"href":"https:\/\/news.sap.com\/denmark\/wp-json\/wp\/v2\/posts\/3278","targetHints":{"allow":["GET"]}}],"collection":[{"href":"https:\/\/news.sap.com\/denmark\/wp-json\/wp\/v2\/posts"}],"about":[{"href":"https:\/\/news.sap.com\/denmark\/wp-json\/wp\/v2\/types\/post"}],"author":[{"embeddable":true,"href":"https:\/\/news.sap.com\/denmark\/wp-json\/wp\/v2\/users\/3000"}],"replies":[{"embeddable":true,"href":"https:\/\/news.sap.com\/denmark\/wp-json\/wp\/v2\/comments?post=3278"}],"version-history":[{"count":0,"href":"https:\/\/news.sap.com\/denmark\/wp-json\/wp\/v2\/posts\/3278\/revisions"}],"wp:attachment":[{"href":"https:\/\/news.sap.com\/denmark\/wp-json\/wp\/v2\/media?parent=3278"}],"wp:term":[{"taxonomy":"category","embeddable":true,"href":"https:\/\/news.sap.com\/denmark\/wp-json\/wp\/v2\/categories?post=3278"},{"taxonomy":"post_tag","embeddable":true,"href":"https:\/\/news.sap.com\/denmark\/wp-json\/wp\/v2\/tags?post=3278"},{"taxonomy":"sapn-display","embeddable":true,"href":"https:\/\/news.sap.com\/denmark\/wp-json\/wp\/v2\/sapn-display?post=3278"},{"taxonomy":"sapn-type","embeddable":true,"href":"https:\/\/news.sap.com\/denmark\/wp-json\/wp\/v2\/sapn-type?post=3278"}],"curies":[{"name":"wp","href":"https:\/\/api.w.org\/{rel}","templated":true}]}}