{"id":6042,"date":"2024-10-16T08:00:12","date_gmt":"2024-10-16T06:00:12","guid":{"rendered":"https:\/\/news.sap.com\/denmark\/?p=6042"},"modified":"2024-10-16T09:53:17","modified_gmt":"2024-10-16T07:53:17","slug":"apier-skal-oeverst-paa-dagsordenen-fordi-de-kan-binde-verdens-vaerdikaeder-sammen-jeg-tror-paa-data-globalisering-og-apiernes-supermarked","status":"publish","type":"post","link":"https:\/\/news.sap.com\/denmark\/2024\/10\/apier-skal-oeverst-paa-dagsordenen-fordi-de-kan-binde-verdens-vaerdikaeder-sammen-jeg-tror-paa-data-globalisering-og-apiernes-supermarked\/","title":{"rendered":"API\u2019er skal \u00f8verst p\u00e5 dagsordenen, fordi de kan binde verdens v\u00e6rdik\u00e6der sammen. Jeg tror p\u00e5 data-globalisering og API\u2019ernes supermarked"},"content":{"rendered":"<p class=\"lead\">I lige linje fra ideen om det komponerbare it-landskab er integration (og API\u2019er) h\u00f8jt p\u00e5 dagsordenen. Perspektivet er globalt. Vi skal kunne sammenstykke optimale v\u00e6rdik\u00e6der og kende deres klimaaftryk.<\/p>\n<p>For nylig optr\u00e5dte jeg for en international kunde om emnet integration. Det skete som led i en udbudsrunde. Kundens arkitekter lyste helt op, da jeg fortalte, at vi bruger GraphQL som API-arkitektur. Det fort\u00e6ller noget om, hvor vigtig integrationen er blevet.<\/p>\n<p>Hos en anden international kunde med en igangv\u00e6rende udbudsproces v\u00e6gter integrationen 40 pct i kriterierne for valg af ERP-arkitektur. Det er voldsomt, og billedet var enderledes for f\u00e5 \u00e5r siden, hvor funktionalitet, brugervenlighed og mange andre facetter fyldte det meste.<\/p>\n<p>\u00c5rsagen er klart nok, at verden er ved at lande p\u00e5, at komponerbarhed, man\u00f8vredygtighed og fleksibilitet er n\u00f8dvendig. B\u00e5de internt i en koncerns datalandskab men ogs\u00e5 l\u00e6ngere ud i v\u00e6rdik\u00e6den.<\/p>\n<p class=\"lead\"><strong>B\u00e6redygtighed rimer p\u00e5 API<\/strong><\/p>\n<p>Ingen tror, vi kan l\u00e6gge alle \u00e6g i \u00e9n kurv, og s\u00e5 \u00e9n gang for alle sn\u00f8re s\u00e6kken p\u00e5 integrations-problemstillingen. Nej, det bliver ved. Bump i sourcing-strategier, global uro og selvf\u00f8lgelig hurtig teknologisk udvikling bringer API\u2019er og integration i fokus.<\/p>\n<p>De forretningsm\u00e6ssige krav til navnlig forsyningsk\u00e6den flugter med voksende fokus p\u00e5 b\u00e6redygtighed, for vi skal hurtigt og nemt kunne sammenstykke en datastr\u00f8m til klimaregnskabet. Transparensen skal g\u00e6lde b\u00e5de upstream og downstream og i scope 1, 2 og 3. Data-globaliseringen er n\u00f8glen til mere b\u00e6redygtig produktion og distribution. Ogs\u00e5 her peger pilen p\u00e5 API\u2019erne.<\/p>\n<p class=\"lead\"><strong>V\u00e6kst i API-community<\/strong><\/p>\n<p>Sj\u00e6ldent har en relativt teknisk disciplin som h\u00e5ndtering af API\u2019er s\u00e5 direkte en betydning for v\u00e6rdiskabelsen. Og det kan afl\u00e6ses i eksempelvis Postman-rapporten (<a href=\"https:\/\/www.postman.com\/state-of-api\/\">State of the API report<\/a>), som tegner et klart billede af v\u00e6kst i antal, udbredelse og betydning af API\u2019erne.<\/p>\n<p>Postman baserer sig p\u00e5 svar fra 40.000 udviklere og kommer frem til at investeringen i API\u2019er steg 89 pct fra 2022 til 2023, og at v\u00e6ksten vil forts\u00e6tte i fremtiden. Et voksende globalt community omkring API\u2019er bruger i stigende grad AI til udvikling og test, og stadig flere ikke-professionelle udviklere er involveret i at skabe API\u2019er.<\/p>\n<p class=\"lead\"><strong>GraphQL p\u00e5 vej frem<\/strong><\/p>\n<p>Postman placerer i \u00f8vrigt GraphQL som den tredje mest brugte API-arkitektur. Den har overhalet SOAP og har langt op til REST. Og det er ikke irrelevant, n\u00e5r vi taler ERP.<\/p>\n<p>ERP-systemer best\u00e5r pr definition af flere sammenh\u00e6ngende funktionalitetsomr\u00e5der. Lagerstyring, \u00f8konomi, HR, produktion og distribution skal udveksle data effektivt. Traditionelt set bruger disse systemer REST-API&#8217;er eller andre dataudvekslingsprotokoller, der kan kr\u00e6ve flere endepunkter og resultere i over-hentning eller under-hentning af data.<\/p>\n<p>GraphQL giver en mere effektiv m\u00e5de at foresp\u00f8rge data p\u00e5, s\u00e5 klienter kan specificere pr\u00e6cis, hvilke data de har brug for. Dette er s\u00e6rligt nyttigt i en ERP-kontekst, hvor forskellige moduler kan have behov for tilpassede dataforesp\u00f8rgsler til s\u00e6rlige behov.<\/p>\n<p class=\"lead\"><strong>API-supermarkedet<\/strong><\/p>\n<p>ERP skal jo ogs\u00e5 snakke med eksempelvis CRM, e-handelsplatforme, tredjeparts analytiske v\u00e6rkt\u00f8jer og meget mere. Hver af disse integrationer har typisk sin egen API, hvilket f\u00f8rer til en ganske kompleks integration af et netv\u00e6rk af API\u2019er.<\/p>\n<p>Her er det en stor fordel at have et samlet foresp\u00f8rgselssprog, der konsoliderer flere forskellige datakilder samme sted. Det forenkler nemlig integrationslandskabet omkring et ERP-system, at man kan handle sine API\u2019er i et supermarked i stedet for at skulle b\u00e5de til bageren, slagteren og ostehandleren.<\/p>\n<p>Og jeg synes alts\u00e5, at det er helt relevant at tage springet fra det tekniske til det globale. Jo bedre, hurtigere og sikrere vi integrerer, jo bedre kan vi drive forretning og skabe en b\u00e6redygtig \u00f8konomi. Jeg tror p\u00e5 data-globalisering!<\/p>\n<p><strong><em>Af Thomas Madsen, Enterprise Architect og Technology Explorer hos SAP Danmark\u00a0<\/em><\/strong><\/p>\n<p><img loading=\"lazy\" decoding=\"async\" class=\"alignnone wp-image-3855\" src=\"https:\/\/news.sap.com\/denmark\/files\/2021\/12\/14\/SAP-d.-5-2604-e1639475606328-801x1024.jpg\" alt=\"\" width=\"419\" height=\"536\" srcset=\"https:\/\/news.sap.com\/denmark\/files\/2021\/12\/14\/SAP-d.-5-2604-e1639475606328-801x1024.jpg 801w, https:\/\/news.sap.com\/denmark\/files\/2021\/12\/14\/SAP-d.-5-2604-e1639475606328-235x300.jpg 235w, https:\/\/news.sap.com\/denmark\/files\/2021\/12\/14\/SAP-d.-5-2604-e1639475606328-768x981.jpg 768w, https:\/\/news.sap.com\/denmark\/files\/2021\/12\/14\/SAP-d.-5-2604-e1639475606328-1202x1536.jpg 1202w, https:\/\/news.sap.com\/denmark\/files\/2021\/12\/14\/SAP-d.-5-2604-e1639475606328-1603x2048.jpg 1603w\" sizes=\"auto, (max-width: 419px) 100vw, 419px\" \/><\/p>\n<p><em>Oprindelig publiceret i Computerworld den 2. oktober 2024.<\/em><\/p>\n","protected":false},"excerpt":{"rendered":"<p>I lige linje fra ideen om det komponerbare it-landskab er integration (og API\u2019er) h\u00f8jt p\u00e5 dagsordenen. Perspektivet er globalt. Vi skal kunne sammenstykke optimale v\u00e6rdik\u00e6der&#8230;<\/p>\n","protected":false},"author":3000,"featured_media":6046,"comment_status":"closed","ping_status":"closed","sticky":false,"template":"","format":"standard","meta":{"footnotes":"","_links_to":"","_links_to_target":""},"categories":[5566088,5566086],"tags":[5565738,5565562,5566101,5566102,5565806,5564662],"sapn-display":[5566077,5566075,4579516,60294],"sapn-type":[5563396],"class_list":["post-6042","post","type-post","status-publish","format-standard","has-post-thumbnail","hentry","category-baeredygtighed","category-business-technology-platform","tag-api","tag-digitale-vaerdikaeder","tag-erp-arkitektur","tag-graphql","tag-komponerbar","tag-thomas-madsen","sapn-display-artikel-hero","sapn-display-artikel-spotlight","sapn-display-top-stories","sapn-display-hero","sapn-type-artikel"],"yoast_head":"<!-- This site is optimized with the Yoast SEO Premium plugin v26.9 (Yoast SEO v26.9) - https:\/\/yoast.com\/product\/yoast-seo-premium-wordpress\/ -->\n<title>API\u2019er skal \u00f8verst p\u00e5 dagsordenen, fordi de kan binde verdens v\u00e6rdik\u00e6der sammen. Jeg tror p\u00e5 data-globalisering og API\u2019ernes supermarked - SAP Danmark Nyheder<\/title>\n<meta name=\"robots\" content=\"index, follow, max-snippet:-1, max-image-preview:large, max-video-preview:-1\" \/>\n<link rel=\"canonical\" href=\"https:\/\/news.sap.com\/denmark\/2024\/10\/apier-skal-oeverst-paa-dagsordenen-fordi-de-kan-binde-verdens-vaerdikaeder-sammen-jeg-tror-paa-data-globalisering-og-apiernes-supermarked\/\" \/>\n<meta property=\"og:locale\" content=\"da_DK\" \/>\n<meta property=\"og:type\" content=\"article\" \/>\n<meta property=\"og:title\" content=\"API\u2019er skal \u00f8verst p\u00e5 dagsordenen, fordi de kan binde verdens v\u00e6rdik\u00e6der sammen. Jeg tror p\u00e5 data-globalisering og API\u2019ernes supermarked\" \/>\n<meta property=\"og:description\" content=\"I lige linje fra ideen om det komponerbare it-landskab er integration (og API\u2019er) h\u00f8jt p\u00e5 dagsordenen. Perspektivet er globalt. Vi skal kunne sammenstykke optimale v\u00e6rdik\u00e6der...\" \/>\n<meta property=\"og:url\" content=\"https:\/\/news.sap.com\/denmark\/2024\/10\/apier-skal-oeverst-paa-dagsordenen-fordi-de-kan-binde-verdens-vaerdikaeder-sammen-jeg-tror-paa-data-globalisering-og-apiernes-supermarked\/\" \/>\n<meta property=\"og:site_name\" content=\"SAP Danmark Nyheder\" \/>\n<meta property=\"article:published_time\" content=\"2024-10-16T06:00:12+00:00\" \/>\n<meta property=\"article:modified_time\" content=\"2024-10-16T07:53:17+00:00\" \/>\n<meta property=\"og:image\" content=\"https:\/\/news.sap.com\/denmark\/files\/2024\/10\/16\/F_287701_GettyImages-1030833042_medium_jpg.png\" \/>\n\t<meta property=\"og:image:width\" content=\"1918\" \/>\n\t<meta property=\"og:image:height\" content=\"600\" \/>\n\t<meta property=\"og:image:type\" content=\"image\/png\" \/>\n<meta name=\"author\" content=\"Thomas Madsen\" \/>\n<meta name=\"twitter:card\" content=\"summary_large_image\" \/>\n<meta name=\"twitter:label1\" content=\"Skrevet af\" \/>\n\t<meta name=\"twitter:data1\" content=\"Thomas Madsen\" \/>\n\t<meta name=\"twitter:label2\" content=\"Estimeret l\u00e6setid\" \/>\n\t<meta name=\"twitter:data2\" content=\"4 minutter\" \/>\n<script type=\"application\/ld+json\" class=\"yoast-schema-graph\">{\"@context\":\"https:\/\/schema.org\",\"@graph\":[{\"@type\":\"Article\",\"@id\":\"https:\/\/news.sap.com\/denmark\/2024\/10\/apier-skal-oeverst-paa-dagsordenen-fordi-de-kan-binde-verdens-vaerdikaeder-sammen-jeg-tror-paa-data-globalisering-og-apiernes-supermarked\/#article\",\"isPartOf\":{\"@id\":\"https:\/\/news.sap.com\/denmark\/2024\/10\/apier-skal-oeverst-paa-dagsordenen-fordi-de-kan-binde-verdens-vaerdikaeder-sammen-jeg-tror-paa-data-globalisering-og-apiernes-supermarked\/\"},\"author\":{\"name\":\"Thomas Madsen\",\"@id\":\"https:\/\/news.sap.com\/denmark\/#\/schema\/person\/d0515ddb657cd51916d336f0de69ec72\"},\"headline\":\"API\u2019er skal \u00f8verst p\u00e5 dagsordenen, fordi de kan binde verdens v\u00e6rdik\u00e6der sammen. Jeg tror p\u00e5 data-globalisering og API\u2019ernes supermarked\",\"datePublished\":\"2024-10-16T06:00:12+00:00\",\"dateModified\":\"2024-10-16T07:53:17+00:00\",\"mainEntityOfPage\":{\"@id\":\"https:\/\/news.sap.com\/denmark\/2024\/10\/apier-skal-oeverst-paa-dagsordenen-fordi-de-kan-binde-verdens-vaerdikaeder-sammen-jeg-tror-paa-data-globalisering-og-apiernes-supermarked\/\"},\"wordCount\":669,\"image\":{\"@id\":\"https:\/\/news.sap.com\/denmark\/2024\/10\/apier-skal-oeverst-paa-dagsordenen-fordi-de-kan-binde-verdens-vaerdikaeder-sammen-jeg-tror-paa-data-globalisering-og-apiernes-supermarked\/#primaryimage\"},\"thumbnailUrl\":\"https:\/\/news.sap.com\/denmark\/files\/2024\/10\/16\/F_287701_GettyImages-1030833042_medium_jpg.png\",\"keywords\":[\"API\",\"digitale v\u00e6rdik\u00e6der\",\"ERP-arkitektur\",\"GraphQL\",\"komponerbar\",\"Thomas Madsen\"],\"articleSection\":[\"\u200b\u200bB\u00e6redygtighed\",\"Business Technology Platform\"],\"inLanguage\":\"da-DK\"},{\"@type\":\"WebPage\",\"@id\":\"https:\/\/news.sap.com\/denmark\/2024\/10\/apier-skal-oeverst-paa-dagsordenen-fordi-de-kan-binde-verdens-vaerdikaeder-sammen-jeg-tror-paa-data-globalisering-og-apiernes-supermarked\/\",\"url\":\"https:\/\/news.sap.com\/denmark\/2024\/10\/apier-skal-oeverst-paa-dagsordenen-fordi-de-kan-binde-verdens-vaerdikaeder-sammen-jeg-tror-paa-data-globalisering-og-apiernes-supermarked\/\",\"name\":\"API\u2019er skal \u00f8verst p\u00e5 dagsordenen, fordi de kan binde verdens v\u00e6rdik\u00e6der sammen. Jeg tror p\u00e5 data-globalisering og API\u2019ernes supermarked - SAP Danmark Nyheder\",\"isPartOf\":{\"@id\":\"https:\/\/news.sap.com\/denmark\/#website\"},\"primaryImageOfPage\":{\"@id\":\"https:\/\/news.sap.com\/denmark\/2024\/10\/apier-skal-oeverst-paa-dagsordenen-fordi-de-kan-binde-verdens-vaerdikaeder-sammen-jeg-tror-paa-data-globalisering-og-apiernes-supermarked\/#primaryimage\"},\"image\":{\"@id\":\"https:\/\/news.sap.com\/denmark\/2024\/10\/apier-skal-oeverst-paa-dagsordenen-fordi-de-kan-binde-verdens-vaerdikaeder-sammen-jeg-tror-paa-data-globalisering-og-apiernes-supermarked\/#primaryimage\"},\"thumbnailUrl\":\"https:\/\/news.sap.com\/denmark\/files\/2024\/10\/16\/F_287701_GettyImages-1030833042_medium_jpg.png\",\"datePublished\":\"2024-10-16T06:00:12+00:00\",\"dateModified\":\"2024-10-16T07:53:17+00:00\",\"author\":{\"@id\":\"https:\/\/news.sap.com\/denmark\/#\/schema\/person\/d0515ddb657cd51916d336f0de69ec72\"},\"breadcrumb\":{\"@id\":\"https:\/\/news.sap.com\/denmark\/2024\/10\/apier-skal-oeverst-paa-dagsordenen-fordi-de-kan-binde-verdens-vaerdikaeder-sammen-jeg-tror-paa-data-globalisering-og-apiernes-supermarked\/#breadcrumb\"},\"inLanguage\":\"da-DK\",\"potentialAction\":[{\"@type\":\"ReadAction\",\"target\":[\"https:\/\/news.sap.com\/denmark\/2024\/10\/apier-skal-oeverst-paa-dagsordenen-fordi-de-kan-binde-verdens-vaerdikaeder-sammen-jeg-tror-paa-data-globalisering-og-apiernes-supermarked\/\"]}]},{\"@type\":\"ImageObject\",\"inLanguage\":\"da-DK\",\"@id\":\"https:\/\/news.sap.com\/denmark\/2024\/10\/apier-skal-oeverst-paa-dagsordenen-fordi-de-kan-binde-verdens-vaerdikaeder-sammen-jeg-tror-paa-data-globalisering-og-apiernes-supermarked\/#primaryimage\",\"url\":\"https:\/\/news.sap.com\/denmark\/files\/2024\/10\/16\/F_287701_GettyImages-1030833042_medium_jpg.png\",\"contentUrl\":\"https:\/\/news.sap.com\/denmark\/files\/2024\/10\/16\/F_287701_GettyImages-1030833042_medium_jpg.png\",\"width\":1918,\"height\":600},{\"@type\":\"BreadcrumbList\",\"@id\":\"https:\/\/news.sap.com\/denmark\/2024\/10\/apier-skal-oeverst-paa-dagsordenen-fordi-de-kan-binde-verdens-vaerdikaeder-sammen-jeg-tror-paa-data-globalisering-og-apiernes-supermarked\/#breadcrumb\",\"itemListElement\":[{\"@type\":\"ListItem\",\"position\":1,\"name\":\"Home\",\"item\":\"https:\/\/news.sap.com\/denmark\/\"},{\"@type\":\"ListItem\",\"position\":2,\"name\":\"API\u2019er skal \u00f8verst p\u00e5 dagsordenen, fordi de kan binde verdens v\u00e6rdik\u00e6der sammen. Jeg tror p\u00e5 data-globalisering og API\u2019ernes supermarked\"}]},{\"@type\":\"WebSite\",\"@id\":\"https:\/\/news.sap.com\/denmark\/#website\",\"url\":\"https:\/\/news.sap.com\/denmark\/\",\"name\":\"SAP Danmark Nyheder\",\"description\":\"Nyheder og information om SAP\",\"potentialAction\":[{\"@type\":\"SearchAction\",\"target\":{\"@type\":\"EntryPoint\",\"urlTemplate\":\"https:\/\/news.sap.com\/denmark\/?s={search_term_string}\"},\"query-input\":{\"@type\":\"PropertyValueSpecification\",\"valueRequired\":true,\"valueName\":\"search_term_string\"}}],\"inLanguage\":\"da-DK\"},{\"@type\":\"Person\",\"@id\":\"https:\/\/news.sap.com\/denmark\/#\/schema\/person\/d0515ddb657cd51916d336f0de69ec72\",\"name\":\"Thomas Madsen\",\"image\":{\"@type\":\"ImageObject\",\"inLanguage\":\"da-DK\",\"@id\":\"https:\/\/news.sap.com\/denmark\/#\/schema\/person\/image\/\",\"url\":\"https:\/\/news.sap.com\/denmark\/wp-content\/plugins\/wp-user-avatars\/wp-user-avatars\/assets\/images\/mystery.jpg\",\"contentUrl\":\"https:\/\/news.sap.com\/denmark\/wp-content\/plugins\/wp-user-avatars\/wp-user-avatars\/assets\/images\/mystery.jpg\",\"caption\":\"Thomas Madsen\"},\"url\":\"https:\/\/news.sap.com\/denmark\/author\/thomasmadsen\/\"}]}<\/script>\n<!-- \/ Yoast SEO Premium plugin. -->","yoast_head_json":{"title":"API\u2019er skal \u00f8verst p\u00e5 dagsordenen, fordi de kan binde verdens v\u00e6rdik\u00e6der sammen. Jeg tror p\u00e5 data-globalisering og API\u2019ernes supermarked - SAP Danmark Nyheder","robots":{"index":"index","follow":"follow","max-snippet":"max-snippet:-1","max-image-preview":"max-image-preview:large","max-video-preview":"max-video-preview:-1"},"canonical":"https:\/\/news.sap.com\/denmark\/2024\/10\/apier-skal-oeverst-paa-dagsordenen-fordi-de-kan-binde-verdens-vaerdikaeder-sammen-jeg-tror-paa-data-globalisering-og-apiernes-supermarked\/","og_locale":"da_DK","og_type":"article","og_title":"API\u2019er skal \u00f8verst p\u00e5 dagsordenen, fordi de kan binde verdens v\u00e6rdik\u00e6der sammen. Jeg tror p\u00e5 data-globalisering og API\u2019ernes supermarked","og_description":"I lige linje fra ideen om det komponerbare it-landskab er integration (og API\u2019er) h\u00f8jt p\u00e5 dagsordenen. Perspektivet er globalt. Vi skal kunne sammenstykke optimale v\u00e6rdik\u00e6der...","og_url":"https:\/\/news.sap.com\/denmark\/2024\/10\/apier-skal-oeverst-paa-dagsordenen-fordi-de-kan-binde-verdens-vaerdikaeder-sammen-jeg-tror-paa-data-globalisering-og-apiernes-supermarked\/","og_site_name":"SAP Danmark Nyheder","article_published_time":"2024-10-16T06:00:12+00:00","article_modified_time":"2024-10-16T07:53:17+00:00","og_image":[{"width":1918,"height":600,"url":"https:\/\/news.sap.com\/denmark\/files\/2024\/10\/16\/F_287701_GettyImages-1030833042_medium_jpg.png","type":"image\/png"}],"author":"Thomas Madsen","twitter_card":"summary_large_image","twitter_misc":{"Skrevet af":"Thomas Madsen","Estimeret l\u00e6setid":"4 minutter"},"schema":{"@context":"https:\/\/schema.org","@graph":[{"@type":"Article","@id":"https:\/\/news.sap.com\/denmark\/2024\/10\/apier-skal-oeverst-paa-dagsordenen-fordi-de-kan-binde-verdens-vaerdikaeder-sammen-jeg-tror-paa-data-globalisering-og-apiernes-supermarked\/#article","isPartOf":{"@id":"https:\/\/news.sap.com\/denmark\/2024\/10\/apier-skal-oeverst-paa-dagsordenen-fordi-de-kan-binde-verdens-vaerdikaeder-sammen-jeg-tror-paa-data-globalisering-og-apiernes-supermarked\/"},"author":{"name":"Thomas Madsen","@id":"https:\/\/news.sap.com\/denmark\/#\/schema\/person\/d0515ddb657cd51916d336f0de69ec72"},"headline":"API\u2019er skal \u00f8verst p\u00e5 dagsordenen, fordi de kan binde verdens v\u00e6rdik\u00e6der sammen. Jeg tror p\u00e5 data-globalisering og API\u2019ernes supermarked","datePublished":"2024-10-16T06:00:12+00:00","dateModified":"2024-10-16T07:53:17+00:00","mainEntityOfPage":{"@id":"https:\/\/news.sap.com\/denmark\/2024\/10\/apier-skal-oeverst-paa-dagsordenen-fordi-de-kan-binde-verdens-vaerdikaeder-sammen-jeg-tror-paa-data-globalisering-og-apiernes-supermarked\/"},"wordCount":669,"image":{"@id":"https:\/\/news.sap.com\/denmark\/2024\/10\/apier-skal-oeverst-paa-dagsordenen-fordi-de-kan-binde-verdens-vaerdikaeder-sammen-jeg-tror-paa-data-globalisering-og-apiernes-supermarked\/#primaryimage"},"thumbnailUrl":"https:\/\/news.sap.com\/denmark\/files\/2024\/10\/16\/F_287701_GettyImages-1030833042_medium_jpg.png","keywords":["API","digitale v\u00e6rdik\u00e6der","ERP-arkitektur","GraphQL","komponerbar","Thomas Madsen"],"articleSection":["\u200b\u200bB\u00e6redygtighed","Business Technology Platform"],"inLanguage":"da-DK"},{"@type":"WebPage","@id":"https:\/\/news.sap.com\/denmark\/2024\/10\/apier-skal-oeverst-paa-dagsordenen-fordi-de-kan-binde-verdens-vaerdikaeder-sammen-jeg-tror-paa-data-globalisering-og-apiernes-supermarked\/","url":"https:\/\/news.sap.com\/denmark\/2024\/10\/apier-skal-oeverst-paa-dagsordenen-fordi-de-kan-binde-verdens-vaerdikaeder-sammen-jeg-tror-paa-data-globalisering-og-apiernes-supermarked\/","name":"API\u2019er skal \u00f8verst p\u00e5 dagsordenen, fordi de kan binde verdens v\u00e6rdik\u00e6der sammen. Jeg tror p\u00e5 data-globalisering og API\u2019ernes supermarked - SAP Danmark Nyheder","isPartOf":{"@id":"https:\/\/news.sap.com\/denmark\/#website"},"primaryImageOfPage":{"@id":"https:\/\/news.sap.com\/denmark\/2024\/10\/apier-skal-oeverst-paa-dagsordenen-fordi-de-kan-binde-verdens-vaerdikaeder-sammen-jeg-tror-paa-data-globalisering-og-apiernes-supermarked\/#primaryimage"},"image":{"@id":"https:\/\/news.sap.com\/denmark\/2024\/10\/apier-skal-oeverst-paa-dagsordenen-fordi-de-kan-binde-verdens-vaerdikaeder-sammen-jeg-tror-paa-data-globalisering-og-apiernes-supermarked\/#primaryimage"},"thumbnailUrl":"https:\/\/news.sap.com\/denmark\/files\/2024\/10\/16\/F_287701_GettyImages-1030833042_medium_jpg.png","datePublished":"2024-10-16T06:00:12+00:00","dateModified":"2024-10-16T07:53:17+00:00","author":{"@id":"https:\/\/news.sap.com\/denmark\/#\/schema\/person\/d0515ddb657cd51916d336f0de69ec72"},"breadcrumb":{"@id":"https:\/\/news.sap.com\/denmark\/2024\/10\/apier-skal-oeverst-paa-dagsordenen-fordi-de-kan-binde-verdens-vaerdikaeder-sammen-jeg-tror-paa-data-globalisering-og-apiernes-supermarked\/#breadcrumb"},"inLanguage":"da-DK","potentialAction":[{"@type":"ReadAction","target":["https:\/\/news.sap.com\/denmark\/2024\/10\/apier-skal-oeverst-paa-dagsordenen-fordi-de-kan-binde-verdens-vaerdikaeder-sammen-jeg-tror-paa-data-globalisering-og-apiernes-supermarked\/"]}]},{"@type":"ImageObject","inLanguage":"da-DK","@id":"https:\/\/news.sap.com\/denmark\/2024\/10\/apier-skal-oeverst-paa-dagsordenen-fordi-de-kan-binde-verdens-vaerdikaeder-sammen-jeg-tror-paa-data-globalisering-og-apiernes-supermarked\/#primaryimage","url":"https:\/\/news.sap.com\/denmark\/files\/2024\/10\/16\/F_287701_GettyImages-1030833042_medium_jpg.png","contentUrl":"https:\/\/news.sap.com\/denmark\/files\/2024\/10\/16\/F_287701_GettyImages-1030833042_medium_jpg.png","width":1918,"height":600},{"@type":"BreadcrumbList","@id":"https:\/\/news.sap.com\/denmark\/2024\/10\/apier-skal-oeverst-paa-dagsordenen-fordi-de-kan-binde-verdens-vaerdikaeder-sammen-jeg-tror-paa-data-globalisering-og-apiernes-supermarked\/#breadcrumb","itemListElement":[{"@type":"ListItem","position":1,"name":"Home","item":"https:\/\/news.sap.com\/denmark\/"},{"@type":"ListItem","position":2,"name":"API\u2019er skal \u00f8verst p\u00e5 dagsordenen, fordi de kan binde verdens v\u00e6rdik\u00e6der sammen. Jeg tror p\u00e5 data-globalisering og API\u2019ernes supermarked"}]},{"@type":"WebSite","@id":"https:\/\/news.sap.com\/denmark\/#website","url":"https:\/\/news.sap.com\/denmark\/","name":"SAP Danmark Nyheder","description":"Nyheder og information om SAP","potentialAction":[{"@type":"SearchAction","target":{"@type":"EntryPoint","urlTemplate":"https:\/\/news.sap.com\/denmark\/?s={search_term_string}"},"query-input":{"@type":"PropertyValueSpecification","valueRequired":true,"valueName":"search_term_string"}}],"inLanguage":"da-DK"},{"@type":"Person","@id":"https:\/\/news.sap.com\/denmark\/#\/schema\/person\/d0515ddb657cd51916d336f0de69ec72","name":"Thomas Madsen","image":{"@type":"ImageObject","inLanguage":"da-DK","@id":"https:\/\/news.sap.com\/denmark\/#\/schema\/person\/image\/","url":"https:\/\/news.sap.com\/denmark\/wp-content\/plugins\/wp-user-avatars\/wp-user-avatars\/assets\/images\/mystery.jpg","contentUrl":"https:\/\/news.sap.com\/denmark\/wp-content\/plugins\/wp-user-avatars\/wp-user-avatars\/assets\/images\/mystery.jpg","caption":"Thomas Madsen"},"url":"https:\/\/news.sap.com\/denmark\/author\/thomasmadsen\/"}]}},"amp_enabled":true,"_links":{"self":[{"href":"https:\/\/news.sap.com\/denmark\/wp-json\/wp\/v2\/posts\/6042","targetHints":{"allow":["GET"]}}],"collection":[{"href":"https:\/\/news.sap.com\/denmark\/wp-json\/wp\/v2\/posts"}],"about":[{"href":"https:\/\/news.sap.com\/denmark\/wp-json\/wp\/v2\/types\/post"}],"author":[{"embeddable":true,"href":"https:\/\/news.sap.com\/denmark\/wp-json\/wp\/v2\/users\/3000"}],"replies":[{"embeddable":true,"href":"https:\/\/news.sap.com\/denmark\/wp-json\/wp\/v2\/comments?post=6042"}],"version-history":[{"count":0,"href":"https:\/\/news.sap.com\/denmark\/wp-json\/wp\/v2\/posts\/6042\/revisions"}],"wp:featuredmedia":[{"embeddable":true,"href":"https:\/\/news.sap.com\/denmark\/wp-json\/wp\/v2\/media\/6046"}],"wp:attachment":[{"href":"https:\/\/news.sap.com\/denmark\/wp-json\/wp\/v2\/media?parent=6042"}],"wp:term":[{"taxonomy":"category","embeddable":true,"href":"https:\/\/news.sap.com\/denmark\/wp-json\/wp\/v2\/categories?post=6042"},{"taxonomy":"post_tag","embeddable":true,"href":"https:\/\/news.sap.com\/denmark\/wp-json\/wp\/v2\/tags?post=6042"},{"taxonomy":"sapn-display","embeddable":true,"href":"https:\/\/news.sap.com\/denmark\/wp-json\/wp\/v2\/sapn-display?post=6042"},{"taxonomy":"sapn-type","embeddable":true,"href":"https:\/\/news.sap.com\/denmark\/wp-json\/wp\/v2\/sapn-type?post=6042"}],"curies":[{"name":"wp","href":"https:\/\/api.w.org\/{rel}","templated":true}]}}