{"id":2509,"date":"2020-06-03T09:50:03","date_gmt":"2020-06-03T09:50:03","guid":{"rendered":"https:\/\/news.sap.com\/finland\/?p=2509"},"modified":"2024-08-06T21:11:12","modified_gmt":"2024-08-06T18:11:12","slug":"sap-nimittaa-suomalaissyntyisen-mirva-valldebyn-pohjoismaiden-markkinointijohtajakseen","status":"publish","type":"post","link":"https:\/\/news.sap.com\/finland\/2020\/06\/sap-nimittaa-suomalaissyntyisen-mirva-valldebyn-pohjoismaiden-markkinointijohtajakseen\/","title":{"rendered":"SAP nimitt\u00e4\u00e4 suomalaissyntyisen Mirva Valldebyn Pohjoismaiden markkinointijohtajakseen"},"content":{"rendered":"<p>Mirva Valldeby nimitet\u00e4\u00e4n SAP:n Pohjoismaista ja Baltiasta vastaavaksi markkinointijohtajaksi kes\u00e4kuun alusta l\u00e4htien. Aiemmin h\u00e4n ty\u00f6skenteli SAP:n pk-yrityssektorin ja kumppanikanavan pohjoismaisena markkinointivastaavana. Mirva on panostanut henkil\u00f6kohdennettuun digitaaliseen markkinointiin ja haluaa nyt uudessa roolissaan edelleen vauhdittaa SAP:n markkinoinnin alueellista muutosta. T\u00e4m\u00e4 tarkoittaa siirtymist\u00e4 selke\u00e4mmin datavetoisiin ja henkil\u00f6kohtaisiin kokemuksiin, pohjautuen SAP:n omiin datan k\u00e4sittelyn, markkinoinnin\u00a0 ja myynnin pilviratkaisuihin.<\/p>\n<p>Mirva on kotoisin Suomesta, mutta on asunut jo kauan Tukholmassa. H\u00e4n n\u00e4kee eri Pohjoismaiden paikallisen ymm\u00e4rryksen t\u00e4rke\u00e4n\u00e4 menestystekij\u00e4n\u00e4 h\u00e4nen ja tiimins\u00e4 markkinoinnin muutoksen toteuttamisessa pohjolassa ja Baltiassa.<\/p>\n<p><img loading=\"lazy\" decoding=\"async\" class=\"alignnone size-full wp-image-2504\" src=\"https:\/\/news.sap.com\/finland\/files\/2020\/06\/Mirva-Valldeby-SAP_03-249x300-1.jpg\" alt=\"\" width=\"249\" height=\"300\" \/><\/p>\n<p>Mirva Valldeby, Pohjoismaiden markkinointijohtaja, SAP<\/p>\n<p>\u2013\u00a0Nykyisess\u00e4 tilanteessa on v\u00e4ltt\u00e4m\u00e4t\u00f6nt\u00e4 hy\u00f6dynt\u00e4\u00e4 digitaalinen markkinointipotentiaali kokonaisuudessaan. Olimme jo matkalla t\u00e4t\u00e4 m\u00e4\u00e4r\u00e4np\u00e4\u00e4t\u00e4 kohti ennen koronakriisi\u00e4. Ensimm\u00e4iset t\u00e4ysin digitaaliset, paikalliset kampanjat asiakkaillemme Pohjoismaissa ja Baltiassa n\u00e4ytt\u00e4v\u00e4t, ett\u00e4 olemme parantaneet sitoutumista br\u00e4ndiimme positiivisella tavalla. Samaan aikaan investoimme uusiin dataohjautuviin ohjelmiin, joiden avulla voimme integroida kohderyhm\u00e4mme yritysjohtajat ja asiantuntijat aiempaa henkil\u00f6kohtaisemmalla tavalla. Kun integroimme t\u00e4h\u00e4n SAP:n globaalit markkinointikokonaisuudet, kuten <u><a href=\"https:\/\/events.sap.com\/sapphirenow-emeanorth-english\/en\/home\">SAPPHIRE NOW<\/a><\/u> -kokemusymp\u00e4rist\u00f6n, voimme tarjota viel\u00e4kin laajemman ja syvemm\u00e4n asiakaskokemuksen. T\u00e4m\u00e4 vahvistaa sek\u00e4 merkityksellisyytt\u00e4 ett\u00e4 sitoutuneisuutta entisest\u00e4\u00e4n, sanoo <strong>Mirva Valldeby<\/strong>.<\/p>\n<p>&nbsp;<\/p>\n<p><strong>SAP<\/strong><\/p>\n<p>SAP edustaa t\u00e4m\u00e4n p\u00e4iv\u00e4n kokemustaloutta, jonka osana toimivat \u00e4lykk\u00e4\u00e4t yritykset. SAP on yritysohjelmistojen markkinajohtaja, joka auttaa erikokoisia yrityksi\u00e4 eri toimialoilla p\u00e4\u00e4sem\u00e4\u00e4n parhaimpiin mahdollisiin tuloksiin. 77 % transaktioiden liikevaihdosta maailmassa kulkee jossakin vaiheessa SAP-j\u00e4rjestelm\u00e4n kautta. Koneoppimis-, IoT- ja kehittyneen analytiikan teknologiamme auttavat asiakkaitamme muuntamaan liiketoimintansa \u00e4lykk\u00e4\u00e4ksi. SAP tuo ihmisille ja organisaatioille syv\u00e4\u00e4 liiketoimintan\u00e4kemyst\u00e4 ja edist\u00e4\u00e4 yhteisty\u00f6t\u00e4, jonka avulla ne pysyv\u00e4t kilpailijoita edell\u00e4. Yksinkertaistamme teknologian yrityksille niin, ett\u00e4 ne voivat k\u00e4ytt\u00e4\u00e4 ohjelmistojamme siten kuin haluavat \u2013 ilman katkoksia. Kattavan sovellus- ja palveluvalikoimamme avulla yli 440 000 julkishallinnon ja yritysasiakasta voivat toimia kannattavasti, muuntautua ymp\u00e4r\u00f6iv\u00e4n maailman mukana ja saada aikaan muutoksen. Globaalilla asiakkaiden, kumppaneiden, ty\u00f6ntekij\u00f6iden ja ajatusjohtajien verkostollaan SAP auttaa omalta osaltaan yritysten toimintaa ja ihmisten el\u00e4m\u00e4\u00e4. Lis\u00e4tietoja\u00a0<a href=\"http:\/\/www.sap.com\/\">www.sap.com<\/a>\u00a0ja\u00a0<a href=\"http:\/\/www.sap.com\/finland\">www.sap.com\/finland<\/a><\/p>\n<p>&nbsp;<\/p>\n","protected":false},"excerpt":{"rendered":"<p>Mirva Valldeby nimitet\u00e4\u00e4n SAP:n Pohjoismaista ja Baltiasta vastaavaksi markkinointijohtajaksi kes\u00e4kuun alusta l\u00e4htien. Aiemmin h\u00e4n ty\u00f6skenteli SAP:n pk-yrityssektorin ja kumppanikanavan pohjoismaisena markkinointivastaavana. Mirva on panostanut henkil\u00f6kohdennettuun&#8230;<\/p>\n","protected":false},"author":29,"featured_media":2521,"comment_status":"closed","ping_status":"closed","sticky":false,"template":"","format":"standard","meta":{"footnotes":"","_links_to":"","_links_to_target":""},"categories":[4517235],"tags":[5562332,5562330,5562329,5562333,5562162],"sapn-display":[4513265,4514769,5562879,5562881],"sapn-type":[4519264],"class_list":["post-2509","post","type-post","status-publish","format-standard","has-post-thumbnail","hentry","category-yritys","tag-digitaalinen-markkinointi","tag-markkinointi","tag-mirva-valldeby","tag-pohjoismaiden-markkinointijohtajakseen","tag-sapphire-now","sapn-display-hero","sapn-display-homepage-hero","sapn-display-lehdisto-kohokohta","sapn-display-lehdisto-sankari","sapn-type-lehdistotiedote"],"yoast_head":"<!-- This site is optimized with the Yoast SEO Premium plugin v26.9 (Yoast SEO v26.9) - https:\/\/yoast.com\/product\/yoast-seo-premium-wordpress\/ -->\n<title>SAP nimitt\u00e4\u00e4 suomalaissyntyisen Mirva Valldebyn Pohjoismaiden markkinointijohtajakseen - SAP Suomi<\/title>\n<meta name=\"robots\" content=\"index, follow, max-snippet:-1, max-image-preview:large, max-video-preview:-1\" \/>\n<link rel=\"canonical\" href=\"https:\/\/news.sap.com\/finland\/2020\/06\/sap-nimittaa-suomalaissyntyisen-mirva-valldebyn-pohjoismaiden-markkinointijohtajakseen\/\" \/>\n<meta property=\"og:locale\" content=\"fi_FI\" \/>\n<meta property=\"og:type\" content=\"article\" \/>\n<meta property=\"og:title\" content=\"SAP nimitt\u00e4\u00e4 suomalaissyntyisen Mirva Valldebyn Pohjoismaiden markkinointijohtajakseen\" \/>\n<meta property=\"og:description\" content=\"Mirva Valldeby nimitet\u00e4\u00e4n SAP:n Pohjoismaista ja Baltiasta vastaavaksi markkinointijohtajaksi kes\u00e4kuun alusta l\u00e4htien. Aiemmin h\u00e4n ty\u00f6skenteli SAP:n pk-yrityssektorin ja kumppanikanavan pohjoismaisena markkinointivastaavana. Mirva on panostanut henkil\u00f6kohdennettuun...\" \/>\n<meta property=\"og:url\" content=\"https:\/\/news.sap.com\/finland\/2020\/06\/sap-nimittaa-suomalaissyntyisen-mirva-valldebyn-pohjoismaiden-markkinointijohtajakseen\/\" \/>\n<meta property=\"og:site_name\" content=\"SAP Suomi\" \/>\n<meta property=\"article:published_time\" content=\"2020-06-03T09:50:03+00:00\" \/>\n<meta property=\"article:modified_time\" content=\"2024-08-06T18:11:12+00:00\" \/>\n<meta property=\"og:image\" content=\"https:\/\/news.sap.com\/finland\/files\/2020\/06\/mirva-backgroud-3.jpg\" \/>\n\t<meta property=\"og:image:width\" content=\"1920\" \/>\n\t<meta property=\"og:image:height\" content=\"600\" \/>\n\t<meta property=\"og:image:type\" content=\"image\/jpeg\" \/>\n<meta name=\"author\" content=\"SAP News\" \/>\n<meta name=\"twitter:card\" content=\"summary_large_image\" \/>\n<meta name=\"twitter:label1\" content=\"Kirjoittanut\" \/>\n\t<meta name=\"twitter:data1\" content=\"SAP News\" \/>\n\t<meta name=\"twitter:label2\" content=\"Arvioitu lukuaika\" \/>\n\t<meta name=\"twitter:data2\" content=\"2 minuuttia\" \/>\n<script type=\"application\/ld+json\" class=\"yoast-schema-graph\">{\"@context\":\"https:\/\/schema.org\",\"@graph\":[{\"@type\":\"Article\",\"@id\":\"https:\/\/news.sap.com\/finland\/2020\/06\/sap-nimittaa-suomalaissyntyisen-mirva-valldebyn-pohjoismaiden-markkinointijohtajakseen\/#article\",\"isPartOf\":{\"@id\":\"https:\/\/news.sap.com\/finland\/2020\/06\/sap-nimittaa-suomalaissyntyisen-mirva-valldebyn-pohjoismaiden-markkinointijohtajakseen\/\"},\"author\":{\"name\":\"SAP News\",\"@id\":\"https:\/\/news.sap.com\/finland\/#\/schema\/person\/53b9854bd790d6f18f3fc4bbb2ad7570\"},\"headline\":\"SAP nimitt\u00e4\u00e4 suomalaissyntyisen Mirva Valldebyn Pohjoismaiden markkinointijohtajakseen\",\"datePublished\":\"2020-06-03T09:50:03+00:00\",\"dateModified\":\"2024-08-06T18:11:12+00:00\",\"mainEntityOfPage\":{\"@id\":\"https:\/\/news.sap.com\/finland\/2020\/06\/sap-nimittaa-suomalaissyntyisen-mirva-valldebyn-pohjoismaiden-markkinointijohtajakseen\/\"},\"wordCount\":360,\"image\":{\"@id\":\"https:\/\/news.sap.com\/finland\/2020\/06\/sap-nimittaa-suomalaissyntyisen-mirva-valldebyn-pohjoismaiden-markkinointijohtajakseen\/#primaryimage\"},\"thumbnailUrl\":\"https:\/\/news.sap.com\/finland\/files\/2020\/06\/mirva-backgroud-3.jpg\",\"keywords\":[\"digitaalinen markkinointi\",\"markkinointi\",\"Mirva Valldeby\",\"Pohjoismaiden markkinointijohtajakseen\",\"SAPPHIRE NOW\"],\"articleSection\":[\"Yritys\"],\"inLanguage\":\"fi\"},{\"@type\":\"WebPage\",\"@id\":\"https:\/\/news.sap.com\/finland\/2020\/06\/sap-nimittaa-suomalaissyntyisen-mirva-valldebyn-pohjoismaiden-markkinointijohtajakseen\/\",\"url\":\"https:\/\/news.sap.com\/finland\/2020\/06\/sap-nimittaa-suomalaissyntyisen-mirva-valldebyn-pohjoismaiden-markkinointijohtajakseen\/\",\"name\":\"SAP nimitt\u00e4\u00e4 suomalaissyntyisen Mirva Valldebyn Pohjoismaiden markkinointijohtajakseen - SAP Suomi\",\"isPartOf\":{\"@id\":\"https:\/\/news.sap.com\/finland\/#website\"},\"primaryImageOfPage\":{\"@id\":\"https:\/\/news.sap.com\/finland\/2020\/06\/sap-nimittaa-suomalaissyntyisen-mirva-valldebyn-pohjoismaiden-markkinointijohtajakseen\/#primaryimage\"},\"image\":{\"@id\":\"https:\/\/news.sap.com\/finland\/2020\/06\/sap-nimittaa-suomalaissyntyisen-mirva-valldebyn-pohjoismaiden-markkinointijohtajakseen\/#primaryimage\"},\"thumbnailUrl\":\"https:\/\/news.sap.com\/finland\/files\/2020\/06\/mirva-backgroud-3.jpg\",\"datePublished\":\"2020-06-03T09:50:03+00:00\",\"dateModified\":\"2024-08-06T18:11:12+00:00\",\"author\":{\"@id\":\"https:\/\/news.sap.com\/finland\/#\/schema\/person\/53b9854bd790d6f18f3fc4bbb2ad7570\"},\"breadcrumb\":{\"@id\":\"https:\/\/news.sap.com\/finland\/2020\/06\/sap-nimittaa-suomalaissyntyisen-mirva-valldebyn-pohjoismaiden-markkinointijohtajakseen\/#breadcrumb\"},\"inLanguage\":\"fi\",\"potentialAction\":[{\"@type\":\"ReadAction\",\"target\":[\"https:\/\/news.sap.com\/finland\/2020\/06\/sap-nimittaa-suomalaissyntyisen-mirva-valldebyn-pohjoismaiden-markkinointijohtajakseen\/\"]}]},{\"@type\":\"ImageObject\",\"inLanguage\":\"fi\",\"@id\":\"https:\/\/news.sap.com\/finland\/2020\/06\/sap-nimittaa-suomalaissyntyisen-mirva-valldebyn-pohjoismaiden-markkinointijohtajakseen\/#primaryimage\",\"url\":\"https:\/\/news.sap.com\/finland\/files\/2020\/06\/mirva-backgroud-3.jpg\",\"contentUrl\":\"https:\/\/news.sap.com\/finland\/files\/2020\/06\/mirva-backgroud-3.jpg\",\"width\":1920,\"height\":600,\"caption\":\"Two people on a ship ,enjoying the ride\"},{\"@type\":\"BreadcrumbList\",\"@id\":\"https:\/\/news.sap.com\/finland\/2020\/06\/sap-nimittaa-suomalaissyntyisen-mirva-valldebyn-pohjoismaiden-markkinointijohtajakseen\/#breadcrumb\",\"itemListElement\":[{\"@type\":\"ListItem\",\"position\":1,\"name\":\"Home\",\"item\":\"https:\/\/news.sap.com\/finland\/\"},{\"@type\":\"ListItem\",\"position\":2,\"name\":\"SAP nimitt\u00e4\u00e4 suomalaissyntyisen Mirva Valldebyn Pohjoismaiden markkinointijohtajakseen\"}]},{\"@type\":\"WebSite\",\"@id\":\"https:\/\/news.sap.com\/finland\/#website\",\"url\":\"https:\/\/news.sap.com\/finland\/\",\"name\":\"SAP Suomi\",\"description\":\"Uutiset &amp; Tiedotteet\",\"potentialAction\":[{\"@type\":\"SearchAction\",\"target\":{\"@type\":\"EntryPoint\",\"urlTemplate\":\"https:\/\/news.sap.com\/finland\/?s={search_term_string}\"},\"query-input\":{\"@type\":\"PropertyValueSpecification\",\"valueRequired\":true,\"valueName\":\"search_term_string\"}}],\"inLanguage\":\"fi\"},{\"@type\":\"Person\",\"@id\":\"https:\/\/news.sap.com\/finland\/#\/schema\/person\/53b9854bd790d6f18f3fc4bbb2ad7570\",\"name\":\"SAP News\",\"image\":{\"@type\":\"ImageObject\",\"inLanguage\":\"fi\",\"@id\":\"https:\/\/news.sap.com\/finland\/#\/schema\/person\/image\/\",\"url\":\"https:\/\/news.sap.com\/finland\/wp-content\/plugins\/wp-user-avatars\/wp-user-avatars\/assets\/images\/mystery.jpg\",\"contentUrl\":\"https:\/\/news.sap.com\/finland\/wp-content\/plugins\/wp-user-avatars\/wp-user-avatars\/assets\/images\/mystery.jpg\",\"caption\":\"SAP News\"},\"url\":\"https:\/\/news.sap.com\/finland\/author\/colleenraftery\/\"}]}<\/script>\n<!-- \/ Yoast SEO Premium plugin. -->","yoast_head_json":{"title":"SAP nimitt\u00e4\u00e4 suomalaissyntyisen Mirva Valldebyn Pohjoismaiden markkinointijohtajakseen - SAP Suomi","robots":{"index":"index","follow":"follow","max-snippet":"max-snippet:-1","max-image-preview":"max-image-preview:large","max-video-preview":"max-video-preview:-1"},"canonical":"https:\/\/news.sap.com\/finland\/2020\/06\/sap-nimittaa-suomalaissyntyisen-mirva-valldebyn-pohjoismaiden-markkinointijohtajakseen\/","og_locale":"fi_FI","og_type":"article","og_title":"SAP nimitt\u00e4\u00e4 suomalaissyntyisen Mirva Valldebyn Pohjoismaiden markkinointijohtajakseen","og_description":"Mirva Valldeby nimitet\u00e4\u00e4n SAP:n Pohjoismaista ja Baltiasta vastaavaksi markkinointijohtajaksi kes\u00e4kuun alusta l\u00e4htien. Aiemmin h\u00e4n ty\u00f6skenteli SAP:n pk-yrityssektorin ja kumppanikanavan pohjoismaisena markkinointivastaavana. Mirva on panostanut henkil\u00f6kohdennettuun...","og_url":"https:\/\/news.sap.com\/finland\/2020\/06\/sap-nimittaa-suomalaissyntyisen-mirva-valldebyn-pohjoismaiden-markkinointijohtajakseen\/","og_site_name":"SAP Suomi","article_published_time":"2020-06-03T09:50:03+00:00","article_modified_time":"2024-08-06T18:11:12+00:00","og_image":[{"width":1920,"height":600,"url":"https:\/\/news.sap.com\/finland\/files\/2020\/06\/mirva-backgroud-3.jpg","type":"image\/jpeg"}],"author":"SAP News","twitter_card":"summary_large_image","twitter_misc":{"Kirjoittanut":"SAP News","Arvioitu lukuaika":"2 minuuttia"},"schema":{"@context":"https:\/\/schema.org","@graph":[{"@type":"Article","@id":"https:\/\/news.sap.com\/finland\/2020\/06\/sap-nimittaa-suomalaissyntyisen-mirva-valldebyn-pohjoismaiden-markkinointijohtajakseen\/#article","isPartOf":{"@id":"https:\/\/news.sap.com\/finland\/2020\/06\/sap-nimittaa-suomalaissyntyisen-mirva-valldebyn-pohjoismaiden-markkinointijohtajakseen\/"},"author":{"name":"SAP News","@id":"https:\/\/news.sap.com\/finland\/#\/schema\/person\/53b9854bd790d6f18f3fc4bbb2ad7570"},"headline":"SAP nimitt\u00e4\u00e4 suomalaissyntyisen Mirva Valldebyn Pohjoismaiden markkinointijohtajakseen","datePublished":"2020-06-03T09:50:03+00:00","dateModified":"2024-08-06T18:11:12+00:00","mainEntityOfPage":{"@id":"https:\/\/news.sap.com\/finland\/2020\/06\/sap-nimittaa-suomalaissyntyisen-mirva-valldebyn-pohjoismaiden-markkinointijohtajakseen\/"},"wordCount":360,"image":{"@id":"https:\/\/news.sap.com\/finland\/2020\/06\/sap-nimittaa-suomalaissyntyisen-mirva-valldebyn-pohjoismaiden-markkinointijohtajakseen\/#primaryimage"},"thumbnailUrl":"https:\/\/news.sap.com\/finland\/files\/2020\/06\/mirva-backgroud-3.jpg","keywords":["digitaalinen markkinointi","markkinointi","Mirva Valldeby","Pohjoismaiden markkinointijohtajakseen","SAPPHIRE NOW"],"articleSection":["Yritys"],"inLanguage":"fi"},{"@type":"WebPage","@id":"https:\/\/news.sap.com\/finland\/2020\/06\/sap-nimittaa-suomalaissyntyisen-mirva-valldebyn-pohjoismaiden-markkinointijohtajakseen\/","url":"https:\/\/news.sap.com\/finland\/2020\/06\/sap-nimittaa-suomalaissyntyisen-mirva-valldebyn-pohjoismaiden-markkinointijohtajakseen\/","name":"SAP nimitt\u00e4\u00e4 suomalaissyntyisen Mirva Valldebyn Pohjoismaiden markkinointijohtajakseen - SAP Suomi","isPartOf":{"@id":"https:\/\/news.sap.com\/finland\/#website"},"primaryImageOfPage":{"@id":"https:\/\/news.sap.com\/finland\/2020\/06\/sap-nimittaa-suomalaissyntyisen-mirva-valldebyn-pohjoismaiden-markkinointijohtajakseen\/#primaryimage"},"image":{"@id":"https:\/\/news.sap.com\/finland\/2020\/06\/sap-nimittaa-suomalaissyntyisen-mirva-valldebyn-pohjoismaiden-markkinointijohtajakseen\/#primaryimage"},"thumbnailUrl":"https:\/\/news.sap.com\/finland\/files\/2020\/06\/mirva-backgroud-3.jpg","datePublished":"2020-06-03T09:50:03+00:00","dateModified":"2024-08-06T18:11:12+00:00","author":{"@id":"https:\/\/news.sap.com\/finland\/#\/schema\/person\/53b9854bd790d6f18f3fc4bbb2ad7570"},"breadcrumb":{"@id":"https:\/\/news.sap.com\/finland\/2020\/06\/sap-nimittaa-suomalaissyntyisen-mirva-valldebyn-pohjoismaiden-markkinointijohtajakseen\/#breadcrumb"},"inLanguage":"fi","potentialAction":[{"@type":"ReadAction","target":["https:\/\/news.sap.com\/finland\/2020\/06\/sap-nimittaa-suomalaissyntyisen-mirva-valldebyn-pohjoismaiden-markkinointijohtajakseen\/"]}]},{"@type":"ImageObject","inLanguage":"fi","@id":"https:\/\/news.sap.com\/finland\/2020\/06\/sap-nimittaa-suomalaissyntyisen-mirva-valldebyn-pohjoismaiden-markkinointijohtajakseen\/#primaryimage","url":"https:\/\/news.sap.com\/finland\/files\/2020\/06\/mirva-backgroud-3.jpg","contentUrl":"https:\/\/news.sap.com\/finland\/files\/2020\/06\/mirva-backgroud-3.jpg","width":1920,"height":600,"caption":"Two people on a ship ,enjoying the ride"},{"@type":"BreadcrumbList","@id":"https:\/\/news.sap.com\/finland\/2020\/06\/sap-nimittaa-suomalaissyntyisen-mirva-valldebyn-pohjoismaiden-markkinointijohtajakseen\/#breadcrumb","itemListElement":[{"@type":"ListItem","position":1,"name":"Home","item":"https:\/\/news.sap.com\/finland\/"},{"@type":"ListItem","position":2,"name":"SAP nimitt\u00e4\u00e4 suomalaissyntyisen Mirva Valldebyn Pohjoismaiden markkinointijohtajakseen"}]},{"@type":"WebSite","@id":"https:\/\/news.sap.com\/finland\/#website","url":"https:\/\/news.sap.com\/finland\/","name":"SAP Suomi","description":"Uutiset &amp; Tiedotteet","potentialAction":[{"@type":"SearchAction","target":{"@type":"EntryPoint","urlTemplate":"https:\/\/news.sap.com\/finland\/?s={search_term_string}"},"query-input":{"@type":"PropertyValueSpecification","valueRequired":true,"valueName":"search_term_string"}}],"inLanguage":"fi"},{"@type":"Person","@id":"https:\/\/news.sap.com\/finland\/#\/schema\/person\/53b9854bd790d6f18f3fc4bbb2ad7570","name":"SAP News","image":{"@type":"ImageObject","inLanguage":"fi","@id":"https:\/\/news.sap.com\/finland\/#\/schema\/person\/image\/","url":"https:\/\/news.sap.com\/finland\/wp-content\/plugins\/wp-user-avatars\/wp-user-avatars\/assets\/images\/mystery.jpg","contentUrl":"https:\/\/news.sap.com\/finland\/wp-content\/plugins\/wp-user-avatars\/wp-user-avatars\/assets\/images\/mystery.jpg","caption":"SAP News"},"url":"https:\/\/news.sap.com\/finland\/author\/colleenraftery\/"}]}},"amp_enabled":true,"_links":{"self":[{"href":"https:\/\/news.sap.com\/finland\/wp-json\/wp\/v2\/posts\/2509","targetHints":{"allow":["GET"]}}],"collection":[{"href":"https:\/\/news.sap.com\/finland\/wp-json\/wp\/v2\/posts"}],"about":[{"href":"https:\/\/news.sap.com\/finland\/wp-json\/wp\/v2\/types\/post"}],"author":[{"embeddable":true,"href":"https:\/\/news.sap.com\/finland\/wp-json\/wp\/v2\/users\/29"}],"replies":[{"embeddable":true,"href":"https:\/\/news.sap.com\/finland\/wp-json\/wp\/v2\/comments?post=2509"}],"version-history":[{"count":0,"href":"https:\/\/news.sap.com\/finland\/wp-json\/wp\/v2\/posts\/2509\/revisions"}],"wp:featuredmedia":[{"embeddable":true,"href":"https:\/\/news.sap.com\/finland\/wp-json\/wp\/v2\/media\/2521"}],"wp:attachment":[{"href":"https:\/\/news.sap.com\/finland\/wp-json\/wp\/v2\/media?parent=2509"}],"wp:term":[{"taxonomy":"category","embeddable":true,"href":"https:\/\/news.sap.com\/finland\/wp-json\/wp\/v2\/categories?post=2509"},{"taxonomy":"post_tag","embeddable":true,"href":"https:\/\/news.sap.com\/finland\/wp-json\/wp\/v2\/tags?post=2509"},{"taxonomy":"sapn-display","embeddable":true,"href":"https:\/\/news.sap.com\/finland\/wp-json\/wp\/v2\/sapn-display?post=2509"},{"taxonomy":"sapn-type","embeddable":true,"href":"https:\/\/news.sap.com\/finland\/wp-json\/wp\/v2\/sapn-type?post=2509"}],"curies":[{"name":"wp","href":"https:\/\/api.w.org\/{rel}","templated":true}]}}