{"id":138793,"date":"2021-10-07T07:41:43","date_gmt":"2021-10-07T07:41:43","guid":{"rendered":"https:\/\/news.sap.com\/france\/?p=138793"},"modified":"2023-10-12T14:27:53","modified_gmt":"2023-10-12T14:27:53","slug":"sap-reitere-son-engagement-envers-lentrepreneuriat-social-en-accompagnant-sa-3eme-promotion-2021-avec-les-incubateurs-makesense-france-et-la-ruche","status":"publish","type":"post","link":"https:\/\/news.sap.com\/france\/2021\/10\/sap-reitere-son-engagement-envers-lentrepreneuriat-social-en-accompagnant-sa-3eme-promotion-2021-avec-les-incubateurs-makesense-france-et-la-ruche\/","title":{"rendered":"SAP r\u00e9it\u00e8re son engagement envers l\u2019entrepreneuriat social en accompagnant sa 3\u00e8me Promotion 2021 avec les incubateurs makesense France et La Ruche"},"content":{"rendered":"<p>Depuis 2017, la fondation de SAP poursuit sa d\u00e9marche de mentoring social et renouvelle cette ann\u00e9e son accompagnement pour la 6<sup>\u00e8me<\/sup> fois avec programme Test &amp; Learn de l\u2019incubateur de startups sociales de makesense partenaire de la Fondation SAP France. Pendant 3 mois, d\u2019octobre \u00e0 d\u00e9cembre, une trentaine de collaborateurs b\u00e9n\u00e9voles de SAP en France s\u2019engagent \u00e0 soutenir 7 startups \u201cearly stage\u201d via un programme de m\u00e9c\u00e9nat de comp\u00e9tences.<\/p>\n<p>&nbsp;<\/p>\n<p><strong>Un accompagnement d\u2019experts en soutien au d\u00e9veloppement des startups\u00a0<\/strong><\/p>\n<p>A cette occasion, un groupe de collaborateurs b\u00e9n\u00e9voles de SAP France accompagnera les startups sociales s\u00e9lectionn\u00e9es sur un volet technologique pr\u00e9cis, afin de les aider \u00e0 tirer le meilleur de leur phase de prototypage. L\u2019objectif\u00a0? Qu\u2019elles puissent consolider leur business model gr\u00e2ce au catalyseur de comp\u00e9tences que repr\u00e9sente SAP.<\/p>\n<p>La particularit\u00e9 de cette promotion se trouve dans les diff\u00e9rents niveaux de maturit\u00e9 des startups\u00a0: des projets jeunes, qui ont besoin de soutien pour se positionner sur leurs march\u00e9s. Ainsi, les mentors SAP les accompagnent, les challengent et affinent leurs projets afin de les aider dans la transformation d\u2019id\u00e9es en projets viables.<\/p>\n<p>1 entrepreneur mentor\u00e9 sur 2 estime que l\u2019apport de SAP est d\u00e9terminant dans son prototypage ou dans l\u2019identification des besoins de comp\u00e9tences pour sa startup. 30% d\u2019entre eux estiment avoir progress\u00e9 en communication ou marketing gr\u00e2ce \u00e0 l\u2019accompagnement des collaborateurs SAP et 25% affirment que le mentoring leur a permis d\u2019obtenir un partenariat commercial ou strat\u00e9gique.<\/p>\n<p><em>\u00ab\u00a0Ce programme est une fiert\u00e9 pour SAP. Il en va de notre responsabilit\u00e9 d\u2019acteur install\u00e9 de la Tech d\u2019accompagner des projets innovants et des \u00e9quipes motiv\u00e9es. Plus que jamais nous sommes pr\u00eats \u00e0 apporter notre expertise sur des id\u00e9es allant dans le sens du progr\u00e8s social ou environnemental.\u00a0 L&rsquo;engagement des collaborateurs SAP pour participer \u00e0 ce programme de m\u00e9c\u00e9nat de comp\u00e9tences est toujours plus grand et je suis tr\u00e8s fier de voir nos \u00e9quipes se mobiliser pour le progr\u00e8s \u00bb, <\/em>d\u00e9clare <strong>Fr\u00e9d\u00e9ric Chauvir\u00e9, Directeur G\u00e9n\u00e9ral SAP France<\/strong>.<\/p>\n<p>Pour la premi\u00e8re fois, la Fondation SAP France propose d\u2019accompagner des entrepreneurs sociaux de deux associations partenaires et avec plusieurs niveaux de maturit\u00e9 pour coller aux aspirations et mobiliser un maximum de collaborateurs autour du projet :<\/p>\n<ul>\n<li>3 projets du programme Test &amp; Learn de makesense, en phase de d\u00e9ploiement.<\/li>\n<li>2 projets du programme Les Ambitieuses de La Ruche en phase de d\u00e9ploiement.\u00a0 En tant que partenaire engag\u00e9 en faveur de l\u2019entrepreneuriat Tech au f\u00e9minin, SAP France confirme son ambition de r\u00e9duire les in\u00e9galit\u00e9s femmes\/hommes au sein du secteur des nouvelles technologies.<\/li>\n<li>Et 2 projets du programme Sprint de makesense, en phase de prototypage.<\/li>\n<\/ul>\n<p>&nbsp;<\/p>\n<p><strong>Des startups reconnues pour leur impact social et environnemental \u00a0<\/strong><\/p>\n<p>Les 7 startups qui composent cette 8<sup>\u00e8me<\/sup> promotion, s\u00e9lectionn\u00e9es par makesense, La Ruche et la Fondation SAP France, font partie de <em>Tech For Good<\/em>. Pendant 3 mois, elles seront suivies par 4 \u00e0 5 collaborateurs SAP\u00a0:<\/p>\n<ul>\n<li><a href=\"https:\/\/nam02.safelinks.protection.outlook.com\/?url=https%3A%2F%2Femploi.tangata.net%2F&amp;data=04%7C01%7Cmathilde.thireau%40publicisconsultants.com%7C7fd82cc36c6240728a7f08d97c3712b6%7Cd52c9ea17c2147b182a333a74b1f74b8%7C1%7C0%7C637677398243309513%7CUnknown%7CTWFpbGZsb3d8eyJWIjoiMC4wLjAwMDAiLCJQIjoiV2luMzIiLCJBTiI6Ik1haWwiLCJXVCI6Mn0%3D%7C1000&amp;sdata=sAQTr5GScbD7H%2Bli877rJgqIWrFb8xJ75I0MLiHTdY8%3D&amp;reserved=0\">Tangata<\/a><a href=\"https:\/\/nam02.safelinks.protection.outlook.com\/?url=https%3A%2F%2Femploi.tangata.net%2F&amp;data=04%7C01%7Cmathilde.thireau%40publicisconsultants.com%7C7fd82cc36c6240728a7f08d97c3712b6%7Cd52c9ea17c2147b182a333a74b1f74b8%7C1%7C0%7C637677398243309513%7CUnknown%7CTWFpbGZsb3d8eyJWIjoiMC4wLjAwMDAiLCJQIjoiV2luMzIiLCJBTiI6Ik1haWwiLCJXVCI6Mn0%3D%7C1000&amp;sdata=sAQTr5GScbD7H%2Bli877rJgqIWrFb8xJ75I0MLiHTdY8%3D&amp;reserved=0\">\u00a0<\/a>: Acteur de l\u2019accompagnement des r\u00e9f\u00e9rents en entreprise afin d&rsquo;identifier rapidement des solutions en faveur de leur politique d\u2019inclusion.<\/li>\n<li><a href=\"https:\/\/nam02.safelinks.protection.outlook.com\/?url=https%3A%2F%2Fwww.instagram.com%2Ftransonore%2F%3Fhl%3Dfr&amp;data=04%7C01%7Cmathilde.thireau%40publicisconsultants.com%7C7fd82cc36c6240728a7f08d97c3712b6%7Cd52c9ea17c2147b182a333a74b1f74b8%7C1%7C0%7C637677398243319511%7CUnknown%7CTWFpbGZsb3d8eyJWIjoiMC4wLjAwMDAiLCJQIjoiV2luMzIiLCJBTiI6Ik1haWwiLCJXVCI6Mn0%3D%7C1000&amp;sdata=bI8mOkP6Zl8v%2BLLhP23exSfCQv1tLV429MU1wIIvw7s%3D&amp;reserved=0\">Transonore<\/a><a href=\"https:\/\/nam02.safelinks.protection.outlook.com\/?url=https%3A%2F%2Fwww.instagram.com%2Ftransonore%2F%3Fhl%3Dfr&amp;data=04%7C01%7Cmathilde.thireau%40publicisconsultants.com%7C7fd82cc36c6240728a7f08d97c3712b6%7Cd52c9ea17c2147b182a333a74b1f74b8%7C1%7C0%7C637677398243319511%7CUnknown%7CTWFpbGZsb3d8eyJWIjoiMC4wLjAwMDAiLCJQIjoiV2luMzIiLCJBTiI6Ik1haWwiLCJXVCI6Mn0%3D%7C1000&amp;sdata=bI8mOkP6Zl8v%2BLLhP23exSfCQv1tLV429MU1wIIvw7s%3D&amp;reserved=0\">\u00a0<\/a>: Podcast de proximit\u00e9 pour favoriser l\u2019expression et\u00a0l\u2019inclusion gr\u00e2ce au reportage radio et \u00e0 l\u2019Economie Sociale et Solidaire.<\/li>\n<li><a href=\"https:\/\/nam02.safelinks.protection.outlook.com\/?url=https%3A%2F%2Fwww.refunk-paris.com%2F&amp;data=04%7C01%7Cmathilde.thireau%40publicisconsultants.com%7C7fd82cc36c6240728a7f08d97c3712b6%7Cd52c9ea17c2147b182a333a74b1f74b8%7C1%7C0%7C637677398243319511%7CUnknown%7CTWFpbGZsb3d8eyJWIjoiMC4wLjAwMDAiLCJQIjoiV2luMzIiLCJBTiI6Ik1haWwiLCJXVCI6Mn0%3D%7C1000&amp;sdata=PlG3sUwhlyfxNZYwlsvrkxmEunYesIzprUvuc2a1fZs%3D&amp;reserved=0\">Refunk\u00a0<\/a><u>:<\/u> Transformation les\u00a0v\u00eatements en nouvelles pi\u00e8ces en favorisant\u00a0l\u2019insertion professionnelle\u00a0par la cr\u00e9ativit\u00e9 et la confection textile au sein du 93.<\/li>\n<li><a href=\"http:\/\/www.greencityorganisation.fr\/\">Green City\u00a0<\/a>: Conception de\u00a0solutions low tech\u00a0et smart visant \u00e0 supprimer\u00a0la pollution marine\u00a0issue de la terre, et notamment D\u2019Rain, une technologie brevet\u00e9e qui capte les d\u00e9chets avant qu\u2019ils n\u2019atteignent la mer, l\u00e0 o\u00f9 ils se concentrent, \u00e0 la sortie des exutoires d\u2019eaux pluviales et qui collecte des donn\u00e9es sur la qualit\u00e9 de l\u2019eau.<\/li>\n<li><a href=\"https:\/\/nam02.safelinks.protection.outlook.com\/?url=https%3A%2F%2Flesappretes.com%2F&amp;data=04%7C01%7Cmathilde.thireau%40publicisconsultants.com%7C7fd82cc36c6240728a7f08d97c3712b6%7Cd52c9ea17c2147b182a333a74b1f74b8%7C1%7C0%7C637677398243329512%7CUnknown%7CTWFpbGZsb3d8eyJWIjoiMC4wLjAwMDAiLCJQIjoiV2luMzIiLCJBTiI6Ik1haWwiLCJXVCI6Mn0%3D%7C1000&amp;sdata=f64wd6OrHkeQGitWXGZq5%2BmsqeimGcU9SXKhg03O7GA%3D&amp;reserved=0\">Les Appr\u00eat\u00e9s<\/a><a href=\"https:\/\/nam02.safelinks.protection.outlook.com\/?url=https%3A%2F%2Flesappretes.com%2F&amp;data=04%7C01%7Cmathilde.thireau%40publicisconsultants.com%7C7fd82cc36c6240728a7f08d97c3712b6%7Cd52c9ea17c2147b182a333a74b1f74b8%7C1%7C0%7C637677398243329512%7CUnknown%7CTWFpbGZsb3d8eyJWIjoiMC4wLjAwMDAiLCJQIjoiV2luMzIiLCJBTiI6Ik1haWwiLCJXVCI6Mn0%3D%7C1000&amp;sdata=f64wd6OrHkeQGitWXGZq5%2BmsqeimGcU9SXKhg03O7GA%3D&amp;reserved=0\">\u00a0<\/a>: 1er service \u00e9co-responsable\u00a0de location de v\u00eatements\u00a0et accessoires de marques \u00e9thiques, pour hommes et femmes.<\/li>\n<li>Bon Week\u00a0: le voyage \u00ab\u00a0lowcal\u00a0\u00bb, partir en\u00a0week-end \u00e0 c\u00f4t\u00e9\u00a0de chez soi pour\u00a0soutenir le patrimoine local, l&rsquo;\u00e9conomie locale<\/li>\n<li>So\/co : un studio d\u2019impact social favorisant les synergies entre entreprises et associations.<\/li>\n<\/ul>\n<p>\u00ab <em>Ma mission est de d\u00e9velopper les synergies entre les associations et les entreprises car je suis persuad\u00e9 qu\u2019ensemble, ces deux acteurs ont le pouvoir de changer notre soci\u00e9t\u00e9. L\u2019accompagnement de SAP est une opportunit\u00e9 extraordinaire car il va me permettre de tester mon offre aupr\u00e8s d\u2019un grand Groupe, et co-construire ma solution gr\u00e2ce au soutien des collaborateurs. Je r\u00e9fl\u00e9chis notamment au d\u00e9veloppement d&rsquo;une plateforme digitale, un sujet sur lequel SAP poss\u00e8de une grande expertise. Cette collaboration va donc me permettre d\u2019augmenter consid\u00e9rablement mon impact !<\/em>\u00a0\u00bb\u00a0Victor C\u0153ur, co-fondateur So\/co<\/p>\n<p>\u00ab\u00a0<em>Le programme de mentoring SAP, c&rsquo;est l&rsquo;opportunit\u00e9 d&rsquo;\u00eatre challeng\u00e9 et de b\u00e9n\u00e9ficier des conseils de mentors aux expertises vari\u00e9es pour optimiser notre parcours utilisateur.\u00a0<\/em>\u00bb Anne Claire Chanvin, co-fondatrice Les Appr\u00eat\u00e9s.<\/p>\n<p>L\u2019implication de SAP dans ce partenariat permet au leader des progiciels europ\u00e9en, d\u2019avoir \u00e0 la fois un fort impact externe aupr\u00e8s de l\u2019\u00e9cosyst\u00e8me des startups, ainsi qu\u2019un impact en interne en cr\u00e9ant une exp\u00e9rience collaborateur unique. L\u2019initiative fournit en effet aux collaborateurs SAP des opportunit\u00e9s de d\u00e9veloppement et en m\u00eame temps lib\u00e8re leur potentiel.<\/p>\n<p>A travers sa Fondation SAP France, SAP s\u2019engage activement pour l\u2019essor de l\u2019entreprenariat social en France. Grace \u00e0 ses 5 partenariats associatifs pour soutenir la cause \u00ab\u00a0Entreprendre autrement\u00a0\u00bb, ce sont pr\u00e8s de 70 startups chaque ann\u00e9e, qui b\u00e9n\u00e9ficient du m\u00e9c\u00e9nat de comp\u00e9tence sp\u00e9cialis\u00e9 de 150 collaborateurs SAP. En effet, en parall\u00e8le de l\u2019engagement de SAP aux c\u00f4t\u00e9s de makesense et de La Ruche, on retrouve au sein de l\u2019\u00e9cosyst\u00e8me, Enactus, les D\u00e9termin\u00e9s et Entreprendre dans la Ville. Ces acteurs de l\u2019ESS en France permettent \u00e0 SAP d\u2019impacter le plus grand nombre de porteurs de projets sociaux de toutes g\u00e9n\u00e9rations et horizons.<\/p>\n<p>&nbsp;<\/p>\n<p><strong>\u00c0 propos de SAP<\/strong><\/p>\n<p>La strat\u00e9gie de SAP vise \u00e0 aider chaque organisation \u00e0 fonctionner en \u201centreprise intelligente\u201d. En tant que leader du march\u00e9 des logiciels d&rsquo;application d&rsquo;entreprise, nous aidons les entreprises de toutes tailles et de tous secteurs \u00e0 op\u00e9rer au mieux : 77 % des transactions commerciales mondiales entrent en contact avec un syst\u00e8me SAP\u00ae. Nos technologies de Machine Learning, d&rsquo;Internet des objets (IoT) et d&rsquo;analytique avanc\u00e9es aident nos clients \u00e0 transformer leurs activit\u00e9s en \u201centreprises intelligentes\u201d. SAP permet aux personnes et aux organisations d&rsquo;avoir une vision approfondie de leur business et favorise la collaboration afin qu&rsquo;elles puissent garder une longueur d&rsquo;avance sur leurs concurrents. Nous simplifions la technologie afin que les entreprises puissent utiliser nos logiciels comme elles le souhaitent &#8211; sans interruption. Notre suite d&rsquo;applications et de services de bout en bout permet aux clients priv\u00e9s et publics de 25 secteurs d&rsquo;activit\u00e9 dans le monde de fonctionner de mani\u00e8re rentable, de s&rsquo;adapter en permanence et de faire la diff\u00e9rence. Avec son r\u00e9seau mondial de clients, partenaires, employ\u00e9s et leaders d\u2019opinion, SAP aide le monde \u00e0 mieux fonctionner et \u00e0 am\u00e9liorer la vie de chacun.<\/p>\n<p>Pour plus d&rsquo;informations, visitez le site <a href=\"http:\/\/www.sap.com\/\">www.sap.com<\/a>.<\/p>\n<p><strong>Contacts presse SAP\u00a0<\/strong><\/p>\n<p>Mathilde Thireau\u00a0: <a href=\"mailto:mathilde.thireau@publicisconsultants.com\">mathilde.thireau@publicisconsultants.com<\/a><u>\u00a0<\/u><\/p>\n<p>Robin Legros : <a href=\"mailto:robin.legros@publicisconsultants.com\">robin.legros@publicisconsultants.com<\/a><u>\u00a0<\/u><\/p>\n<p><a href=\"https:\/\/news.sap.com\/france\/\">SAP News Center<\/a>. Suivez SAP sur Twitter : <a href=\"http:\/\/twitter.com\/sapnews\/\">@SAPNews<\/a>.<\/p>\n<p>Veuillez tenir compte de notre <a href=\"https:\/\/www.sap.com\/corporate\/en\/legal\/privacy.html\">politique de confidentialit\u00e9<\/a>. Si vous avez re\u00e7u cette alerte de presse dans votre courriel et que vous souhaitez vous d\u00e9sabonner de notre liste d&rsquo;envoi, veuillez communiquer avec <a href=\"mailto:presse-sap@publicisconsultants.com\">presse-sap@publicisconsultants.com<\/a> et \u00e9crire D\u00e9sabonnement dans la ligne Objet.<\/p>\n","protected":false},"excerpt":{"rendered":"<p>Depuis 2017, la fondation de SAP poursuit sa d\u00e9marche de mentoring social et renouvelle cette ann\u00e9e son accompagnement pour la 6\u00e8me fois avec programme Test&#8230;<\/p>\n","protected":false},"author":3969,"featured_media":0,"comment_status":"closed","ping_status":"closed","sticky":false,"template":"","format":"standard","meta":{"footnotes":"","_links_to":"","_links_to_target":""},"categories":[5592162],"tags":[5599817],"series":[],"sapn-display":[1657070,5599814,5599812,1654726],"sapn-type":[1654279],"class_list":["post-138793","post","type-post","status-publish","format-standard","hentry","category-corporate","tag-engagement-societal","sapn-display-homepage-hero","sapn-display-presse-hero","sapn-display-presse-spotlight","sapn-display-hero","sapn-type-communique-de-presse"],"yoast_head":"<!-- This site is optimized with the Yoast SEO Premium plugin v26.9 (Yoast SEO v26.9) - https:\/\/yoast.com\/product\/yoast-seo-premium-wordpress\/ -->\n<title>SAP r\u00e9it\u00e8re son engagement envers l\u2019entrepreneuriat social en accompagnant sa 3\u00e8me Promotion 2021 avec les incubateurs makesense France et La Ruche - SAP France News<\/title>\n<meta name=\"description\" content=\"La fondation de SAP poursuit sa d\u00e9marche de mentoring social et renouvelle cette ann\u00e9e son accompagnement pour la 6\u00e8me fois avec programme Test &amp; Learn de l\u2019incubateur de startups sociales de makesense partenaire de la Fondation SAP France.\" \/>\n<meta name=\"robots\" content=\"index, follow, max-snippet:-1, max-image-preview:large, max-video-preview:-1\" \/>\n<link rel=\"canonical\" href=\"https:\/\/news.sap.com\/france\/2021\/10\/sap-reitere-son-engagement-envers-lentrepreneuriat-social-en-accompagnant-sa-3eme-promotion-2021-avec-les-incubateurs-makesense-france-et-la-ruche\/\" \/>\n<meta property=\"og:locale\" content=\"fr_FR\" \/>\n<meta property=\"og:type\" content=\"article\" \/>\n<meta property=\"og:title\" content=\"SAP r\u00e9it\u00e8re son engagement envers l\u2019entrepreneuriat social en accompagnant sa 3\u00e8me Promotion 2021 avec les incubateurs makesense France et La Ruche\" \/>\n<meta property=\"og:description\" content=\"La fondation de SAP poursuit sa d\u00e9marche de mentoring social et renouvelle cette ann\u00e9e son accompagnement pour la 6\u00e8me fois avec programme Test &amp; Learn de l\u2019incubateur de startups sociales de makesense partenaire de la Fondation SAP France.\" \/>\n<meta property=\"og:url\" content=\"https:\/\/news.sap.com\/france\/2021\/10\/sap-reitere-son-engagement-envers-lentrepreneuriat-social-en-accompagnant-sa-3eme-promotion-2021-avec-les-incubateurs-makesense-france-et-la-ruche\/\" \/>\n<meta property=\"og:site_name\" content=\"SAP France News\" \/>\n<meta property=\"article:published_time\" content=\"2021-10-07T07:41:43+00:00\" \/>\n<meta property=\"article:modified_time\" content=\"2023-10-12T14:27:53+00:00\" \/>\n<meta name=\"author\" content=\"robinlegros\" \/>\n<meta name=\"twitter:card\" content=\"summary_large_image\" \/>\n<meta name=\"twitter:label1\" content=\"\u00c9crit par\" \/>\n\t<meta name=\"twitter:data1\" content=\"robinlegros\" \/>\n\t<meta name=\"twitter:label2\" content=\"Dur\u00e9e de lecture estim\u00e9e\" \/>\n\t<meta name=\"twitter:data2\" content=\"6 minutes\" \/>\n<script type=\"application\/ld+json\" class=\"yoast-schema-graph\">{\"@context\":\"https:\/\/schema.org\",\"@graph\":[{\"@type\":\"Article\",\"@id\":\"https:\/\/news.sap.com\/france\/2021\/10\/sap-reitere-son-engagement-envers-lentrepreneuriat-social-en-accompagnant-sa-3eme-promotion-2021-avec-les-incubateurs-makesense-france-et-la-ruche\/#article\",\"isPartOf\":{\"@id\":\"https:\/\/news.sap.com\/france\/2021\/10\/sap-reitere-son-engagement-envers-lentrepreneuriat-social-en-accompagnant-sa-3eme-promotion-2021-avec-les-incubateurs-makesense-france-et-la-ruche\/\"},\"author\":{\"name\":\"robinlegros\",\"@id\":\"https:\/\/news.sap.com\/france\/#\/schema\/person\/3a5e50bc58bc980a08029e9a9163e3be\"},\"headline\":\"SAP r\u00e9it\u00e8re son engagement envers l\u2019entrepreneuriat social en accompagnant sa 3\u00e8me Promotion 2021 avec les incubateurs makesense France et La Ruche\",\"datePublished\":\"2021-10-07T07:41:43+00:00\",\"dateModified\":\"2023-10-12T14:27:53+00:00\",\"mainEntityOfPage\":{\"@id\":\"https:\/\/news.sap.com\/france\/2021\/10\/sap-reitere-son-engagement-envers-lentrepreneuriat-social-en-accompagnant-sa-3eme-promotion-2021-avec-les-incubateurs-makesense-france-et-la-ruche\/\"},\"wordCount\":1334,\"keywords\":[\"Engagement Soci\u00e9tal\"],\"articleSection\":[\"Corporate\"],\"inLanguage\":\"fr-FR\"},{\"@type\":\"WebPage\",\"@id\":\"https:\/\/news.sap.com\/france\/2021\/10\/sap-reitere-son-engagement-envers-lentrepreneuriat-social-en-accompagnant-sa-3eme-promotion-2021-avec-les-incubateurs-makesense-france-et-la-ruche\/\",\"url\":\"https:\/\/news.sap.com\/france\/2021\/10\/sap-reitere-son-engagement-envers-lentrepreneuriat-social-en-accompagnant-sa-3eme-promotion-2021-avec-les-incubateurs-makesense-france-et-la-ruche\/\",\"name\":\"SAP r\u00e9it\u00e8re son engagement envers l\u2019entrepreneuriat social en accompagnant sa 3\u00e8me Promotion 2021 avec les incubateurs makesense France et La Ruche - SAP France News\",\"isPartOf\":{\"@id\":\"https:\/\/news.sap.com\/france\/#website\"},\"datePublished\":\"2021-10-07T07:41:43+00:00\",\"dateModified\":\"2023-10-12T14:27:53+00:00\",\"author\":{\"@id\":\"https:\/\/news.sap.com\/france\/#\/schema\/person\/3a5e50bc58bc980a08029e9a9163e3be\"},\"description\":\"La fondation de SAP poursuit sa d\u00e9marche de mentoring social et renouvelle cette ann\u00e9e son accompagnement pour la 6\u00e8me fois avec programme Test & Learn de l\u2019incubateur de startups sociales de makesense partenaire de la Fondation SAP France.\",\"breadcrumb\":{\"@id\":\"https:\/\/news.sap.com\/france\/2021\/10\/sap-reitere-son-engagement-envers-lentrepreneuriat-social-en-accompagnant-sa-3eme-promotion-2021-avec-les-incubateurs-makesense-france-et-la-ruche\/#breadcrumb\"},\"inLanguage\":\"fr-FR\",\"potentialAction\":[{\"@type\":\"ReadAction\",\"target\":[\"https:\/\/news.sap.com\/france\/2021\/10\/sap-reitere-son-engagement-envers-lentrepreneuriat-social-en-accompagnant-sa-3eme-promotion-2021-avec-les-incubateurs-makesense-france-et-la-ruche\/\"]}]},{\"@type\":\"BreadcrumbList\",\"@id\":\"https:\/\/news.sap.com\/france\/2021\/10\/sap-reitere-son-engagement-envers-lentrepreneuriat-social-en-accompagnant-sa-3eme-promotion-2021-avec-les-incubateurs-makesense-france-et-la-ruche\/#breadcrumb\",\"itemListElement\":[{\"@type\":\"ListItem\",\"position\":1,\"name\":\"Home\",\"item\":\"https:\/\/news.sap.com\/france\/\"},{\"@type\":\"ListItem\",\"position\":2,\"name\":\"SAP r\u00e9it\u00e8re son engagement envers l\u2019entrepreneuriat social en accompagnant sa 3\u00e8me Promotion 2021 avec les incubateurs makesense France et La Ruche\"}]},{\"@type\":\"WebSite\",\"@id\":\"https:\/\/news.sap.com\/france\/#website\",\"url\":\"https:\/\/news.sap.com\/france\/\",\"name\":\"SAP France News\",\"description\":\"Blogs, Vid\u00e9os et Actualit\u00e9s de SAP en France\",\"potentialAction\":[{\"@type\":\"SearchAction\",\"target\":{\"@type\":\"EntryPoint\",\"urlTemplate\":\"https:\/\/news.sap.com\/france\/?s={search_term_string}\"},\"query-input\":{\"@type\":\"PropertyValueSpecification\",\"valueRequired\":true,\"valueName\":\"search_term_string\"}}],\"inLanguage\":\"fr-FR\"},{\"@type\":\"Person\",\"@id\":\"https:\/\/news.sap.com\/france\/#\/schema\/person\/3a5e50bc58bc980a08029e9a9163e3be\",\"name\":\"robinlegros\",\"image\":{\"@type\":\"ImageObject\",\"inLanguage\":\"fr-FR\",\"@id\":\"https:\/\/news.sap.com\/france\/#\/schema\/person\/image\/\",\"url\":\"https:\/\/news.sap.com\/france\/wp-content\/plugins\/wp-user-avatars\/wp-user-avatars\/assets\/images\/mystery.jpg\",\"contentUrl\":\"https:\/\/news.sap.com\/france\/wp-content\/plugins\/wp-user-avatars\/wp-user-avatars\/assets\/images\/mystery.jpg\",\"caption\":\"robinlegros\"},\"url\":\"https:\/\/news.sap.com\/france\/author\/robinlegros\/\"}]}<\/script>\n<!-- \/ Yoast SEO Premium plugin. -->","yoast_head_json":{"title":"SAP r\u00e9it\u00e8re son engagement envers l\u2019entrepreneuriat social en accompagnant sa 3\u00e8me Promotion 2021 avec les incubateurs makesense France et La Ruche - SAP France News","description":"La fondation de SAP poursuit sa d\u00e9marche de mentoring social et renouvelle cette ann\u00e9e son accompagnement pour la 6\u00e8me fois avec programme Test & Learn de l\u2019incubateur de startups sociales de makesense partenaire de la Fondation SAP France.","robots":{"index":"index","follow":"follow","max-snippet":"max-snippet:-1","max-image-preview":"max-image-preview:large","max-video-preview":"max-video-preview:-1"},"canonical":"https:\/\/news.sap.com\/france\/2021\/10\/sap-reitere-son-engagement-envers-lentrepreneuriat-social-en-accompagnant-sa-3eme-promotion-2021-avec-les-incubateurs-makesense-france-et-la-ruche\/","og_locale":"fr_FR","og_type":"article","og_title":"SAP r\u00e9it\u00e8re son engagement envers l\u2019entrepreneuriat social en accompagnant sa 3\u00e8me Promotion 2021 avec les incubateurs makesense France et La Ruche","og_description":"La fondation de SAP poursuit sa d\u00e9marche de mentoring social et renouvelle cette ann\u00e9e son accompagnement pour la 6\u00e8me fois avec programme Test & Learn de l\u2019incubateur de startups sociales de makesense partenaire de la Fondation SAP France.","og_url":"https:\/\/news.sap.com\/france\/2021\/10\/sap-reitere-son-engagement-envers-lentrepreneuriat-social-en-accompagnant-sa-3eme-promotion-2021-avec-les-incubateurs-makesense-france-et-la-ruche\/","og_site_name":"SAP France News","article_published_time":"2021-10-07T07:41:43+00:00","article_modified_time":"2023-10-12T14:27:53+00:00","author":"robinlegros","twitter_card":"summary_large_image","twitter_misc":{"\u00c9crit par":"robinlegros","Dur\u00e9e de lecture estim\u00e9e":"6 minutes"},"schema":{"@context":"https:\/\/schema.org","@graph":[{"@type":"Article","@id":"https:\/\/news.sap.com\/france\/2021\/10\/sap-reitere-son-engagement-envers-lentrepreneuriat-social-en-accompagnant-sa-3eme-promotion-2021-avec-les-incubateurs-makesense-france-et-la-ruche\/#article","isPartOf":{"@id":"https:\/\/news.sap.com\/france\/2021\/10\/sap-reitere-son-engagement-envers-lentrepreneuriat-social-en-accompagnant-sa-3eme-promotion-2021-avec-les-incubateurs-makesense-france-et-la-ruche\/"},"author":{"name":"robinlegros","@id":"https:\/\/news.sap.com\/france\/#\/schema\/person\/3a5e50bc58bc980a08029e9a9163e3be"},"headline":"SAP r\u00e9it\u00e8re son engagement envers l\u2019entrepreneuriat social en accompagnant sa 3\u00e8me Promotion 2021 avec les incubateurs makesense France et La Ruche","datePublished":"2021-10-07T07:41:43+00:00","dateModified":"2023-10-12T14:27:53+00:00","mainEntityOfPage":{"@id":"https:\/\/news.sap.com\/france\/2021\/10\/sap-reitere-son-engagement-envers-lentrepreneuriat-social-en-accompagnant-sa-3eme-promotion-2021-avec-les-incubateurs-makesense-france-et-la-ruche\/"},"wordCount":1334,"keywords":["Engagement Soci\u00e9tal"],"articleSection":["Corporate"],"inLanguage":"fr-FR"},{"@type":"WebPage","@id":"https:\/\/news.sap.com\/france\/2021\/10\/sap-reitere-son-engagement-envers-lentrepreneuriat-social-en-accompagnant-sa-3eme-promotion-2021-avec-les-incubateurs-makesense-france-et-la-ruche\/","url":"https:\/\/news.sap.com\/france\/2021\/10\/sap-reitere-son-engagement-envers-lentrepreneuriat-social-en-accompagnant-sa-3eme-promotion-2021-avec-les-incubateurs-makesense-france-et-la-ruche\/","name":"SAP r\u00e9it\u00e8re son engagement envers l\u2019entrepreneuriat social en accompagnant sa 3\u00e8me Promotion 2021 avec les incubateurs makesense France et La Ruche - SAP France News","isPartOf":{"@id":"https:\/\/news.sap.com\/france\/#website"},"datePublished":"2021-10-07T07:41:43+00:00","dateModified":"2023-10-12T14:27:53+00:00","author":{"@id":"https:\/\/news.sap.com\/france\/#\/schema\/person\/3a5e50bc58bc980a08029e9a9163e3be"},"description":"La fondation de SAP poursuit sa d\u00e9marche de mentoring social et renouvelle cette ann\u00e9e son accompagnement pour la 6\u00e8me fois avec programme Test & Learn de l\u2019incubateur de startups sociales de makesense partenaire de la Fondation SAP France.","breadcrumb":{"@id":"https:\/\/news.sap.com\/france\/2021\/10\/sap-reitere-son-engagement-envers-lentrepreneuriat-social-en-accompagnant-sa-3eme-promotion-2021-avec-les-incubateurs-makesense-france-et-la-ruche\/#breadcrumb"},"inLanguage":"fr-FR","potentialAction":[{"@type":"ReadAction","target":["https:\/\/news.sap.com\/france\/2021\/10\/sap-reitere-son-engagement-envers-lentrepreneuriat-social-en-accompagnant-sa-3eme-promotion-2021-avec-les-incubateurs-makesense-france-et-la-ruche\/"]}]},{"@type":"BreadcrumbList","@id":"https:\/\/news.sap.com\/france\/2021\/10\/sap-reitere-son-engagement-envers-lentrepreneuriat-social-en-accompagnant-sa-3eme-promotion-2021-avec-les-incubateurs-makesense-france-et-la-ruche\/#breadcrumb","itemListElement":[{"@type":"ListItem","position":1,"name":"Home","item":"https:\/\/news.sap.com\/france\/"},{"@type":"ListItem","position":2,"name":"SAP r\u00e9it\u00e8re son engagement envers l\u2019entrepreneuriat social en accompagnant sa 3\u00e8me Promotion 2021 avec les incubateurs makesense France et La Ruche"}]},{"@type":"WebSite","@id":"https:\/\/news.sap.com\/france\/#website","url":"https:\/\/news.sap.com\/france\/","name":"SAP France News","description":"Blogs, Vid\u00e9os et Actualit\u00e9s de SAP en France","potentialAction":[{"@type":"SearchAction","target":{"@type":"EntryPoint","urlTemplate":"https:\/\/news.sap.com\/france\/?s={search_term_string}"},"query-input":{"@type":"PropertyValueSpecification","valueRequired":true,"valueName":"search_term_string"}}],"inLanguage":"fr-FR"},{"@type":"Person","@id":"https:\/\/news.sap.com\/france\/#\/schema\/person\/3a5e50bc58bc980a08029e9a9163e3be","name":"robinlegros","image":{"@type":"ImageObject","inLanguage":"fr-FR","@id":"https:\/\/news.sap.com\/france\/#\/schema\/person\/image\/","url":"https:\/\/news.sap.com\/france\/wp-content\/plugins\/wp-user-avatars\/wp-user-avatars\/assets\/images\/mystery.jpg","contentUrl":"https:\/\/news.sap.com\/france\/wp-content\/plugins\/wp-user-avatars\/wp-user-avatars\/assets\/images\/mystery.jpg","caption":"robinlegros"},"url":"https:\/\/news.sap.com\/france\/author\/robinlegros\/"}]}},"amp_enabled":true,"_links":{"self":[{"href":"https:\/\/news.sap.com\/france\/wp-json\/wp\/v2\/posts\/138793","targetHints":{"allow":["GET"]}}],"collection":[{"href":"https:\/\/news.sap.com\/france\/wp-json\/wp\/v2\/posts"}],"about":[{"href":"https:\/\/news.sap.com\/france\/wp-json\/wp\/v2\/types\/post"}],"author":[{"embeddable":true,"href":"https:\/\/news.sap.com\/france\/wp-json\/wp\/v2\/users\/3969"}],"replies":[{"embeddable":true,"href":"https:\/\/news.sap.com\/france\/wp-json\/wp\/v2\/comments?post=138793"}],"version-history":[{"count":0,"href":"https:\/\/news.sap.com\/france\/wp-json\/wp\/v2\/posts\/138793\/revisions"}],"wp:attachment":[{"href":"https:\/\/news.sap.com\/france\/wp-json\/wp\/v2\/media?parent=138793"}],"wp:term":[{"taxonomy":"category","embeddable":true,"href":"https:\/\/news.sap.com\/france\/wp-json\/wp\/v2\/categories?post=138793"},{"taxonomy":"post_tag","embeddable":true,"href":"https:\/\/news.sap.com\/france\/wp-json\/wp\/v2\/tags?post=138793"},{"taxonomy":"series","embeddable":true,"href":"https:\/\/news.sap.com\/france\/wp-json\/wp\/v2\/series?post=138793"},{"taxonomy":"sapn-display","embeddable":true,"href":"https:\/\/news.sap.com\/france\/wp-json\/wp\/v2\/sapn-display?post=138793"},{"taxonomy":"sapn-type","embeddable":true,"href":"https:\/\/news.sap.com\/france\/wp-json\/wp\/v2\/sapn-type?post=138793"}],"curies":[{"name":"wp","href":"https:\/\/api.w.org\/{rel}","templated":true}]}}