{"id":139689,"date":"2023-01-20T07:55:10","date_gmt":"2023-01-20T07:55:10","guid":{"rendered":"https:\/\/news.sap.com\/france\/?p=139689"},"modified":"2023-10-12T14:24:53","modified_gmt":"2023-10-12T14:24:53","slug":"sap-france-recompense-a-deux-reprises-pour-son-engagement-en-qualite-demployeur-dexception","status":"publish","type":"post","link":"https:\/\/news.sap.com\/france\/2023\/01\/sap-france-recompense-a-deux-reprises-pour-son-engagement-en-qualite-demployeur-dexception\/","title":{"rendered":"SAP France r\u00e9compens\u00e9 \u00e0 deux reprises pour son engagement en qualit\u00e9 d&#8217;employeur d\u2019exception"},"content":{"rendered":"<p><strong>Paris, le 20 janvier 2023 <\/strong>&#8211; SAP France distingu\u00e9 \u00e0 deux reprises pour sa qualit\u00e9 d&#8217;employeur depuis 2023.<\/p>\n<p>SAP France est fier d\u2019annoncer son classement parmi le <a href=\"https:\/\/www.glassdoor.fr\/R%C3%A9compense\/Meilleurs-Employeurs-France-LST_KQ0,27.htm\">TOP 10 des employeurs Best Places to Work de Glassdoor 2023<\/a>. Au sein de ce m\u00eame classement, SAP France se hisse \u00e0 la deuxi\u00e8me place des acteurs High Tech.<\/p>\n<p>L\u2019entreprise se distingue \u00e9galement de nouveau, et pour la 10<sup>\u00e8me<\/sup> ann\u00e9e cons\u00e9cutive par son classement \u00e0 <strong>Top Employer France 2023<\/strong> en occupant la 8<sup>\u00e8me<\/sup> place.<\/p>\n<p>Cette ann\u00e9e encore, le Groupe a su se d\u00e9marquer comme \u00e9tant un employeur attractif et respectueux d\u2019un environnement de travail o\u00f9 la culture du Talent est devenue la v\u00e9ritable pierre angulaire du management, SAP France ayant fait de plusieurs domaines un socle manag\u00e9rial pour attirer et sauvegarder ses Talents.<\/p>\n<p>En offrant un environnement de travail flexible, qui contribue grandement \u00e0 l\u2019\u00e9quilibre vie professionnelle \/ vie personnelle, et en assurant des engagements forts en mati\u00e8re de Diversit\u00e9 et d&rsquo;Inclusion, dont notamment la valorisation de l\u2019interg\u00e9n\u00e9rationnel et l\u2019accompagnement des salari\u00e9s aidants, SAP France ne cesse d\u2019am\u00e9liorer les conditions de travail de l\u2019ensemble de ses \u00e9quipes.<\/p>\n<p>L\u2019exp\u00e9rimentation de \u00ab New ways of Work \u00bb d\u00e9montre \u00e0 nouveau cette volont\u00e9 d\u2019aller toujours plus loin pour offrir aux Talents une culture et des engagements align\u00e9s avec leurs besoins et leur temps.<\/p>\n<p>Autre facteur soulign\u00e9 des salari\u00e9s, l\u2019engagement de SAP France en tant qu\u2019entreprise responsable, avec notamment son <a href=\"https:\/\/news.sap.com\/france\/2020\/04\/sap-qualite-de-vie-au-travail\/\">programme de QVT<\/a>, sa politique de M\u00e9c\u00e9nat et de mentoring de startups sociales.<\/p>\n<p>\u201c<em>En qualit\u00e9 de g\u00e9ant de la Tech Europ\u00e9enne, nous devons montrer l\u2019exemple. Nous devons transmettre et partager nos technologies business avec des entreprises qui en ont besoin. Nous devons offrir \u00e0 nos Talents un environnement de travail qui puisse prendre en compte les \u00e9volutions soci\u00e9tales, tout en \u00e9tant \u00e0 m\u00eame de travailler l\u2019individualit\u00e9 de chacun. Je m\u2019\u00e9tais engag\u00e9 il y a quelques mois \u00e0 offrir un environnement de confiance au business comme aux \u00e9quipes SAP France. Ces distinctions prouvent que nous sommes sur la bonne voie, et qu\u2019il nous faut continuer \u00e0 privil\u00e9gier une culture responsable du Talent<\/em>\u201d, indique Olivier Nollent, Pr\u00e9sident Directeur G\u00e9n\u00e9ral de SAP France.<\/p>\n","protected":false},"excerpt":{"rendered":"<p>Paris, le 20 janvier 2023 &#8211; SAP France distingu\u00e9 \u00e0 deux reprises pour sa qualit\u00e9 d&#8217;employeur depuis 2023. SAP France est fier d\u2019annoncer son classement&#8230;<\/p>\n","protected":false},"author":4426,"featured_media":0,"comment_status":"closed","ping_status":"closed","sticky":false,"template":"","format":"standard","meta":{"footnotes":"","_links_to":"","_links_to_target":""},"categories":[5592162,1656448],"tags":[5599817],"series":[],"sapn-display":[1657070,5599814,5599812,1654726],"sapn-type":[1654279],"class_list":["post-139689","post","type-post","status-publish","format-standard","hentry","category-corporate","category-gestion-des-ressources-humaines","tag-engagement-societal","sapn-display-homepage-hero","sapn-display-presse-hero","sapn-display-presse-spotlight","sapn-display-hero","sapn-type-communique-de-presse"],"yoast_head":"<!-- This site is optimized with the Yoast SEO Premium plugin v26.9 (Yoast SEO v26.9) - https:\/\/yoast.com\/product\/yoast-seo-premium-wordpress\/ -->\n<title>SAP France r\u00e9compens\u00e9 \u00e0 deux reprises pour son engagement en qualit\u00e9 d&#039;employeur d\u2019exception - SAP France News<\/title>\n<meta name=\"robots\" content=\"index, follow, max-snippet:-1, max-image-preview:large, max-video-preview:-1\" \/>\n<link rel=\"canonical\" href=\"https:\/\/news.sap.com\/france\/2023\/01\/sap-france-recompense-a-deux-reprises-pour-son-engagement-en-qualite-demployeur-dexception\/\" \/>\n<meta property=\"og:locale\" content=\"fr_FR\" \/>\n<meta property=\"og:type\" content=\"article\" \/>\n<meta property=\"og:title\" content=\"SAP France r\u00e9compens\u00e9 \u00e0 deux reprises pour son engagement en qualit\u00e9 d&#039;employeur d\u2019exception\" \/>\n<meta property=\"og:description\" content=\"Paris, le 20 janvier 2023 &#8211; SAP France distingu\u00e9 \u00e0 deux reprises pour sa qualit\u00e9 d&#8217;employeur depuis 2023. SAP France est fier d\u2019annoncer son classement...\" \/>\n<meta property=\"og:url\" content=\"https:\/\/news.sap.com\/france\/2023\/01\/sap-france-recompense-a-deux-reprises-pour-son-engagement-en-qualite-demployeur-dexception\/\" \/>\n<meta property=\"og:site_name\" content=\"SAP France News\" \/>\n<meta property=\"article:published_time\" content=\"2023-01-20T07:55:10+00:00\" \/>\n<meta property=\"article:modified_time\" content=\"2023-10-12T14:24:53+00:00\" \/>\n<meta name=\"author\" content=\"SAP France Communication\" \/>\n<meta name=\"twitter:card\" content=\"summary_large_image\" \/>\n<meta name=\"twitter:label1\" content=\"\u00c9crit par\" \/>\n\t<meta name=\"twitter:data1\" content=\"SAP France Communication\" \/>\n\t<meta name=\"twitter:label2\" content=\"Dur\u00e9e de lecture estim\u00e9e\" \/>\n\t<meta name=\"twitter:data2\" content=\"2 minutes\" \/>\n<script type=\"application\/ld+json\" class=\"yoast-schema-graph\">{\"@context\":\"https:\/\/schema.org\",\"@graph\":[{\"@type\":\"Article\",\"@id\":\"https:\/\/news.sap.com\/france\/2023\/01\/sap-france-recompense-a-deux-reprises-pour-son-engagement-en-qualite-demployeur-dexception\/#article\",\"isPartOf\":{\"@id\":\"https:\/\/news.sap.com\/france\/2023\/01\/sap-france-recompense-a-deux-reprises-pour-son-engagement-en-qualite-demployeur-dexception\/\"},\"author\":{\"name\":\"SAP France Communication\",\"@id\":\"https:\/\/news.sap.com\/france\/#\/schema\/person\/5cb52e870ed8861bec930a5e783bdfe7\"},\"headline\":\"SAP France r\u00e9compens\u00e9 \u00e0 deux reprises pour son engagement en qualit\u00e9 d&#8217;employeur d\u2019exception\",\"datePublished\":\"2023-01-20T07:55:10+00:00\",\"dateModified\":\"2023-10-12T14:24:53+00:00\",\"mainEntityOfPage\":{\"@id\":\"https:\/\/news.sap.com\/france\/2023\/01\/sap-france-recompense-a-deux-reprises-pour-son-engagement-en-qualite-demployeur-dexception\/\"},\"wordCount\":395,\"keywords\":[\"Engagement Soci\u00e9tal\"],\"articleSection\":[\"Corporate\",\"Gestion des ressources humaines\"],\"inLanguage\":\"fr-FR\"},{\"@type\":\"WebPage\",\"@id\":\"https:\/\/news.sap.com\/france\/2023\/01\/sap-france-recompense-a-deux-reprises-pour-son-engagement-en-qualite-demployeur-dexception\/\",\"url\":\"https:\/\/news.sap.com\/france\/2023\/01\/sap-france-recompense-a-deux-reprises-pour-son-engagement-en-qualite-demployeur-dexception\/\",\"name\":\"SAP France r\u00e9compens\u00e9 \u00e0 deux reprises pour son engagement en qualit\u00e9 d'employeur d\u2019exception - SAP France News\",\"isPartOf\":{\"@id\":\"https:\/\/news.sap.com\/france\/#website\"},\"datePublished\":\"2023-01-20T07:55:10+00:00\",\"dateModified\":\"2023-10-12T14:24:53+00:00\",\"author\":{\"@id\":\"https:\/\/news.sap.com\/france\/#\/schema\/person\/5cb52e870ed8861bec930a5e783bdfe7\"},\"breadcrumb\":{\"@id\":\"https:\/\/news.sap.com\/france\/2023\/01\/sap-france-recompense-a-deux-reprises-pour-son-engagement-en-qualite-demployeur-dexception\/#breadcrumb\"},\"inLanguage\":\"fr-FR\",\"potentialAction\":[{\"@type\":\"ReadAction\",\"target\":[\"https:\/\/news.sap.com\/france\/2023\/01\/sap-france-recompense-a-deux-reprises-pour-son-engagement-en-qualite-demployeur-dexception\/\"]}]},{\"@type\":\"BreadcrumbList\",\"@id\":\"https:\/\/news.sap.com\/france\/2023\/01\/sap-france-recompense-a-deux-reprises-pour-son-engagement-en-qualite-demployeur-dexception\/#breadcrumb\",\"itemListElement\":[{\"@type\":\"ListItem\",\"position\":1,\"name\":\"Home\",\"item\":\"https:\/\/news.sap.com\/france\/\"},{\"@type\":\"ListItem\",\"position\":2,\"name\":\"SAP France r\u00e9compens\u00e9 \u00e0 deux reprises pour son engagement en qualit\u00e9 d&#8217;employeur d\u2019exception\"}]},{\"@type\":\"WebSite\",\"@id\":\"https:\/\/news.sap.com\/france\/#website\",\"url\":\"https:\/\/news.sap.com\/france\/\",\"name\":\"SAP France News\",\"description\":\"Blogs, Vid\u00e9os et Actualit\u00e9s de SAP en France\",\"potentialAction\":[{\"@type\":\"SearchAction\",\"target\":{\"@type\":\"EntryPoint\",\"urlTemplate\":\"https:\/\/news.sap.com\/france\/?s={search_term_string}\"},\"query-input\":{\"@type\":\"PropertyValueSpecification\",\"valueRequired\":true,\"valueName\":\"search_term_string\"}}],\"inLanguage\":\"fr-FR\"},{\"@type\":\"Person\",\"@id\":\"https:\/\/news.sap.com\/france\/#\/schema\/person\/5cb52e870ed8861bec930a5e783bdfe7\",\"name\":\"SAP France Communication\",\"image\":{\"@type\":\"ImageObject\",\"inLanguage\":\"fr-FR\",\"@id\":\"https:\/\/news.sap.com\/france\/#\/schema\/person\/image\/\",\"url\":\"https:\/\/news.sap.com\/france\/wp-content\/plugins\/wp-user-avatars\/wp-user-avatars\/assets\/images\/mystery.jpg\",\"contentUrl\":\"https:\/\/news.sap.com\/france\/wp-content\/plugins\/wp-user-avatars\/wp-user-avatars\/assets\/images\/mystery.jpg\",\"caption\":\"SAP France Communication\"},\"url\":\"https:\/\/news.sap.com\/france\/author\/sapfrancecommunication\/\"}]}<\/script>\n<!-- \/ Yoast SEO Premium plugin. -->","yoast_head_json":{"title":"SAP France r\u00e9compens\u00e9 \u00e0 deux reprises pour son engagement en qualit\u00e9 d'employeur d\u2019exception - SAP France News","robots":{"index":"index","follow":"follow","max-snippet":"max-snippet:-1","max-image-preview":"max-image-preview:large","max-video-preview":"max-video-preview:-1"},"canonical":"https:\/\/news.sap.com\/france\/2023\/01\/sap-france-recompense-a-deux-reprises-pour-son-engagement-en-qualite-demployeur-dexception\/","og_locale":"fr_FR","og_type":"article","og_title":"SAP France r\u00e9compens\u00e9 \u00e0 deux reprises pour son engagement en qualit\u00e9 d'employeur d\u2019exception","og_description":"Paris, le 20 janvier 2023 &#8211; SAP France distingu\u00e9 \u00e0 deux reprises pour sa qualit\u00e9 d&#8217;employeur depuis 2023. SAP France est fier d\u2019annoncer son classement...","og_url":"https:\/\/news.sap.com\/france\/2023\/01\/sap-france-recompense-a-deux-reprises-pour-son-engagement-en-qualite-demployeur-dexception\/","og_site_name":"SAP France News","article_published_time":"2023-01-20T07:55:10+00:00","article_modified_time":"2023-10-12T14:24:53+00:00","author":"SAP France Communication","twitter_card":"summary_large_image","twitter_misc":{"\u00c9crit par":"SAP France Communication","Dur\u00e9e de lecture estim\u00e9e":"2 minutes"},"schema":{"@context":"https:\/\/schema.org","@graph":[{"@type":"Article","@id":"https:\/\/news.sap.com\/france\/2023\/01\/sap-france-recompense-a-deux-reprises-pour-son-engagement-en-qualite-demployeur-dexception\/#article","isPartOf":{"@id":"https:\/\/news.sap.com\/france\/2023\/01\/sap-france-recompense-a-deux-reprises-pour-son-engagement-en-qualite-demployeur-dexception\/"},"author":{"name":"SAP France Communication","@id":"https:\/\/news.sap.com\/france\/#\/schema\/person\/5cb52e870ed8861bec930a5e783bdfe7"},"headline":"SAP France r\u00e9compens\u00e9 \u00e0 deux reprises pour son engagement en qualit\u00e9 d&#8217;employeur d\u2019exception","datePublished":"2023-01-20T07:55:10+00:00","dateModified":"2023-10-12T14:24:53+00:00","mainEntityOfPage":{"@id":"https:\/\/news.sap.com\/france\/2023\/01\/sap-france-recompense-a-deux-reprises-pour-son-engagement-en-qualite-demployeur-dexception\/"},"wordCount":395,"keywords":["Engagement Soci\u00e9tal"],"articleSection":["Corporate","Gestion des ressources humaines"],"inLanguage":"fr-FR"},{"@type":"WebPage","@id":"https:\/\/news.sap.com\/france\/2023\/01\/sap-france-recompense-a-deux-reprises-pour-son-engagement-en-qualite-demployeur-dexception\/","url":"https:\/\/news.sap.com\/france\/2023\/01\/sap-france-recompense-a-deux-reprises-pour-son-engagement-en-qualite-demployeur-dexception\/","name":"SAP France r\u00e9compens\u00e9 \u00e0 deux reprises pour son engagement en qualit\u00e9 d'employeur d\u2019exception - SAP France News","isPartOf":{"@id":"https:\/\/news.sap.com\/france\/#website"},"datePublished":"2023-01-20T07:55:10+00:00","dateModified":"2023-10-12T14:24:53+00:00","author":{"@id":"https:\/\/news.sap.com\/france\/#\/schema\/person\/5cb52e870ed8861bec930a5e783bdfe7"},"breadcrumb":{"@id":"https:\/\/news.sap.com\/france\/2023\/01\/sap-france-recompense-a-deux-reprises-pour-son-engagement-en-qualite-demployeur-dexception\/#breadcrumb"},"inLanguage":"fr-FR","potentialAction":[{"@type":"ReadAction","target":["https:\/\/news.sap.com\/france\/2023\/01\/sap-france-recompense-a-deux-reprises-pour-son-engagement-en-qualite-demployeur-dexception\/"]}]},{"@type":"BreadcrumbList","@id":"https:\/\/news.sap.com\/france\/2023\/01\/sap-france-recompense-a-deux-reprises-pour-son-engagement-en-qualite-demployeur-dexception\/#breadcrumb","itemListElement":[{"@type":"ListItem","position":1,"name":"Home","item":"https:\/\/news.sap.com\/france\/"},{"@type":"ListItem","position":2,"name":"SAP France r\u00e9compens\u00e9 \u00e0 deux reprises pour son engagement en qualit\u00e9 d&#8217;employeur d\u2019exception"}]},{"@type":"WebSite","@id":"https:\/\/news.sap.com\/france\/#website","url":"https:\/\/news.sap.com\/france\/","name":"SAP France News","description":"Blogs, Vid\u00e9os et Actualit\u00e9s de SAP en France","potentialAction":[{"@type":"SearchAction","target":{"@type":"EntryPoint","urlTemplate":"https:\/\/news.sap.com\/france\/?s={search_term_string}"},"query-input":{"@type":"PropertyValueSpecification","valueRequired":true,"valueName":"search_term_string"}}],"inLanguage":"fr-FR"},{"@type":"Person","@id":"https:\/\/news.sap.com\/france\/#\/schema\/person\/5cb52e870ed8861bec930a5e783bdfe7","name":"SAP France Communication","image":{"@type":"ImageObject","inLanguage":"fr-FR","@id":"https:\/\/news.sap.com\/france\/#\/schema\/person\/image\/","url":"https:\/\/news.sap.com\/france\/wp-content\/plugins\/wp-user-avatars\/wp-user-avatars\/assets\/images\/mystery.jpg","contentUrl":"https:\/\/news.sap.com\/france\/wp-content\/plugins\/wp-user-avatars\/wp-user-avatars\/assets\/images\/mystery.jpg","caption":"SAP France Communication"},"url":"https:\/\/news.sap.com\/france\/author\/sapfrancecommunication\/"}]}},"amp_enabled":true,"_links":{"self":[{"href":"https:\/\/news.sap.com\/france\/wp-json\/wp\/v2\/posts\/139689","targetHints":{"allow":["GET"]}}],"collection":[{"href":"https:\/\/news.sap.com\/france\/wp-json\/wp\/v2\/posts"}],"about":[{"href":"https:\/\/news.sap.com\/france\/wp-json\/wp\/v2\/types\/post"}],"author":[{"embeddable":true,"href":"https:\/\/news.sap.com\/france\/wp-json\/wp\/v2\/users\/4426"}],"replies":[{"embeddable":true,"href":"https:\/\/news.sap.com\/france\/wp-json\/wp\/v2\/comments?post=139689"}],"version-history":[{"count":0,"href":"https:\/\/news.sap.com\/france\/wp-json\/wp\/v2\/posts\/139689\/revisions"}],"wp:attachment":[{"href":"https:\/\/news.sap.com\/france\/wp-json\/wp\/v2\/media?parent=139689"}],"wp:term":[{"taxonomy":"category","embeddable":true,"href":"https:\/\/news.sap.com\/france\/wp-json\/wp\/v2\/categories?post=139689"},{"taxonomy":"post_tag","embeddable":true,"href":"https:\/\/news.sap.com\/france\/wp-json\/wp\/v2\/tags?post=139689"},{"taxonomy":"series","embeddable":true,"href":"https:\/\/news.sap.com\/france\/wp-json\/wp\/v2\/series?post=139689"},{"taxonomy":"sapn-display","embeddable":true,"href":"https:\/\/news.sap.com\/france\/wp-json\/wp\/v2\/sapn-display?post=139689"},{"taxonomy":"sapn-type","embeddable":true,"href":"https:\/\/news.sap.com\/france\/wp-json\/wp\/v2\/sapn-type?post=139689"}],"curies":[{"name":"wp","href":"https:\/\/api.w.org\/{rel}","templated":true}]}}