{"id":141668,"date":"2024-11-21T15:46:07","date_gmt":"2024-11-21T15:46:07","guid":{"rendered":"https:\/\/news.sap.com\/france\/?p=141668"},"modified":"2024-11-21T15:46:07","modified_gmt":"2024-11-21T15:46:07","slug":"movember-2024-sap-en-france-se-mobilise-pour-sensibiliser-et-collecter-des-fonds-pour-la-sante-masculine","status":"publish","type":"post","link":"https:\/\/news.sap.com\/france\/2024\/11\/movember-2024-sap-en-france-se-mobilise-pour-sensibiliser-et-collecter-des-fonds-pour-la-sante-masculine\/","title":{"rendered":"Movember 2024 : SAP en France se mobilise pour sensibiliser et collecter des fonds pour la sant\u00e9 masculine"},"content":{"rendered":"<div class=\"page\" title=\"Page 1\">\n<div class=\"layoutArea\">\n<div class=\"column\">\n<p><strong>Paris, le 21 novembre 2024<\/strong> &#8211; Pour la deuxie\u0300me anne\u0301e conse\u0301cutive, SAP en France rejoint le mouvement Movember, l\u2019e\u0301ve\u0301nement caritatif annuel et international organise\u0301 en soutient aux maladies masculines. L&rsquo;entreprise se mobilise au travers de ses collaborateurs devenus \u00ab ambassadeurs a\u0300 la moustache \u00bb, afin de sensibiliser l\u2019opinion publique et de lever des fonds pour la recherche.<\/p>\n<p>SAP en France poursuit son engagement dans le mouvement Movember, une initiative devenue aujourd\u2019hui mondiale, organise\u0301e sur le mois de novembre dans plus de 20 pays, et qui sensibilise aux enjeux de la sante\u0301 masculine et soutient la recherche au travers de la collecte de fonds.<\/p>\n<p>Cette anne\u0301e, 46 ambassadeurs de SAP en France se sont donne\u0301 pour mission de sensibiliser leur entourage &#8211; personnel et professionnel &#8211; aux proble\u0301matiques de sante\u0301 masculine comme le cancer de la prostate, le cancer des testicules et la sante\u0301 mentale, en se laissant pousser la moustache sur tout le mois de Novembre, symbole du mouvement Movember. Ces ambassadeurs jouent un ro\u0302le cle\u0301 dans la mobilisation des collaborateurs autour de ces causes, tout en participant activement a\u0300 la collecte de dons.<\/p>\n<p>Pour contribuer concre\u0300tement a\u0300 cet e\u0301ve\u0301nement annuel, la Fondation SAP s&rsquo;engage a\u0300 verser 5\u20ac pour chaque photo publie\u0301e sur LinkedIn d\u2019un collaborateur (ou d\u2019une collaboratrice !) qui arbore une moustache, afin d\u2019inciter les collaborateurs a\u0300 participer davantage et a\u0300 e\u0301largir la visibilite\u0301 de l&rsquo;initiative sur les re\u0301seaux sociaux.<\/p>\n<p>\u00ab Movember raisonne de plus en plus chez nos collaborateurs et collaboratrices qui souhaitent s\u2019investir et soutenir cette cause. Le mouvement va bien au-dela\u0300 d\u2019une simple collecte de fonds : il s\u2019agit de sensibiliser, de briser les tabous autour de la sante\u0301 masculine et de faire avancer la recherche. \u00bb i<strong>ndique Sylvie Le\u0301chevin, Directrice Communication SAP France<\/strong><\/p>\n<p><strong>A\u0300 propos de SAP : <\/strong><br \/>\nEn tant que leader mondial des applications d\u2019entreprise et de la Business AI, SAP (NYSE : SAP) est au c\u0153ur de la relation entre l\u2019entreprise et la technologie. Depuis plus de 50 ans, les organisations font confiance a\u0300 SAP pour donner le meilleur d\u2019elles-me\u0302mes en unifiant les ope\u0301rations critiques couvrant la finance, le procurement, les ressources humaines, la supply chain et l\u2019expe\u0301rience client.<\/p>\n<p>Pour plus d\u2019information, visitez www.sap.com.<\/p>\n<p><strong>Contact presse : <\/strong><br \/>\nSylvie Le\u0301chevin : sylvie.lechevin@sap.com | sap@the-arcane.com<\/p>\n<\/div>\n<\/div>\n<\/div>\n","protected":false},"excerpt":{"rendered":"<p>Paris, le 21 novembre 2024 &#8211; Pour la deuxie\u0300me anne\u0301e conse\u0301cutive, SAP en France rejoint le mouvement Movember, l\u2019e\u0301ve\u0301nement caritatif annuel et international organise\u0301 en&#8230;<\/p>\n","protected":false},"author":4426,"featured_media":0,"comment_status":"closed","ping_status":"closed","sticky":false,"template":"","format":"standard","meta":{"footnotes":"","_links_to":"","_links_to_target":""},"categories":[1],"tags":[],"series":[],"sapn-display":[],"sapn-type":[1654279],"class_list":["post-141668","post","type-post","status-publish","format-standard","hentry","category-uncategorized","sapn-type-communique-de-presse"],"yoast_head":"<!-- This site is optimized with the Yoast SEO Premium plugin v26.9 (Yoast SEO v26.9) - https:\/\/yoast.com\/product\/yoast-seo-premium-wordpress\/ -->\n<title>Movember 2024 : SAP en France se mobilise pour sensibiliser et collecter des fonds pour la sant\u00e9 masculine - SAP France News<\/title>\n<meta name=\"robots\" content=\"index, follow, max-snippet:-1, max-image-preview:large, max-video-preview:-1\" \/>\n<link rel=\"canonical\" href=\"https:\/\/news.sap.com\/france\/2024\/11\/movember-2024-sap-en-france-se-mobilise-pour-sensibiliser-et-collecter-des-fonds-pour-la-sante-masculine\/\" \/>\n<meta property=\"og:locale\" content=\"fr_FR\" \/>\n<meta property=\"og:type\" content=\"article\" \/>\n<meta property=\"og:title\" content=\"Movember 2024 : SAP en France se mobilise pour sensibiliser et collecter des fonds pour la sant\u00e9 masculine\" \/>\n<meta property=\"og:description\" content=\"Paris, le 21 novembre 2024 &#8211; Pour la deuxie\u0300me anne\u0301e conse\u0301cutive, SAP en France rejoint le mouvement Movember, l\u2019e\u0301ve\u0301nement caritatif annuel et international organise\u0301 en...\" \/>\n<meta property=\"og:url\" content=\"https:\/\/news.sap.com\/france\/2024\/11\/movember-2024-sap-en-france-se-mobilise-pour-sensibiliser-et-collecter-des-fonds-pour-la-sante-masculine\/\" \/>\n<meta property=\"og:site_name\" content=\"SAP France News\" \/>\n<meta property=\"article:published_time\" content=\"2024-11-21T15:46:07+00:00\" \/>\n<meta name=\"author\" content=\"SAP France Communication\" \/>\n<meta name=\"twitter:card\" content=\"summary_large_image\" \/>\n<meta name=\"twitter:label1\" content=\"\u00c9crit par\" \/>\n\t<meta name=\"twitter:data1\" content=\"SAP France Communication\" \/>\n\t<meta name=\"twitter:label2\" content=\"Dur\u00e9e de lecture estim\u00e9e\" \/>\n\t<meta name=\"twitter:data2\" content=\"2 minutes\" \/>\n<script type=\"application\/ld+json\" class=\"yoast-schema-graph\">{\"@context\":\"https:\/\/schema.org\",\"@graph\":[{\"@type\":\"Article\",\"@id\":\"https:\/\/news.sap.com\/france\/2024\/11\/movember-2024-sap-en-france-se-mobilise-pour-sensibiliser-et-collecter-des-fonds-pour-la-sante-masculine\/#article\",\"isPartOf\":{\"@id\":\"https:\/\/news.sap.com\/france\/2024\/11\/movember-2024-sap-en-france-se-mobilise-pour-sensibiliser-et-collecter-des-fonds-pour-la-sante-masculine\/\"},\"author\":{\"name\":\"SAP France Communication\",\"@id\":\"https:\/\/news.sap.com\/france\/#\/schema\/person\/5cb52e870ed8861bec930a5e783bdfe7\"},\"headline\":\"Movember 2024 : SAP en France se mobilise pour sensibiliser et collecter des fonds pour la sant\u00e9 masculine\",\"datePublished\":\"2024-11-21T15:46:07+00:00\",\"mainEntityOfPage\":{\"@id\":\"https:\/\/news.sap.com\/france\/2024\/11\/movember-2024-sap-en-france-se-mobilise-pour-sensibiliser-et-collecter-des-fonds-pour-la-sante-masculine\/\"},\"wordCount\":415,\"articleSection\":[\"Uncategorized\"],\"inLanguage\":\"fr-FR\"},{\"@type\":\"WebPage\",\"@id\":\"https:\/\/news.sap.com\/france\/2024\/11\/movember-2024-sap-en-france-se-mobilise-pour-sensibiliser-et-collecter-des-fonds-pour-la-sante-masculine\/\",\"url\":\"https:\/\/news.sap.com\/france\/2024\/11\/movember-2024-sap-en-france-se-mobilise-pour-sensibiliser-et-collecter-des-fonds-pour-la-sante-masculine\/\",\"name\":\"Movember 2024 : SAP en France se mobilise pour sensibiliser et collecter des fonds pour la sant\u00e9 masculine - SAP France News\",\"isPartOf\":{\"@id\":\"https:\/\/news.sap.com\/france\/#website\"},\"datePublished\":\"2024-11-21T15:46:07+00:00\",\"author\":{\"@id\":\"https:\/\/news.sap.com\/france\/#\/schema\/person\/5cb52e870ed8861bec930a5e783bdfe7\"},\"breadcrumb\":{\"@id\":\"https:\/\/news.sap.com\/france\/2024\/11\/movember-2024-sap-en-france-se-mobilise-pour-sensibiliser-et-collecter-des-fonds-pour-la-sante-masculine\/#breadcrumb\"},\"inLanguage\":\"fr-FR\",\"potentialAction\":[{\"@type\":\"ReadAction\",\"target\":[\"https:\/\/news.sap.com\/france\/2024\/11\/movember-2024-sap-en-france-se-mobilise-pour-sensibiliser-et-collecter-des-fonds-pour-la-sante-masculine\/\"]}]},{\"@type\":\"BreadcrumbList\",\"@id\":\"https:\/\/news.sap.com\/france\/2024\/11\/movember-2024-sap-en-france-se-mobilise-pour-sensibiliser-et-collecter-des-fonds-pour-la-sante-masculine\/#breadcrumb\",\"itemListElement\":[{\"@type\":\"ListItem\",\"position\":1,\"name\":\"Home\",\"item\":\"https:\/\/news.sap.com\/france\/\"},{\"@type\":\"ListItem\",\"position\":2,\"name\":\"Movember 2024 : SAP en France se mobilise pour sensibiliser et collecter des fonds pour la sant\u00e9 masculine\"}]},{\"@type\":\"WebSite\",\"@id\":\"https:\/\/news.sap.com\/france\/#website\",\"url\":\"https:\/\/news.sap.com\/france\/\",\"name\":\"SAP France News\",\"description\":\"Blogs, Vid\u00e9os et Actualit\u00e9s de SAP en France\",\"potentialAction\":[{\"@type\":\"SearchAction\",\"target\":{\"@type\":\"EntryPoint\",\"urlTemplate\":\"https:\/\/news.sap.com\/france\/?s={search_term_string}\"},\"query-input\":{\"@type\":\"PropertyValueSpecification\",\"valueRequired\":true,\"valueName\":\"search_term_string\"}}],\"inLanguage\":\"fr-FR\"},{\"@type\":\"Person\",\"@id\":\"https:\/\/news.sap.com\/france\/#\/schema\/person\/5cb52e870ed8861bec930a5e783bdfe7\",\"name\":\"SAP France Communication\",\"image\":{\"@type\":\"ImageObject\",\"inLanguage\":\"fr-FR\",\"@id\":\"https:\/\/news.sap.com\/france\/#\/schema\/person\/image\/\",\"url\":\"https:\/\/news.sap.com\/france\/wp-content\/plugins\/wp-user-avatars\/wp-user-avatars\/assets\/images\/mystery.jpg\",\"contentUrl\":\"https:\/\/news.sap.com\/france\/wp-content\/plugins\/wp-user-avatars\/wp-user-avatars\/assets\/images\/mystery.jpg\",\"caption\":\"SAP France Communication\"},\"url\":\"https:\/\/news.sap.com\/france\/author\/sapfrancecommunication\/\"}]}<\/script>\n<!-- \/ Yoast SEO Premium plugin. -->","yoast_head_json":{"title":"Movember 2024 : SAP en France se mobilise pour sensibiliser et collecter des fonds pour la sant\u00e9 masculine - SAP France News","robots":{"index":"index","follow":"follow","max-snippet":"max-snippet:-1","max-image-preview":"max-image-preview:large","max-video-preview":"max-video-preview:-1"},"canonical":"https:\/\/news.sap.com\/france\/2024\/11\/movember-2024-sap-en-france-se-mobilise-pour-sensibiliser-et-collecter-des-fonds-pour-la-sante-masculine\/","og_locale":"fr_FR","og_type":"article","og_title":"Movember 2024 : SAP en France se mobilise pour sensibiliser et collecter des fonds pour la sant\u00e9 masculine","og_description":"Paris, le 21 novembre 2024 &#8211; Pour la deuxie\u0300me anne\u0301e conse\u0301cutive, SAP en France rejoint le mouvement Movember, l\u2019e\u0301ve\u0301nement caritatif annuel et international organise\u0301 en...","og_url":"https:\/\/news.sap.com\/france\/2024\/11\/movember-2024-sap-en-france-se-mobilise-pour-sensibiliser-et-collecter-des-fonds-pour-la-sante-masculine\/","og_site_name":"SAP France News","article_published_time":"2024-11-21T15:46:07+00:00","author":"SAP France Communication","twitter_card":"summary_large_image","twitter_misc":{"\u00c9crit par":"SAP France Communication","Dur\u00e9e de lecture estim\u00e9e":"2 minutes"},"schema":{"@context":"https:\/\/schema.org","@graph":[{"@type":"Article","@id":"https:\/\/news.sap.com\/france\/2024\/11\/movember-2024-sap-en-france-se-mobilise-pour-sensibiliser-et-collecter-des-fonds-pour-la-sante-masculine\/#article","isPartOf":{"@id":"https:\/\/news.sap.com\/france\/2024\/11\/movember-2024-sap-en-france-se-mobilise-pour-sensibiliser-et-collecter-des-fonds-pour-la-sante-masculine\/"},"author":{"name":"SAP France Communication","@id":"https:\/\/news.sap.com\/france\/#\/schema\/person\/5cb52e870ed8861bec930a5e783bdfe7"},"headline":"Movember 2024 : SAP en France se mobilise pour sensibiliser et collecter des fonds pour la sant\u00e9 masculine","datePublished":"2024-11-21T15:46:07+00:00","mainEntityOfPage":{"@id":"https:\/\/news.sap.com\/france\/2024\/11\/movember-2024-sap-en-france-se-mobilise-pour-sensibiliser-et-collecter-des-fonds-pour-la-sante-masculine\/"},"wordCount":415,"articleSection":["Uncategorized"],"inLanguage":"fr-FR"},{"@type":"WebPage","@id":"https:\/\/news.sap.com\/france\/2024\/11\/movember-2024-sap-en-france-se-mobilise-pour-sensibiliser-et-collecter-des-fonds-pour-la-sante-masculine\/","url":"https:\/\/news.sap.com\/france\/2024\/11\/movember-2024-sap-en-france-se-mobilise-pour-sensibiliser-et-collecter-des-fonds-pour-la-sante-masculine\/","name":"Movember 2024 : SAP en France se mobilise pour sensibiliser et collecter des fonds pour la sant\u00e9 masculine - SAP France News","isPartOf":{"@id":"https:\/\/news.sap.com\/france\/#website"},"datePublished":"2024-11-21T15:46:07+00:00","author":{"@id":"https:\/\/news.sap.com\/france\/#\/schema\/person\/5cb52e870ed8861bec930a5e783bdfe7"},"breadcrumb":{"@id":"https:\/\/news.sap.com\/france\/2024\/11\/movember-2024-sap-en-france-se-mobilise-pour-sensibiliser-et-collecter-des-fonds-pour-la-sante-masculine\/#breadcrumb"},"inLanguage":"fr-FR","potentialAction":[{"@type":"ReadAction","target":["https:\/\/news.sap.com\/france\/2024\/11\/movember-2024-sap-en-france-se-mobilise-pour-sensibiliser-et-collecter-des-fonds-pour-la-sante-masculine\/"]}]},{"@type":"BreadcrumbList","@id":"https:\/\/news.sap.com\/france\/2024\/11\/movember-2024-sap-en-france-se-mobilise-pour-sensibiliser-et-collecter-des-fonds-pour-la-sante-masculine\/#breadcrumb","itemListElement":[{"@type":"ListItem","position":1,"name":"Home","item":"https:\/\/news.sap.com\/france\/"},{"@type":"ListItem","position":2,"name":"Movember 2024 : SAP en France se mobilise pour sensibiliser et collecter des fonds pour la sant\u00e9 masculine"}]},{"@type":"WebSite","@id":"https:\/\/news.sap.com\/france\/#website","url":"https:\/\/news.sap.com\/france\/","name":"SAP France News","description":"Blogs, Vid\u00e9os et Actualit\u00e9s de SAP en France","potentialAction":[{"@type":"SearchAction","target":{"@type":"EntryPoint","urlTemplate":"https:\/\/news.sap.com\/france\/?s={search_term_string}"},"query-input":{"@type":"PropertyValueSpecification","valueRequired":true,"valueName":"search_term_string"}}],"inLanguage":"fr-FR"},{"@type":"Person","@id":"https:\/\/news.sap.com\/france\/#\/schema\/person\/5cb52e870ed8861bec930a5e783bdfe7","name":"SAP France Communication","image":{"@type":"ImageObject","inLanguage":"fr-FR","@id":"https:\/\/news.sap.com\/france\/#\/schema\/person\/image\/","url":"https:\/\/news.sap.com\/france\/wp-content\/plugins\/wp-user-avatars\/wp-user-avatars\/assets\/images\/mystery.jpg","contentUrl":"https:\/\/news.sap.com\/france\/wp-content\/plugins\/wp-user-avatars\/wp-user-avatars\/assets\/images\/mystery.jpg","caption":"SAP France Communication"},"url":"https:\/\/news.sap.com\/france\/author\/sapfrancecommunication\/"}]}},"amp_enabled":true,"_links":{"self":[{"href":"https:\/\/news.sap.com\/france\/wp-json\/wp\/v2\/posts\/141668","targetHints":{"allow":["GET"]}}],"collection":[{"href":"https:\/\/news.sap.com\/france\/wp-json\/wp\/v2\/posts"}],"about":[{"href":"https:\/\/news.sap.com\/france\/wp-json\/wp\/v2\/types\/post"}],"author":[{"embeddable":true,"href":"https:\/\/news.sap.com\/france\/wp-json\/wp\/v2\/users\/4426"}],"replies":[{"embeddable":true,"href":"https:\/\/news.sap.com\/france\/wp-json\/wp\/v2\/comments?post=141668"}],"version-history":[{"count":0,"href":"https:\/\/news.sap.com\/france\/wp-json\/wp\/v2\/posts\/141668\/revisions"}],"wp:attachment":[{"href":"https:\/\/news.sap.com\/france\/wp-json\/wp\/v2\/media?parent=141668"}],"wp:term":[{"taxonomy":"category","embeddable":true,"href":"https:\/\/news.sap.com\/france\/wp-json\/wp\/v2\/categories?post=141668"},{"taxonomy":"post_tag","embeddable":true,"href":"https:\/\/news.sap.com\/france\/wp-json\/wp\/v2\/tags?post=141668"},{"taxonomy":"series","embeddable":true,"href":"https:\/\/news.sap.com\/france\/wp-json\/wp\/v2\/series?post=141668"},{"taxonomy":"sapn-display","embeddable":true,"href":"https:\/\/news.sap.com\/france\/wp-json\/wp\/v2\/sapn-display?post=141668"},{"taxonomy":"sapn-type","embeddable":true,"href":"https:\/\/news.sap.com\/france\/wp-json\/wp\/v2\/sapn-type?post=141668"}],"curies":[{"name":"wp","href":"https:\/\/api.w.org\/{rel}","templated":true}]}}