{"id":162452,"date":"2022-08-31T09:08:25","date_gmt":"2022-08-31T07:08:25","guid":{"rendered":"https:\/\/news.sap.com\/germany\/?p=162452"},"modified":"2022-09-02T09:50:03","modified_gmt":"2022-09-02T07:50:03","slug":"dominik-asam-neuer-cfo-sap","status":"publish","type":"post","link":"https:\/\/news.sap.com\/germany\/2022\/08\/dominik-asam-neuer-cfo-sap\/","title":{"rendered":"Dominik Asam wird neuer CFO der SAP"},"content":{"rendered":"<p class=\"lead\">SAP SE hat heute bekannt gegeben, dass der SAP-Aufsichtsrat Dominik Asam zum Chief Financial Officer (CFO) und Mitglied des Vorstands der SAP SE ernannt hat.\u00a0 Asam wird am 7. M\u00e4rz 2023 starten und kommt aus seiner derzeitigen Rolle als CFO und Mitglied des Executive Committee bei Airbus zu SAP.<\/p>\n<p>\u201eDominik Asam ist ein gut ausgebildeter und erfahrener Manager im Bereich Global Finance und Technology. Somit ist er genau die richtige Besetzung, um die erfolgreiche Cloud-Transformation der SAP weiter voranzutreiben\u201c, sagte Hasso Plattner, Vorsitzender des Aufsichtsrats der SAP SE. Plattner weist auf die Erfahrung von Asam in f\u00fchrenden Positionen nicht nur bei Airbus hin, sondern auch bei Goldman Sachs, Siemens und Infineon. \u201eIch m\u00f6chte an dieser Stelle die Gelegenheit nutzen, um Luka Mucic noch einmal f\u00fcr sein Engagement, seine Dienste und seine F\u00fchrungsst\u00e4rke in den letzten 26 Jahren bei SAP zu danken. Luka hat ein starkes Fundament gelegt, auf dem Dominik aufbauen wird und hat durch seine F\u00fchrungsrolle einen nahtlosen \u00dcbergang sichergestellt.\u201c<\/p>\n<p>Wie bereits angek\u00fcndigt, bleibt Luka Mucic bis zum 31. M\u00e4rz 2023 Mitglied des SAP Vorstands.<\/p>\n<p>Dominik Asam kam im April 2019 von der M\u00fcnchner Infineon Technologies AG zu Airbus, wo er seit 2011 als CFO t\u00e4tig war. Bei Airbus half Asam, das Unternehmen durch die COVID-19-Pandemie zu f\u00fchren und gleichzeitig die Transformation und Innovation voranzutreiben.<\/p>\n<p>Dominik Asam ist zudem im Aufsichtsrat von Bertelsmann t\u00e4tig.<\/p>\n<figure id=\"attachment_162467\" aria-describedby=\"caption-attachment-162467\" style=\"width: 300px\" class=\"wp-caption alignright\"><a href=\"https:\/\/news.sap.com\/germany\/2022\/08\/dominik-asam-neuer-cfo-sap\/dominikasam-4\/\" rel=\"attachment wp-att-162467\"><img loading=\"lazy\" decoding=\"async\" class=\"wp-image-162467 size-medium\" src=\"https:\/\/news.sap.com\/germany\/files\/2022\/08\/31\/DominikAsam-3-300x200.jpg\" alt=\"Dominik Asam wird Chief Financial Officer (CFO) und Mitglied des Vorstands der SAP SE.\" width=\"300\" height=\"200\" srcset=\"https:\/\/news.sap.com\/germany\/files\/2022\/08\/31\/DominikAsam-3-300x200.jpg 300w, https:\/\/news.sap.com\/germany\/files\/2022\/08\/31\/DominikAsam-3-1024x682.jpg 1024w, https:\/\/news.sap.com\/germany\/files\/2022\/08\/31\/DominikAsam-3-225x150.jpg 225w, https:\/\/news.sap.com\/germany\/files\/2022\/08\/31\/DominikAsam-3-1536x1024.jpg 1536w, https:\/\/news.sap.com\/germany\/files\/2022\/08\/31\/DominikAsam-3.jpg 1772w\" sizes=\"auto, (max-width: 300px) 100vw, 300px\" \/><\/a><figcaption id=\"caption-attachment-162467\" class=\"wp-caption-text\">Dominik Asam wird Chief Financial Officer (CFO) und Mitglied des Vorstands der SAP SE.<\/figcaption><\/figure>\n<p>Er hat seinen Master of Business Administration bei INSEAD gemacht und ist Absolvent des Maschinenbaustudiums an der Technischen Universit\u00e4t M\u00fcnchen und der \u00c9cole Centrale Paris.<\/p>\n<p>\u201eIm Namen des gesamten Unternehmens und des Vorstands hei\u00dfe ich Dominik Asam herzlich Willkommen im Team\u201c, sagte Christian Klein, Vorstandssprecher der SAP SE. \u201eSeine umfassende und tiefgreifende Expertise im globalen Finanzwesen und in der Technologie passen perfekt zur Strategie und dem Portfolio der SAP. Wir setzen weiterhin auf Innovationen in der Cloud, um das Thema Nachhaltigkeit in den Mittelpunkt eines jeden Gesch\u00e4fts zu r\u00fccken, Lieferketten widerstandsf\u00e4higer zu machen und unsere Kunden auf der ganzen Welt zukunftssicher zu machen.\u201c<\/p>\n<p>\u201eIch freue mich sehr, bei SAP an Bord zu kommen, dem weltweit f\u00fchrenden Anbieter von Cloud-L\u00f6sungen f\u00fcr Unternehmen\u201c, sagte Dominik Asam. \u201eIch bin seit langem SAP-Kunde und wei\u00df somit aus erster Hand, welchen einzigartigen Wert die Technologie des Unternehmens f\u00fcr Innovationen, Transformation und Erfolg bei seinen Kunden hat. Ich freue mich auf die Zusammenarbeit sowohl mit meinen neuen Kolleginnen und Kollegen im Vorstand als auch im gesamten Unternehmen, um den Erfolg der SAP kontinuierlich voranzutreiben.\u201c<\/p>\n<p>Weitere Presseinformationen finden Sie im <a href=\"https:\/\/news.sap.com\/germany\">SAP News Center<\/a>. Folgen Sie SAP auf Twitter unter <a href=\"https:\/\/twitter.com\/SAPdach?ref_src=twsrc%5Egoogle%7Ctwcamp%5Eserp%7Ctwgr%5Eauthor\">@SAPdach<\/a>.<\/p>\n<p><strong>Informationen zu SAP<\/strong><\/p>\n<p>Die SAP-Strategie soll dabei helfen, jedes Unternehmen in ein intelligentes nachhaltiges Unternehmen zu verwandeln. Als ein Marktf\u00fchrer f\u00fcr Gesch\u00e4ftssoftware unterst\u00fctzen wir Unternehmen jeder Gr\u00f6\u00dfe und Branche dabei, ihre Ziele bestm\u00f6glich zu erreichen: SAP-Kunden generieren 87 % des gesamten weltweiten Handels. Unsere Technologien f\u00fcr maschinelles Lernen, das Internet der Dinge und fortschrittliche Analyseverfahren helfen unseren Kunden auf dem Weg zum intelligenten Unternehmen. SAP unterst\u00fctzt Menschen und Unternehmen dabei, fundiertes Wissen \u00fcber ihre Organisationen zu gewinnen, f\u00f6rdert die Zusammenarbeit und hilft so, dem Wettbewerb einen Schritt voraus zu sein. Wir vereinfachen Technologie f\u00fcr Unternehmen, damit sie unsere Software nach ihren eigenen Vorstellungen einfach und reibungslos nutzen k\u00f6nnen. Unsere End-to-End-Suite aus Anwendungen und Services erm\u00f6glicht es Kunden in 25 Branchen weltweit, profitabel zu sein, sich stets neu und flexibel anzupassen und etwas zu bewegen. Mit einem globalen Netzwerk aus Kunden, Partnern, Mitarbeitern und Vordenkern hilft SAP, die Abl\u00e4ufe der weltweiten Wirtschaft und das Leben von Menschen zu verbessern. Weitere Informationen unter <a href=\"http:\/\/www.sap.com\">www.sap.com<\/a>.<\/p>\n<p><strong>Hinweis an die Redaktionen<\/strong><\/p>\n<p>F\u00fcr Pressefotos und Fernsehmaterial in hoher Aufl\u00f6sung besuchen Sie bitte unsere Plattform <a href=\"http:\/\/www.sap.com\/photos\">www.sap.com\/photos<\/a><u>.<\/u> Dort finden Sie aktuelles sendef\u00e4higes TV-Footage-Material sowie Bilder zu Themen rund um SAP zum direkten Download. Videos zu SAP-Themen aus der ganzen Welt finden Sie unter <a href=\"http:\/\/www.sap-tv.com\">www.sap-tv.com<\/a>. Sie k\u00f6nnen die Filme von dieser Seite auch in Ihren eigenen Publikationen und Webseiten einbinden.<\/p>\n<p><strong>Ansprechpartner f\u00fcr die Presse:<br \/>\n<\/strong>Joellen Perry, +1 (650) 445-6780, <a href=\"mailto:joellen.perry@sap.com\">joellen.perry@sap.com<\/a>, PDT<br \/>\nTina Kulow, + 49 (0)152-55239688, <a href=\"mailto:tina.kulow@sap.com\">tina.kulow@sap.com<\/a>, CEST<br \/>\n<a href=\"https:\/\/news.sap.com\/germany\/#press-releases\">SAP-Pressebereich<\/a>; <a href=\"mailto:press@sap.com\">press@sap.com<\/a><\/p>\n<p><strong>Investor Relations:<br \/>\n<\/strong>Anthony Coletta, +49 6227 7 60437, <a href=\"mailto:investor@sap.com\">investor@sap.com<\/a> CEST<br \/>\nFollow SAP Investor Relations auf Twitter unter <a href=\"https:\/\/twitter.com\/sapinvestor\">@SAPInvestor<\/a><\/p>\n<div class=\"entry-content\">\n<p><small>Dieses Dokument enth\u00e4lt vorausschauende Aussagen, das hei\u00dft Vorhersagen, Prognosen oder andere Aussagen zu zuk\u00fcnftigen Ereignissen. Diese Aussagen basieren auf aktuellen Erwartungen, Voraussagen und Annahmen, die Risiken und Unsicherheiten unterliegen, was dazu f\u00fchren kann, dass die tats\u00e4chlichen Ergebnisse und Resultate erheblich hiervon abweichen k\u00f6nnen.\u00a0 Zus\u00e4tzliche Informationen zu diesen Risiken und Unsicherheiten finden Sie in den von uns bei der US-amerikanischen \u201eSecurities and Exchange Commission\u201c (SEC) eingereichten Unterlagen, einschlie\u00dflich, aber nicht beschr\u00e4nkt auf den Abschnitt zu den Risikofaktoren des SAP-Jahresberichts 2021 auf dem Formular 20-F.<\/small><\/p>\n<p><small>\u00a9 2022 SAP SE. Alle Rechte vorbehalten.<\/small><br \/>\n<small>SAP und andere in diesem Dokument erw\u00e4hnte Produkte und Dienstleistungen von SAP sowie die dazugeh\u00f6rigen Logos sind Marken oder eingetragene Marken der SAP SE in Deutschland und anderen L\u00e4ndern. Zus\u00e4tzliche Informationen zur Marke und Vermerke finden Sie auf der Seite\u00a0<a href=\"http:\/\/www.sap.de\/copyright\" target=\"_blank\" rel=\"noopener\">http:\/\/www.sap.de\/copyright<\/a>.<\/small><\/p>\n<p><small>Bitte beachten Sie unsere\u00a0<a href=\"https:\/\/www.sap.com\/corporate\/de\/legal\/privacy.html\" target=\"_blank\" rel=\"noopener\">Datenschutzbestimmungen<\/a>.<\/small><\/p>\n<\/div>\n","protected":false},"excerpt":{"rendered":"<p>SAP SE hat heute bekannt gegeben, dass der SAP-Aufsichtsrat Dominik Asam zum Chief Financial Officer (CFO) und Mitglied des Vorstands der SAP SE ernannt hat.\u00a0&#8230;<\/p>\n","protected":false},"author":29,"featured_media":0,"comment_status":"closed","ping_status":"closed","sticky":false,"template":"","format":"standard","meta":{"related_posts":[],"footnotes":"","_links_to":"","_links_to_target":""},"categories":[40863],"tags":[1494669],"series":[],"sapn-display":[3848,45027],"sapn-type":[4994],"class_list":["post-162452","post","type-post","status-publish","format-standard","hentry","category-unternehmen","tag-ir","sapn-display-top-stories","sapn-display-hero","sapn-type-pressemitteilung"],"yoast_head":"<!-- This site is optimized with the Yoast SEO Premium plugin v26.9 (Yoast SEO v26.9) - https:\/\/yoast.com\/product\/yoast-seo-premium-wordpress\/ -->\n<title>Dominik Asam wird neuer CFO der SAP | SAP News Center<\/title>\n<meta name=\"description\" content=\"Dominik Asam wird zum Chief Financial Officer (CFO) und Mitglied des Vorstands der SAP SE ernannt.\u00a0Asam wird am 7. M\u00e4rz 2023 starten.\" \/>\n<meta name=\"robots\" content=\"index, follow, max-snippet:-1, max-image-preview:large, max-video-preview:-1\" \/>\n<link rel=\"canonical\" href=\"https:\/\/news.sap.com\/germany\/2022\/08\/dominik-asam-neuer-cfo-sap\/\" \/>\n<meta property=\"og:locale\" content=\"de_DE\" \/>\n<meta property=\"og:type\" content=\"article\" \/>\n<meta property=\"og:title\" content=\"Dominik Asam wird neuer CFO der SAP\" \/>\n<meta property=\"og:description\" content=\"Dominik Asam wird zum Chief Financial Officer (CFO) und Mitglied des Vorstands der SAP SE ernannt.\u00a0Asam wird am 7. M\u00e4rz 2023 starten.\" \/>\n<meta property=\"og:url\" content=\"https:\/\/news.sap.com\/germany\/2022\/08\/dominik-asam-neuer-cfo-sap\/\" \/>\n<meta property=\"og:site_name\" content=\"SAP News Center\" \/>\n<meta property=\"article:published_time\" content=\"2022-08-31T07:08:25+00:00\" \/>\n<meta property=\"article:modified_time\" content=\"2022-09-02T07:50:03+00:00\" \/>\n<meta property=\"og:image\" content=\"https:\/\/news.sap.com\/germany\/files\/2018\/10\/SAP_Locations_Walldorf_2012_005_Banner.jpg\" \/>\n\t<meta property=\"og:image:width\" content=\"1920\" \/>\n\t<meta property=\"og:image:height\" content=\"600\" \/>\n\t<meta property=\"og:image:type\" content=\"image\/jpeg\" \/>\n<meta name=\"author\" content=\"SAP News\" \/>\n<meta name=\"twitter:card\" content=\"summary_large_image\" \/>\n<meta name=\"twitter:creator\" content=\"@SAPdach\" \/>\n<meta name=\"twitter:site\" content=\"@SAPdach\" \/>\n<meta name=\"twitter:label1\" content=\"Verfasst von\" \/>\n\t<meta name=\"twitter:data1\" content=\"SAP News\" \/>\n\t<meta name=\"twitter:label2\" content=\"Gesch\u00e4tzte Lesezeit\" \/>\n\t<meta name=\"twitter:data2\" content=\"5\u00a0Minuten\" \/>\n<script type=\"application\/ld+json\" class=\"yoast-schema-graph\">{\"@context\":\"https:\/\/schema.org\",\"@graph\":[{\"@type\":\"Article\",\"@id\":\"https:\/\/news.sap.com\/germany\/2022\/08\/dominik-asam-neuer-cfo-sap\/#article\",\"isPartOf\":{\"@id\":\"https:\/\/news.sap.com\/germany\/2022\/08\/dominik-asam-neuer-cfo-sap\/\"},\"author\":{\"name\":\"SAP News\",\"@id\":\"https:\/\/news.sap.com\/germany\/#\/schema\/person\/53b9854bd790d6f18f3fc4bbb2ad7570\"},\"headline\":\"Dominik Asam wird neuer CFO der SAP\",\"datePublished\":\"2022-08-31T07:08:25+00:00\",\"dateModified\":\"2022-09-02T07:50:03+00:00\",\"mainEntityOfPage\":{\"@id\":\"https:\/\/news.sap.com\/germany\/2022\/08\/dominik-asam-neuer-cfo-sap\/\"},\"wordCount\":896,\"image\":{\"@id\":\"https:\/\/news.sap.com\/germany\/2022\/08\/dominik-asam-neuer-cfo-sap\/#primaryimage\"},\"thumbnailUrl\":\"https:\/\/news.sap.com\/germany\/files\/2022\/08\/31\/DominikAsam-3-300x200.jpg\",\"keywords\":[\"Investor Relations\"],\"articleSection\":[\"Unternehmen\"],\"inLanguage\":\"de\"},{\"@type\":\"WebPage\",\"@id\":\"https:\/\/news.sap.com\/germany\/2022\/08\/dominik-asam-neuer-cfo-sap\/\",\"url\":\"https:\/\/news.sap.com\/germany\/2022\/08\/dominik-asam-neuer-cfo-sap\/\",\"name\":\"Dominik Asam wird neuer CFO der SAP | SAP News Center\",\"isPartOf\":{\"@id\":\"https:\/\/news.sap.com\/germany\/#website\"},\"primaryImageOfPage\":{\"@id\":\"https:\/\/news.sap.com\/germany\/2022\/08\/dominik-asam-neuer-cfo-sap\/#primaryimage\"},\"image\":{\"@id\":\"https:\/\/news.sap.com\/germany\/2022\/08\/dominik-asam-neuer-cfo-sap\/#primaryimage\"},\"thumbnailUrl\":\"https:\/\/news.sap.com\/germany\/files\/2022\/08\/31\/DominikAsam-3-300x200.jpg\",\"datePublished\":\"2022-08-31T07:08:25+00:00\",\"dateModified\":\"2022-09-02T07:50:03+00:00\",\"author\":{\"@id\":\"https:\/\/news.sap.com\/germany\/#\/schema\/person\/53b9854bd790d6f18f3fc4bbb2ad7570\"},\"description\":\"Dominik Asam wird zum Chief Financial Officer (CFO) und Mitglied des Vorstands der SAP SE ernannt.\u00a0Asam wird am 7. M\u00e4rz 2023 starten.\",\"breadcrumb\":{\"@id\":\"https:\/\/news.sap.com\/germany\/2022\/08\/dominik-asam-neuer-cfo-sap\/#breadcrumb\"},\"inLanguage\":\"de\",\"potentialAction\":[{\"@type\":\"ReadAction\",\"target\":[\"https:\/\/news.sap.com\/germany\/2022\/08\/dominik-asam-neuer-cfo-sap\/\"]}]},{\"@type\":\"ImageObject\",\"inLanguage\":\"de\",\"@id\":\"https:\/\/news.sap.com\/germany\/2022\/08\/dominik-asam-neuer-cfo-sap\/#primaryimage\",\"url\":\"https:\/\/news.sap.com\/germany\/files\/2022\/08\/31\/DominikAsam-3.jpg\",\"contentUrl\":\"https:\/\/news.sap.com\/germany\/files\/2022\/08\/31\/DominikAsam-3.jpg\",\"width\":1772,\"height\":1181},{\"@type\":\"BreadcrumbList\",\"@id\":\"https:\/\/news.sap.com\/germany\/2022\/08\/dominik-asam-neuer-cfo-sap\/#breadcrumb\",\"itemListElement\":[{\"@type\":\"ListItem\",\"position\":1,\"name\":\"Home\",\"item\":\"https:\/\/news.sap.com\/germany\/\"},{\"@type\":\"ListItem\",\"position\":2,\"name\":\"Dominik Asam wird neuer CFO der SAP\"}]},{\"@type\":\"WebSite\",\"@id\":\"https:\/\/news.sap.com\/germany\/#website\",\"url\":\"https:\/\/news.sap.com\/germany\/\",\"name\":\"SAP News Center\",\"description\":\"Unternehmensberichte &amp; Presseportal\",\"potentialAction\":[{\"@type\":\"SearchAction\",\"target\":{\"@type\":\"EntryPoint\",\"urlTemplate\":\"https:\/\/news.sap.com\/germany\/?s={search_term_string}\"},\"query-input\":{\"@type\":\"PropertyValueSpecification\",\"valueRequired\":true,\"valueName\":\"search_term_string\"}}],\"inLanguage\":\"de\"},{\"@type\":\"Person\",\"@id\":\"https:\/\/news.sap.com\/germany\/#\/schema\/person\/53b9854bd790d6f18f3fc4bbb2ad7570\",\"name\":\"SAP News\",\"image\":{\"@type\":\"ImageObject\",\"inLanguage\":\"de\",\"@id\":\"https:\/\/news.sap.com\/germany\/#\/schema\/person\/image\/\",\"url\":\"https:\/\/secure.gravatar.com\/avatar\/2728bb4d664345cda4951e11847acc1bfd2bc77830d9abd17fc4f54437acd5b4?s=96&d=blank&r=g\",\"contentUrl\":\"https:\/\/secure.gravatar.com\/avatar\/2728bb4d664345cda4951e11847acc1bfd2bc77830d9abd17fc4f54437acd5b4?s=96&d=blank&r=g\",\"caption\":\"SAP News\"},\"url\":\"https:\/\/news.sap.com\/germany\/author\/colleenraftery\/\"}]}<\/script>\n<!-- \/ Yoast SEO Premium plugin. -->","yoast_head_json":{"title":"Dominik Asam wird neuer CFO der SAP | SAP News Center","description":"Dominik Asam wird zum Chief Financial Officer (CFO) und Mitglied des Vorstands der SAP SE ernannt.\u00a0Asam wird am 7. M\u00e4rz 2023 starten.","robots":{"index":"index","follow":"follow","max-snippet":"max-snippet:-1","max-image-preview":"max-image-preview:large","max-video-preview":"max-video-preview:-1"},"canonical":"https:\/\/news.sap.com\/germany\/2022\/08\/dominik-asam-neuer-cfo-sap\/","og_locale":"de_DE","og_type":"article","og_title":"Dominik Asam wird neuer CFO der SAP","og_description":"Dominik Asam wird zum Chief Financial Officer (CFO) und Mitglied des Vorstands der SAP SE ernannt.\u00a0Asam wird am 7. M\u00e4rz 2023 starten.","og_url":"https:\/\/news.sap.com\/germany\/2022\/08\/dominik-asam-neuer-cfo-sap\/","og_site_name":"SAP News Center","article_published_time":"2022-08-31T07:08:25+00:00","article_modified_time":"2022-09-02T07:50:03+00:00","og_image":[{"width":1920,"height":600,"url":"https:\/\/news.sap.com\/germany\/files\/2018\/10\/SAP_Locations_Walldorf_2012_005_Banner.jpg","type":"image\/jpeg"}],"author":"SAP News","twitter_card":"summary_large_image","twitter_creator":"@SAPdach","twitter_site":"@SAPdach","twitter_misc":{"Verfasst von":"SAP News","Gesch\u00e4tzte Lesezeit":"5\u00a0Minuten"},"schema":{"@context":"https:\/\/schema.org","@graph":[{"@type":"Article","@id":"https:\/\/news.sap.com\/germany\/2022\/08\/dominik-asam-neuer-cfo-sap\/#article","isPartOf":{"@id":"https:\/\/news.sap.com\/germany\/2022\/08\/dominik-asam-neuer-cfo-sap\/"},"author":{"name":"SAP News","@id":"https:\/\/news.sap.com\/germany\/#\/schema\/person\/53b9854bd790d6f18f3fc4bbb2ad7570"},"headline":"Dominik Asam wird neuer CFO der SAP","datePublished":"2022-08-31T07:08:25+00:00","dateModified":"2022-09-02T07:50:03+00:00","mainEntityOfPage":{"@id":"https:\/\/news.sap.com\/germany\/2022\/08\/dominik-asam-neuer-cfo-sap\/"},"wordCount":896,"image":{"@id":"https:\/\/news.sap.com\/germany\/2022\/08\/dominik-asam-neuer-cfo-sap\/#primaryimage"},"thumbnailUrl":"https:\/\/news.sap.com\/germany\/files\/2022\/08\/31\/DominikAsam-3-300x200.jpg","keywords":["Investor Relations"],"articleSection":["Unternehmen"],"inLanguage":"de"},{"@type":"WebPage","@id":"https:\/\/news.sap.com\/germany\/2022\/08\/dominik-asam-neuer-cfo-sap\/","url":"https:\/\/news.sap.com\/germany\/2022\/08\/dominik-asam-neuer-cfo-sap\/","name":"Dominik Asam wird neuer CFO der SAP | SAP News Center","isPartOf":{"@id":"https:\/\/news.sap.com\/germany\/#website"},"primaryImageOfPage":{"@id":"https:\/\/news.sap.com\/germany\/2022\/08\/dominik-asam-neuer-cfo-sap\/#primaryimage"},"image":{"@id":"https:\/\/news.sap.com\/germany\/2022\/08\/dominik-asam-neuer-cfo-sap\/#primaryimage"},"thumbnailUrl":"https:\/\/news.sap.com\/germany\/files\/2022\/08\/31\/DominikAsam-3-300x200.jpg","datePublished":"2022-08-31T07:08:25+00:00","dateModified":"2022-09-02T07:50:03+00:00","author":{"@id":"https:\/\/news.sap.com\/germany\/#\/schema\/person\/53b9854bd790d6f18f3fc4bbb2ad7570"},"description":"Dominik Asam wird zum Chief Financial Officer (CFO) und Mitglied des Vorstands der SAP SE ernannt.\u00a0Asam wird am 7. M\u00e4rz 2023 starten.","breadcrumb":{"@id":"https:\/\/news.sap.com\/germany\/2022\/08\/dominik-asam-neuer-cfo-sap\/#breadcrumb"},"inLanguage":"de","potentialAction":[{"@type":"ReadAction","target":["https:\/\/news.sap.com\/germany\/2022\/08\/dominik-asam-neuer-cfo-sap\/"]}]},{"@type":"ImageObject","inLanguage":"de","@id":"https:\/\/news.sap.com\/germany\/2022\/08\/dominik-asam-neuer-cfo-sap\/#primaryimage","url":"https:\/\/news.sap.com\/germany\/files\/2022\/08\/31\/DominikAsam-3.jpg","contentUrl":"https:\/\/news.sap.com\/germany\/files\/2022\/08\/31\/DominikAsam-3.jpg","width":1772,"height":1181},{"@type":"BreadcrumbList","@id":"https:\/\/news.sap.com\/germany\/2022\/08\/dominik-asam-neuer-cfo-sap\/#breadcrumb","itemListElement":[{"@type":"ListItem","position":1,"name":"Home","item":"https:\/\/news.sap.com\/germany\/"},{"@type":"ListItem","position":2,"name":"Dominik Asam wird neuer CFO der SAP"}]},{"@type":"WebSite","@id":"https:\/\/news.sap.com\/germany\/#website","url":"https:\/\/news.sap.com\/germany\/","name":"SAP News Center","description":"Unternehmensberichte &amp; Presseportal","potentialAction":[{"@type":"SearchAction","target":{"@type":"EntryPoint","urlTemplate":"https:\/\/news.sap.com\/germany\/?s={search_term_string}"},"query-input":{"@type":"PropertyValueSpecification","valueRequired":true,"valueName":"search_term_string"}}],"inLanguage":"de"},{"@type":"Person","@id":"https:\/\/news.sap.com\/germany\/#\/schema\/person\/53b9854bd790d6f18f3fc4bbb2ad7570","name":"SAP News","image":{"@type":"ImageObject","inLanguage":"de","@id":"https:\/\/news.sap.com\/germany\/#\/schema\/person\/image\/","url":"https:\/\/secure.gravatar.com\/avatar\/2728bb4d664345cda4951e11847acc1bfd2bc77830d9abd17fc4f54437acd5b4?s=96&d=blank&r=g","contentUrl":"https:\/\/secure.gravatar.com\/avatar\/2728bb4d664345cda4951e11847acc1bfd2bc77830d9abd17fc4f54437acd5b4?s=96&d=blank&r=g","caption":"SAP News"},"url":"https:\/\/news.sap.com\/germany\/author\/colleenraftery\/"}]}},"amp_enabled":true,"_links":{"self":[{"href":"https:\/\/news.sap.com\/germany\/wp-json\/wp\/v2\/posts\/162452","targetHints":{"allow":["GET"]}}],"collection":[{"href":"https:\/\/news.sap.com\/germany\/wp-json\/wp\/v2\/posts"}],"about":[{"href":"https:\/\/news.sap.com\/germany\/wp-json\/wp\/v2\/types\/post"}],"author":[{"embeddable":true,"href":"https:\/\/news.sap.com\/germany\/wp-json\/wp\/v2\/users\/29"}],"replies":[{"embeddable":true,"href":"https:\/\/news.sap.com\/germany\/wp-json\/wp\/v2\/comments?post=162452"}],"version-history":[{"count":0,"href":"https:\/\/news.sap.com\/germany\/wp-json\/wp\/v2\/posts\/162452\/revisions"}],"wp:attachment":[{"href":"https:\/\/news.sap.com\/germany\/wp-json\/wp\/v2\/media?parent=162452"}],"wp:term":[{"taxonomy":"category","embeddable":true,"href":"https:\/\/news.sap.com\/germany\/wp-json\/wp\/v2\/categories?post=162452"},{"taxonomy":"post_tag","embeddable":true,"href":"https:\/\/news.sap.com\/germany\/wp-json\/wp\/v2\/tags?post=162452"},{"taxonomy":"series","embeddable":true,"href":"https:\/\/news.sap.com\/germany\/wp-json\/wp\/v2\/series?post=162452"},{"taxonomy":"sapn-display","embeddable":true,"href":"https:\/\/news.sap.com\/germany\/wp-json\/wp\/v2\/sapn-display?post=162452"},{"taxonomy":"sapn-type","embeddable":true,"href":"https:\/\/news.sap.com\/germany\/wp-json\/wp\/v2\/sapn-type?post=162452"}],"curies":[{"name":"wp","href":"https:\/\/api.w.org\/{rel}","templated":true}]}}