{"id":179778,"date":"2024-06-11T09:00:00","date_gmt":"2024-06-11T07:00:00","guid":{"rendered":"https:\/\/news.sap.com\/germany\/?p=179778"},"modified":"2024-06-11T07:51:11","modified_gmt":"2024-06-11T05:51:11","slug":"neue-rahmenvereinbarung-sap-digitalisierung-bundesverwaltung","status":"publish","type":"post","link":"https:\/\/news.sap.com\/germany\/2024\/06\/neue-rahmenvereinbarung-sap-digitalisierung-bundesverwaltung\/","title":{"rendered":"Neue Rahmenvereinbarung: SAP treibt Digitalisierung der Bundesverwaltung voran"},"content":{"rendered":"\n<p class=\"has-large-font-size\"><strong>SAP NEWSBYTE \u2014 11. Juni 2024 <\/strong>\u2014<strong> <\/strong>Die Zentralstelle IT-Beschaffung (ZIB) im Beschaffungsamt des BMI (BeschA) hat SAP Deutschland SE &amp; Co. KG den Zuschlag f\u00fcr eine wegweisende Rahmenvereinbarung erteilt. Diese Vereinbarung betrifft die \u00dcberlassung und Pflege von SAP-Software sowie die Bereitstellung von SAP-Cloud-Services und Dienstleistungen.<\/p>\n\n\n\n<p>Diese Entscheidung markiert einen bedeutenden Schritt f\u00fcr die Digitalisierung in Deutschland, indem den mehr als 50 abrufberechtigten Beh\u00f6rden sowie weiteren Bedarfstr\u00e4gern der unmittelbaren Bundesverwaltung eine neue Rahmenvereinbarung f\u00fcr SAP-Produkte und -Services zur Verf\u00fcgung steht. Die Vereinbarung umfasst sowohl on Premise L\u00f6sungen als auch SAP Cloud L\u00f6sungen und SAP Consulting Leistungen.<\/p>\n\n\n\n<p>Die neue Rahmenvereinbarung erm\u00f6glicht durch ein vereinfachtes Abrufverfahren den Beh\u00f6rden einen einfacheren Zugriff auf SAP On-Premise-Produkte. Zudem sind die EVB-IT Cloud und Dienstleistungsvertr\u00e4ge mit AVV\/DPA verhandelt und vorausgef\u00fcllt, was die Standardisierung und Vereinfachung der L\u00f6sungen erleichtert. Diese Rahmenvereinbarung ist im Kaufhaus des Bundes (KdB) unter der RV-Nummer 21884 zu finden und hat eine Laufzeit von 2 Jahren, mit der M\u00f6glichkeit einer Verl\u00e4ngerung um zweimal ein Jahr.<\/p>\n\n\n\n<p>Mit der neuen Rahmenvereinbarung freut sich SAP, ein wichtiges Instrument f\u00fcr die Cloud-Transformation der Bundesverwaltung bereitzustellen. Nikolaus Hagl, Mitglied der Gesch\u00e4ftsf\u00fchrung der SAP Deutschland, betont: \u201eDiese Rahmenvereinbarung markiert einen weiteren Meilenstein in der erfolgreichen Zusammenarbeit zwischen der \u00d6ffentlichen Verwaltung und SAP. Die Digitalisierung Deutschlands und die Cloud-Transformation der Verwaltung ist eine gemeinschaftliche Aufgabe, und wir freuen uns darauf, diese mit unseren Kunden und Partnern zu gestalten. \u201c<\/p>\n\n\n\n<div class=\"wp-block-sap-news-info-box info-box\">\n<p>Weitere Presseinformationen finden Sie im <a href=\"https:\/\/news.sap.com\/germany\" target=\"_blank\" rel=\"noreferrer noopener\">SAP News Center<\/a>.<strong> <\/strong><\/p>\n\n\n\n<p>Folgen Sie SAP unter <a href=\"https:\/\/twitter.com\/sap\" target=\"_blank\" rel=\"noreferrer noopener\">@SAP<\/a>.<\/p>\n<\/div>\n\n\n\n<p><strong>Ansprechpartner f\u00fcr die Presse:<\/strong>&nbsp;<\/p>\n\n\n\n<p>Dana Roesiger, +49 6227 7 63900, <a href=\"mailto:dana.roesiger@sap.com\">dana.roesiger@sap.com<\/a>, CET<\/p>\n\n\n\n<p><a href=\"https:\/\/news.sap.com\/germany\/pressebereich\/\" target=\"_blank\" rel=\"noreferrer noopener\">SAP-Pressebereich<\/a>; <a href=\"mailto:press@sap.com\" target=\"_blank\" rel=\"noreferrer noopener\">press@sap.com<\/a>&nbsp;&nbsp;<\/p>\n\n\n\n<p># # #&nbsp;<\/p>\n\n\n\n<p class=\"has-small-font-size\">Dieses Dokument enth\u00e4lt vorausschauende Aussagen, das hei\u00dft Vorhersagen, Prognosen oder andere Aussagen zu zuk\u00fcnftigen Ereignissen. Diese Aussagen basieren auf aktuellen Erwartungen, Voraussagen und Annahmen, die Risiken und Unsicherheiten unterliegen, was dazu f\u00fchren kann, dass die tats\u00e4chlichen Ergebnisse und Resultate erheblich hiervon abweichen k\u00f6nnen.\u202f Zus\u00e4tzliche Informationen zu diesen Risiken und Unsicherheiten finden Sie in den von uns bei der US-amerikanischen \u201eSecurities and Exchange Commission\u201c (SEC) eingereichten Unterlagen, einschlie\u00dflich, aber nicht beschr\u00e4nkt auf den Abschnitt zu den Risikofaktoren des SAP-Jahresberichts 2023 auf dem Formular 20-F.<\/p>\n\n\n\n<p class=\"has-small-font-size\">\u00a9 2024 SAP SE. Alle Rechte vorbehalten. \u00a0<br>SAP und andere in diesem Dokument erw\u00e4hnte Produkte und Dienstleistungen von SAP sowie die dazugeh\u00f6rigen Logos sind Marken oder eingetragene Marken der SAP SE in Deutschland und anderen L\u00e4ndern. Zus\u00e4tzliche Informationen zur Marke und Vermerke finden Sie auf der Seite <a href=\"http:\/\/www.sap.de\/copyright\" target=\"_blank\" rel=\"noreferrer noopener\">http:\/\/www.sap.de\/copyright<\/a>.<\/p>\n\n\n\n<div class=\"wp-block-sap-news-cta-banner cta-banner\"><div class=\"cta-banner__content\"><div class=\"cta-banner__title\">Abonnieren Sie den SAP News Center Newsletter<\/div><\/div><div class=\"cta-banner__action\">\n<div class=\"wp-block-buttons is-content-justification-left is-layout-flex wp-container-core-buttons-is-layout-fc4fd283 wp-block-buttons-is-layout-flex\">\n<div class=\"wp-block-button\"><a class=\"wp-block-button__link wp-element-button\" href=\"https:\/\/www.sap.com\/germany\/cmp\/nl\/sap-news-center-de-newsletter\/index.html?url_id=text-de-newscenter:CRM-DX23-AAA-1904104_08\" target=\"_blank\" rel=\"noreferrer noopener\">Jetzt abonnieren!<\/a><\/div>\n<\/div>\n<\/div><\/div>\n","protected":false},"excerpt":{"rendered":"<p>SAP NEWSBYTE \u2014 11. Juni 2024 \u2014 Die Zentralstelle IT-Beschaffung (ZIB) im Beschaffungsamt des BMI (BeschA) hat SAP Deutschland SE &amp; Co. KG den Zuschlag&#8230;<\/p>\n","protected":false},"author":29,"featured_media":179800,"comment_status":"closed","ping_status":"closed","sticky":false,"template":"","format":"standard","meta":{"related_posts":[],"footnotes":"","_links_to":"","_links_to_target":""},"categories":[10],"tags":[4879491,60309,4976],"series":[],"sapn-display":[5630500,5630503,3848,45027],"sapn-type":[4448],"class_list":["post-179778","post","type-post","status-publish","format-standard","has-post-thumbnail","hentry","category-cloud","tag-cloud","tag-digitalisierung","tag-technologie","sapn-display-news-hero","sapn-display-news-spotlight","sapn-display-top-stories","sapn-display-hero","sapn-type-newsbyte"],"yoast_head":"<!-- This site is optimized with the Yoast SEO Premium plugin v26.9 (Yoast SEO v26.9) - https:\/\/yoast.com\/product\/yoast-seo-premium-wordpress\/ -->\n<title>SAP treibt Digitalisierung der Bundesverwaltung voran | SAP News<\/title>\n<meta name=\"description\" content=\"Die Zentralstelle IT-Beschaffung im Beschaffungsamt des BMI hat SAP den Zuschlag f\u00fcr eine wegweisende Rahmenvereinbarung erteilt. Lesen!\" \/>\n<meta name=\"robots\" content=\"index, follow, max-snippet:-1, max-image-preview:large, max-video-preview:-1\" \/>\n<link rel=\"canonical\" href=\"https:\/\/news.sap.com\/germany\/2024\/06\/neue-rahmenvereinbarung-sap-digitalisierung-bundesverwaltung\/\" \/>\n<meta property=\"og:locale\" content=\"de_DE\" \/>\n<meta property=\"og:type\" content=\"article\" \/>\n<meta property=\"og:title\" content=\"Neue Rahmenvereinbarung: SAP treibt Digitalisierung der Bundesverwaltung voran\" \/>\n<meta property=\"og:description\" content=\"Die Zentralstelle IT-Beschaffung im Beschaffungsamt des BMI hat SAP den Zuschlag f\u00fcr eine wegweisende Rahmenvereinbarung erteilt. Lesen!\" \/>\n<meta property=\"og:url\" content=\"https:\/\/news.sap.com\/germany\/2024\/06\/neue-rahmenvereinbarung-sap-digitalisierung-bundesverwaltung\/\" \/>\n<meta property=\"og:site_name\" content=\"SAP News Center\" \/>\n<meta property=\"article:published_time\" content=\"2024-06-11T07:00:00+00:00\" \/>\n<meta property=\"og:image\" content=\"https:\/\/news.sap.com\/germany\/files\/2024\/06\/07\/288247_GettyImages-1026593952_medium_jpg.jpg\" \/>\n\t<meta property=\"og:image:width\" content=\"1920\" \/>\n\t<meta property=\"og:image:height\" content=\"689\" \/>\n\t<meta property=\"og:image:type\" content=\"image\/jpeg\" \/>\n<meta name=\"author\" content=\"SAP News\" \/>\n<meta name=\"twitter:card\" content=\"summary_large_image\" \/>\n<meta name=\"twitter:creator\" content=\"@SAPdach\" \/>\n<meta name=\"twitter:site\" content=\"@SAPdach\" \/>\n<meta name=\"twitter:label1\" content=\"Verfasst von\" \/>\n\t<meta name=\"twitter:data1\" content=\"SAP News\" \/>\n\t<meta name=\"twitter:label2\" content=\"Gesch\u00e4tzte Lesezeit\" \/>\n\t<meta name=\"twitter:data2\" content=\"3\u00a0Minuten\" \/>\n<script type=\"application\/ld+json\" class=\"yoast-schema-graph\">{\"@context\":\"https:\/\/schema.org\",\"@graph\":[{\"@type\":\"Article\",\"@id\":\"https:\/\/news.sap.com\/germany\/2024\/06\/neue-rahmenvereinbarung-sap-digitalisierung-bundesverwaltung\/#article\",\"isPartOf\":{\"@id\":\"https:\/\/news.sap.com\/germany\/2024\/06\/neue-rahmenvereinbarung-sap-digitalisierung-bundesverwaltung\/\"},\"author\":{\"name\":\"SAP News\",\"@id\":\"https:\/\/news.sap.com\/germany\/#\/schema\/person\/53b9854bd790d6f18f3fc4bbb2ad7570\"},\"headline\":\"Neue Rahmenvereinbarung: SAP treibt Digitalisierung der Bundesverwaltung voran\",\"datePublished\":\"2024-06-11T07:00:00+00:00\",\"mainEntityOfPage\":{\"@id\":\"https:\/\/news.sap.com\/germany\/2024\/06\/neue-rahmenvereinbarung-sap-digitalisierung-bundesverwaltung\/\"},\"wordCount\":435,\"image\":{\"@id\":\"https:\/\/news.sap.com\/germany\/2024\/06\/neue-rahmenvereinbarung-sap-digitalisierung-bundesverwaltung\/#primaryimage\"},\"thumbnailUrl\":\"https:\/\/news.sap.com\/germany\/files\/2024\/06\/07\/288247_GettyImages-1026593952_medium_jpg.jpg\",\"keywords\":[\"Cloud\",\"Digitalisierung\",\"Technologie\"],\"articleSection\":[\"Cloud\"],\"inLanguage\":\"de\"},{\"@type\":\"WebPage\",\"@id\":\"https:\/\/news.sap.com\/germany\/2024\/06\/neue-rahmenvereinbarung-sap-digitalisierung-bundesverwaltung\/\",\"url\":\"https:\/\/news.sap.com\/germany\/2024\/06\/neue-rahmenvereinbarung-sap-digitalisierung-bundesverwaltung\/\",\"name\":\"SAP treibt Digitalisierung der Bundesverwaltung voran | SAP News\",\"isPartOf\":{\"@id\":\"https:\/\/news.sap.com\/germany\/#website\"},\"primaryImageOfPage\":{\"@id\":\"https:\/\/news.sap.com\/germany\/2024\/06\/neue-rahmenvereinbarung-sap-digitalisierung-bundesverwaltung\/#primaryimage\"},\"image\":{\"@id\":\"https:\/\/news.sap.com\/germany\/2024\/06\/neue-rahmenvereinbarung-sap-digitalisierung-bundesverwaltung\/#primaryimage\"},\"thumbnailUrl\":\"https:\/\/news.sap.com\/germany\/files\/2024\/06\/07\/288247_GettyImages-1026593952_medium_jpg.jpg\",\"datePublished\":\"2024-06-11T07:00:00+00:00\",\"author\":{\"@id\":\"https:\/\/news.sap.com\/germany\/#\/schema\/person\/53b9854bd790d6f18f3fc4bbb2ad7570\"},\"description\":\"Die Zentralstelle IT-Beschaffung im Beschaffungsamt des BMI hat SAP den Zuschlag f\u00fcr eine wegweisende Rahmenvereinbarung erteilt. Lesen!\",\"breadcrumb\":{\"@id\":\"https:\/\/news.sap.com\/germany\/2024\/06\/neue-rahmenvereinbarung-sap-digitalisierung-bundesverwaltung\/#breadcrumb\"},\"inLanguage\":\"de\",\"potentialAction\":[{\"@type\":\"ReadAction\",\"target\":[\"https:\/\/news.sap.com\/germany\/2024\/06\/neue-rahmenvereinbarung-sap-digitalisierung-bundesverwaltung\/\"]}]},{\"@type\":\"ImageObject\",\"inLanguage\":\"de\",\"@id\":\"https:\/\/news.sap.com\/germany\/2024\/06\/neue-rahmenvereinbarung-sap-digitalisierung-bundesverwaltung\/#primaryimage\",\"url\":\"https:\/\/news.sap.com\/germany\/files\/2024\/06\/07\/288247_GettyImages-1026593952_medium_jpg.jpg\",\"contentUrl\":\"https:\/\/news.sap.com\/germany\/files\/2024\/06\/07\/288247_GettyImages-1026593952_medium_jpg.jpg\",\"width\":1920,\"height\":689,\"caption\":\"Multiple exposure shot of a mature businesswoman using a digital tablet in a boardroom superimposed on a cityscape\"},{\"@type\":\"BreadcrumbList\",\"@id\":\"https:\/\/news.sap.com\/germany\/2024\/06\/neue-rahmenvereinbarung-sap-digitalisierung-bundesverwaltung\/#breadcrumb\",\"itemListElement\":[{\"@type\":\"ListItem\",\"position\":1,\"name\":\"Home\",\"item\":\"https:\/\/news.sap.com\/germany\/\"},{\"@type\":\"ListItem\",\"position\":2,\"name\":\"Neue Rahmenvereinbarung: SAP treibt Digitalisierung der Bundesverwaltung voran\"}]},{\"@type\":\"WebSite\",\"@id\":\"https:\/\/news.sap.com\/germany\/#website\",\"url\":\"https:\/\/news.sap.com\/germany\/\",\"name\":\"SAP News Center\",\"description\":\"Unternehmensberichte &amp; Presseportal\",\"potentialAction\":[{\"@type\":\"SearchAction\",\"target\":{\"@type\":\"EntryPoint\",\"urlTemplate\":\"https:\/\/news.sap.com\/germany\/?s={search_term_string}\"},\"query-input\":{\"@type\":\"PropertyValueSpecification\",\"valueRequired\":true,\"valueName\":\"search_term_string\"}}],\"inLanguage\":\"de\"},{\"@type\":\"Person\",\"@id\":\"https:\/\/news.sap.com\/germany\/#\/schema\/person\/53b9854bd790d6f18f3fc4bbb2ad7570\",\"name\":\"SAP News\",\"image\":{\"@type\":\"ImageObject\",\"inLanguage\":\"de\",\"@id\":\"https:\/\/news.sap.com\/germany\/#\/schema\/person\/image\/\",\"url\":\"https:\/\/secure.gravatar.com\/avatar\/2728bb4d664345cda4951e11847acc1bfd2bc77830d9abd17fc4f54437acd5b4?s=96&d=blank&r=g\",\"contentUrl\":\"https:\/\/secure.gravatar.com\/avatar\/2728bb4d664345cda4951e11847acc1bfd2bc77830d9abd17fc4f54437acd5b4?s=96&d=blank&r=g\",\"caption\":\"SAP News\"},\"url\":\"https:\/\/news.sap.com\/germany\/author\/colleenraftery\/\"}]}<\/script>\n<!-- \/ Yoast SEO Premium plugin. -->","yoast_head_json":{"title":"SAP treibt Digitalisierung der Bundesverwaltung voran | SAP News","description":"Die Zentralstelle IT-Beschaffung im Beschaffungsamt des BMI hat SAP den Zuschlag f\u00fcr eine wegweisende Rahmenvereinbarung erteilt. Lesen!","robots":{"index":"index","follow":"follow","max-snippet":"max-snippet:-1","max-image-preview":"max-image-preview:large","max-video-preview":"max-video-preview:-1"},"canonical":"https:\/\/news.sap.com\/germany\/2024\/06\/neue-rahmenvereinbarung-sap-digitalisierung-bundesverwaltung\/","og_locale":"de_DE","og_type":"article","og_title":"Neue Rahmenvereinbarung: SAP treibt Digitalisierung der Bundesverwaltung voran","og_description":"Die Zentralstelle IT-Beschaffung im Beschaffungsamt des BMI hat SAP den Zuschlag f\u00fcr eine wegweisende Rahmenvereinbarung erteilt. Lesen!","og_url":"https:\/\/news.sap.com\/germany\/2024\/06\/neue-rahmenvereinbarung-sap-digitalisierung-bundesverwaltung\/","og_site_name":"SAP News Center","article_published_time":"2024-06-11T07:00:00+00:00","og_image":[{"width":1920,"height":689,"url":"https:\/\/news.sap.com\/germany\/files\/2024\/06\/07\/288247_GettyImages-1026593952_medium_jpg.jpg","type":"image\/jpeg"}],"author":"SAP News","twitter_card":"summary_large_image","twitter_creator":"@SAPdach","twitter_site":"@SAPdach","twitter_misc":{"Verfasst von":"SAP News","Gesch\u00e4tzte Lesezeit":"3\u00a0Minuten"},"schema":{"@context":"https:\/\/schema.org","@graph":[{"@type":"Article","@id":"https:\/\/news.sap.com\/germany\/2024\/06\/neue-rahmenvereinbarung-sap-digitalisierung-bundesverwaltung\/#article","isPartOf":{"@id":"https:\/\/news.sap.com\/germany\/2024\/06\/neue-rahmenvereinbarung-sap-digitalisierung-bundesverwaltung\/"},"author":{"name":"SAP News","@id":"https:\/\/news.sap.com\/germany\/#\/schema\/person\/53b9854bd790d6f18f3fc4bbb2ad7570"},"headline":"Neue Rahmenvereinbarung: SAP treibt Digitalisierung der Bundesverwaltung voran","datePublished":"2024-06-11T07:00:00+00:00","mainEntityOfPage":{"@id":"https:\/\/news.sap.com\/germany\/2024\/06\/neue-rahmenvereinbarung-sap-digitalisierung-bundesverwaltung\/"},"wordCount":435,"image":{"@id":"https:\/\/news.sap.com\/germany\/2024\/06\/neue-rahmenvereinbarung-sap-digitalisierung-bundesverwaltung\/#primaryimage"},"thumbnailUrl":"https:\/\/news.sap.com\/germany\/files\/2024\/06\/07\/288247_GettyImages-1026593952_medium_jpg.jpg","keywords":["Cloud","Digitalisierung","Technologie"],"articleSection":["Cloud"],"inLanguage":"de"},{"@type":"WebPage","@id":"https:\/\/news.sap.com\/germany\/2024\/06\/neue-rahmenvereinbarung-sap-digitalisierung-bundesverwaltung\/","url":"https:\/\/news.sap.com\/germany\/2024\/06\/neue-rahmenvereinbarung-sap-digitalisierung-bundesverwaltung\/","name":"SAP treibt Digitalisierung der Bundesverwaltung voran | SAP News","isPartOf":{"@id":"https:\/\/news.sap.com\/germany\/#website"},"primaryImageOfPage":{"@id":"https:\/\/news.sap.com\/germany\/2024\/06\/neue-rahmenvereinbarung-sap-digitalisierung-bundesverwaltung\/#primaryimage"},"image":{"@id":"https:\/\/news.sap.com\/germany\/2024\/06\/neue-rahmenvereinbarung-sap-digitalisierung-bundesverwaltung\/#primaryimage"},"thumbnailUrl":"https:\/\/news.sap.com\/germany\/files\/2024\/06\/07\/288247_GettyImages-1026593952_medium_jpg.jpg","datePublished":"2024-06-11T07:00:00+00:00","author":{"@id":"https:\/\/news.sap.com\/germany\/#\/schema\/person\/53b9854bd790d6f18f3fc4bbb2ad7570"},"description":"Die Zentralstelle IT-Beschaffung im Beschaffungsamt des BMI hat SAP den Zuschlag f\u00fcr eine wegweisende Rahmenvereinbarung erteilt. Lesen!","breadcrumb":{"@id":"https:\/\/news.sap.com\/germany\/2024\/06\/neue-rahmenvereinbarung-sap-digitalisierung-bundesverwaltung\/#breadcrumb"},"inLanguage":"de","potentialAction":[{"@type":"ReadAction","target":["https:\/\/news.sap.com\/germany\/2024\/06\/neue-rahmenvereinbarung-sap-digitalisierung-bundesverwaltung\/"]}]},{"@type":"ImageObject","inLanguage":"de","@id":"https:\/\/news.sap.com\/germany\/2024\/06\/neue-rahmenvereinbarung-sap-digitalisierung-bundesverwaltung\/#primaryimage","url":"https:\/\/news.sap.com\/germany\/files\/2024\/06\/07\/288247_GettyImages-1026593952_medium_jpg.jpg","contentUrl":"https:\/\/news.sap.com\/germany\/files\/2024\/06\/07\/288247_GettyImages-1026593952_medium_jpg.jpg","width":1920,"height":689,"caption":"Multiple exposure shot of a mature businesswoman using a digital tablet in a boardroom superimposed on a cityscape"},{"@type":"BreadcrumbList","@id":"https:\/\/news.sap.com\/germany\/2024\/06\/neue-rahmenvereinbarung-sap-digitalisierung-bundesverwaltung\/#breadcrumb","itemListElement":[{"@type":"ListItem","position":1,"name":"Home","item":"https:\/\/news.sap.com\/germany\/"},{"@type":"ListItem","position":2,"name":"Neue Rahmenvereinbarung: SAP treibt Digitalisierung der Bundesverwaltung voran"}]},{"@type":"WebSite","@id":"https:\/\/news.sap.com\/germany\/#website","url":"https:\/\/news.sap.com\/germany\/","name":"SAP News Center","description":"Unternehmensberichte &amp; Presseportal","potentialAction":[{"@type":"SearchAction","target":{"@type":"EntryPoint","urlTemplate":"https:\/\/news.sap.com\/germany\/?s={search_term_string}"},"query-input":{"@type":"PropertyValueSpecification","valueRequired":true,"valueName":"search_term_string"}}],"inLanguage":"de"},{"@type":"Person","@id":"https:\/\/news.sap.com\/germany\/#\/schema\/person\/53b9854bd790d6f18f3fc4bbb2ad7570","name":"SAP News","image":{"@type":"ImageObject","inLanguage":"de","@id":"https:\/\/news.sap.com\/germany\/#\/schema\/person\/image\/","url":"https:\/\/secure.gravatar.com\/avatar\/2728bb4d664345cda4951e11847acc1bfd2bc77830d9abd17fc4f54437acd5b4?s=96&d=blank&r=g","contentUrl":"https:\/\/secure.gravatar.com\/avatar\/2728bb4d664345cda4951e11847acc1bfd2bc77830d9abd17fc4f54437acd5b4?s=96&d=blank&r=g","caption":"SAP News"},"url":"https:\/\/news.sap.com\/germany\/author\/colleenraftery\/"}]}},"amp_enabled":true,"_links":{"self":[{"href":"https:\/\/news.sap.com\/germany\/wp-json\/wp\/v2\/posts\/179778","targetHints":{"allow":["GET"]}}],"collection":[{"href":"https:\/\/news.sap.com\/germany\/wp-json\/wp\/v2\/posts"}],"about":[{"href":"https:\/\/news.sap.com\/germany\/wp-json\/wp\/v2\/types\/post"}],"author":[{"embeddable":true,"href":"https:\/\/news.sap.com\/germany\/wp-json\/wp\/v2\/users\/29"}],"replies":[{"embeddable":true,"href":"https:\/\/news.sap.com\/germany\/wp-json\/wp\/v2\/comments?post=179778"}],"version-history":[{"count":0,"href":"https:\/\/news.sap.com\/germany\/wp-json\/wp\/v2\/posts\/179778\/revisions"}],"wp:featuredmedia":[{"embeddable":true,"href":"https:\/\/news.sap.com\/germany\/wp-json\/wp\/v2\/media\/179800"}],"wp:attachment":[{"href":"https:\/\/news.sap.com\/germany\/wp-json\/wp\/v2\/media?parent=179778"}],"wp:term":[{"taxonomy":"category","embeddable":true,"href":"https:\/\/news.sap.com\/germany\/wp-json\/wp\/v2\/categories?post=179778"},{"taxonomy":"post_tag","embeddable":true,"href":"https:\/\/news.sap.com\/germany\/wp-json\/wp\/v2\/tags?post=179778"},{"taxonomy":"series","embeddable":true,"href":"https:\/\/news.sap.com\/germany\/wp-json\/wp\/v2\/series?post=179778"},{"taxonomy":"sapn-display","embeddable":true,"href":"https:\/\/news.sap.com\/germany\/wp-json\/wp\/v2\/sapn-display?post=179778"},{"taxonomy":"sapn-type","embeddable":true,"href":"https:\/\/news.sap.com\/germany\/wp-json\/wp\/v2\/sapn-type?post=179778"}],"curies":[{"name":"wp","href":"https:\/\/api.w.org\/{rel}","templated":true}]}}