{"id":185357,"date":"2025-09-25T12:00:25","date_gmt":"2025-09-25T10:00:25","guid":{"rendered":"https:\/\/news.sap.com\/germany\/?p=185357"},"modified":"2025-09-25T12:01:12","modified_gmt":"2025-09-25T10:01:12","slug":"sap-bestaetigt-einleitung-eines-eu-verfahrens-zu-on-premise-wartungsrichtlinien","status":"publish","type":"post","link":"https:\/\/news.sap.com\/germany\/2025\/09\/sap-bestaetigt-einleitung-eines-eu-verfahrens-zu-on-premise-wartungsrichtlinien\/","title":{"rendered":"SAP best\u00e4tigt Einleitung eines EU-Verfahrens zu On-Premise-Wartungsrichtlinien\u00a0"},"content":{"rendered":"\n<p class=\"has-large-font-size\">SAP best\u00e4tigt, dass die Europ\u00e4ische Kommission ein f\u00f6rmliches Verfahren gegen das Unternehmen eingeleitet hat. <\/p>\n\n\n\n<p class=\"has-medium-font-size\">Gegenstand des Verfahrens sind bestimmte Aspekte der SAP-Richtlinien f\u00fcr Wartung und Support von On-Premise-L\u00f6sungen, die auf langj\u00e4hrigen Branchenstandards basieren und weltweit in der Softwareindustrie \u00fcblich sind. SAP ist der Ansicht, dass die eigenen Richtlinien und Ma\u00dfnahmen vollst\u00e4ndig mit den Wettbewerbsregeln im Einklang stehen. Wir nehmen die Bedenken der Kommission jedoch ernst und arbeiten\u202feng mit ihr zusammen, um eine L\u00f6sung zu finden. \u200b\u00a0<\/p>\n\n\n\n<p>Materielle Auswirkungen auf unsere Finanzergebnisse werden nicht erwartet. \u200b&nbsp;<\/p>\n\n\n\n<p>Als f\u00fchrendes europ\u00e4isches Unternehmen in einer sehr dynamischen globalen Branche bekennt sich SAP zu einem offenen Wettbewerb. Wir sind zuversichtlich, dass die Europ\u00e4ische Kommission einen z\u00fcgigen und fairen Abschluss des Verfahrens anstrebt.\u200b<\/p>\n","protected":false},"excerpt":{"rendered":"<p>SAP best\u00e4tigt, dass die Europ\u00e4ische Kommission ein f\u00f6rmliches Verfahren gegen das Unternehmen eingeleitet hat. Gegenstand des Verfahrens sind bestimmte Aspekte der SAP-Richtlinien f\u00fcr Wartung und&#8230;<\/p>\n","protected":false},"author":29,"featured_media":185359,"comment_status":"closed","ping_status":"closed","sticky":false,"template":"","format":"standard","meta":{"related_posts":[],"footnotes":"","_links_to":"","_links_to_target":""},"categories":[40863],"tags":[4879493],"series":[],"sapn-display":[5630500,5630503,3848,45027],"sapn-type":[56838],"class_list":["post-185357","post","type-post","status-publish","format-standard","has-post-thumbnail","hentry","category-unternehmen","tag-sap","sapn-display-news-hero","sapn-display-news-spotlight","sapn-display-top-stories","sapn-display-hero","sapn-type-stellungnahme"],"yoast_head":"<!-- This site is optimized with the Yoast SEO Premium plugin v26.9 (Yoast SEO v26.9) - https:\/\/yoast.com\/product\/yoast-seo-premium-wordpress\/ -->\n<title>SAP best\u00e4tigt Einleitung eines EU-Verfahrens zu On-Premise-Wartungsrichtlinien\u00a0 | SAP News Center<\/title>\n<meta name=\"description\" content=\"Informieren Sie sich \u00fcber die On-Premise-Wartungsrichtlinien von SAP und die Reaktion auf das Ma\u00dfnahmenverfahren der Europ\u00e4ischen Kommission.\" \/>\n<meta name=\"robots\" content=\"index, follow, max-snippet:-1, max-image-preview:large, max-video-preview:-1\" \/>\n<link rel=\"canonical\" href=\"https:\/\/news.sap.com\/germany\/2025\/09\/sap-bestaetigt-einleitung-eines-eu-verfahrens-zu-on-premise-wartungsrichtlinien\/\" \/>\n<meta property=\"og:locale\" content=\"de_DE\" \/>\n<meta property=\"og:type\" content=\"article\" \/>\n<meta property=\"og:title\" content=\"SAP best\u00e4tigt Einleitung eines EU-Verfahrens zu On-Premise-Wartungsrichtlinien\u00a0\" \/>\n<meta property=\"og:description\" content=\"Informieren Sie sich \u00fcber die On-Premise-Wartungsrichtlinien von SAP und die Reaktion auf das Ma\u00dfnahmenverfahren der Europ\u00e4ischen Kommission.\" \/>\n<meta property=\"og:url\" content=\"https:\/\/news.sap.com\/germany\/2025\/09\/sap-bestaetigt-einleitung-eines-eu-verfahrens-zu-on-premise-wartungsrichtlinien\/\" \/>\n<meta property=\"og:site_name\" content=\"SAP News Center\" \/>\n<meta property=\"article:published_time\" content=\"2025-09-25T10:00:25+00:00\" \/>\n<meta property=\"article:modified_time\" content=\"2025-09-25T10:01:12+00:00\" \/>\n<meta property=\"og:image\" content=\"https:\/\/news.sap.com\/germany\/files\/2025\/09\/25\/304576_GettyImages-161829236_medium_uncropped_F-1920x600-1.jpg\" \/>\n\t<meta property=\"og:image:width\" content=\"1920\" \/>\n\t<meta property=\"og:image:height\" content=\"600\" \/>\n\t<meta property=\"og:image:type\" content=\"image\/jpeg\" \/>\n<meta name=\"author\" content=\"SAP News\" \/>\n<meta name=\"twitter:card\" content=\"summary_large_image\" \/>\n<meta name=\"twitter:creator\" content=\"@SAPdach\" \/>\n<meta name=\"twitter:site\" content=\"@SAPdach\" \/>\n<meta name=\"twitter:label1\" content=\"Verfasst von\" \/>\n\t<meta name=\"twitter:data1\" content=\"SAP News\" \/>\n\t<meta name=\"twitter:label2\" content=\"Gesch\u00e4tzte Lesezeit\" \/>\n\t<meta name=\"twitter:data2\" content=\"1\u00a0Minute\" \/>\n<script type=\"application\/ld+json\" class=\"yoast-schema-graph\">{\"@context\":\"https:\/\/schema.org\",\"@graph\":[{\"@type\":\"Article\",\"@id\":\"https:\/\/news.sap.com\/germany\/2025\/09\/sap-bestaetigt-einleitung-eines-eu-verfahrens-zu-on-premise-wartungsrichtlinien\/#article\",\"isPartOf\":{\"@id\":\"https:\/\/news.sap.com\/germany\/2025\/09\/sap-bestaetigt-einleitung-eines-eu-verfahrens-zu-on-premise-wartungsrichtlinien\/\"},\"author\":{\"name\":\"SAP News\",\"@id\":\"https:\/\/news.sap.com\/germany\/#\/schema\/person\/53b9854bd790d6f18f3fc4bbb2ad7570\"},\"headline\":\"SAP best\u00e4tigt Einleitung eines EU-Verfahrens zu On-Premise-Wartungsrichtlinien\u00a0\",\"datePublished\":\"2025-09-25T10:00:25+00:00\",\"dateModified\":\"2025-09-25T10:01:12+00:00\",\"mainEntityOfPage\":{\"@id\":\"https:\/\/news.sap.com\/germany\/2025\/09\/sap-bestaetigt-einleitung-eines-eu-verfahrens-zu-on-premise-wartungsrichtlinien\/\"},\"wordCount\":138,\"image\":{\"@id\":\"https:\/\/news.sap.com\/germany\/2025\/09\/sap-bestaetigt-einleitung-eines-eu-verfahrens-zu-on-premise-wartungsrichtlinien\/#primaryimage\"},\"thumbnailUrl\":\"https:\/\/news.sap.com\/germany\/files\/2025\/09\/25\/304576_GettyImages-161829236_medium_uncropped_F-1920x600-1.jpg\",\"keywords\":[\"SAP\"],\"articleSection\":[\"Unternehmen\"],\"inLanguage\":\"de\"},{\"@type\":\"WebPage\",\"@id\":\"https:\/\/news.sap.com\/germany\/2025\/09\/sap-bestaetigt-einleitung-eines-eu-verfahrens-zu-on-premise-wartungsrichtlinien\/\",\"url\":\"https:\/\/news.sap.com\/germany\/2025\/09\/sap-bestaetigt-einleitung-eines-eu-verfahrens-zu-on-premise-wartungsrichtlinien\/\",\"name\":\"SAP best\u00e4tigt Einleitung eines EU-Verfahrens zu On-Premise-Wartungsrichtlinien\u00a0 | SAP News Center\",\"isPartOf\":{\"@id\":\"https:\/\/news.sap.com\/germany\/#website\"},\"primaryImageOfPage\":{\"@id\":\"https:\/\/news.sap.com\/germany\/2025\/09\/sap-bestaetigt-einleitung-eines-eu-verfahrens-zu-on-premise-wartungsrichtlinien\/#primaryimage\"},\"image\":{\"@id\":\"https:\/\/news.sap.com\/germany\/2025\/09\/sap-bestaetigt-einleitung-eines-eu-verfahrens-zu-on-premise-wartungsrichtlinien\/#primaryimage\"},\"thumbnailUrl\":\"https:\/\/news.sap.com\/germany\/files\/2025\/09\/25\/304576_GettyImages-161829236_medium_uncropped_F-1920x600-1.jpg\",\"datePublished\":\"2025-09-25T10:00:25+00:00\",\"dateModified\":\"2025-09-25T10:01:12+00:00\",\"author\":{\"@id\":\"https:\/\/news.sap.com\/germany\/#\/schema\/person\/53b9854bd790d6f18f3fc4bbb2ad7570\"},\"description\":\"Informieren Sie sich \u00fcber die On-Premise-Wartungsrichtlinien von SAP und die Reaktion auf das Ma\u00dfnahmenverfahren der Europ\u00e4ischen Kommission.\",\"breadcrumb\":{\"@id\":\"https:\/\/news.sap.com\/germany\/2025\/09\/sap-bestaetigt-einleitung-eines-eu-verfahrens-zu-on-premise-wartungsrichtlinien\/#breadcrumb\"},\"inLanguage\":\"de\",\"potentialAction\":[{\"@type\":\"ReadAction\",\"target\":[\"https:\/\/news.sap.com\/germany\/2025\/09\/sap-bestaetigt-einleitung-eines-eu-verfahrens-zu-on-premise-wartungsrichtlinien\/\"]}]},{\"@type\":\"ImageObject\",\"inLanguage\":\"de\",\"@id\":\"https:\/\/news.sap.com\/germany\/2025\/09\/sap-bestaetigt-einleitung-eines-eu-verfahrens-zu-on-premise-wartungsrichtlinien\/#primaryimage\",\"url\":\"https:\/\/news.sap.com\/germany\/files\/2025\/09\/25\/304576_GettyImages-161829236_medium_uncropped_F-1920x600-1.jpg\",\"contentUrl\":\"https:\/\/news.sap.com\/germany\/files\/2025\/09\/25\/304576_GettyImages-161829236_medium_uncropped_F-1920x600-1.jpg\",\"width\":1920,\"height\":600,\"caption\":\"futuristic office building at night, blue toned image, Canon EOS 1Ds Mark III, RAW 16 bit, Adobe RGB\"},{\"@type\":\"BreadcrumbList\",\"@id\":\"https:\/\/news.sap.com\/germany\/2025\/09\/sap-bestaetigt-einleitung-eines-eu-verfahrens-zu-on-premise-wartungsrichtlinien\/#breadcrumb\",\"itemListElement\":[{\"@type\":\"ListItem\",\"position\":1,\"name\":\"Home\",\"item\":\"https:\/\/news.sap.com\/germany\/\"},{\"@type\":\"ListItem\",\"position\":2,\"name\":\"SAP best\u00e4tigt Einleitung eines EU-Verfahrens zu On-Premise-Wartungsrichtlinien\u00a0\"}]},{\"@type\":\"WebSite\",\"@id\":\"https:\/\/news.sap.com\/germany\/#website\",\"url\":\"https:\/\/news.sap.com\/germany\/\",\"name\":\"SAP News Center\",\"description\":\"Unternehmensberichte &amp; Presseportal\",\"potentialAction\":[{\"@type\":\"SearchAction\",\"target\":{\"@type\":\"EntryPoint\",\"urlTemplate\":\"https:\/\/news.sap.com\/germany\/?s={search_term_string}\"},\"query-input\":{\"@type\":\"PropertyValueSpecification\",\"valueRequired\":true,\"valueName\":\"search_term_string\"}}],\"inLanguage\":\"de\"},{\"@type\":\"Person\",\"@id\":\"https:\/\/news.sap.com\/germany\/#\/schema\/person\/53b9854bd790d6f18f3fc4bbb2ad7570\",\"name\":\"SAP News\",\"image\":{\"@type\":\"ImageObject\",\"inLanguage\":\"de\",\"@id\":\"https:\/\/news.sap.com\/germany\/#\/schema\/person\/image\/\",\"url\":\"https:\/\/secure.gravatar.com\/avatar\/2728bb4d664345cda4951e11847acc1bfd2bc77830d9abd17fc4f54437acd5b4?s=96&d=blank&r=g\",\"contentUrl\":\"https:\/\/secure.gravatar.com\/avatar\/2728bb4d664345cda4951e11847acc1bfd2bc77830d9abd17fc4f54437acd5b4?s=96&d=blank&r=g\",\"caption\":\"SAP News\"},\"url\":\"https:\/\/news.sap.com\/germany\/author\/colleenraftery\/\"}]}<\/script>\n<!-- \/ Yoast SEO Premium plugin. -->","yoast_head_json":{"title":"SAP best\u00e4tigt Einleitung eines EU-Verfahrens zu On-Premise-Wartungsrichtlinien\u00a0 | SAP News Center","description":"Informieren Sie sich \u00fcber die On-Premise-Wartungsrichtlinien von SAP und die Reaktion auf das Ma\u00dfnahmenverfahren der Europ\u00e4ischen Kommission.","robots":{"index":"index","follow":"follow","max-snippet":"max-snippet:-1","max-image-preview":"max-image-preview:large","max-video-preview":"max-video-preview:-1"},"canonical":"https:\/\/news.sap.com\/germany\/2025\/09\/sap-bestaetigt-einleitung-eines-eu-verfahrens-zu-on-premise-wartungsrichtlinien\/","og_locale":"de_DE","og_type":"article","og_title":"SAP best\u00e4tigt Einleitung eines EU-Verfahrens zu On-Premise-Wartungsrichtlinien\u00a0","og_description":"Informieren Sie sich \u00fcber die On-Premise-Wartungsrichtlinien von SAP und die Reaktion auf das Ma\u00dfnahmenverfahren der Europ\u00e4ischen Kommission.","og_url":"https:\/\/news.sap.com\/germany\/2025\/09\/sap-bestaetigt-einleitung-eines-eu-verfahrens-zu-on-premise-wartungsrichtlinien\/","og_site_name":"SAP News Center","article_published_time":"2025-09-25T10:00:25+00:00","article_modified_time":"2025-09-25T10:01:12+00:00","og_image":[{"width":1920,"height":600,"url":"https:\/\/news.sap.com\/germany\/files\/2025\/09\/25\/304576_GettyImages-161829236_medium_uncropped_F-1920x600-1.jpg","type":"image\/jpeg"}],"author":"SAP News","twitter_card":"summary_large_image","twitter_creator":"@SAPdach","twitter_site":"@SAPdach","twitter_misc":{"Verfasst von":"SAP News","Gesch\u00e4tzte Lesezeit":"1\u00a0Minute"},"schema":{"@context":"https:\/\/schema.org","@graph":[{"@type":"Article","@id":"https:\/\/news.sap.com\/germany\/2025\/09\/sap-bestaetigt-einleitung-eines-eu-verfahrens-zu-on-premise-wartungsrichtlinien\/#article","isPartOf":{"@id":"https:\/\/news.sap.com\/germany\/2025\/09\/sap-bestaetigt-einleitung-eines-eu-verfahrens-zu-on-premise-wartungsrichtlinien\/"},"author":{"name":"SAP News","@id":"https:\/\/news.sap.com\/germany\/#\/schema\/person\/53b9854bd790d6f18f3fc4bbb2ad7570"},"headline":"SAP best\u00e4tigt Einleitung eines EU-Verfahrens zu On-Premise-Wartungsrichtlinien\u00a0","datePublished":"2025-09-25T10:00:25+00:00","dateModified":"2025-09-25T10:01:12+00:00","mainEntityOfPage":{"@id":"https:\/\/news.sap.com\/germany\/2025\/09\/sap-bestaetigt-einleitung-eines-eu-verfahrens-zu-on-premise-wartungsrichtlinien\/"},"wordCount":138,"image":{"@id":"https:\/\/news.sap.com\/germany\/2025\/09\/sap-bestaetigt-einleitung-eines-eu-verfahrens-zu-on-premise-wartungsrichtlinien\/#primaryimage"},"thumbnailUrl":"https:\/\/news.sap.com\/germany\/files\/2025\/09\/25\/304576_GettyImages-161829236_medium_uncropped_F-1920x600-1.jpg","keywords":["SAP"],"articleSection":["Unternehmen"],"inLanguage":"de"},{"@type":"WebPage","@id":"https:\/\/news.sap.com\/germany\/2025\/09\/sap-bestaetigt-einleitung-eines-eu-verfahrens-zu-on-premise-wartungsrichtlinien\/","url":"https:\/\/news.sap.com\/germany\/2025\/09\/sap-bestaetigt-einleitung-eines-eu-verfahrens-zu-on-premise-wartungsrichtlinien\/","name":"SAP best\u00e4tigt Einleitung eines EU-Verfahrens zu On-Premise-Wartungsrichtlinien\u00a0 | SAP News Center","isPartOf":{"@id":"https:\/\/news.sap.com\/germany\/#website"},"primaryImageOfPage":{"@id":"https:\/\/news.sap.com\/germany\/2025\/09\/sap-bestaetigt-einleitung-eines-eu-verfahrens-zu-on-premise-wartungsrichtlinien\/#primaryimage"},"image":{"@id":"https:\/\/news.sap.com\/germany\/2025\/09\/sap-bestaetigt-einleitung-eines-eu-verfahrens-zu-on-premise-wartungsrichtlinien\/#primaryimage"},"thumbnailUrl":"https:\/\/news.sap.com\/germany\/files\/2025\/09\/25\/304576_GettyImages-161829236_medium_uncropped_F-1920x600-1.jpg","datePublished":"2025-09-25T10:00:25+00:00","dateModified":"2025-09-25T10:01:12+00:00","author":{"@id":"https:\/\/news.sap.com\/germany\/#\/schema\/person\/53b9854bd790d6f18f3fc4bbb2ad7570"},"description":"Informieren Sie sich \u00fcber die On-Premise-Wartungsrichtlinien von SAP und die Reaktion auf das Ma\u00dfnahmenverfahren der Europ\u00e4ischen Kommission.","breadcrumb":{"@id":"https:\/\/news.sap.com\/germany\/2025\/09\/sap-bestaetigt-einleitung-eines-eu-verfahrens-zu-on-premise-wartungsrichtlinien\/#breadcrumb"},"inLanguage":"de","potentialAction":[{"@type":"ReadAction","target":["https:\/\/news.sap.com\/germany\/2025\/09\/sap-bestaetigt-einleitung-eines-eu-verfahrens-zu-on-premise-wartungsrichtlinien\/"]}]},{"@type":"ImageObject","inLanguage":"de","@id":"https:\/\/news.sap.com\/germany\/2025\/09\/sap-bestaetigt-einleitung-eines-eu-verfahrens-zu-on-premise-wartungsrichtlinien\/#primaryimage","url":"https:\/\/news.sap.com\/germany\/files\/2025\/09\/25\/304576_GettyImages-161829236_medium_uncropped_F-1920x600-1.jpg","contentUrl":"https:\/\/news.sap.com\/germany\/files\/2025\/09\/25\/304576_GettyImages-161829236_medium_uncropped_F-1920x600-1.jpg","width":1920,"height":600,"caption":"futuristic office building at night, blue toned image, Canon EOS 1Ds Mark III, RAW 16 bit, Adobe RGB"},{"@type":"BreadcrumbList","@id":"https:\/\/news.sap.com\/germany\/2025\/09\/sap-bestaetigt-einleitung-eines-eu-verfahrens-zu-on-premise-wartungsrichtlinien\/#breadcrumb","itemListElement":[{"@type":"ListItem","position":1,"name":"Home","item":"https:\/\/news.sap.com\/germany\/"},{"@type":"ListItem","position":2,"name":"SAP best\u00e4tigt Einleitung eines EU-Verfahrens zu On-Premise-Wartungsrichtlinien\u00a0"}]},{"@type":"WebSite","@id":"https:\/\/news.sap.com\/germany\/#website","url":"https:\/\/news.sap.com\/germany\/","name":"SAP News Center","description":"Unternehmensberichte &amp; Presseportal","potentialAction":[{"@type":"SearchAction","target":{"@type":"EntryPoint","urlTemplate":"https:\/\/news.sap.com\/germany\/?s={search_term_string}"},"query-input":{"@type":"PropertyValueSpecification","valueRequired":true,"valueName":"search_term_string"}}],"inLanguage":"de"},{"@type":"Person","@id":"https:\/\/news.sap.com\/germany\/#\/schema\/person\/53b9854bd790d6f18f3fc4bbb2ad7570","name":"SAP News","image":{"@type":"ImageObject","inLanguage":"de","@id":"https:\/\/news.sap.com\/germany\/#\/schema\/person\/image\/","url":"https:\/\/secure.gravatar.com\/avatar\/2728bb4d664345cda4951e11847acc1bfd2bc77830d9abd17fc4f54437acd5b4?s=96&d=blank&r=g","contentUrl":"https:\/\/secure.gravatar.com\/avatar\/2728bb4d664345cda4951e11847acc1bfd2bc77830d9abd17fc4f54437acd5b4?s=96&d=blank&r=g","caption":"SAP News"},"url":"https:\/\/news.sap.com\/germany\/author\/colleenraftery\/"}]}},"amp_enabled":true,"_links":{"self":[{"href":"https:\/\/news.sap.com\/germany\/wp-json\/wp\/v2\/posts\/185357","targetHints":{"allow":["GET"]}}],"collection":[{"href":"https:\/\/news.sap.com\/germany\/wp-json\/wp\/v2\/posts"}],"about":[{"href":"https:\/\/news.sap.com\/germany\/wp-json\/wp\/v2\/types\/post"}],"author":[{"embeddable":true,"href":"https:\/\/news.sap.com\/germany\/wp-json\/wp\/v2\/users\/29"}],"replies":[{"embeddable":true,"href":"https:\/\/news.sap.com\/germany\/wp-json\/wp\/v2\/comments?post=185357"}],"version-history":[{"count":0,"href":"https:\/\/news.sap.com\/germany\/wp-json\/wp\/v2\/posts\/185357\/revisions"}],"wp:featuredmedia":[{"embeddable":true,"href":"https:\/\/news.sap.com\/germany\/wp-json\/wp\/v2\/media\/185359"}],"wp:attachment":[{"href":"https:\/\/news.sap.com\/germany\/wp-json\/wp\/v2\/media?parent=185357"}],"wp:term":[{"taxonomy":"category","embeddable":true,"href":"https:\/\/news.sap.com\/germany\/wp-json\/wp\/v2\/categories?post=185357"},{"taxonomy":"post_tag","embeddable":true,"href":"https:\/\/news.sap.com\/germany\/wp-json\/wp\/v2\/tags?post=185357"},{"taxonomy":"series","embeddable":true,"href":"https:\/\/news.sap.com\/germany\/wp-json\/wp\/v2\/series?post=185357"},{"taxonomy":"sapn-display","embeddable":true,"href":"https:\/\/news.sap.com\/germany\/wp-json\/wp\/v2\/sapn-display?post=185357"},{"taxonomy":"sapn-type","embeddable":true,"href":"https:\/\/news.sap.com\/germany\/wp-json\/wp\/v2\/sapn-type?post=185357"}],"curies":[{"name":"wp","href":"https:\/\/api.w.org\/{rel}","templated":true}]}}