{"id":123540,"date":"2021-04-21T13:51:03","date_gmt":"2021-04-21T17:51:03","guid":{"rendered":"https:\/\/news.sap.com\/latinamerica\/?p=123540"},"modified":"2023-11-08T15:40:14","modified_gmt":"2023-11-08T20:40:14","slug":"sostenibilidad-la-nueva-prioridad-de-los-viajeros-corporativos","status":"publish","type":"post","link":"https:\/\/news.sap.com\/latinamerica\/2021\/04\/sostenibilidad-la-nueva-prioridad-de-los-viajeros-corporativos\/","title":{"rendered":"Sostenibilidad, \u2018la nueva prioridad&#8217; de los viajeros corporativos"},"content":{"rendered":"<ul>\n<li><em>El 98 por ciento de las empresas est\u00e1n dispuestas a hacer inversiones adicionales en la gesti\u00f3n de viajes para hacerlos sostenibles<\/em><\/li>\n<li><em>8 de cada 10 personas entre 25 y 39 a\u00f1os se inclinan m\u00e1s por trabajar para una compa\u00f1\u00eda que le d\u00e9 prioridad a la sustentabilidad<\/em><\/li>\n<li><em>Dirigir a una empresa m\u00e1s sostenible ayuda tambi\u00e9n a que los negocios sean m\u00e1s rentables<\/em><\/li>\n<\/ul>\n<p><em><strong>SAP NEWSBYTE \u2013 CIUDAD DE M\u00c9XICO, M\u00e9xico, a 21 de abril del 2021. <\/strong><\/em><em>\u2013<\/em> En el marco de la celebraci\u00f3n del <strong>D\u00eda de la Tierra 2021 <\/strong>cuyo tema es <strong>\u201cRestaurar Nuestra Tierra\u201d<\/strong>, los negocios globales comienzan a reactivarse y la conciencia de l\u00edderes, empleadores y colaboradores sobre tomar medidas decisivas para reducir las emisiones de carbono y los problemas ambientales se incrementa considerablemente, siendo el turismo sostenible una herramienta poderosa para lograrlo.<\/p>\n<p>De acuerdo con una investigaci\u00f3n reciente de SAP<a href=\"#_ftn1\" name=\"_ftnref1\">[1]<\/a> en Europa, los responsables de tomar las decisiones sobre viajes corporativos y los propios viajeros confirman que el 98% de dichas empresas est\u00e1n dispuestas a hacer inversiones adicionales en la gesti\u00f3n de viajes para hacerlos sostenibles; sin embargo, 6 de cada 10 no sienten completamente capacitados para implementar una pol\u00edtica sostenible dentro de su empresa.<\/p>\n<p>Los tomadores de decisiones desean ofrecer opciones sostenibles para sus viajeros:<\/p>\n<ul>\n<li>65% afirman que sus pol\u00edticas de viajes son completamente sostenibles o que la sostenibilidad es una parte integral de su pol\u00edtica de viajes<\/li>\n<li>53% calific\u00f3 la mejora de la visibilidad para tomar decisiones m\u00e1s sostenibles como uno de los factores cr\u00edticos al aprobar servicios para el uso de sus viajeros corporativos<\/li>\n<li>35% clasific\u00f3 la capacitaci\u00f3n en temas de sostenibilidad entre sus tres principales<\/li>\n<li>31% de las compa\u00f1\u00edas est\u00e1n dispuestas a invertir entre el 11 y el 20 por ciento en un programa de viajes m\u00e1s sostenibles<\/li>\n<\/ul>\n<p>En cuanto a los colaboradores, el 97 por ciento est\u00e1n preparados para considerar tiempo de viaje adicional a favor de opciones de viajes m\u00e1s sostenibles, y 8 de cada 10 personas entre 25 y 39 a\u00f1os se inclinan m\u00e1s en trabajar para una compa\u00f1\u00eda que le d\u00e9 prioridad a la sustentabilidad. Asimismo, el 34% est\u00e1 dispuesto a dedicar entre dos y cuatro horas en opciones de viaje m\u00e1s sostenibles y el 26% aumentar\u00eda el tiempo de su viaje entre cuatro y hasta ocho horas por tener una alternativa ecol\u00f3gica.<\/p>\n<p>\u201cLas organizaciones de diferentes los sectores y tama\u00f1os reconocen que al gestionar con atenci\u00f3n su impacto medioambiental se trata de adem\u00e1s de ser responsables con todas sus comunidades, de tener \u00e9xito, de ser eficientes, y de atraer y retener a los mejores clientes y colaboradores; porque dirigir a una empresa m\u00e1s sostenible ayuda tambi\u00e9n a que los negocios sean m\u00e1s rentables\u201d, coment\u00f3 <strong>Angel Morf\u00edn, director general de SAP Concur en M\u00e9xico.<\/strong> \u201cSabemos que la sustentabilidad es importante tanto para clientes, accionistas y las comunidades completas y los viajes corporativos contribuyen a ello de manera fundamental\u201d.<\/p>\n<p>Una vez que se permitan nuevamente los viajes de negocios se deben de incorporar mayores protocolos de seguridad en las pol\u00edticas, tales como acciones para la protecci\u00f3n de sus colaboradores en los traslados a los aeropuertos, ciudades y hoteles destino o bien, protocolos de cuarentena para despu\u00e9s de haber hecho un viaje.<\/p>\n<p>La tecnolog\u00eda en la Nube de SAP Concur para la gesti\u00f3n de viajes y gastos ayuda en tiempo real a las empresas a generar pol\u00edticas e implementar medidas que cumplan con sus objetivos sostenibles:<\/p>\n<p><strong>Planeaci\u00f3n <\/strong><\/p>\n<ul>\n<li>Asegurar que el viaje sea absolutamente necesario<\/li>\n<li>Mostrar a los viajeros las diferentes alternativas de vuelos de acuerdo con las emisiones de carbono<\/li>\n<li>Recomendar hoteles que ofrecen recibos electr\u00f3nicos para disminuir el uso de papel innecesario<\/li>\n<li>Indicar opciones de autos h\u00edbridos a la hora de rentar un veh\u00edculo<\/li>\n<\/ul>\n<p><strong>Reservaci\u00f3n<\/strong><\/p>\n<ul>\n<li>Indicar a los proveedores preferidos que cumplen con los objetivos de sustentabilidad de las empresas<\/li>\n<li>Implementar herramientas de comunicaci\u00f3n claras para reconocer y motivar a los colaboradores que se adhieran a las pol\u00edticas sostenibles<\/li>\n<\/ul>\n<p><strong>Comprobaci\u00f3n de gastos<\/strong><\/p>\n<ul>\n<li>Eliminaci\u00f3n de papel para los colaboradores y proveedores<\/li>\n<li>Aplicaci\u00f3n m\u00f3vil para la captura de comprobantes de gastos<\/li>\n<li>Agilizaci\u00f3n de procesos y disminuci\u00f3n de tiempo para la comprobaci\u00f3n de gastos<\/li>\n<\/ul>\n<p><strong>Valores adicionales para las organizaciones sostenibles: <\/strong><\/p>\n<ul>\n<li>48% en el mejoramiento de la reputaci\u00f3n de la marca personal<\/li>\n<li>47% mayor eficiencia operativa<\/li>\n<li>47% menores costos<\/li>\n<li>45% mayor valor de la marca<\/li>\n<li>44% Generar reconocimiento y reputaci\u00f3n positivos de la marca<\/li>\n<li>39% forjar relaciones con organizaciones conscientes de la sustentabilidad<\/li>\n<li>34% adquisici\u00f3n de nuevo talento<\/li>\n<\/ul>\n<p># # #<\/p>\n<p><strong>Acerca de SAP<\/strong><\/p>\n<p>SAP tiene como estrategia ayudar a cada negocio a funcionar como una empresa inteligente. Como l\u00edder en el mercado de software de aplicaci\u00f3n empresarial, contribuimos a que las organizaciones de todos los tama\u00f1os e industrias puedan alcanzar su funcionamiento \u00f3ptimo: en el 77% de los ingresos por transacciones del mundo interviene un sistema SAP\u00ae. Nuestras tecnolog\u00edas avanzadas de <em>machine learning, Internet of Things<\/em> (IoT) y anal\u00edticos ayudan a convertir los negocios de nuestros clientes en empresas inteligentes. SAP contribuye a dar a las personas y a las organizaciones una perspectiva de negocio completa y promueve la colaboraci\u00f3n que les permite mantenerse delante de sus competidores. Simplificamos la tecnolog\u00eda para las empresas, de modo que puedan utilizar nuestro software de la manera en que lo desean, sin interrupciones. Nuestro conjunto de aplicaciones y servicios extremo a extremo permite a clientes \u2013del sector p\u00fablico y privado en 25 industrias diferentes\u2013 operar en forma rentable, adaptarse continuamente y marcar la diferencia. Con una red global de clientes, asociados, colaboradores y l\u00edderes de opini\u00f3n, SAP ayuda al mundo a funcionar \u00f3ptimamente y mejorar la vida de las personas. Para m\u00e1s informaci\u00f3n, visite <a href=\"https:\/\/urldefense.proofpoint.com\/v2\/url?u=http-3A__www.sap.com&amp;d=DwMFAw&amp;c=HdAUNv_EOZyljLc1cjbHCq-Eo7r1kRHoywhQbi81uaA&amp;r=yokuYqzuj4jmJ5f4D_LjkP-ZOMSc9pSW1GVavXZPK6c&amp;m=h-Nq2Ez2HQ4lApVPIUxNMYRNMegEGRinBz5xKILn2Zs&amp;s=84rXiG39WADBWxORksrSZw--PKPDSQ49B7FqdPOvdWA&amp;e=\">www.sap.com<\/a>, nuestra sala de prensa, <a href=\"https:\/\/urldefense.proofpoint.com\/v2\/url?u=http-3A__news.sap.com_latinamerica&amp;d=DwMFAw&amp;c=HdAUNv_EOZyljLc1cjbHCq-Eo7r1kRHoywhQbi81uaA&amp;r=yokuYqzuj4jmJ5f4D_LjkP-ZOMSc9pSW1GVavXZPK6c&amp;m=h-Nq2Ez2HQ4lApVPIUxNMYRNMegEGRinBz5xKILn2Zs&amp;s=Lf0siHtexSJ-TDX58mAZZ93nEcWi24XJDoIz__jGD1o&amp;e=\">http:\/\/news.sap.com\/latinamerica<\/a>, o s\u00edganos en Twitter <a href=\"https:\/\/urldefense.proofpoint.com\/v2\/url?u=https-3A__twitter.com_sapnoticiasmx&amp;d=DwMFAw&amp;c=HdAUNv_EOZyljLc1cjbHCq-Eo7r1kRHoywhQbi81uaA&amp;r=yokuYqzuj4jmJ5f4D_LjkP-ZOMSc9pSW1GVavXZPK6c&amp;m=h-Nq2Ez2HQ4lApVPIUxNMYRNMegEGRinBz5xKILn2Zs&amp;s=__cVosYdw0Y2dYhDPChmypwso83Uxl8zIQhLJfqk-Kk&amp;e=\">@SAPNoticiasMX.<\/a><\/p>\n<p><a href=\"#_ftnref1\" name=\"_ftn1\">[1]<\/a> \u00a0<a href=\"https:\/\/assets.rc-concur.com\/1600970382131-Infographic_Sustainable%20Travel%20Is%20Top%20of%20Mind_ENT_RC_ES-MX_HQ.pdf\">\u00cdndice de sostenibilidad de viajes corporativos, 2020<\/a><\/p>\n","protected":false},"excerpt":{"rendered":"<p>El 98 por ciento de las empresas est\u00e1n dispuestas a hacer inversiones adicionales en la gesti\u00f3n de viajes para hacerlos sostenibles 8 de cada 10&#8230;<\/p>\n","protected":false},"author":140,"featured_media":123541,"comment_status":"closed","ping_status":"closed","sticky":false,"template":"","format":"standard","meta":{"footnotes":"","_links_to":"","_links_to_target":""},"categories":[52098],"tags":[],"series":[],"region":[],"sapn-display":[52079,5600443,5600441,53499],"sapn-type":[52103],"class_list":["post-123540","post","type-post","status-publish","format-standard","has-post-thumbnail","hentry","category-sustentabilidad-temas","sapn-display-top-stories","sapn-display-prensa-destacada","sapn-display-prensa-principal","sapn-display-hero","sapn-type-newsbyte-type"],"yoast_head":"<!-- This site is optimized with the Yoast SEO Premium plugin v26.9 (Yoast SEO v26.9) - https:\/\/yoast.com\/product\/yoast-seo-premium-wordpress\/ -->\n<title>Sostenibilidad, \u2018la nueva prioridad&#039; de los viajeros corporativos - SAP News Center Latinoam\u00e9rica<\/title>\n<meta name=\"robots\" content=\"index, follow, max-snippet:-1, max-image-preview:large, max-video-preview:-1\" \/>\n<link rel=\"canonical\" href=\"https:\/\/news.sap.com\/latinamerica\/2021\/04\/sostenibilidad-la-nueva-prioridad-de-los-viajeros-corporativos\/\" \/>\n<meta property=\"og:locale\" content=\"es_MX\" \/>\n<meta property=\"og:type\" content=\"article\" \/>\n<meta property=\"og:title\" content=\"Sostenibilidad, \u2018la nueva prioridad&#039; de los viajeros corporativos\" \/>\n<meta property=\"og:description\" content=\"El 98 por ciento de las empresas est\u00e1n dispuestas a hacer inversiones adicionales en la gesti\u00f3n de viajes para hacerlos sostenibles 8 de cada 10...\" \/>\n<meta property=\"og:url\" content=\"https:\/\/news.sap.com\/latinamerica\/2021\/04\/sostenibilidad-la-nueva-prioridad-de-los-viajeros-corporativos\/\" \/>\n<meta property=\"og:site_name\" content=\"SAP News Center Latinoam\u00e9rica\" \/>\n<meta property=\"article:publisher\" content=\"https:\/\/www.facebook.com\/SAPlatinoamerica\" \/>\n<meta property=\"article:published_time\" content=\"2021-04-21T17:51:03+00:00\" \/>\n<meta property=\"article:modified_time\" content=\"2023-11-08T20:40:14+00:00\" \/>\n<meta property=\"og:image\" content=\"https:\/\/news.sap.com\/latinamerica\/files\/2021\/04\/21\/287583_GettyImages-168396706_small.jpg\" \/>\n\t<meta property=\"og:image:width\" content=\"700\" \/>\n\t<meta property=\"og:image:height\" content=\"447\" \/>\n\t<meta property=\"og:image:type\" content=\"image\/jpeg\" \/>\n<meta name=\"author\" content=\"SAP Noticias\" \/>\n<meta name=\"twitter:label1\" content=\"Escrito por\" \/>\n\t<meta name=\"twitter:data1\" content=\"SAP Noticias\" \/>\n\t<meta name=\"twitter:label2\" content=\"Tiempo de lectura\" \/>\n\t<meta name=\"twitter:data2\" content=\"5 minutos\" \/>\n<script type=\"application\/ld+json\" class=\"yoast-schema-graph\">{\"@context\":\"https:\/\/schema.org\",\"@graph\":[{\"@type\":\"Article\",\"@id\":\"https:\/\/news.sap.com\/latinamerica\/2021\/04\/sostenibilidad-la-nueva-prioridad-de-los-viajeros-corporativos\/#article\",\"isPartOf\":{\"@id\":\"https:\/\/news.sap.com\/latinamerica\/2021\/04\/sostenibilidad-la-nueva-prioridad-de-los-viajeros-corporativos\/\"},\"author\":{\"name\":\"SAP Noticias\",\"@id\":\"https:\/\/news.sap.com\/latinamerica\/#\/schema\/person\/f0708465b354b6d0314a360309edb00a\"},\"headline\":\"Sostenibilidad, \u2018la nueva prioridad&#8217; de los viajeros corporativos\",\"datePublished\":\"2021-04-21T17:51:03+00:00\",\"dateModified\":\"2023-11-08T20:40:14+00:00\",\"mainEntityOfPage\":{\"@id\":\"https:\/\/news.sap.com\/latinamerica\/2021\/04\/sostenibilidad-la-nueva-prioridad-de-los-viajeros-corporativos\/\"},\"wordCount\":996,\"publisher\":{\"@id\":\"https:\/\/news.sap.com\/latinamerica\/#organization\"},\"image\":{\"@id\":\"https:\/\/news.sap.com\/latinamerica\/2021\/04\/sostenibilidad-la-nueva-prioridad-de-los-viajeros-corporativos\/#primaryimage\"},\"thumbnailUrl\":\"https:\/\/news.sap.com\/latinamerica\/files\/2021\/04\/21\/287583_GettyImages-168396706_small.jpg\",\"articleSection\":[\"Sostenibilidad\"],\"inLanguage\":\"es\"},{\"@type\":\"WebPage\",\"@id\":\"https:\/\/news.sap.com\/latinamerica\/2021\/04\/sostenibilidad-la-nueva-prioridad-de-los-viajeros-corporativos\/\",\"url\":\"https:\/\/news.sap.com\/latinamerica\/2021\/04\/sostenibilidad-la-nueva-prioridad-de-los-viajeros-corporativos\/\",\"name\":\"Sostenibilidad, \u2018la nueva prioridad' de los viajeros corporativos - SAP News Center Latinoam\u00e9rica\",\"isPartOf\":{\"@id\":\"https:\/\/news.sap.com\/latinamerica\/#website\"},\"primaryImageOfPage\":{\"@id\":\"https:\/\/news.sap.com\/latinamerica\/2021\/04\/sostenibilidad-la-nueva-prioridad-de-los-viajeros-corporativos\/#primaryimage\"},\"image\":{\"@id\":\"https:\/\/news.sap.com\/latinamerica\/2021\/04\/sostenibilidad-la-nueva-prioridad-de-los-viajeros-corporativos\/#primaryimage\"},\"thumbnailUrl\":\"https:\/\/news.sap.com\/latinamerica\/files\/2021\/04\/21\/287583_GettyImages-168396706_small.jpg\",\"datePublished\":\"2021-04-21T17:51:03+00:00\",\"dateModified\":\"2023-11-08T20:40:14+00:00\",\"breadcrumb\":{\"@id\":\"https:\/\/news.sap.com\/latinamerica\/2021\/04\/sostenibilidad-la-nueva-prioridad-de-los-viajeros-corporativos\/#breadcrumb\"},\"inLanguage\":\"es\",\"potentialAction\":[{\"@type\":\"ReadAction\",\"target\":[\"https:\/\/news.sap.com\/latinamerica\/2021\/04\/sostenibilidad-la-nueva-prioridad-de-los-viajeros-corporativos\/\"]}]},{\"@type\":\"ImageObject\",\"inLanguage\":\"es\",\"@id\":\"https:\/\/news.sap.com\/latinamerica\/2021\/04\/sostenibilidad-la-nueva-prioridad-de-los-viajeros-corporativos\/#primaryimage\",\"url\":\"https:\/\/news.sap.com\/latinamerica\/files\/2021\/04\/21\/287583_GettyImages-168396706_small.jpg\",\"contentUrl\":\"https:\/\/news.sap.com\/latinamerica\/files\/2021\/04\/21\/287583_GettyImages-168396706_small.jpg\",\"width\":700,\"height\":447,\"caption\":\"Commercial airliner leaves bad weather behind.\"},{\"@type\":\"BreadcrumbList\",\"@id\":\"https:\/\/news.sap.com\/latinamerica\/2021\/04\/sostenibilidad-la-nueva-prioridad-de-los-viajeros-corporativos\/#breadcrumb\",\"itemListElement\":[{\"@type\":\"ListItem\",\"position\":1,\"name\":\"Home\",\"item\":\"https:\/\/news.sap.com\/latinamerica\/\"},{\"@type\":\"ListItem\",\"position\":2,\"name\":\"Sostenibilidad, \u2018la nueva prioridad&#8217; de los viajeros corporativos\"}]},{\"@type\":\"WebSite\",\"@id\":\"https:\/\/news.sap.com\/latinamerica\/#website\",\"url\":\"https:\/\/news.sap.com\/latinamerica\/\",\"name\":\"SAP News Center Latinoam\u00e9rica\",\"description\":\"Noticias e informaci\u00f3n sobre SAP\",\"publisher\":{\"@id\":\"https:\/\/news.sap.com\/latinamerica\/#organization\"},\"potentialAction\":[{\"@type\":\"SearchAction\",\"target\":{\"@type\":\"EntryPoint\",\"urlTemplate\":\"https:\/\/news.sap.com\/latinamerica\/?s={search_term_string}\"},\"query-input\":{\"@type\":\"PropertyValueSpecification\",\"valueRequired\":true,\"valueName\":\"search_term_string\"}}],\"inLanguage\":\"es\"},{\"@type\":\"Organization\",\"@id\":\"https:\/\/news.sap.com\/latinamerica\/#organization\",\"name\":\"SAP\",\"url\":\"https:\/\/news.sap.com\/latinamerica\/\",\"logo\":{\"@type\":\"ImageObject\",\"inLanguage\":\"es\",\"@id\":\"https:\/\/news.sap.com\/latinamerica\/#\/schema\/logo\/image\/\",\"url\":\"https:\/\/news.sap.com\/latinamerica\/files\/2019\/08\/65903320_2903797569662914_557886358778019840_n.png\",\"contentUrl\":\"https:\/\/news.sap.com\/latinamerica\/files\/2019\/08\/65903320_2903797569662914_557886358778019840_n.png\",\"width\":720,\"height\":720,\"caption\":\"SAP\"},\"image\":{\"@id\":\"https:\/\/news.sap.com\/latinamerica\/#\/schema\/logo\/image\/\"},\"sameAs\":[\"https:\/\/www.facebook.com\/SAPlatinoamerica\",\"https:\/\/x.com\/SAPLatinAmerica\"]},{\"@type\":\"Person\",\"@id\":\"https:\/\/news.sap.com\/latinamerica\/#\/schema\/person\/f0708465b354b6d0314a360309edb00a\",\"name\":\"SAP Noticias\",\"image\":{\"@type\":\"ImageObject\",\"inLanguage\":\"es\",\"@id\":\"https:\/\/news.sap.com\/latinamerica\/#\/schema\/person\/image\/\",\"url\":\"https:\/\/news.sap.com\/latinamerica\/wp-content\/plugins\/wp-user-avatars\/wp-user-avatars\/assets\/images\/mystery.jpg\",\"contentUrl\":\"https:\/\/news.sap.com\/latinamerica\/wp-content\/plugins\/wp-user-avatars\/wp-user-avatars\/assets\/images\/mystery.jpg\",\"caption\":\"SAP Noticias\"},\"url\":\"https:\/\/news.sap.com\/latinamerica\/author\/argentina\/\"}]}<\/script>\n<!-- \/ Yoast SEO Premium plugin. -->","yoast_head_json":{"title":"Sostenibilidad, \u2018la nueva prioridad' de los viajeros corporativos - SAP News Center Latinoam\u00e9rica","robots":{"index":"index","follow":"follow","max-snippet":"max-snippet:-1","max-image-preview":"max-image-preview:large","max-video-preview":"max-video-preview:-1"},"canonical":"https:\/\/news.sap.com\/latinamerica\/2021\/04\/sostenibilidad-la-nueva-prioridad-de-los-viajeros-corporativos\/","og_locale":"es_MX","og_type":"article","og_title":"Sostenibilidad, \u2018la nueva prioridad' de los viajeros corporativos","og_description":"El 98 por ciento de las empresas est\u00e1n dispuestas a hacer inversiones adicionales en la gesti\u00f3n de viajes para hacerlos sostenibles 8 de cada 10...","og_url":"https:\/\/news.sap.com\/latinamerica\/2021\/04\/sostenibilidad-la-nueva-prioridad-de-los-viajeros-corporativos\/","og_site_name":"SAP News Center Latinoam\u00e9rica","article_publisher":"https:\/\/www.facebook.com\/SAPlatinoamerica","article_published_time":"2021-04-21T17:51:03+00:00","article_modified_time":"2023-11-08T20:40:14+00:00","og_image":[{"width":700,"height":447,"url":"https:\/\/news.sap.com\/latinamerica\/files\/2021\/04\/21\/287583_GettyImages-168396706_small.jpg","type":"image\/jpeg"}],"author":"SAP Noticias","twitter_misc":{"Escrito por":"SAP Noticias","Tiempo de lectura":"5 minutos"},"schema":{"@context":"https:\/\/schema.org","@graph":[{"@type":"Article","@id":"https:\/\/news.sap.com\/latinamerica\/2021\/04\/sostenibilidad-la-nueva-prioridad-de-los-viajeros-corporativos\/#article","isPartOf":{"@id":"https:\/\/news.sap.com\/latinamerica\/2021\/04\/sostenibilidad-la-nueva-prioridad-de-los-viajeros-corporativos\/"},"author":{"name":"SAP Noticias","@id":"https:\/\/news.sap.com\/latinamerica\/#\/schema\/person\/f0708465b354b6d0314a360309edb00a"},"headline":"Sostenibilidad, \u2018la nueva prioridad&#8217; de los viajeros corporativos","datePublished":"2021-04-21T17:51:03+00:00","dateModified":"2023-11-08T20:40:14+00:00","mainEntityOfPage":{"@id":"https:\/\/news.sap.com\/latinamerica\/2021\/04\/sostenibilidad-la-nueva-prioridad-de-los-viajeros-corporativos\/"},"wordCount":996,"publisher":{"@id":"https:\/\/news.sap.com\/latinamerica\/#organization"},"image":{"@id":"https:\/\/news.sap.com\/latinamerica\/2021\/04\/sostenibilidad-la-nueva-prioridad-de-los-viajeros-corporativos\/#primaryimage"},"thumbnailUrl":"https:\/\/news.sap.com\/latinamerica\/files\/2021\/04\/21\/287583_GettyImages-168396706_small.jpg","articleSection":["Sostenibilidad"],"inLanguage":"es"},{"@type":"WebPage","@id":"https:\/\/news.sap.com\/latinamerica\/2021\/04\/sostenibilidad-la-nueva-prioridad-de-los-viajeros-corporativos\/","url":"https:\/\/news.sap.com\/latinamerica\/2021\/04\/sostenibilidad-la-nueva-prioridad-de-los-viajeros-corporativos\/","name":"Sostenibilidad, \u2018la nueva prioridad' de los viajeros corporativos - SAP News Center Latinoam\u00e9rica","isPartOf":{"@id":"https:\/\/news.sap.com\/latinamerica\/#website"},"primaryImageOfPage":{"@id":"https:\/\/news.sap.com\/latinamerica\/2021\/04\/sostenibilidad-la-nueva-prioridad-de-los-viajeros-corporativos\/#primaryimage"},"image":{"@id":"https:\/\/news.sap.com\/latinamerica\/2021\/04\/sostenibilidad-la-nueva-prioridad-de-los-viajeros-corporativos\/#primaryimage"},"thumbnailUrl":"https:\/\/news.sap.com\/latinamerica\/files\/2021\/04\/21\/287583_GettyImages-168396706_small.jpg","datePublished":"2021-04-21T17:51:03+00:00","dateModified":"2023-11-08T20:40:14+00:00","breadcrumb":{"@id":"https:\/\/news.sap.com\/latinamerica\/2021\/04\/sostenibilidad-la-nueva-prioridad-de-los-viajeros-corporativos\/#breadcrumb"},"inLanguage":"es","potentialAction":[{"@type":"ReadAction","target":["https:\/\/news.sap.com\/latinamerica\/2021\/04\/sostenibilidad-la-nueva-prioridad-de-los-viajeros-corporativos\/"]}]},{"@type":"ImageObject","inLanguage":"es","@id":"https:\/\/news.sap.com\/latinamerica\/2021\/04\/sostenibilidad-la-nueva-prioridad-de-los-viajeros-corporativos\/#primaryimage","url":"https:\/\/news.sap.com\/latinamerica\/files\/2021\/04\/21\/287583_GettyImages-168396706_small.jpg","contentUrl":"https:\/\/news.sap.com\/latinamerica\/files\/2021\/04\/21\/287583_GettyImages-168396706_small.jpg","width":700,"height":447,"caption":"Commercial airliner leaves bad weather behind."},{"@type":"BreadcrumbList","@id":"https:\/\/news.sap.com\/latinamerica\/2021\/04\/sostenibilidad-la-nueva-prioridad-de-los-viajeros-corporativos\/#breadcrumb","itemListElement":[{"@type":"ListItem","position":1,"name":"Home","item":"https:\/\/news.sap.com\/latinamerica\/"},{"@type":"ListItem","position":2,"name":"Sostenibilidad, \u2018la nueva prioridad&#8217; de los viajeros corporativos"}]},{"@type":"WebSite","@id":"https:\/\/news.sap.com\/latinamerica\/#website","url":"https:\/\/news.sap.com\/latinamerica\/","name":"SAP News Center Latinoam\u00e9rica","description":"Noticias e informaci\u00f3n sobre SAP","publisher":{"@id":"https:\/\/news.sap.com\/latinamerica\/#organization"},"potentialAction":[{"@type":"SearchAction","target":{"@type":"EntryPoint","urlTemplate":"https:\/\/news.sap.com\/latinamerica\/?s={search_term_string}"},"query-input":{"@type":"PropertyValueSpecification","valueRequired":true,"valueName":"search_term_string"}}],"inLanguage":"es"},{"@type":"Organization","@id":"https:\/\/news.sap.com\/latinamerica\/#organization","name":"SAP","url":"https:\/\/news.sap.com\/latinamerica\/","logo":{"@type":"ImageObject","inLanguage":"es","@id":"https:\/\/news.sap.com\/latinamerica\/#\/schema\/logo\/image\/","url":"https:\/\/news.sap.com\/latinamerica\/files\/2019\/08\/65903320_2903797569662914_557886358778019840_n.png","contentUrl":"https:\/\/news.sap.com\/latinamerica\/files\/2019\/08\/65903320_2903797569662914_557886358778019840_n.png","width":720,"height":720,"caption":"SAP"},"image":{"@id":"https:\/\/news.sap.com\/latinamerica\/#\/schema\/logo\/image\/"},"sameAs":["https:\/\/www.facebook.com\/SAPlatinoamerica","https:\/\/x.com\/SAPLatinAmerica"]},{"@type":"Person","@id":"https:\/\/news.sap.com\/latinamerica\/#\/schema\/person\/f0708465b354b6d0314a360309edb00a","name":"SAP Noticias","image":{"@type":"ImageObject","inLanguage":"es","@id":"https:\/\/news.sap.com\/latinamerica\/#\/schema\/person\/image\/","url":"https:\/\/news.sap.com\/latinamerica\/wp-content\/plugins\/wp-user-avatars\/wp-user-avatars\/assets\/images\/mystery.jpg","contentUrl":"https:\/\/news.sap.com\/latinamerica\/wp-content\/plugins\/wp-user-avatars\/wp-user-avatars\/assets\/images\/mystery.jpg","caption":"SAP Noticias"},"url":"https:\/\/news.sap.com\/latinamerica\/author\/argentina\/"}]}},"amp_enabled":true,"_links":{"self":[{"href":"https:\/\/news.sap.com\/latinamerica\/wp-json\/wp\/v2\/posts\/123540","targetHints":{"allow":["GET"]}}],"collection":[{"href":"https:\/\/news.sap.com\/latinamerica\/wp-json\/wp\/v2\/posts"}],"about":[{"href":"https:\/\/news.sap.com\/latinamerica\/wp-json\/wp\/v2\/types\/post"}],"author":[{"embeddable":true,"href":"https:\/\/news.sap.com\/latinamerica\/wp-json\/wp\/v2\/users\/140"}],"replies":[{"embeddable":true,"href":"https:\/\/news.sap.com\/latinamerica\/wp-json\/wp\/v2\/comments?post=123540"}],"version-history":[{"count":0,"href":"https:\/\/news.sap.com\/latinamerica\/wp-json\/wp\/v2\/posts\/123540\/revisions"}],"wp:featuredmedia":[{"embeddable":true,"href":"https:\/\/news.sap.com\/latinamerica\/wp-json\/wp\/v2\/media\/123541"}],"wp:attachment":[{"href":"https:\/\/news.sap.com\/latinamerica\/wp-json\/wp\/v2\/media?parent=123540"}],"wp:term":[{"taxonomy":"category","embeddable":true,"href":"https:\/\/news.sap.com\/latinamerica\/wp-json\/wp\/v2\/categories?post=123540"},{"taxonomy":"post_tag","embeddable":true,"href":"https:\/\/news.sap.com\/latinamerica\/wp-json\/wp\/v2\/tags?post=123540"},{"taxonomy":"series","embeddable":true,"href":"https:\/\/news.sap.com\/latinamerica\/wp-json\/wp\/v2\/series?post=123540"},{"taxonomy":"region","embeddable":true,"href":"https:\/\/news.sap.com\/latinamerica\/wp-json\/wp\/v2\/region?post=123540"},{"taxonomy":"sapn-display","embeddable":true,"href":"https:\/\/news.sap.com\/latinamerica\/wp-json\/wp\/v2\/sapn-display?post=123540"},{"taxonomy":"sapn-type","embeddable":true,"href":"https:\/\/news.sap.com\/latinamerica\/wp-json\/wp\/v2\/sapn-type?post=123540"}],"curies":[{"name":"wp","href":"https:\/\/api.w.org\/{rel}","templated":true}]}}