{"id":124242,"date":"2021-08-02T12:02:18","date_gmt":"2021-08-02T16:02:18","guid":{"rendered":"https:\/\/news.sap.com\/latinamerica\/?p=124242"},"modified":"2022-06-10T03:17:05","modified_gmt":"2022-06-10T07:17:05","slug":"google-cloud-y-sap-se-asocian-negocio-en-la-nube","status":"publish","type":"post","link":"https:\/\/news.sap.com\/latinamerica\/2021\/08\/google-cloud-y-sap-se-asocian-negocio-en-la-nube\/","title":{"rendered":"Google Cloud y SAP se asocian para acelerar transformaciones de negocio en la nube"},"content":{"rendered":"<p class=\"lead\"><span style=\"font-weight: 400\">Google Cloud se une al programa \u2018<\/span><i><span style=\"font-weight: 400\">RISE with SAP<\/span><\/i><span style=\"font-weight: 400\">\u2019 y expande disponibilidad de servicios SAP en Google Cloud<\/span><\/p>\n<p><span style=\"font-weight: 400\"><strong>Agosto 2 de 2021.<\/strong> Google Cloud y SAP SE (NYSE: SAP) anunciaron hoy una alianza estrat\u00e9gica expandida para ayudar a los clientes a ejecutar transformaciones de negocio, migrar sistemas de negocio cr\u00edticos a la nube y aumentar los sistemas empresariales existentes con capacidades Google Cloud en inteligencia artificial (IA) y aprendizaje autom\u00e1tico (ML).<\/span><\/p>\n<p><span style=\"font-weight: 400\">En el marco de esta alianza ampliada, Google Cloud ser\u00e1 un socio de nube estrat\u00e9gico para la oferta <\/span><i><span style=\"font-weight: 400\">RISE with SAP<\/span><\/i><span style=\"font-weight: 400\">. Las dos compa\u00f1\u00edas se asociar\u00e1n para acelerar las migraciones de los procesos de negocio y migraciones a la nube de los clientes. Adem\u00e1s, los clientes pueden beneficiarse de la disponibilidad global planificada de m\u00faltiples servicios y productos SAP\u00ae en la infraestructura de nube confiable y escalable Google Cloud y la red de alta velocidad, que incluye las soluciones SAP <\/span><i><span style=\"font-weight: 400\">Analytics Cloud <\/span><\/i><span style=\"font-weight: 400\">y SAP <\/span><i><span style=\"font-weight: 400\">Data Warehouse Cloud <\/span><\/i><span style=\"font-weight: 400\">dentro de la Plataforma de Tecnolog\u00eda Empresarial SAP <\/span><i><span style=\"font-weight: 400\">Business Technology Platform.<\/span><\/i><\/p>\n<p><span style=\"font-weight: 400\">\u201cGoogle Cloud y SAP comparten un compromiso para apoyar el \u00e9xito y crecimiento de los clientes. Estamos encantados de formar alianza con SAP para acelerar las transformaciones digitales de las empresas con SAP en Google Cloud y con capacidades de pr\u00f3xima generaci\u00f3n,\u201d coment\u00f3 Rob Enslin, Presidente de Google Cloud. \u201cA trav\u00e9s del apoyo para <\/span><i><span style=\"font-weight: 400\">Rise with SAP<\/span><\/i><span style=\"font-weight: 400\"> e integraciones profundas entre SAP y Google Cloud, esta nueva alianza permitir\u00e1 a los clientes llevar sus sistemas y <a href=\"https:\/\/www.sap.com\/latinamerica\/products\/crm.html\">aplicaciones de negocio<\/a> m\u00e1s cr\u00edticos a un entorno a prueba de futuro, seguro y de baja latencia, y ejecutarlos en forma sostenible, en la nube m\u00e1s limpia de la industria.\u201d<\/span><\/p>\n<p><span style=\"font-weight: 400\">\u201c<\/span><i><span style=\"font-weight: 400\">RISE with SAP<\/span><\/i><span style=\"font-weight: 400\"> ha sido adoptado por clientes que desean acelerar su traves\u00eda para convertirse en una Empresa Inteligente. Ahora estamos expandiendo nuestra alianza con Google Cloud para promover el \u00e9xito de clientes,\u201d se\u00f1al\u00f3 Thomas Saueressig, miembro de la Junta Ejecutiva de SAP SE y responsable de Ingenier\u00eda de Productos de SAP. \u201cOfrecer integraci\u00f3n entre soluciones SAP e infraestructura y capacidades Google Cloud en inteligencia artificial, aprendizaje autom\u00e1tico y anal\u00edtica da a los clientes tanto la opci\u00f3n que desean como la cartera innovadora que buscan para transformar sus negocios en la nube.\u201d<\/span><\/p>\n<p><span style=\"font-weight: 400\">SAP y Google Cloud impulsaron la adopci\u00f3n exitosa de clientes conjuntos durante 2021, con clientes mutuos como AES Corporation, Descente Japan, Inchcape, y otros, que seleccionaron <\/span><i><span style=\"font-weight: 400\">RISE with SAP<\/span><\/i><span style=\"font-weight: 400\"> en Google Cloud.\u00a0<\/span><\/p>\n<p><b>Sobre Google Cloud<\/b><\/p>\n<p><span style=\"font-weight: 400\">Google Cloud acelera la capacidad de las organizaciones de transformar digitalmente su negocio con el mejor nivel de infraestructura, plataforma, soluciones de industria y <\/span><i><span style=\"font-weight: 400\">expertise<\/span><\/i><span style=\"font-weight: 400\">. Entregamos soluciones de nube de grado empresarial que apalancan la tecnolog\u00eda de punta de Google para ayudar a las empresas a operar con m\u00e1s eficiencia y adaptarse a necesidades cambiantes, permitiendo a los clientes sentar las bases para el futuro. Clientes de m\u00e1s de 200 pa\u00edses y territorios recurren a Google Cloud como su socio de confianza para resolver sus problemas de negocio m\u00e1s cr\u00edticos.\u00a0<\/span><\/p>\n<p><b>Acerca de SAP<\/b><\/p>\n<p><span style=\"font-weight: 400\">La estrategia de SAP es ayudar a que cada negocio funcione como una empresa inteligente. Como l\u00edder del mercado en software de aplicaci\u00f3n empresarial, contribuimos a que las organizaciones de todos los tama\u00f1os y en todas las industrias puedan alcanzar su funcionamiento \u00f3ptimo. Nuestras tecnolog\u00edas avanzadas de <\/span><i><span style=\"font-weight: 400\">machine learning, Internet of Things<\/span><\/i><span style=\"font-weight: 400\"> (IoT) y anal\u00edtica ayudan a convertir los negocios de los clientes en empresas inteligentes. SAP contribuye a dar a las personas y a las organizaciones profundos conocimientos de negocio y promueve la colaboraci\u00f3n que les permite mantenerse delante de la competencia. Simplificamos la tecnolog\u00eda para las empresas, de modo que puedan consumir nuestro software de la manera en que lo desean, sin interrupciones. Nuestro conjunto de aplicaciones y servicios permite a clientes del sector p\u00fablico y privado de 25 industrias globalmente operar en forma rentable, adaptarse continuamente y marcar una diferencia. Con una red global de clientes, socios de negocios, empleados y l\u00edderes de ideas, SAP ayuda al mundo a funcionar mejor y a mejorar las vidas de las personas. Para m\u00e1s informaci\u00f3n, visite <\/span><a href=\"http:\/\/www.sap.com\"><i><span style=\"font-weight: 400\">http:\/\/www.sap.com<\/span><\/i><\/a><span style=\"font-weight: 400\">.\u00a0<\/span><\/p>\n<p>&nbsp;<\/p>\n","protected":false},"excerpt":{"rendered":"<p>Google Cloud se une al programa \u2018RISE with SAP\u2019 y expande disponibilidad de servicios SAP en Google Cloud Agosto 2 de 2021. Google Cloud y&#8230;<\/p>\n","protected":false},"author":141,"featured_media":124243,"comment_status":"closed","ping_status":"closed","sticky":false,"template":"","format":"standard","meta":{"footnotes":"","_links_to":"","_links_to_target":""},"categories":[52084],"tags":[5592470,5600000],"series":[],"region":[55204],"sapn-display":[52078,52079,53499],"sapn-type":[52105],"class_list":["post-124242","post","type-post","status-publish","format-standard","has-post-thumbnail","hentry","category-cloud-temas","tag-google-cloud","tag-rise-with-sap","region-colombia","sapn-display-homepage-hero","sapn-display-top-stories","sapn-display-hero","sapn-type-comunicado-de-prensa"],"yoast_head":"<!-- This site is optimized with the Yoast SEO Premium plugin v26.9 (Yoast SEO v26.9) - https:\/\/yoast.com\/product\/yoast-seo-premium-wordpress\/ -->\n<title>Google Cloud y SAP se asocian para acelerar transformaciones de negocio en la nube - SAP News Center Latinoam\u00e9rica<\/title>\n<meta name=\"description\" content=\"Google Cloud se une al programa \u2018RISE with SAP\u2019 y expande disponibilidad de servicios SAP en Google Cloud\" \/>\n<meta name=\"robots\" content=\"index, follow, max-snippet:-1, max-image-preview:large, max-video-preview:-1\" \/>\n<link rel=\"canonical\" href=\"https:\/\/news.sap.com\/latinamerica\/2021\/08\/google-cloud-y-sap-se-asocian-negocio-en-la-nube\/\" \/>\n<meta property=\"og:locale\" content=\"es_MX\" \/>\n<meta property=\"og:type\" content=\"article\" \/>\n<meta property=\"og:title\" content=\"Google Cloud y SAP se asocian para acelerar transformaciones de negocio en la nube\" \/>\n<meta property=\"og:description\" content=\"Google Cloud se une al programa \u2018RISE with SAP\u2019 y expande disponibilidad de servicios SAP en Google Cloud\" \/>\n<meta property=\"og:url\" content=\"https:\/\/news.sap.com\/latinamerica\/2021\/08\/google-cloud-y-sap-se-asocian-negocio-en-la-nube\/\" \/>\n<meta property=\"og:site_name\" content=\"SAP News Center Latinoam\u00e9rica\" \/>\n<meta property=\"article:publisher\" content=\"https:\/\/www.facebook.com\/SAPlatinoamerica\" \/>\n<meta property=\"article:published_time\" content=\"2021-08-02T16:02:18+00:00\" \/>\n<meta property=\"article:modified_time\" content=\"2022-06-10T07:17:05+00:00\" \/>\n<meta property=\"og:image\" content=\"https:\/\/news.sap.com\/latinamerica\/files\/2021\/08\/02\/GoogleCloudSAP.jpg\" \/>\n\t<meta property=\"og:image:width\" content=\"1920\" \/>\n\t<meta property=\"og:image:height\" content=\"600\" \/>\n\t<meta property=\"og:image:type\" content=\"image\/jpeg\" \/>\n<meta name=\"author\" content=\"SAP Noticias\" \/>\n<meta name=\"twitter:label1\" content=\"Escrito por\" \/>\n\t<meta name=\"twitter:data1\" content=\"SAP Noticias\" \/>\n\t<meta name=\"twitter:label2\" content=\"Tiempo de lectura\" \/>\n\t<meta name=\"twitter:data2\" content=\"4 minutos\" \/>\n<script type=\"application\/ld+json\" class=\"yoast-schema-graph\">{\"@context\":\"https:\/\/schema.org\",\"@graph\":[{\"@type\":\"Article\",\"@id\":\"https:\/\/news.sap.com\/latinamerica\/2021\/08\/google-cloud-y-sap-se-asocian-negocio-en-la-nube\/#article\",\"isPartOf\":{\"@id\":\"https:\/\/news.sap.com\/latinamerica\/2021\/08\/google-cloud-y-sap-se-asocian-negocio-en-la-nube\/\"},\"author\":{\"name\":\"SAP Noticias\",\"@id\":\"https:\/\/news.sap.com\/latinamerica\/#\/schema\/person\/82786ba12f72bc9b05ba328d1d3652c4\"},\"headline\":\"Google Cloud y SAP se asocian para acelerar transformaciones de negocio en la nube\",\"datePublished\":\"2021-08-02T16:02:18+00:00\",\"dateModified\":\"2022-06-10T07:17:05+00:00\",\"mainEntityOfPage\":{\"@id\":\"https:\/\/news.sap.com\/latinamerica\/2021\/08\/google-cloud-y-sap-se-asocian-negocio-en-la-nube\/\"},\"wordCount\":725,\"publisher\":{\"@id\":\"https:\/\/news.sap.com\/latinamerica\/#organization\"},\"image\":{\"@id\":\"https:\/\/news.sap.com\/latinamerica\/2021\/08\/google-cloud-y-sap-se-asocian-negocio-en-la-nube\/#primaryimage\"},\"thumbnailUrl\":\"https:\/\/news.sap.com\/latinamerica\/files\/2021\/08\/02\/GoogleCloudSAP.jpg\",\"keywords\":[\"Google Cloud\",\"RISE with SAP\"],\"articleSection\":[\"Cloud\"],\"inLanguage\":\"es\"},{\"@type\":\"WebPage\",\"@id\":\"https:\/\/news.sap.com\/latinamerica\/2021\/08\/google-cloud-y-sap-se-asocian-negocio-en-la-nube\/\",\"url\":\"https:\/\/news.sap.com\/latinamerica\/2021\/08\/google-cloud-y-sap-se-asocian-negocio-en-la-nube\/\",\"name\":\"Google Cloud y SAP se asocian para acelerar transformaciones de negocio en la nube - SAP News Center Latinoam\u00e9rica\",\"isPartOf\":{\"@id\":\"https:\/\/news.sap.com\/latinamerica\/#website\"},\"primaryImageOfPage\":{\"@id\":\"https:\/\/news.sap.com\/latinamerica\/2021\/08\/google-cloud-y-sap-se-asocian-negocio-en-la-nube\/#primaryimage\"},\"image\":{\"@id\":\"https:\/\/news.sap.com\/latinamerica\/2021\/08\/google-cloud-y-sap-se-asocian-negocio-en-la-nube\/#primaryimage\"},\"thumbnailUrl\":\"https:\/\/news.sap.com\/latinamerica\/files\/2021\/08\/02\/GoogleCloudSAP.jpg\",\"datePublished\":\"2021-08-02T16:02:18+00:00\",\"dateModified\":\"2022-06-10T07:17:05+00:00\",\"description\":\"Google Cloud se une al programa \u2018RISE with SAP\u2019 y expande disponibilidad de servicios SAP en Google Cloud\",\"breadcrumb\":{\"@id\":\"https:\/\/news.sap.com\/latinamerica\/2021\/08\/google-cloud-y-sap-se-asocian-negocio-en-la-nube\/#breadcrumb\"},\"inLanguage\":\"es\",\"potentialAction\":[{\"@type\":\"ReadAction\",\"target\":[\"https:\/\/news.sap.com\/latinamerica\/2021\/08\/google-cloud-y-sap-se-asocian-negocio-en-la-nube\/\"]}]},{\"@type\":\"ImageObject\",\"inLanguage\":\"es\",\"@id\":\"https:\/\/news.sap.com\/latinamerica\/2021\/08\/google-cloud-y-sap-se-asocian-negocio-en-la-nube\/#primaryimage\",\"url\":\"https:\/\/news.sap.com\/latinamerica\/files\/2021\/08\/02\/GoogleCloudSAP.jpg\",\"contentUrl\":\"https:\/\/news.sap.com\/latinamerica\/files\/2021\/08\/02\/GoogleCloudSAP.jpg\",\"width\":1920,\"height\":600},{\"@type\":\"BreadcrumbList\",\"@id\":\"https:\/\/news.sap.com\/latinamerica\/2021\/08\/google-cloud-y-sap-se-asocian-negocio-en-la-nube\/#breadcrumb\",\"itemListElement\":[{\"@type\":\"ListItem\",\"position\":1,\"name\":\"Home\",\"item\":\"https:\/\/news.sap.com\/latinamerica\/\"},{\"@type\":\"ListItem\",\"position\":2,\"name\":\"Google Cloud y SAP se asocian para acelerar transformaciones de negocio en la nube\"}]},{\"@type\":\"WebSite\",\"@id\":\"https:\/\/news.sap.com\/latinamerica\/#website\",\"url\":\"https:\/\/news.sap.com\/latinamerica\/\",\"name\":\"SAP News Center Latinoam\u00e9rica\",\"description\":\"Noticias e informaci\u00f3n sobre SAP\",\"publisher\":{\"@id\":\"https:\/\/news.sap.com\/latinamerica\/#organization\"},\"potentialAction\":[{\"@type\":\"SearchAction\",\"target\":{\"@type\":\"EntryPoint\",\"urlTemplate\":\"https:\/\/news.sap.com\/latinamerica\/?s={search_term_string}\"},\"query-input\":{\"@type\":\"PropertyValueSpecification\",\"valueRequired\":true,\"valueName\":\"search_term_string\"}}],\"inLanguage\":\"es\"},{\"@type\":\"Organization\",\"@id\":\"https:\/\/news.sap.com\/latinamerica\/#organization\",\"name\":\"SAP\",\"url\":\"https:\/\/news.sap.com\/latinamerica\/\",\"logo\":{\"@type\":\"ImageObject\",\"inLanguage\":\"es\",\"@id\":\"https:\/\/news.sap.com\/latinamerica\/#\/schema\/logo\/image\/\",\"url\":\"https:\/\/news.sap.com\/latinamerica\/files\/2019\/08\/65903320_2903797569662914_557886358778019840_n.png\",\"contentUrl\":\"https:\/\/news.sap.com\/latinamerica\/files\/2019\/08\/65903320_2903797569662914_557886358778019840_n.png\",\"width\":720,\"height\":720,\"caption\":\"SAP\"},\"image\":{\"@id\":\"https:\/\/news.sap.com\/latinamerica\/#\/schema\/logo\/image\/\"},\"sameAs\":[\"https:\/\/www.facebook.com\/SAPlatinoamerica\",\"https:\/\/x.com\/SAPLatinAmerica\"]},{\"@type\":\"Person\",\"@id\":\"https:\/\/news.sap.com\/latinamerica\/#\/schema\/person\/82786ba12f72bc9b05ba328d1d3652c4\",\"name\":\"SAP Noticias\",\"image\":{\"@type\":\"ImageObject\",\"inLanguage\":\"es\",\"@id\":\"https:\/\/news.sap.com\/latinamerica\/#\/schema\/person\/image\/\",\"url\":\"https:\/\/news.sap.com\/latinamerica\/wp-content\/plugins\/wp-user-avatars\/wp-user-avatars\/assets\/images\/mystery.jpg\",\"contentUrl\":\"https:\/\/news.sap.com\/latinamerica\/wp-content\/plugins\/wp-user-avatars\/wp-user-avatars\/assets\/images\/mystery.jpg\",\"caption\":\"SAP Noticias\"},\"url\":\"https:\/\/news.sap.com\/latinamerica\/author\/colombia\/\"}]}<\/script>\n<!-- \/ Yoast SEO Premium plugin. -->","yoast_head_json":{"title":"Google Cloud y SAP se asocian para acelerar transformaciones de negocio en la nube - SAP News Center Latinoam\u00e9rica","description":"Google Cloud se une al programa \u2018RISE with SAP\u2019 y expande disponibilidad de servicios SAP en Google Cloud","robots":{"index":"index","follow":"follow","max-snippet":"max-snippet:-1","max-image-preview":"max-image-preview:large","max-video-preview":"max-video-preview:-1"},"canonical":"https:\/\/news.sap.com\/latinamerica\/2021\/08\/google-cloud-y-sap-se-asocian-negocio-en-la-nube\/","og_locale":"es_MX","og_type":"article","og_title":"Google Cloud y SAP se asocian para acelerar transformaciones de negocio en la nube","og_description":"Google Cloud se une al programa \u2018RISE with SAP\u2019 y expande disponibilidad de servicios SAP en Google Cloud","og_url":"https:\/\/news.sap.com\/latinamerica\/2021\/08\/google-cloud-y-sap-se-asocian-negocio-en-la-nube\/","og_site_name":"SAP News Center Latinoam\u00e9rica","article_publisher":"https:\/\/www.facebook.com\/SAPlatinoamerica","article_published_time":"2021-08-02T16:02:18+00:00","article_modified_time":"2022-06-10T07:17:05+00:00","og_image":[{"width":1920,"height":600,"url":"https:\/\/news.sap.com\/latinamerica\/files\/2021\/08\/02\/GoogleCloudSAP.jpg","type":"image\/jpeg"}],"author":"SAP Noticias","twitter_misc":{"Escrito por":"SAP Noticias","Tiempo de lectura":"4 minutos"},"schema":{"@context":"https:\/\/schema.org","@graph":[{"@type":"Article","@id":"https:\/\/news.sap.com\/latinamerica\/2021\/08\/google-cloud-y-sap-se-asocian-negocio-en-la-nube\/#article","isPartOf":{"@id":"https:\/\/news.sap.com\/latinamerica\/2021\/08\/google-cloud-y-sap-se-asocian-negocio-en-la-nube\/"},"author":{"name":"SAP Noticias","@id":"https:\/\/news.sap.com\/latinamerica\/#\/schema\/person\/82786ba12f72bc9b05ba328d1d3652c4"},"headline":"Google Cloud y SAP se asocian para acelerar transformaciones de negocio en la nube","datePublished":"2021-08-02T16:02:18+00:00","dateModified":"2022-06-10T07:17:05+00:00","mainEntityOfPage":{"@id":"https:\/\/news.sap.com\/latinamerica\/2021\/08\/google-cloud-y-sap-se-asocian-negocio-en-la-nube\/"},"wordCount":725,"publisher":{"@id":"https:\/\/news.sap.com\/latinamerica\/#organization"},"image":{"@id":"https:\/\/news.sap.com\/latinamerica\/2021\/08\/google-cloud-y-sap-se-asocian-negocio-en-la-nube\/#primaryimage"},"thumbnailUrl":"https:\/\/news.sap.com\/latinamerica\/files\/2021\/08\/02\/GoogleCloudSAP.jpg","keywords":["Google Cloud","RISE with SAP"],"articleSection":["Cloud"],"inLanguage":"es"},{"@type":"WebPage","@id":"https:\/\/news.sap.com\/latinamerica\/2021\/08\/google-cloud-y-sap-se-asocian-negocio-en-la-nube\/","url":"https:\/\/news.sap.com\/latinamerica\/2021\/08\/google-cloud-y-sap-se-asocian-negocio-en-la-nube\/","name":"Google Cloud y SAP se asocian para acelerar transformaciones de negocio en la nube - SAP News Center Latinoam\u00e9rica","isPartOf":{"@id":"https:\/\/news.sap.com\/latinamerica\/#website"},"primaryImageOfPage":{"@id":"https:\/\/news.sap.com\/latinamerica\/2021\/08\/google-cloud-y-sap-se-asocian-negocio-en-la-nube\/#primaryimage"},"image":{"@id":"https:\/\/news.sap.com\/latinamerica\/2021\/08\/google-cloud-y-sap-se-asocian-negocio-en-la-nube\/#primaryimage"},"thumbnailUrl":"https:\/\/news.sap.com\/latinamerica\/files\/2021\/08\/02\/GoogleCloudSAP.jpg","datePublished":"2021-08-02T16:02:18+00:00","dateModified":"2022-06-10T07:17:05+00:00","description":"Google Cloud se une al programa \u2018RISE with SAP\u2019 y expande disponibilidad de servicios SAP en Google Cloud","breadcrumb":{"@id":"https:\/\/news.sap.com\/latinamerica\/2021\/08\/google-cloud-y-sap-se-asocian-negocio-en-la-nube\/#breadcrumb"},"inLanguage":"es","potentialAction":[{"@type":"ReadAction","target":["https:\/\/news.sap.com\/latinamerica\/2021\/08\/google-cloud-y-sap-se-asocian-negocio-en-la-nube\/"]}]},{"@type":"ImageObject","inLanguage":"es","@id":"https:\/\/news.sap.com\/latinamerica\/2021\/08\/google-cloud-y-sap-se-asocian-negocio-en-la-nube\/#primaryimage","url":"https:\/\/news.sap.com\/latinamerica\/files\/2021\/08\/02\/GoogleCloudSAP.jpg","contentUrl":"https:\/\/news.sap.com\/latinamerica\/files\/2021\/08\/02\/GoogleCloudSAP.jpg","width":1920,"height":600},{"@type":"BreadcrumbList","@id":"https:\/\/news.sap.com\/latinamerica\/2021\/08\/google-cloud-y-sap-se-asocian-negocio-en-la-nube\/#breadcrumb","itemListElement":[{"@type":"ListItem","position":1,"name":"Home","item":"https:\/\/news.sap.com\/latinamerica\/"},{"@type":"ListItem","position":2,"name":"Google Cloud y SAP se asocian para acelerar transformaciones de negocio en la nube"}]},{"@type":"WebSite","@id":"https:\/\/news.sap.com\/latinamerica\/#website","url":"https:\/\/news.sap.com\/latinamerica\/","name":"SAP News Center Latinoam\u00e9rica","description":"Noticias e informaci\u00f3n sobre SAP","publisher":{"@id":"https:\/\/news.sap.com\/latinamerica\/#organization"},"potentialAction":[{"@type":"SearchAction","target":{"@type":"EntryPoint","urlTemplate":"https:\/\/news.sap.com\/latinamerica\/?s={search_term_string}"},"query-input":{"@type":"PropertyValueSpecification","valueRequired":true,"valueName":"search_term_string"}}],"inLanguage":"es"},{"@type":"Organization","@id":"https:\/\/news.sap.com\/latinamerica\/#organization","name":"SAP","url":"https:\/\/news.sap.com\/latinamerica\/","logo":{"@type":"ImageObject","inLanguage":"es","@id":"https:\/\/news.sap.com\/latinamerica\/#\/schema\/logo\/image\/","url":"https:\/\/news.sap.com\/latinamerica\/files\/2019\/08\/65903320_2903797569662914_557886358778019840_n.png","contentUrl":"https:\/\/news.sap.com\/latinamerica\/files\/2019\/08\/65903320_2903797569662914_557886358778019840_n.png","width":720,"height":720,"caption":"SAP"},"image":{"@id":"https:\/\/news.sap.com\/latinamerica\/#\/schema\/logo\/image\/"},"sameAs":["https:\/\/www.facebook.com\/SAPlatinoamerica","https:\/\/x.com\/SAPLatinAmerica"]},{"@type":"Person","@id":"https:\/\/news.sap.com\/latinamerica\/#\/schema\/person\/82786ba12f72bc9b05ba328d1d3652c4","name":"SAP Noticias","image":{"@type":"ImageObject","inLanguage":"es","@id":"https:\/\/news.sap.com\/latinamerica\/#\/schema\/person\/image\/","url":"https:\/\/news.sap.com\/latinamerica\/wp-content\/plugins\/wp-user-avatars\/wp-user-avatars\/assets\/images\/mystery.jpg","contentUrl":"https:\/\/news.sap.com\/latinamerica\/wp-content\/plugins\/wp-user-avatars\/wp-user-avatars\/assets\/images\/mystery.jpg","caption":"SAP Noticias"},"url":"https:\/\/news.sap.com\/latinamerica\/author\/colombia\/"}]}},"amp_enabled":true,"_links":{"self":[{"href":"https:\/\/news.sap.com\/latinamerica\/wp-json\/wp\/v2\/posts\/124242","targetHints":{"allow":["GET"]}}],"collection":[{"href":"https:\/\/news.sap.com\/latinamerica\/wp-json\/wp\/v2\/posts"}],"about":[{"href":"https:\/\/news.sap.com\/latinamerica\/wp-json\/wp\/v2\/types\/post"}],"author":[{"embeddable":true,"href":"https:\/\/news.sap.com\/latinamerica\/wp-json\/wp\/v2\/users\/141"}],"replies":[{"embeddable":true,"href":"https:\/\/news.sap.com\/latinamerica\/wp-json\/wp\/v2\/comments?post=124242"}],"version-history":[{"count":0,"href":"https:\/\/news.sap.com\/latinamerica\/wp-json\/wp\/v2\/posts\/124242\/revisions"}],"wp:featuredmedia":[{"embeddable":true,"href":"https:\/\/news.sap.com\/latinamerica\/wp-json\/wp\/v2\/media\/124243"}],"wp:attachment":[{"href":"https:\/\/news.sap.com\/latinamerica\/wp-json\/wp\/v2\/media?parent=124242"}],"wp:term":[{"taxonomy":"category","embeddable":true,"href":"https:\/\/news.sap.com\/latinamerica\/wp-json\/wp\/v2\/categories?post=124242"},{"taxonomy":"post_tag","embeddable":true,"href":"https:\/\/news.sap.com\/latinamerica\/wp-json\/wp\/v2\/tags?post=124242"},{"taxonomy":"series","embeddable":true,"href":"https:\/\/news.sap.com\/latinamerica\/wp-json\/wp\/v2\/series?post=124242"},{"taxonomy":"region","embeddable":true,"href":"https:\/\/news.sap.com\/latinamerica\/wp-json\/wp\/v2\/region?post=124242"},{"taxonomy":"sapn-display","embeddable":true,"href":"https:\/\/news.sap.com\/latinamerica\/wp-json\/wp\/v2\/sapn-display?post=124242"},{"taxonomy":"sapn-type","embeddable":true,"href":"https:\/\/news.sap.com\/latinamerica\/wp-json\/wp\/v2\/sapn-type?post=124242"}],"curies":[{"name":"wp","href":"https:\/\/api.w.org\/{rel}","templated":true}]}}