{"id":1085,"date":"2023-02-02T15:06:09","date_gmt":"2023-02-02T15:06:09","guid":{"rendered":"https:\/\/news.sap.com\/poland\/?p=1085"},"modified":"2024-02-09T18:44:39","modified_gmt":"2024-02-09T18:44:39","slug":"awans-joanny-kosiorek-i-ilony-vanicek-w-europejskich-strukturach-sap","status":"publish","type":"post","link":"https:\/\/news.sap.com\/poland\/2023\/02\/awans-joanny-kosiorek-i-ilony-vanicek-w-europejskich-strukturach-sap\/","title":{"rendered":"Awans Joanny Kosiorek i Ilony Vanicek w europejskich strukturach SAP"},"content":{"rendered":"<p style=\"font-weight: 400\"><strong>Firma SAP wprowadzi\u0142a zmiany w zespole marketingu, odpowiedzialnym za dzia\u0142ania marki w regionie Europy \u015arodkowej i Wschodniej, w tym w Austrii. Od stycznia bie\u017c\u0105cego roku wsp\u00f3\u0142zarz\u0105dzaj\u0105 nim Joanna Kosiorek i Ilona Vanicek.<\/strong><\/p>\n<p style=\"font-weight: 400\">Joanna Kosiorek do\u0142\u0105czy\u0142a do SAP w 1999 roku. Na przestrzeni lat odpowiada\u0142a za r\u00f3\u017cne obszary dzia\u0142a\u0144 marketingowych marki SAP, w tym marketing intelligence, channel marketing czy Customer Experience. W nowej roli Co-Marketing Director b\u0119dzie odpowiada\u0107 m.in. za realizacj\u0119 strategii marketingu produktowego w Europie \u015arodokowo-Wschodniej, r\u00f3wnolegle zarz\u0105dzaj\u0105c zespo\u0142ami marketingowymi w regionie obejmuj\u0105cym: Polsk\u0119, Czechy, S\u0142owacj\u0119, W\u0119gry, Rumuni\u0119, Bu\u0142gari\u0119, Ukrain\u0119, Chorwacj\u0119, S\u0142oweni\u0119, Serbi\u0119, Kazachstan, Azerbejd\u017can, Uzbekistan, Armeni\u0119 oraz Gruzj\u0119.<\/p>\n<p style=\"font-weight: 400\">Ilona Vanicek od 2019 roku odpowiada za dzia\u0142ania marketingowe w SAP Austria. Wcze\u015bniej pe\u0142ni\u0142a funkcje CMO i Head of demand management w r\u00f3\u017cnych firmach technologicznych. Jako Co-Marketing Director SAP CEE b\u0119dzie odpowiedzialna za obszar CEE Account Based Marketing &amp;amp; Business Management Office, jak r\u00f3wnie\u017c b\u0119dzie kontynuowa\u0107 swoj\u0105 prac\u0119 w roli Head of Marketing SAP Austria.<\/p>\n<blockquote>\n<p style=\"font-weight: 400\">Ca\u0142y czas rosn\u0105ce mo\u017cliwo\u015bci biznesowe w Europie \u015arodkowej i Wschodniej dla rozwoju technologii i transformacji cyfrowej wymagaj\u0105 prowadzenia komunikacji i dzia\u0142a\u0144 marketingowych na najwy\u017cszym poziomie. Przedsi\u0119biorcy i mened\u017cerowie z regionu s\u0105 niezwykle \u015bwiadomi potencja\u0142u jaki drzemie w cyfryzacji. Rol\u0105 marketingu jest inspirowanie lider\u00f3w biznesowych oraz wsparcie ich konkretn\u0105 wiedz\u0105. Razem z Ilon\u0105 i naszym Zespo\u0142em b\u0119dziemy dostarcza\u0107 firmom jako\u015bciowych tre\u015bci i realizowa\u0107 dzia\u0142ania, adresuj\u0105ce ich specyficzne, dynamicznie zmieniaj\u0105ce si\u0119 potrzeby i wyzwania, zgodne z najnowszymi trendami rynkowymi \u2013 m\u00f3wi Joanna Kosiorek, Co-Marketing Director SAP CEE.<\/p>\n<\/blockquote>\n<p style=\"font-weight: 400\">Joanna Kosiorek oraz Ilona Vanicek s\u0105 r\u00f3wnie\u017c cz\u0119\u015bci\u0105 zespo\u0142u zarz\u0105dzaj\u0105cego strategi\u0105 marketingow\u0105 w regionie SAP MEE. S\u0105 wsp\u00f3\u0142odpowiedzialne za bud\u017cet marketingowy SAP, wyznaczanie i realizacj\u0119 cel\u00f3w marketingowych oraz dbanie o wszystkie istotne tematy komunikacji marketingowej dotycz\u0105ce obszaru Europy \u015arodkowo-Wschodniej.<\/p>\n","protected":false},"excerpt":{"rendered":"<p>Firma SAP wprowadzi\u0142a zmiany w zespole marketingu, odpowiedzialnym za dzia\u0142ania marki w regionie Europy \u015arodkowej i Wschodniej, w tym w Austrii. Od stycznia bie\u017c\u0105cego roku&#8230;<\/p>\n","protected":false},"author":863,"featured_media":1702,"comment_status":"closed","ping_status":"closed","sticky":false,"template":"","format":"standard","meta":{"related_posts":[],"footnotes":"","_links_to":"","_links_to_target":""},"categories":[4534983],"tags":[5567028,5567027],"sapn-display":[5567129,4531914,4532314,5567127],"sapn-type":[4534695],"class_list":["post-1085","post","type-post","status-publish","format-standard","has-post-thumbnail","hentry","category-korporacyjne","tag-ilona-vanicek","tag-joanna-kosiorek","sapn-display-prasowa-hero","sapn-display-homepage-hero","sapn-display-topic-hero","sapn-display-prasowa-spotlight","sapn-type-informacja-prasowa"],"yoast_head":"<!-- This site is optimized with the Yoast SEO Premium plugin v26.9 (Yoast SEO v26.9) - https:\/\/yoast.com\/product\/yoast-seo-premium-wordpress\/ -->\n<title>Awans Joanny Kosiorek i Ilony Vanicek w europejskich strukturach SAP - SAP Poland Centrum Wiadomo\u015bci<\/title>\n<meta name=\"robots\" content=\"index, follow, max-snippet:-1, max-image-preview:large, max-video-preview:-1\" \/>\n<link rel=\"canonical\" href=\"https:\/\/news.sap.com\/poland\/2023\/02\/awans-joanny-kosiorek-i-ilony-vanicek-w-europejskich-strukturach-sap\/\" \/>\n<meta property=\"og:locale\" content=\"pl_PL\" \/>\n<meta property=\"og:type\" content=\"article\" \/>\n<meta property=\"og:title\" content=\"Awans Joanny Kosiorek i Ilony Vanicek w europejskich strukturach SAP\" \/>\n<meta property=\"og:description\" content=\"Firma SAP wprowadzi\u0142a zmiany w zespole marketingu, odpowiedzialnym za dzia\u0142ania marki w regionie Europy \u015arodkowej i Wschodniej, w tym w Austrii. Od stycznia bie\u017c\u0105cego roku...\" \/>\n<meta property=\"og:url\" content=\"https:\/\/news.sap.com\/poland\/2023\/02\/awans-joanny-kosiorek-i-ilony-vanicek-w-europejskich-strukturach-sap\/\" \/>\n<meta property=\"og:site_name\" content=\"SAP Poland Centrum Wiadomo\u015bci\" \/>\n<meta property=\"article:published_time\" content=\"2023-02-02T15:06:09+00:00\" \/>\n<meta property=\"article:modified_time\" content=\"2024-02-09T18:44:39+00:00\" \/>\n<meta property=\"og:image\" content=\"https:\/\/news.sap.com\/poland\/files\/2023\/02\/02\/image_processing20230202-2150173-eqm1l9.jpg\" \/>\n\t<meta property=\"og:image:width\" content=\"1284\" \/>\n\t<meta property=\"og:image:height\" content=\"642\" \/>\n\t<meta property=\"og:image:type\" content=\"image\/jpeg\" \/>\n<meta name=\"author\" content=\"Biuro Prasowe SAP Polska\" \/>\n<meta name=\"twitter:card\" content=\"summary_large_image\" \/>\n<meta name=\"twitter:label1\" content=\"Napisane przez\" \/>\n\t<meta name=\"twitter:data1\" content=\"Biuro Prasowe SAP Polska\" \/>\n\t<meta name=\"twitter:label2\" content=\"Szacowany czas czytania\" \/>\n\t<meta name=\"twitter:data2\" content=\"2 minuty\" \/>\n<script type=\"application\/ld+json\" class=\"yoast-schema-graph\">{\"@context\":\"https:\/\/schema.org\",\"@graph\":[{\"@type\":\"Article\",\"@id\":\"https:\/\/news.sap.com\/poland\/2023\/02\/awans-joanny-kosiorek-i-ilony-vanicek-w-europejskich-strukturach-sap\/#article\",\"isPartOf\":{\"@id\":\"https:\/\/news.sap.com\/poland\/2023\/02\/awans-joanny-kosiorek-i-ilony-vanicek-w-europejskich-strukturach-sap\/\"},\"author\":{\"name\":\"Biuro Prasowe SAP Polska\",\"@id\":\"https:\/\/news.sap.com\/poland\/#\/schema\/person\/9bed37029756a322ff084116029432ba\"},\"headline\":\"Awans Joanny Kosiorek i Ilony Vanicek w europejskich strukturach SAP\",\"datePublished\":\"2023-02-02T15:06:09+00:00\",\"dateModified\":\"2024-02-09T18:44:39+00:00\",\"mainEntityOfPage\":{\"@id\":\"https:\/\/news.sap.com\/poland\/2023\/02\/awans-joanny-kosiorek-i-ilony-vanicek-w-europejskich-strukturach-sap\/\"},\"wordCount\":343,\"image\":{\"@id\":\"https:\/\/news.sap.com\/poland\/2023\/02\/awans-joanny-kosiorek-i-ilony-vanicek-w-europejskich-strukturach-sap\/#primaryimage\"},\"thumbnailUrl\":\"https:\/\/news.sap.com\/poland\/files\/2023\/02\/02\/image_processing20230202-2150173-eqm1l9.jpg\",\"keywords\":[\"Ilona Vanicek\",\"Joanna Kosiorek\"],\"articleSection\":[\"Korporacyjne\"],\"inLanguage\":\"pl-PL\"},{\"@type\":\"WebPage\",\"@id\":\"https:\/\/news.sap.com\/poland\/2023\/02\/awans-joanny-kosiorek-i-ilony-vanicek-w-europejskich-strukturach-sap\/\",\"url\":\"https:\/\/news.sap.com\/poland\/2023\/02\/awans-joanny-kosiorek-i-ilony-vanicek-w-europejskich-strukturach-sap\/\",\"name\":\"Awans Joanny Kosiorek i Ilony Vanicek w europejskich strukturach SAP - SAP Poland Centrum Wiadomo\u015bci\",\"isPartOf\":{\"@id\":\"https:\/\/news.sap.com\/poland\/#website\"},\"primaryImageOfPage\":{\"@id\":\"https:\/\/news.sap.com\/poland\/2023\/02\/awans-joanny-kosiorek-i-ilony-vanicek-w-europejskich-strukturach-sap\/#primaryimage\"},\"image\":{\"@id\":\"https:\/\/news.sap.com\/poland\/2023\/02\/awans-joanny-kosiorek-i-ilony-vanicek-w-europejskich-strukturach-sap\/#primaryimage\"},\"thumbnailUrl\":\"https:\/\/news.sap.com\/poland\/files\/2023\/02\/02\/image_processing20230202-2150173-eqm1l9.jpg\",\"datePublished\":\"2023-02-02T15:06:09+00:00\",\"dateModified\":\"2024-02-09T18:44:39+00:00\",\"author\":{\"@id\":\"https:\/\/news.sap.com\/poland\/#\/schema\/person\/9bed37029756a322ff084116029432ba\"},\"breadcrumb\":{\"@id\":\"https:\/\/news.sap.com\/poland\/2023\/02\/awans-joanny-kosiorek-i-ilony-vanicek-w-europejskich-strukturach-sap\/#breadcrumb\"},\"inLanguage\":\"pl-PL\",\"potentialAction\":[{\"@type\":\"ReadAction\",\"target\":[\"https:\/\/news.sap.com\/poland\/2023\/02\/awans-joanny-kosiorek-i-ilony-vanicek-w-europejskich-strukturach-sap\/\"]}]},{\"@type\":\"ImageObject\",\"inLanguage\":\"pl-PL\",\"@id\":\"https:\/\/news.sap.com\/poland\/2023\/02\/awans-joanny-kosiorek-i-ilony-vanicek-w-europejskich-strukturach-sap\/#primaryimage\",\"url\":\"https:\/\/news.sap.com\/poland\/files\/2023\/02\/02\/image_processing20230202-2150173-eqm1l9.jpg\",\"contentUrl\":\"https:\/\/news.sap.com\/poland\/files\/2023\/02\/02\/image_processing20230202-2150173-eqm1l9.jpg\",\"width\":1284,\"height\":642},{\"@type\":\"BreadcrumbList\",\"@id\":\"https:\/\/news.sap.com\/poland\/2023\/02\/awans-joanny-kosiorek-i-ilony-vanicek-w-europejskich-strukturach-sap\/#breadcrumb\",\"itemListElement\":[{\"@type\":\"ListItem\",\"position\":1,\"name\":\"Home\",\"item\":\"https:\/\/news.sap.com\/poland\/\"},{\"@type\":\"ListItem\",\"position\":2,\"name\":\"Awans Joanny Kosiorek i Ilony Vanicek w europejskich strukturach SAP\"}]},{\"@type\":\"WebSite\",\"@id\":\"https:\/\/news.sap.com\/poland\/#website\",\"url\":\"https:\/\/news.sap.com\/poland\/\",\"name\":\"SAP Poland Centrum Wiadomo\u015bci\",\"description\":\"Wiadomo\u015bci i artyku\u0142y o SAP\",\"potentialAction\":[{\"@type\":\"SearchAction\",\"target\":{\"@type\":\"EntryPoint\",\"urlTemplate\":\"https:\/\/news.sap.com\/poland\/?s={search_term_string}\"},\"query-input\":{\"@type\":\"PropertyValueSpecification\",\"valueRequired\":true,\"valueName\":\"search_term_string\"}}],\"inLanguage\":\"pl-PL\"},{\"@type\":\"Person\",\"@id\":\"https:\/\/news.sap.com\/poland\/#\/schema\/person\/9bed37029756a322ff084116029432ba\",\"name\":\"Biuro Prasowe SAP Polska\",\"image\":{\"@type\":\"ImageObject\",\"inLanguage\":\"pl-PL\",\"@id\":\"https:\/\/news.sap.com\/poland\/#\/schema\/person\/image\/\",\"url\":\"https:\/\/news.sap.com\/poland\/wp-content\/plugins\/wp-user-avatars\/wp-user-avatars\/assets\/images\/mystery.jpg\",\"contentUrl\":\"https:\/\/news.sap.com\/poland\/wp-content\/plugins\/wp-user-avatars\/wp-user-avatars\/assets\/images\/mystery.jpg\",\"caption\":\"Biuro Prasowe SAP Polska\"},\"url\":\"https:\/\/news.sap.com\/poland\/author\/slawomirtyszka\/\"}]}<\/script>\n<!-- \/ Yoast SEO Premium plugin. -->","yoast_head_json":{"title":"Awans Joanny Kosiorek i Ilony Vanicek w europejskich strukturach SAP - SAP Poland Centrum Wiadomo\u015bci","robots":{"index":"index","follow":"follow","max-snippet":"max-snippet:-1","max-image-preview":"max-image-preview:large","max-video-preview":"max-video-preview:-1"},"canonical":"https:\/\/news.sap.com\/poland\/2023\/02\/awans-joanny-kosiorek-i-ilony-vanicek-w-europejskich-strukturach-sap\/","og_locale":"pl_PL","og_type":"article","og_title":"Awans Joanny Kosiorek i Ilony Vanicek w europejskich strukturach SAP","og_description":"Firma SAP wprowadzi\u0142a zmiany w zespole marketingu, odpowiedzialnym za dzia\u0142ania marki w regionie Europy \u015arodkowej i Wschodniej, w tym w Austrii. Od stycznia bie\u017c\u0105cego roku...","og_url":"https:\/\/news.sap.com\/poland\/2023\/02\/awans-joanny-kosiorek-i-ilony-vanicek-w-europejskich-strukturach-sap\/","og_site_name":"SAP Poland Centrum Wiadomo\u015bci","article_published_time":"2023-02-02T15:06:09+00:00","article_modified_time":"2024-02-09T18:44:39+00:00","og_image":[{"width":1284,"height":642,"url":"https:\/\/news.sap.com\/poland\/files\/2023\/02\/02\/image_processing20230202-2150173-eqm1l9.jpg","type":"image\/jpeg"}],"author":"Biuro Prasowe SAP Polska","twitter_card":"summary_large_image","twitter_misc":{"Napisane przez":"Biuro Prasowe SAP Polska","Szacowany czas czytania":"2 minuty"},"schema":{"@context":"https:\/\/schema.org","@graph":[{"@type":"Article","@id":"https:\/\/news.sap.com\/poland\/2023\/02\/awans-joanny-kosiorek-i-ilony-vanicek-w-europejskich-strukturach-sap\/#article","isPartOf":{"@id":"https:\/\/news.sap.com\/poland\/2023\/02\/awans-joanny-kosiorek-i-ilony-vanicek-w-europejskich-strukturach-sap\/"},"author":{"name":"Biuro Prasowe SAP Polska","@id":"https:\/\/news.sap.com\/poland\/#\/schema\/person\/9bed37029756a322ff084116029432ba"},"headline":"Awans Joanny Kosiorek i Ilony Vanicek w europejskich strukturach SAP","datePublished":"2023-02-02T15:06:09+00:00","dateModified":"2024-02-09T18:44:39+00:00","mainEntityOfPage":{"@id":"https:\/\/news.sap.com\/poland\/2023\/02\/awans-joanny-kosiorek-i-ilony-vanicek-w-europejskich-strukturach-sap\/"},"wordCount":343,"image":{"@id":"https:\/\/news.sap.com\/poland\/2023\/02\/awans-joanny-kosiorek-i-ilony-vanicek-w-europejskich-strukturach-sap\/#primaryimage"},"thumbnailUrl":"https:\/\/news.sap.com\/poland\/files\/2023\/02\/02\/image_processing20230202-2150173-eqm1l9.jpg","keywords":["Ilona Vanicek","Joanna Kosiorek"],"articleSection":["Korporacyjne"],"inLanguage":"pl-PL"},{"@type":"WebPage","@id":"https:\/\/news.sap.com\/poland\/2023\/02\/awans-joanny-kosiorek-i-ilony-vanicek-w-europejskich-strukturach-sap\/","url":"https:\/\/news.sap.com\/poland\/2023\/02\/awans-joanny-kosiorek-i-ilony-vanicek-w-europejskich-strukturach-sap\/","name":"Awans Joanny Kosiorek i Ilony Vanicek w europejskich strukturach SAP - SAP Poland Centrum Wiadomo\u015bci","isPartOf":{"@id":"https:\/\/news.sap.com\/poland\/#website"},"primaryImageOfPage":{"@id":"https:\/\/news.sap.com\/poland\/2023\/02\/awans-joanny-kosiorek-i-ilony-vanicek-w-europejskich-strukturach-sap\/#primaryimage"},"image":{"@id":"https:\/\/news.sap.com\/poland\/2023\/02\/awans-joanny-kosiorek-i-ilony-vanicek-w-europejskich-strukturach-sap\/#primaryimage"},"thumbnailUrl":"https:\/\/news.sap.com\/poland\/files\/2023\/02\/02\/image_processing20230202-2150173-eqm1l9.jpg","datePublished":"2023-02-02T15:06:09+00:00","dateModified":"2024-02-09T18:44:39+00:00","author":{"@id":"https:\/\/news.sap.com\/poland\/#\/schema\/person\/9bed37029756a322ff084116029432ba"},"breadcrumb":{"@id":"https:\/\/news.sap.com\/poland\/2023\/02\/awans-joanny-kosiorek-i-ilony-vanicek-w-europejskich-strukturach-sap\/#breadcrumb"},"inLanguage":"pl-PL","potentialAction":[{"@type":"ReadAction","target":["https:\/\/news.sap.com\/poland\/2023\/02\/awans-joanny-kosiorek-i-ilony-vanicek-w-europejskich-strukturach-sap\/"]}]},{"@type":"ImageObject","inLanguage":"pl-PL","@id":"https:\/\/news.sap.com\/poland\/2023\/02\/awans-joanny-kosiorek-i-ilony-vanicek-w-europejskich-strukturach-sap\/#primaryimage","url":"https:\/\/news.sap.com\/poland\/files\/2023\/02\/02\/image_processing20230202-2150173-eqm1l9.jpg","contentUrl":"https:\/\/news.sap.com\/poland\/files\/2023\/02\/02\/image_processing20230202-2150173-eqm1l9.jpg","width":1284,"height":642},{"@type":"BreadcrumbList","@id":"https:\/\/news.sap.com\/poland\/2023\/02\/awans-joanny-kosiorek-i-ilony-vanicek-w-europejskich-strukturach-sap\/#breadcrumb","itemListElement":[{"@type":"ListItem","position":1,"name":"Home","item":"https:\/\/news.sap.com\/poland\/"},{"@type":"ListItem","position":2,"name":"Awans Joanny Kosiorek i Ilony Vanicek w europejskich strukturach SAP"}]},{"@type":"WebSite","@id":"https:\/\/news.sap.com\/poland\/#website","url":"https:\/\/news.sap.com\/poland\/","name":"SAP Poland Centrum Wiadomo\u015bci","description":"Wiadomo\u015bci i artyku\u0142y o SAP","potentialAction":[{"@type":"SearchAction","target":{"@type":"EntryPoint","urlTemplate":"https:\/\/news.sap.com\/poland\/?s={search_term_string}"},"query-input":{"@type":"PropertyValueSpecification","valueRequired":true,"valueName":"search_term_string"}}],"inLanguage":"pl-PL"},{"@type":"Person","@id":"https:\/\/news.sap.com\/poland\/#\/schema\/person\/9bed37029756a322ff084116029432ba","name":"Biuro Prasowe SAP Polska","image":{"@type":"ImageObject","inLanguage":"pl-PL","@id":"https:\/\/news.sap.com\/poland\/#\/schema\/person\/image\/","url":"https:\/\/news.sap.com\/poland\/wp-content\/plugins\/wp-user-avatars\/wp-user-avatars\/assets\/images\/mystery.jpg","contentUrl":"https:\/\/news.sap.com\/poland\/wp-content\/plugins\/wp-user-avatars\/wp-user-avatars\/assets\/images\/mystery.jpg","caption":"Biuro Prasowe SAP Polska"},"url":"https:\/\/news.sap.com\/poland\/author\/slawomirtyszka\/"}]}},"amp_enabled":true,"_links":{"self":[{"href":"https:\/\/news.sap.com\/poland\/wp-json\/wp\/v2\/posts\/1085","targetHints":{"allow":["GET"]}}],"collection":[{"href":"https:\/\/news.sap.com\/poland\/wp-json\/wp\/v2\/posts"}],"about":[{"href":"https:\/\/news.sap.com\/poland\/wp-json\/wp\/v2\/types\/post"}],"author":[{"embeddable":true,"href":"https:\/\/news.sap.com\/poland\/wp-json\/wp\/v2\/users\/863"}],"replies":[{"embeddable":true,"href":"https:\/\/news.sap.com\/poland\/wp-json\/wp\/v2\/comments?post=1085"}],"version-history":[{"count":0,"href":"https:\/\/news.sap.com\/poland\/wp-json\/wp\/v2\/posts\/1085\/revisions"}],"wp:featuredmedia":[{"embeddable":true,"href":"https:\/\/news.sap.com\/poland\/wp-json\/wp\/v2\/media\/1702"}],"wp:attachment":[{"href":"https:\/\/news.sap.com\/poland\/wp-json\/wp\/v2\/media?parent=1085"}],"wp:term":[{"taxonomy":"category","embeddable":true,"href":"https:\/\/news.sap.com\/poland\/wp-json\/wp\/v2\/categories?post=1085"},{"taxonomy":"post_tag","embeddable":true,"href":"https:\/\/news.sap.com\/poland\/wp-json\/wp\/v2\/tags?post=1085"},{"taxonomy":"sapn-display","embeddable":true,"href":"https:\/\/news.sap.com\/poland\/wp-json\/wp\/v2\/sapn-display?post=1085"},{"taxonomy":"sapn-type","embeddable":true,"href":"https:\/\/news.sap.com\/poland\/wp-json\/wp\/v2\/sapn-type?post=1085"}],"curies":[{"name":"wp","href":"https:\/\/api.w.org\/{rel}","templated":true}]}}