{"id":1088,"date":"2022-04-26T15:19:16","date_gmt":"2022-04-26T15:19:16","guid":{"rendered":"https:\/\/news.sap.com\/poland\/?p=1088"},"modified":"2024-02-09T18:35:24","modified_gmt":"2024-02-09T18:35:24","slug":"pracodawcy-w-swiecie-vuca-zarzadzanie-zespolem-w-niepewnych-czasach","status":"publish","type":"post","link":"https:\/\/news.sap.com\/poland\/2022\/04\/pracodawcy-w-swiecie-vuca-zarzadzanie-zespolem-w-niepewnych-czasach\/","title":{"rendered":"Pracodawcy w \u015bwiecie VUCA. Zarz\u0105dzanie zespo\u0142em w niepewnych czasach"},"content":{"rendered":"<p style=\"font-weight: 400\"><strong>VUCA to angloj\u0119zyczny skr\u00f3t sk\u0142adaj\u0105cy si\u0119 z czterech g\u0142\u00f3wnych komponent\u00f3w: zmienno\u015bci, niepewno\u015bci, z\u0142o\u017cono\u015bci i niejednoznaczno\u015bci. S\u0142u\u017cy do opisu otaczaj\u0105cej nas rzeczywisto\u015bci, kt\u00f3ra charakteryzuje si\u0119 w\u0142a\u015bnie tymi przymiotami. Czasy zawirowa\u0144 lokalnych i globalnych s\u0105 wyzwaniem biznesowym oraz osobistym, ale tak\u017ce wymagaj\u0105 odpowiedniego podej\u015bcia ze strony specjalist\u00f3w HR.<\/strong><\/p>\n<p style=\"font-weight: 400\">Zmienno\u015b\u0107, niepewno\u015b\u0107, z\u0142o\u017cono\u015b\u0107 i niejednoznaczno\u015b\u0107 globalnej rzeczywisto\u015bci, w kt\u00f3rej wszyscy funkcjonujemy od ponad dw\u00f3ch lat sprawia, \u017ce dbanie o dobrostan zespo\u0142\u00f3w jest g\u0142\u00f3wnym zadaniem, jak i wyzwaniem specjalist\u00f3w HR. Og\u00f3lno\u015bwiatowe zjawiska, kt\u00f3re odbijaj\u0105 si\u0119 na codziennej pracy i \u017cyciu prywatnym pracownik\u00f3w przek\u0142adaj\u0105 si\u0119 tak\u017ce na zauwa\u017caln\u0105 w wielu organizacjach wy\u017csz\u0105 rotacj\u0119 czy absencje spowodowane powik\u0142aniami zdrowotnymi po d\u0142ugotrwa\u0142ym stresie.<\/p>\n<p style=\"font-weight: 400\">\u015awiat VUCA to tak\u017ce rzeczywisto\u015b\u0107 nowych modeli pracy. Jak wynika z bada\u0144 Pracuj.pl, 6 na 10 pracownik\u00f3w w Polsce wybiera prac\u0119 hybrydow\u0105 jako preferowany model realizacji obowi\u0105zk\u00f3w w bliskiej przysz\u0142o\u015bci. Co wi\u0119cej, ponad po\u0142owa badanych dostrzega rosn\u0105c\u0105 liczb\u0119 ofert pracy w Polsce oraz to, i\u017c ro\u015bnie asertywno\u015b\u0107 rekrutacyjna kandydat\u00f3w wobec pracodawc\u00f3w.<\/p>\n<p style=\"font-weight: 400\">To ogromne wyzwanie dla dzia\u0142\u00f3w HR, ale tak\u017ce lider\u00f3w zespo\u0142\u00f3w. Jak pokazuj\u0105 dane GoodHabitz, 1 na 4 polskich pracownik\u00f3w twierdzi, \u017ce ich mened\u017cer nie ma kompetencji do zarz\u0105dzania zespo\u0142em na odleg\u0142o\u015b\u0107 i hybrydowo. Dodatkowo, po\u0142owa pracownik\u00f3w uwa\u017ca, \u017ce nie do\u015bwiadczy\u0142a odpowiedniego wsparcia od swojego szefa podczas pracy zdalnej. Tyle samo badanych wskazuje r\u00f3wnie\u017c, \u017ce ich prze\u0142o\u017cony nie potrafi ich zmotywowa\u0107 w warunkach pracy z domu.<\/p>\n<blockquote>\n<p style=\"font-weight: 400\">Niepewne czasy du\u017cych turbulencji w otoczeniu biznesowym tworz\u0105 nowe wyzwania przed przyw\u00f3dcami w firmach. Trzeba podejmowa\u0107 kontrowersyjne i niepopularne decyzje, kt\u00f3re d\u0142ugo b\u0119d\u0105 odbija\u0142y si\u0119 echem w organizacji. Ciche przyw\u00f3dztwo, czyli sta\u0142a obecno\u015b\u0107 i wsparcie dla zespo\u0142\u00f3w, kt\u00f3re mo\u017ce by\u0107 czasami niewidoczne, jest kluczem do sukcesu w rzeczywisto\u015bci VUCA. Specjali\u015bci HR nie musz\u0105 by\u0107 bohaterami, kt\u00f3rzy dokonuj\u0105 spektakularnych czyn\u00f3w, aby odpowiednio wspiera\u0107 organizacje. Zauwa\u017cy\u0142 podczas wydarzenia HRup! re-GENERACJA organizowanego przez SAP Polska Andrzej Jacaszek, wiceprezes ICAN Institute<\/p>\n<\/blockquote>\n<p style=\"font-weight: 400\"><strong>12 zasad sukcesu HR w \u015bwiecie VUCA<\/strong><\/p>\n<p style=\"font-weight: 400\">Jak wynika z raportu Pracuj Ventures, g\u0142\u00f3wnym obszarem dzia\u0142alno\u015bci zespo\u0142\u00f3w HR jest co prawda pozyskanie poszukiwanych przez firm\u0119 pracownik\u00f3w we w\u0142a\u015bciwym czasie, ale w top 5 p\u00f3l aktywno\u015bci znajduj\u0105 si\u0119 tak\u017ce zagadnienia doskonale wpisuj\u0105ce si\u0119 w definicj\u0119 cichego przyw\u00f3dztwa:<\/p>\n<ul>\n<li>wsparcie lider\u00f3w zespo\u0142\u00f3w w zakresie zarz\u0105dzania i rozwoju pracownik\u00f3w,<\/li>\n<li>budowanie przywi\u0105zania do firmy w\u015br\u00f3d pracownik\u00f3w pracuj\u0105cych zdalnie lub hybrydowo<\/li>\n<li>zapewnienie sprawnego funkcjonowania pracownik\u00f3w w trakcie pracy zdalnej lub hybrydowej.<\/li>\n<\/ul>\n<p style=\"font-weight: 400\">Aby sprosta\u0107 wyzwaniom, przed jakimi stoj\u0105 obecnie specjali\u015bci HR, Andrzej Jacaszek poleca kierowanie si\u0119 kilkoma zasadami cichego przyw\u00f3dcy:<\/p>\n<ol>\n<li>Nie oszukuj siebie. Liderzy organizacji musz\u0105 \u015bwiadomie podchodzi\u0107 do czekaj\u0105cych ich wyzwa\u0144 i dzi\u0119ki temu podejmowa\u0107 odpowiednie decyzje.<\/li>\n<li>Zapewnij sobie czas na eksperymentowanie. \u015awiat VUCA wymaga podejmowania trudnych decyzji oraz dzia\u0142ania w zupe\u0142nie nowych warunkach, zatem sprawdzone wcze\u015bniej rozwi\u0105zania nie zawsze okazuj\u0105 si\u0119 w\u0142a\u015bciwe.<\/li>\n<li>Inwestuj m\u0105drze. Liderzy powinni stawia\u0107 sobie osi\u0105galne cele, ale tak\u017ce takie, kt\u00f3re maj\u0105 konkretne prze\u0142o\u017cenie na warto\u015b\u0107 dla organizacji.<\/li>\n<li>Inwestuj w zaufanie. Zaufanie jest fundamentem przyw\u00f3dztwa i spoiwem zespo\u0142u.<\/li>\n<li>Rozpracuj problem. W niepewnych czasach kluczowe jest znalezienie czasu na wnikliw\u0105 i szczeg\u00f3\u0142ow\u0105 analiz\u0119 wyzwa\u0144.<\/li>\n<li>Nagnij regu\u0142y. Zupe\u0142nie nowe modele funkcjonowania pracy i biznesu wymagaj\u0105 czasami odej\u015bcia od wcze\u015bniejszych norm.<\/li>\n<li>Tw\u00f3rz kompromisy. W hybrydowym \u015bwiecie trzeba tworzy\u0107 hybrydowe rozwi\u0105zania, szuka\u0107 rozwi\u0105za\u0144 win-win.<\/li>\n<li>Wyka\u017c si\u0119 empati\u0105. To klucz do zapewnienia dobrostanu pracownik\u00f3w, poniewa\u017c pozwala lepiej zrozumie\u0107 ich potrzeby.<\/li>\n<li>Wspieraj utalentowanych ludzi o wysokim poziomie zaanga\u017cowania. Liderami organizacji s\u0105 nie tylko mened\u017cerowie, ale tak\u017ce najbardziej utalentowani i zaanga\u017cowani cz\u0142onkowie zespo\u0142u, kt\u00f3rzy buduj\u0105 morale swoich wsp\u00f3\u0142pracownik\u00f3w.<\/li>\n<li>Rozwi\u0105zuj problemy poprzez kreatywn\u0105 rekombinacj\u0119. Nale\u017cy poszukiwa\u0107 nowych rozwi\u0105za\u0144 wykorzystuj\u0105c w kreatywny spos\u00f3b dost\u0119pne zasoby.<\/li>\n<li>Zastan\u00f3w si\u0119, o co warto walczy\u0107. W czasach ograniczonych zasob\u00f3w, tak\u017ce psychicznych, nale\u017cy odpowiednio wybiera\u0107 wyzwania i bitwy, kt\u00f3re chce si\u0119 stacza\u0107.<\/li>\n<li>Poszukuj innych cichych przyw\u00f3dc\u00f3w. W czasach VUCA promowanie os\u00f3b, kt\u00f3re wytrwale i zaanga\u017cowanie wspieraj\u0105 innych oraz d\u0105\u017c\u0105 do wyznaczonych cel\u00f3w jest kluczem do odpowiedniego funkcjonowania ka\u017cdej organizacji.<\/li>\n<\/ol>\n<blockquote>\n<p style=\"font-weight: 400\">Cisi przyw\u00f3dcy, kt\u00f3rzy mierz\u0105 si\u0119 z wyzwaniami VUCA potrzebuj\u0105 cyfrowego wsparcia. Odpowiednie narz\u0119dzia cyfrowe, kt\u00f3re automatyzuj\u0105c procesy w dzia\u0142ach HR, pozwalaj\u0105 zbiera\u0107 i przetwarza\u0107 oraz analizowa\u0107 najwa\u017cniejsze dane, optymalizowa\u0107 i usprawnia\u0107 wiele czynno\u015bci w relacjach z zespo\u0142em stanowi\u0105 nieocenione \u017ar\u00f3d\u0142o oszcz\u0119dno\u015bci czasu. Dzi\u0119ki cyfryzacji, specjali\u015bci HR mog\u0105 wygospodarowa\u0107 wi\u0119cej przestrzeni na rozw\u00f3j cichego przyw\u00f3dztwa, rozw\u00f3j swoich w\u0142asnych kompetencji, a poprzez to \u2013 odpowiednie wsparcie dla zespo\u0142\u00f3w i ich mened\u017cer\u00f3w &#8211; Katarzyna Rusek, cz\u0142onkini zarz\u0105du i dyrektorka HR SAP Polska<\/p>\n<\/blockquote>\n<p style=\"font-weight: 400\">Organizatorem wydarzenia HRup! re-GENERACJA by\u0142a firma SAP Polska, a partnerami Accenture, Gavdi, Zalaris, Feel It, ICAN Institute, Helping Hand.<\/p>\n<p>&nbsp;<\/p>\n","protected":false},"excerpt":{"rendered":"<p>VUCA to angloj\u0119zyczny skr\u00f3t sk\u0142adaj\u0105cy si\u0119 z czterech g\u0142\u00f3wnych komponent\u00f3w: zmienno\u015bci, niepewno\u015bci, z\u0142o\u017cono\u015bci i niejednoznaczno\u015bci. S\u0142u\u017cy do opisu otaczaj\u0105cej nas rzeczywisto\u015bci, kt\u00f3ra charakteryzuje si\u0119 w\u0142a\u015bnie&#8230;<\/p>\n","protected":false},"author":863,"featured_media":1909,"comment_status":"closed","ping_status":"closed","sticky":false,"template":"","format":"standard","meta":{"related_posts":[],"footnotes":"","_links_to":"","_links_to_target":""},"categories":[5567139,4533504,5567142,5567140,4532977,5567137],"tags":[5567201,5567202,5567082,5567204,46547,5567200,5567203,5567205,5567267,5567265,5567268,5567029,5567121,5567266,5567264],"sapn-display":[5567129,4532314,5567127],"sapn-type":[4448],"class_list":["post-1088","post","type-post","status-publish","format-standard","has-post-thumbnail","hentry","category-business-technology-platform","category-chmura","category-edukacja","category-partnerzy","category-wydarzenia","category-zarzadzanie-kapitalem-ludzkim","tag-accenture","tag-feel-it","tag-gavdi","tag-helping-hand","tag-hr","tag-hr-up","tag-ican-institute","tag-kapital-ludzki","tag-niejednoznacznosc","tag-niepewnosc","tag-przywodztwo","tag-vuca","tag-zalaris","tag-zlozonosc","tag-zmiennosc","sapn-display-prasowa-hero","sapn-display-topic-hero","sapn-display-prasowa-spotlight","sapn-type-newsbyte"],"yoast_head":"<!-- This site is optimized with the Yoast SEO Premium plugin v26.9 (Yoast SEO v26.9) - https:\/\/yoast.com\/product\/yoast-seo-premium-wordpress\/ -->\n<title>Pracodawcy w \u015bwiecie VUCA. Zarz\u0105dzanie zespo\u0142em w niepewnych czasach - SAP Poland Centrum Wiadomo\u015bci<\/title>\n<meta name=\"robots\" content=\"index, follow, max-snippet:-1, max-image-preview:large, max-video-preview:-1\" \/>\n<link rel=\"canonical\" href=\"https:\/\/news.sap.com\/poland\/2022\/04\/pracodawcy-w-swiecie-vuca-zarzadzanie-zespolem-w-niepewnych-czasach\/\" \/>\n<meta property=\"og:locale\" content=\"pl_PL\" \/>\n<meta property=\"og:type\" content=\"article\" \/>\n<meta property=\"og:title\" content=\"Pracodawcy w \u015bwiecie VUCA. Zarz\u0105dzanie zespo\u0142em w niepewnych czasach\" \/>\n<meta property=\"og:description\" content=\"VUCA to angloj\u0119zyczny skr\u00f3t sk\u0142adaj\u0105cy si\u0119 z czterech g\u0142\u00f3wnych komponent\u00f3w: zmienno\u015bci, niepewno\u015bci, z\u0142o\u017cono\u015bci i niejednoznaczno\u015bci. S\u0142u\u017cy do opisu otaczaj\u0105cej nas rzeczywisto\u015bci, kt\u00f3ra charakteryzuje si\u0119 w\u0142a\u015bnie...\" \/>\n<meta property=\"og:url\" content=\"https:\/\/news.sap.com\/poland\/2022\/04\/pracodawcy-w-swiecie-vuca-zarzadzanie-zespolem-w-niepewnych-czasach\/\" \/>\n<meta property=\"og:site_name\" content=\"SAP Poland Centrum Wiadomo\u015bci\" \/>\n<meta property=\"article:published_time\" content=\"2022-04-26T15:19:16+00:00\" \/>\n<meta property=\"article:modified_time\" content=\"2024-02-09T18:35:24+00:00\" \/>\n<meta property=\"og:image\" content=\"https:\/\/news.sap.com\/poland\/files\/2022\/04\/26\/296648_GettyImages-1225070980_medium_jpg.jpg\" \/>\n\t<meta property=\"og:image:width\" content=\"2082\" \/>\n\t<meta property=\"og:image:height\" content=\"1440\" \/>\n\t<meta property=\"og:image:type\" content=\"image\/jpeg\" \/>\n<meta name=\"author\" content=\"Biuro Prasowe SAP Polska\" \/>\n<meta name=\"twitter:card\" content=\"summary_large_image\" \/>\n<meta name=\"twitter:label1\" content=\"Napisane przez\" \/>\n\t<meta name=\"twitter:data1\" content=\"Biuro Prasowe SAP Polska\" \/>\n\t<meta name=\"twitter:label2\" content=\"Szacowany czas czytania\" \/>\n\t<meta name=\"twitter:data2\" content=\"4 minuty\" \/>\n<script type=\"application\/ld+json\" class=\"yoast-schema-graph\">{\"@context\":\"https:\/\/schema.org\",\"@graph\":[{\"@type\":\"Article\",\"@id\":\"https:\/\/news.sap.com\/poland\/2022\/04\/pracodawcy-w-swiecie-vuca-zarzadzanie-zespolem-w-niepewnych-czasach\/#article\",\"isPartOf\":{\"@id\":\"https:\/\/news.sap.com\/poland\/2022\/04\/pracodawcy-w-swiecie-vuca-zarzadzanie-zespolem-w-niepewnych-czasach\/\"},\"author\":{\"name\":\"Biuro Prasowe SAP Polska\",\"@id\":\"https:\/\/news.sap.com\/poland\/#\/schema\/person\/9bed37029756a322ff084116029432ba\"},\"headline\":\"Pracodawcy w \u015bwiecie VUCA. Zarz\u0105dzanie zespo\u0142em w niepewnych czasach\",\"datePublished\":\"2022-04-26T15:19:16+00:00\",\"dateModified\":\"2024-02-09T18:35:24+00:00\",\"mainEntityOfPage\":{\"@id\":\"https:\/\/news.sap.com\/poland\/2022\/04\/pracodawcy-w-swiecie-vuca-zarzadzanie-zespolem-w-niepewnych-czasach\/\"},\"wordCount\":903,\"image\":{\"@id\":\"https:\/\/news.sap.com\/poland\/2022\/04\/pracodawcy-w-swiecie-vuca-zarzadzanie-zespolem-w-niepewnych-czasach\/#primaryimage\"},\"thumbnailUrl\":\"https:\/\/news.sap.com\/poland\/files\/2022\/04\/26\/296648_GettyImages-1225070980_medium_jpg.jpg\",\"keywords\":[\"Accenture\",\"Feel It\",\"Gavdi\",\"Helping Hand\",\"HR\",\"HR Up\",\"ICAN Institute\",\"kapita\u0142 ludzki\",\"niejednoznaczno\u015b\u0107\",\"niepewno\u015b\u0107\",\"przyw\u00f3dztwo\",\"VUCA\",\"Zalaris\",\"z\u0142o\u017cono\u015b\u0107\",\"Zmienno\u015b\u0107\"],\"articleSection\":[\"Business Technology Platform\",\"Chmura\",\"Edukacja\",\"Partnerzy\",\"Wydarzenia\",\"Zarz\u0105dzanie kapita\u0142em ludzkim\"],\"inLanguage\":\"pl-PL\"},{\"@type\":\"WebPage\",\"@id\":\"https:\/\/news.sap.com\/poland\/2022\/04\/pracodawcy-w-swiecie-vuca-zarzadzanie-zespolem-w-niepewnych-czasach\/\",\"url\":\"https:\/\/news.sap.com\/poland\/2022\/04\/pracodawcy-w-swiecie-vuca-zarzadzanie-zespolem-w-niepewnych-czasach\/\",\"name\":\"Pracodawcy w \u015bwiecie VUCA. Zarz\u0105dzanie zespo\u0142em w niepewnych czasach - SAP Poland Centrum Wiadomo\u015bci\",\"isPartOf\":{\"@id\":\"https:\/\/news.sap.com\/poland\/#website\"},\"primaryImageOfPage\":{\"@id\":\"https:\/\/news.sap.com\/poland\/2022\/04\/pracodawcy-w-swiecie-vuca-zarzadzanie-zespolem-w-niepewnych-czasach\/#primaryimage\"},\"image\":{\"@id\":\"https:\/\/news.sap.com\/poland\/2022\/04\/pracodawcy-w-swiecie-vuca-zarzadzanie-zespolem-w-niepewnych-czasach\/#primaryimage\"},\"thumbnailUrl\":\"https:\/\/news.sap.com\/poland\/files\/2022\/04\/26\/296648_GettyImages-1225070980_medium_jpg.jpg\",\"datePublished\":\"2022-04-26T15:19:16+00:00\",\"dateModified\":\"2024-02-09T18:35:24+00:00\",\"author\":{\"@id\":\"https:\/\/news.sap.com\/poland\/#\/schema\/person\/9bed37029756a322ff084116029432ba\"},\"breadcrumb\":{\"@id\":\"https:\/\/news.sap.com\/poland\/2022\/04\/pracodawcy-w-swiecie-vuca-zarzadzanie-zespolem-w-niepewnych-czasach\/#breadcrumb\"},\"inLanguage\":\"pl-PL\",\"potentialAction\":[{\"@type\":\"ReadAction\",\"target\":[\"https:\/\/news.sap.com\/poland\/2022\/04\/pracodawcy-w-swiecie-vuca-zarzadzanie-zespolem-w-niepewnych-czasach\/\"]}]},{\"@type\":\"ImageObject\",\"inLanguage\":\"pl-PL\",\"@id\":\"https:\/\/news.sap.com\/poland\/2022\/04\/pracodawcy-w-swiecie-vuca-zarzadzanie-zespolem-w-niepewnych-czasach\/#primaryimage\",\"url\":\"https:\/\/news.sap.com\/poland\/files\/2022\/04\/26\/296648_GettyImages-1225070980_medium_jpg.jpg\",\"contentUrl\":\"https:\/\/news.sap.com\/poland\/files\/2022\/04\/26\/296648_GettyImages-1225070980_medium_jpg.jpg\",\"width\":2082,\"height\":1440,\"caption\":\"Flattening the curve: a happy woman sitting at home and talking to her friends or colleagues in a meeting using her laptop computer.\"},{\"@type\":\"BreadcrumbList\",\"@id\":\"https:\/\/news.sap.com\/poland\/2022\/04\/pracodawcy-w-swiecie-vuca-zarzadzanie-zespolem-w-niepewnych-czasach\/#breadcrumb\",\"itemListElement\":[{\"@type\":\"ListItem\",\"position\":1,\"name\":\"Home\",\"item\":\"https:\/\/news.sap.com\/poland\/\"},{\"@type\":\"ListItem\",\"position\":2,\"name\":\"Pracodawcy w \u015bwiecie VUCA. Zarz\u0105dzanie zespo\u0142em w niepewnych czasach\"}]},{\"@type\":\"WebSite\",\"@id\":\"https:\/\/news.sap.com\/poland\/#website\",\"url\":\"https:\/\/news.sap.com\/poland\/\",\"name\":\"SAP Poland Centrum Wiadomo\u015bci\",\"description\":\"Wiadomo\u015bci i artyku\u0142y o SAP\",\"potentialAction\":[{\"@type\":\"SearchAction\",\"target\":{\"@type\":\"EntryPoint\",\"urlTemplate\":\"https:\/\/news.sap.com\/poland\/?s={search_term_string}\"},\"query-input\":{\"@type\":\"PropertyValueSpecification\",\"valueRequired\":true,\"valueName\":\"search_term_string\"}}],\"inLanguage\":\"pl-PL\"},{\"@type\":\"Person\",\"@id\":\"https:\/\/news.sap.com\/poland\/#\/schema\/person\/9bed37029756a322ff084116029432ba\",\"name\":\"Biuro Prasowe SAP Polska\",\"image\":{\"@type\":\"ImageObject\",\"inLanguage\":\"pl-PL\",\"@id\":\"https:\/\/news.sap.com\/poland\/#\/schema\/person\/image\/\",\"url\":\"https:\/\/news.sap.com\/poland\/wp-content\/plugins\/wp-user-avatars\/wp-user-avatars\/assets\/images\/mystery.jpg\",\"contentUrl\":\"https:\/\/news.sap.com\/poland\/wp-content\/plugins\/wp-user-avatars\/wp-user-avatars\/assets\/images\/mystery.jpg\",\"caption\":\"Biuro Prasowe SAP Polska\"},\"url\":\"https:\/\/news.sap.com\/poland\/author\/slawomirtyszka\/\"}]}<\/script>\n<!-- \/ Yoast SEO Premium plugin. -->","yoast_head_json":{"title":"Pracodawcy w \u015bwiecie VUCA. Zarz\u0105dzanie zespo\u0142em w niepewnych czasach - SAP Poland Centrum Wiadomo\u015bci","robots":{"index":"index","follow":"follow","max-snippet":"max-snippet:-1","max-image-preview":"max-image-preview:large","max-video-preview":"max-video-preview:-1"},"canonical":"https:\/\/news.sap.com\/poland\/2022\/04\/pracodawcy-w-swiecie-vuca-zarzadzanie-zespolem-w-niepewnych-czasach\/","og_locale":"pl_PL","og_type":"article","og_title":"Pracodawcy w \u015bwiecie VUCA. Zarz\u0105dzanie zespo\u0142em w niepewnych czasach","og_description":"VUCA to angloj\u0119zyczny skr\u00f3t sk\u0142adaj\u0105cy si\u0119 z czterech g\u0142\u00f3wnych komponent\u00f3w: zmienno\u015bci, niepewno\u015bci, z\u0142o\u017cono\u015bci i niejednoznaczno\u015bci. S\u0142u\u017cy do opisu otaczaj\u0105cej nas rzeczywisto\u015bci, kt\u00f3ra charakteryzuje si\u0119 w\u0142a\u015bnie...","og_url":"https:\/\/news.sap.com\/poland\/2022\/04\/pracodawcy-w-swiecie-vuca-zarzadzanie-zespolem-w-niepewnych-czasach\/","og_site_name":"SAP Poland Centrum Wiadomo\u015bci","article_published_time":"2022-04-26T15:19:16+00:00","article_modified_time":"2024-02-09T18:35:24+00:00","og_image":[{"width":2082,"height":1440,"url":"https:\/\/news.sap.com\/poland\/files\/2022\/04\/26\/296648_GettyImages-1225070980_medium_jpg.jpg","type":"image\/jpeg"}],"author":"Biuro Prasowe SAP Polska","twitter_card":"summary_large_image","twitter_misc":{"Napisane przez":"Biuro Prasowe SAP Polska","Szacowany czas czytania":"4 minuty"},"schema":{"@context":"https:\/\/schema.org","@graph":[{"@type":"Article","@id":"https:\/\/news.sap.com\/poland\/2022\/04\/pracodawcy-w-swiecie-vuca-zarzadzanie-zespolem-w-niepewnych-czasach\/#article","isPartOf":{"@id":"https:\/\/news.sap.com\/poland\/2022\/04\/pracodawcy-w-swiecie-vuca-zarzadzanie-zespolem-w-niepewnych-czasach\/"},"author":{"name":"Biuro Prasowe SAP Polska","@id":"https:\/\/news.sap.com\/poland\/#\/schema\/person\/9bed37029756a322ff084116029432ba"},"headline":"Pracodawcy w \u015bwiecie VUCA. Zarz\u0105dzanie zespo\u0142em w niepewnych czasach","datePublished":"2022-04-26T15:19:16+00:00","dateModified":"2024-02-09T18:35:24+00:00","mainEntityOfPage":{"@id":"https:\/\/news.sap.com\/poland\/2022\/04\/pracodawcy-w-swiecie-vuca-zarzadzanie-zespolem-w-niepewnych-czasach\/"},"wordCount":903,"image":{"@id":"https:\/\/news.sap.com\/poland\/2022\/04\/pracodawcy-w-swiecie-vuca-zarzadzanie-zespolem-w-niepewnych-czasach\/#primaryimage"},"thumbnailUrl":"https:\/\/news.sap.com\/poland\/files\/2022\/04\/26\/296648_GettyImages-1225070980_medium_jpg.jpg","keywords":["Accenture","Feel It","Gavdi","Helping Hand","HR","HR Up","ICAN Institute","kapita\u0142 ludzki","niejednoznaczno\u015b\u0107","niepewno\u015b\u0107","przyw\u00f3dztwo","VUCA","Zalaris","z\u0142o\u017cono\u015b\u0107","Zmienno\u015b\u0107"],"articleSection":["Business Technology Platform","Chmura","Edukacja","Partnerzy","Wydarzenia","Zarz\u0105dzanie kapita\u0142em ludzkim"],"inLanguage":"pl-PL"},{"@type":"WebPage","@id":"https:\/\/news.sap.com\/poland\/2022\/04\/pracodawcy-w-swiecie-vuca-zarzadzanie-zespolem-w-niepewnych-czasach\/","url":"https:\/\/news.sap.com\/poland\/2022\/04\/pracodawcy-w-swiecie-vuca-zarzadzanie-zespolem-w-niepewnych-czasach\/","name":"Pracodawcy w \u015bwiecie VUCA. Zarz\u0105dzanie zespo\u0142em w niepewnych czasach - SAP Poland Centrum Wiadomo\u015bci","isPartOf":{"@id":"https:\/\/news.sap.com\/poland\/#website"},"primaryImageOfPage":{"@id":"https:\/\/news.sap.com\/poland\/2022\/04\/pracodawcy-w-swiecie-vuca-zarzadzanie-zespolem-w-niepewnych-czasach\/#primaryimage"},"image":{"@id":"https:\/\/news.sap.com\/poland\/2022\/04\/pracodawcy-w-swiecie-vuca-zarzadzanie-zespolem-w-niepewnych-czasach\/#primaryimage"},"thumbnailUrl":"https:\/\/news.sap.com\/poland\/files\/2022\/04\/26\/296648_GettyImages-1225070980_medium_jpg.jpg","datePublished":"2022-04-26T15:19:16+00:00","dateModified":"2024-02-09T18:35:24+00:00","author":{"@id":"https:\/\/news.sap.com\/poland\/#\/schema\/person\/9bed37029756a322ff084116029432ba"},"breadcrumb":{"@id":"https:\/\/news.sap.com\/poland\/2022\/04\/pracodawcy-w-swiecie-vuca-zarzadzanie-zespolem-w-niepewnych-czasach\/#breadcrumb"},"inLanguage":"pl-PL","potentialAction":[{"@type":"ReadAction","target":["https:\/\/news.sap.com\/poland\/2022\/04\/pracodawcy-w-swiecie-vuca-zarzadzanie-zespolem-w-niepewnych-czasach\/"]}]},{"@type":"ImageObject","inLanguage":"pl-PL","@id":"https:\/\/news.sap.com\/poland\/2022\/04\/pracodawcy-w-swiecie-vuca-zarzadzanie-zespolem-w-niepewnych-czasach\/#primaryimage","url":"https:\/\/news.sap.com\/poland\/files\/2022\/04\/26\/296648_GettyImages-1225070980_medium_jpg.jpg","contentUrl":"https:\/\/news.sap.com\/poland\/files\/2022\/04\/26\/296648_GettyImages-1225070980_medium_jpg.jpg","width":2082,"height":1440,"caption":"Flattening the curve: a happy woman sitting at home and talking to her friends or colleagues in a meeting using her laptop computer."},{"@type":"BreadcrumbList","@id":"https:\/\/news.sap.com\/poland\/2022\/04\/pracodawcy-w-swiecie-vuca-zarzadzanie-zespolem-w-niepewnych-czasach\/#breadcrumb","itemListElement":[{"@type":"ListItem","position":1,"name":"Home","item":"https:\/\/news.sap.com\/poland\/"},{"@type":"ListItem","position":2,"name":"Pracodawcy w \u015bwiecie VUCA. Zarz\u0105dzanie zespo\u0142em w niepewnych czasach"}]},{"@type":"WebSite","@id":"https:\/\/news.sap.com\/poland\/#website","url":"https:\/\/news.sap.com\/poland\/","name":"SAP Poland Centrum Wiadomo\u015bci","description":"Wiadomo\u015bci i artyku\u0142y o SAP","potentialAction":[{"@type":"SearchAction","target":{"@type":"EntryPoint","urlTemplate":"https:\/\/news.sap.com\/poland\/?s={search_term_string}"},"query-input":{"@type":"PropertyValueSpecification","valueRequired":true,"valueName":"search_term_string"}}],"inLanguage":"pl-PL"},{"@type":"Person","@id":"https:\/\/news.sap.com\/poland\/#\/schema\/person\/9bed37029756a322ff084116029432ba","name":"Biuro Prasowe SAP Polska","image":{"@type":"ImageObject","inLanguage":"pl-PL","@id":"https:\/\/news.sap.com\/poland\/#\/schema\/person\/image\/","url":"https:\/\/news.sap.com\/poland\/wp-content\/plugins\/wp-user-avatars\/wp-user-avatars\/assets\/images\/mystery.jpg","contentUrl":"https:\/\/news.sap.com\/poland\/wp-content\/plugins\/wp-user-avatars\/wp-user-avatars\/assets\/images\/mystery.jpg","caption":"Biuro Prasowe SAP Polska"},"url":"https:\/\/news.sap.com\/poland\/author\/slawomirtyszka\/"}]}},"amp_enabled":true,"_links":{"self":[{"href":"https:\/\/news.sap.com\/poland\/wp-json\/wp\/v2\/posts\/1088","targetHints":{"allow":["GET"]}}],"collection":[{"href":"https:\/\/news.sap.com\/poland\/wp-json\/wp\/v2\/posts"}],"about":[{"href":"https:\/\/news.sap.com\/poland\/wp-json\/wp\/v2\/types\/post"}],"author":[{"embeddable":true,"href":"https:\/\/news.sap.com\/poland\/wp-json\/wp\/v2\/users\/863"}],"replies":[{"embeddable":true,"href":"https:\/\/news.sap.com\/poland\/wp-json\/wp\/v2\/comments?post=1088"}],"version-history":[{"count":0,"href":"https:\/\/news.sap.com\/poland\/wp-json\/wp\/v2\/posts\/1088\/revisions"}],"wp:featuredmedia":[{"embeddable":true,"href":"https:\/\/news.sap.com\/poland\/wp-json\/wp\/v2\/media\/1909"}],"wp:attachment":[{"href":"https:\/\/news.sap.com\/poland\/wp-json\/wp\/v2\/media?parent=1088"}],"wp:term":[{"taxonomy":"category","embeddable":true,"href":"https:\/\/news.sap.com\/poland\/wp-json\/wp\/v2\/categories?post=1088"},{"taxonomy":"post_tag","embeddable":true,"href":"https:\/\/news.sap.com\/poland\/wp-json\/wp\/v2\/tags?post=1088"},{"taxonomy":"sapn-display","embeddable":true,"href":"https:\/\/news.sap.com\/poland\/wp-json\/wp\/v2\/sapn-display?post=1088"},{"taxonomy":"sapn-type","embeddable":true,"href":"https:\/\/news.sap.com\/poland\/wp-json\/wp\/v2\/sapn-type?post=1088"}],"curies":[{"name":"wp","href":"https:\/\/api.w.org\/{rel}","templated":true}]}}