{"id":1560,"date":"2023-10-30T12:00:44","date_gmt":"2023-10-30T12:00:44","guid":{"rendered":"https:\/\/news.sap.com\/poland\/?p=1560"},"modified":"2024-02-09T18:34:23","modified_gmt":"2024-02-09T18:34:23","slug":"czy-polskie-firmy-sa-gotowe-na-przemysl-5-0","status":"publish","type":"post","link":"https:\/\/news.sap.com\/poland\/2023\/10\/czy-polskie-firmy-sa-gotowe-na-przemysl-5-0\/","title":{"rendered":"Czy polskie firmy s\u0105 gotowe na Przemys\u0142 5.0?"},"content":{"rendered":"<div class=\"pr-story-hero--text-container\">\n<div class=\"pr-story-hero--title-container--fullscreen\">\n<div class=\"pr-font--dark\"><strong>Wci\u0105\u017c tylko mniej ni\u017c po\u0142owa polskich firm posiada rozwi\u0105zania cyfrowe, pozwalaj\u0105ce reagowa\u0107 na nag\u0142e zmiany, np. zak\u0142\u00f3cenia w \u0142a\u0144cuchach dostaw \u2013 wynika z <\/strong><a href=\"https:\/\/prowly-uploads.s3.eu-west-1.amazonaws.com\/uploads\/4636\/assets\/589241\/-dcaacefddb3a1b36aaa5dc4071b6148d.pdf\" data-lf-fd-inspected-p1e024bqxdp7gb6d=\"true\"><strong>raportu SAP<\/strong><\/a><strong>. Jednocze\u015bnie, zar\u00f3wno badania, jak i prognozy ekspert\u00f3w pokazuj\u0105, \u017ce przedsi\u0119biorstwa coraz cz\u0119\u015bciej postrzegaj\u0105 inwestycje w technologie w perspektywie d\u0142ugoterminowego zysku, a nie jedynie inicjalnych koszt\u00f3w. Jakie wyzwania stoj\u0105 przed transformacj\u0105 cyfrow\u0105, kt\u00f3ra ju\u017c uwzgl\u0119dnia d\u0142ugofalowe cele, ale jeszcze nie radzi sobie do ko\u0144ca z perspektyw\u0105 niespodziewanych zmian?<\/strong><\/div>\n<div><\/div>\n<\/div>\n<\/div>\n<div class=\"pr-story-content\">\n<div class=\"pr-story--element-space\">\n<div class=\"pr-story-paragraph\">\n<div class=\"pr-story--text\"><b>Transformacja biznesu \u2013 transformacja \u015bwiadomo\u015bci<\/b><\/div>\n<\/div>\n<\/div>\n<div class=\"pr-story--element-space\">\n<div class=\"pr-story-paragraph\">\n<div class=\"pr-story--text\">Strategiczne podej\u015bcie do cyfrowej transformacji w obecnych czasach zdecydowanie wymaga wyj\u015bcia poza dotychczasowe schematy. Jednym z najwi\u0119kszych wyzwa\u0144 wsp\u00f3\u0142czesnych przedsi\u0119biorstw jest umiej\u0119tne antycypowanie potencjalnych zmian, przede wszystkim ekonomicznych i geopolitycznych, ale tak\u017ce technologicznych. Dlatego strategiczne zarz\u0105dzanie inwestycjami IT wymaga ci\u0105g\u0142ej edukacji, rozwijania zdolno\u015bci do adaptacji i wychodzenia poza stref\u0119 komfortu, wynikaj\u0105cego z korzystania z dobrze znanych rozwi\u0105za\u0144. Ten w\u0105tek bardzo mocno akcentowali liderzy opinii i biznesu podczas tegorocznej konferencji <a href=\"https:\/\/events.sap.com\/pl\/2023-sap-now\/pl\/home\">SAP NOW Poland<\/a>.<\/div>\n<\/div>\n<\/div>\n<div class=\"pr-story--element-space\">\n<div class=\"pr-story--quote pr-story--quote--space\">\n<div>\n<p class=\"pr-story--quote pr-font--condensed\">\u2013 Sztuka my\u015blenia kompleksowego, kt\u00f3ra nie jest tzw. \u201ewszystkoizmem\u201d, to zaprzeczenie redukcjonizmu. Zawsze, gdy podejmuje si\u0119 jak\u0105kolwiek decyzj\u0119, tak\u017ce biznesow\u0105, warto zatem zada\u0107 sobie pytanie o cel, a w trakcie \u2013 zredefiniowa\u0107 go. Zar\u00f3wno gospodarka, jak i polityka powinny by\u0107 oparte na wiedzy, kt\u00f3r\u0105 niestety emocje niejednokrotnie wypieraj\u0105. Pami\u0119tajmy, \u017ce niemal wszystkie wi\u0119ksze problemy, jakie mamy, s\u0105 rozwi\u0105zywalne. Si\u0119gaj\u0105c do wszechnicy wiedzy, mamy szans\u0119 to zrobi\u0107 \u2013 podkre\u015bla\u0142 Profesor Grzegorz W. Ko\u0142odko, ekonomista, polityk i by\u0142y Minister Finans\u00f3w.<\/p>\n<\/div>\n<\/div>\n<\/div>\n<div class=\"pr-story--element-space\">\n<div class=\"pr-story-paragraph\">\n<div class=\"pr-story--text\"><b>ESG i AI coraz wy\u017cej w d\u0142ugofalowych strategiach<\/b><\/div>\n<\/div>\n<\/div>\n<div class=\"pr-story--element-space\">\n<div class=\"pr-story-paragraph\">\n<div class=\"pr-story--text\">Ostatnie lata pokaza\u0142y przecie\u017c, \u017ce wyzwaniem dla organizacji s\u0105 nie tylko globalne zmiany i nieprzewidziane zdarzenia. Tak\u017ce dynamiczny rozw\u00f3j technologii sprawia, \u017ce rozwi\u0105zania powszechne na rynku, szybko mog\u0105 sta\u0107 si\u0119 przestarza\u0142e i niewystarczaj\u0105ce do utrzymania konkurencyjno\u015bci firmy. Ten komponent niepewno\u015bci powinien by\u0107 adresowany poprzez odpowiednie, d\u0142ugofalowe taktyki, kt\u00f3re urealniaj\u0105 biznesowe za\u0142o\u017cenia:<\/div>\n<\/div>\n<\/div>\n<div class=\"pr-story--element-space\">\n<div class=\"pr-story--quote pr-story--quote--space\">\n<div>\n<blockquote>\n<p class=\"pr-story--quote pr-font--condensed\">\u2013 Moja rada dla przedsi\u0119biorc\u00f3w jest taka, \u017ceby zawsze przygotowuj\u0105c prognozy i strategi\u0119, zak\u0142adali sobie tak\u017ce ten drugi, gorszy scenariusz. Firmy nastawiaj\u0105 si\u0119 na rozw\u00f3j, podb\u00f3j rynk\u00f3w w przewidywalnym otoczeniu, a szczeg\u00f3lnie ostatnie lata, pokaza\u0142y jak to mo\u017ce by\u0107 z\u0142udne. My\u015bl\u0105c o biznesie, dobrze zatem zada\u0107 sobie pytanie: co innego, nieoczekiwanego i z\u0142ego mo\u017ce si\u0119 wydarzy\u0107 i zawczasu przygotowa\u0107 si\u0119 na t\u0119 ewentualno\u015b\u0107. Zupe\u0142nie inaczej prowadzi si\u0119 w\u00f3wczas dzia\u0142ania biznesowe \u2013 uzupe\u0142nia\u0142a Alicja Defratyka, ekonomistka, autorka projektu ciekaweliczby.pl.<\/p>\n<\/blockquote>\n<p class=\"pr-story--text-small pr-font--spacing padding-top--medium text--wrap pr-font--condensed\">Firmy, bran\u017ce, a nawet ca\u0142e gospodarki bezdyskusyjnie maj\u0105 za sob\u0105 okres silnych przeobra\u017ce\u0144, z kt\u00f3rych powinny wyci\u0105ga\u0107 d\u0142ugofalowe wnioski. Jednocze\u015bnie wiedz\u0105 ju\u017c, \u017ce to dopiero pocz\u0105tek zmian, z kt\u00f3rymi b\u0119d\u0105 si\u0119 mierzy\u0107. Oficjalne prezentacje, jak i kuluarowe dyskusje podczas SAP NOW dobitnie pokaza\u0142y, \u017ce zar\u00f3wno AI, jak i ESG, wysz\u0142y ju\u017c dawno poza faz\u0119 teoretycznych rozwa\u017ca\u0144. Polskie przedsi\u0119biorstwa coraz cz\u0119\u015bciej dostrzegaj\u0105, \u017ce to zwi\u0119kszanie zaawansowania wykorzystywanych technologii mo\u017ce przynie\u015b\u0107 biznesowi wi\u0119ksz\u0105 elastyczno\u015b\u0107 i odporno\u015b\u0107 w obliczu nieprzewidzianych zdarze\u0144.<\/p>\n<\/div>\n<\/div>\n<\/div>\n<div class=\"pr-story--element-space\">\n<div class=\"pr-story-paragraph\">\n<div class=\"pr-story--text\"><b>Cz\u0142owiek w centrum zmian<\/b><\/div>\n<\/div>\n<\/div>\n<div class=\"pr-story--element-space\">\n<div class=\"pr-story-paragraph\">\n<div class=\"pr-story--text\">Gdzie zatem szuka\u0107 elementu sta\u0142ego w tzw. \u015bwiecie VUCA? Diagnoza lider\u00f3w technologicznych okazuje si\u0119 zaskakuj\u0105co humanistyczna:<\/div>\n<\/div>\n<\/div>\n<div class=\"pr-story--element-space\">\n<div class=\"pr-story--quote pr-story--quote--space\">\n<div>\n<blockquote>\n<p class=\"pr-story--quote pr-font--condensed\">\u2013 Wszystko kumuluje si\u0119 w poj\u0119ciu Przemys\u0142u 5.0. W odr\u00f3\u017cnieniu od Przemys\u0142u 4.0, gdzie priorytetem by\u0142a maksymalna automatyzacja i efektywno\u015b\u0107, Przemys\u0142 5.0 zwraca uwag\u0119 na wsp\u00f3\u0142prac\u0119 pomi\u0119dzy cz\u0142owiekiem i maszyn\u0105. Nie chodzi tu tylko o technologi\u0119, ale rozwi\u0105zania wspomagane ludzk\u0105 intuicj\u0105, empati\u0105 i kreatywno\u015bci\u0105. Rozw\u00f3j technologii daje nam niesko\u0144czone mo\u017cliwo\u015bci, musimy je tylko dobrze i m\u0105drze wykorzysta\u0107 \u2013 apelowa\u0142 podczas SAP NOW 2023, Piotr Ferszka, prezes SAP Polska.<\/p>\n<\/blockquote>\n<\/div>\n<\/div>\n<\/div>\n<div class=\"pr-story--element-space\">\n<div class=\"pr-story-paragraph\">\n<div class=\"pr-story--text\"><a name=\"_Hlk145929183\"><\/a>Zmiany kszta\u0142tuj\u0105ce sektor biznesowy i przek\u0142adaj\u0105ce si\u0119 na strategiczne inwestycje w technologie by\u0142y g\u0142\u00f3wnym tematem konferencji SAP NOW, najwa\u017cniejszego, dorocznego spotkania spo\u0142eczno\u015bci SAP w Polsce. W wydarzeniu udzia\u0142 wzi\u0119\u0142o 800 os\u00f3b, a ponad 2000 do\u0142\u0105czy\u0142o do niego online. Partnerami SAP NOW 2023 by\u0142y firmy:<\/div>\n<div class=\"pr-story--text\"><strong>All For One, Apollogic, Amazon Web Services, apsolut, AXIANS, Camelot ITLab, Capgemini, EY Polska, Gavdi, Google Cloud Polska, Hicron, Hycom, Ipopema, LeverX, LST Westernacher, Microsoft, NTT DATA Business Solutions, OpenText, Plaut, PwC, Seargin, SI-Consulting, SI-eCommerce, SII Polska, Supremis, Syntavio, T-Systems, TeamViewer, UiPath, Veslog, Wy\u017csza Szko\u0142a Logistyki, Zalaris.<\/strong><\/div>\n<\/div>\n<\/div>\n<\/div>\n","protected":false},"excerpt":{"rendered":"<p>Wci\u0105\u017c tylko mniej ni\u017c po\u0142owa polskich firm posiada rozwi\u0105zania cyfrowe, pozwalaj\u0105ce reagowa\u0107 na nag\u0142e zmiany, np. zak\u0142\u00f3cenia w \u0142a\u0144cuchach dostaw \u2013 wynika z raportu SAP&#8230;.<\/p>\n","protected":false},"author":863,"featured_media":1779,"comment_status":"closed","ping_status":"closed","sticky":false,"template":"","format":"standard","meta":{"related_posts":[],"footnotes":"","_links_to":"","_links_to_target":""},"categories":[4533504,4534807,4534983,5567140,4532977,5567134,5567135],"tags":[5567057,5567094,5567095,4538618,5567096,5567097,5567098,5567099,5567093,5567092,5567100,5567082,5567101,5567102,5567103,5567104,5567105,5567106,5567000,5567107,5567108,5567109,5567110,5567034,5567111,4542849,5567112,5567113,5567114,5567115,5567116,5567117,5567118,5567119,5567120,5567121],"sapn-display":[5567129,4532314,5567127],"sapn-type":[4448],"class_list":["post-1560","post","type-post","status-publish","format-standard","has-post-thumbnail","hentry","category-chmura","category-klient","category-korporacyjne","category-partnerzy","category-wydarzenia","category-zarzadzanie-finansami","category-zarzadzanie-wydatkami","tag-ai","tag-all-for-one","tag-amazon-web-services","tag-apollogic","tag-apsolut","tag-axians","tag-camelot-itlab","tag-capgemini","tag-czlowiek","tag-esg","tag-ey-polska","tag-gavdi","tag-google-cloud-polska","tag-hicron","tag-hycom","tag-ipopema","tag-leverx","tag-lst-westernacher","tag-microsoft","tag-ntt-data-business-solutions","tag-opentext","tag-plaut","tag-pwc","tag-sap-now","tag-seargin","tag-si-consulting","tag-si-ecommerce","tag-sii-polska","tag-supremis","tag-syntavio","tag-t-systems","tag-teamviewer","tag-uipath","tag-veslog","tag-wyzsza-szkola-logistyki","tag-zalaris","sapn-display-prasowa-hero","sapn-display-topic-hero","sapn-display-prasowa-spotlight","sapn-type-newsbyte"],"yoast_head":"<!-- This site is optimized with the Yoast SEO Premium plugin v26.9 (Yoast SEO v26.9) - https:\/\/yoast.com\/product\/yoast-seo-premium-wordpress\/ -->\n<title>Czy polskie firmy s\u0105 gotowe na Przemys\u0142 5.0? - SAP Poland Centrum Wiadomo\u015bci<\/title>\n<meta name=\"robots\" content=\"index, follow, max-snippet:-1, max-image-preview:large, max-video-preview:-1\" \/>\n<link rel=\"canonical\" href=\"https:\/\/news.sap.com\/poland\/2023\/10\/czy-polskie-firmy-sa-gotowe-na-przemysl-5-0\/\" \/>\n<meta property=\"og:locale\" content=\"pl_PL\" \/>\n<meta property=\"og:type\" content=\"article\" \/>\n<meta property=\"og:title\" content=\"Czy polskie firmy s\u0105 gotowe na Przemys\u0142 5.0?\" \/>\n<meta property=\"og:description\" content=\"Wci\u0105\u017c tylko mniej ni\u017c po\u0142owa polskich firm posiada rozwi\u0105zania cyfrowe, pozwalaj\u0105ce reagowa\u0107 na nag\u0142e zmiany, np. zak\u0142\u00f3cenia w \u0142a\u0144cuchach dostaw \u2013 wynika z raportu SAP....\" \/>\n<meta property=\"og:url\" content=\"https:\/\/news.sap.com\/poland\/2023\/10\/czy-polskie-firmy-sa-gotowe-na-przemysl-5-0\/\" \/>\n<meta property=\"og:site_name\" content=\"SAP Poland Centrum Wiadomo\u015bci\" \/>\n<meta property=\"article:published_time\" content=\"2023-10-30T12:00:44+00:00\" \/>\n<meta property=\"article:modified_time\" content=\"2024-02-09T18:34:23+00:00\" \/>\n<meta property=\"og:image\" content=\"https:\/\/news.sap.com\/poland\/files\/2023\/10\/30\/287431_GettyImages-1224719160_medium_jpg.jpg\" \/>\n\t<meta property=\"og:image:width\" content=\"2121\" \/>\n\t<meta property=\"og:image:height\" content=\"1414\" \/>\n\t<meta property=\"og:image:type\" content=\"image\/jpeg\" \/>\n<meta name=\"author\" content=\"Biuro Prasowe SAP Polska\" \/>\n<meta name=\"twitter:card\" content=\"summary_large_image\" \/>\n<meta name=\"twitter:label1\" content=\"Napisane przez\" \/>\n\t<meta name=\"twitter:data1\" content=\"Biuro Prasowe SAP Polska\" \/>\n\t<meta name=\"twitter:label2\" content=\"Szacowany czas czytania\" \/>\n\t<meta name=\"twitter:data2\" content=\"3 minuty\" \/>\n<script type=\"application\/ld+json\" class=\"yoast-schema-graph\">{\"@context\":\"https:\/\/schema.org\",\"@graph\":[{\"@type\":\"Article\",\"@id\":\"https:\/\/news.sap.com\/poland\/2023\/10\/czy-polskie-firmy-sa-gotowe-na-przemysl-5-0\/#article\",\"isPartOf\":{\"@id\":\"https:\/\/news.sap.com\/poland\/2023\/10\/czy-polskie-firmy-sa-gotowe-na-przemysl-5-0\/\"},\"author\":{\"name\":\"Biuro Prasowe SAP Polska\",\"@id\":\"https:\/\/news.sap.com\/poland\/#\/schema\/person\/9bed37029756a322ff084116029432ba\"},\"headline\":\"Czy polskie firmy s\u0105 gotowe na Przemys\u0142 5.0?\",\"datePublished\":\"2023-10-30T12:00:44+00:00\",\"dateModified\":\"2024-02-09T18:34:23+00:00\",\"mainEntityOfPage\":{\"@id\":\"https:\/\/news.sap.com\/poland\/2023\/10\/czy-polskie-firmy-sa-gotowe-na-przemysl-5-0\/\"},\"wordCount\":749,\"image\":{\"@id\":\"https:\/\/news.sap.com\/poland\/2023\/10\/czy-polskie-firmy-sa-gotowe-na-przemysl-5-0\/#primaryimage\"},\"thumbnailUrl\":\"https:\/\/news.sap.com\/poland\/files\/2023\/10\/30\/287431_GettyImages-1224719160_medium_jpg.jpg\",\"keywords\":[\"AI\",\"All For One\",\"Amazon Web Services\",\"Apollogic\",\"apsolut\",\"AXIANS\",\"Camelot ITLab\",\"Capgemini\",\"CZ\u0141OWIEK\",\"ESG\",\"EY Polska\",\"Gavdi\",\"Google Cloud Polska\",\"Hicron\",\"Hycom\",\"Ipopema\",\"LeverX\",\"LST Westernacher\",\"Microsoft\",\"NTT DATA Business Solutions\",\"OpenText\",\"Plaut\",\"PwC\",\"SAP NOW\",\"Seargin\",\"SI-Consulting\",\"SI-eCommerce\",\"SII Polska\",\"Supremis\",\"Syntavio\",\"T-Systems\",\"TeamViewer\",\"UiPath\",\"Veslog\",\"Wy\u017csza Szko\u0142a Logistyki\",\"Zalaris\"],\"articleSection\":[\"Chmura\",\"Klient\",\"Korporacyjne\",\"Partnerzy\",\"Wydarzenia\",\"Zarz\u0105dzanie finansami\",\"Zarz\u0105dzanie wydatkami\"],\"inLanguage\":\"pl-PL\"},{\"@type\":\"WebPage\",\"@id\":\"https:\/\/news.sap.com\/poland\/2023\/10\/czy-polskie-firmy-sa-gotowe-na-przemysl-5-0\/\",\"url\":\"https:\/\/news.sap.com\/poland\/2023\/10\/czy-polskie-firmy-sa-gotowe-na-przemysl-5-0\/\",\"name\":\"Czy polskie firmy s\u0105 gotowe na Przemys\u0142 5.0? - SAP Poland Centrum Wiadomo\u015bci\",\"isPartOf\":{\"@id\":\"https:\/\/news.sap.com\/poland\/#website\"},\"primaryImageOfPage\":{\"@id\":\"https:\/\/news.sap.com\/poland\/2023\/10\/czy-polskie-firmy-sa-gotowe-na-przemysl-5-0\/#primaryimage\"},\"image\":{\"@id\":\"https:\/\/news.sap.com\/poland\/2023\/10\/czy-polskie-firmy-sa-gotowe-na-przemysl-5-0\/#primaryimage\"},\"thumbnailUrl\":\"https:\/\/news.sap.com\/poland\/files\/2023\/10\/30\/287431_GettyImages-1224719160_medium_jpg.jpg\",\"datePublished\":\"2023-10-30T12:00:44+00:00\",\"dateModified\":\"2024-02-09T18:34:23+00:00\",\"author\":{\"@id\":\"https:\/\/news.sap.com\/poland\/#\/schema\/person\/9bed37029756a322ff084116029432ba\"},\"breadcrumb\":{\"@id\":\"https:\/\/news.sap.com\/poland\/2023\/10\/czy-polskie-firmy-sa-gotowe-na-przemysl-5-0\/#breadcrumb\"},\"inLanguage\":\"pl-PL\",\"potentialAction\":[{\"@type\":\"ReadAction\",\"target\":[\"https:\/\/news.sap.com\/poland\/2023\/10\/czy-polskie-firmy-sa-gotowe-na-przemysl-5-0\/\"]}]},{\"@type\":\"ImageObject\",\"inLanguage\":\"pl-PL\",\"@id\":\"https:\/\/news.sap.com\/poland\/2023\/10\/czy-polskie-firmy-sa-gotowe-na-przemysl-5-0\/#primaryimage\",\"url\":\"https:\/\/news.sap.com\/poland\/files\/2023\/10\/30\/287431_GettyImages-1224719160_medium_jpg.jpg\",\"contentUrl\":\"https:\/\/news.sap.com\/poland\/files\/2023\/10\/30\/287431_GettyImages-1224719160_medium_jpg.jpg\",\"width\":2121,\"height\":1414,\"caption\":\"Businessman using virtual visual screen with smart phone\"},{\"@type\":\"BreadcrumbList\",\"@id\":\"https:\/\/news.sap.com\/poland\/2023\/10\/czy-polskie-firmy-sa-gotowe-na-przemysl-5-0\/#breadcrumb\",\"itemListElement\":[{\"@type\":\"ListItem\",\"position\":1,\"name\":\"Home\",\"item\":\"https:\/\/news.sap.com\/poland\/\"},{\"@type\":\"ListItem\",\"position\":2,\"name\":\"Czy polskie firmy s\u0105 gotowe na Przemys\u0142 5.0?\"}]},{\"@type\":\"WebSite\",\"@id\":\"https:\/\/news.sap.com\/poland\/#website\",\"url\":\"https:\/\/news.sap.com\/poland\/\",\"name\":\"SAP Poland Centrum Wiadomo\u015bci\",\"description\":\"Wiadomo\u015bci i artyku\u0142y o SAP\",\"potentialAction\":[{\"@type\":\"SearchAction\",\"target\":{\"@type\":\"EntryPoint\",\"urlTemplate\":\"https:\/\/news.sap.com\/poland\/?s={search_term_string}\"},\"query-input\":{\"@type\":\"PropertyValueSpecification\",\"valueRequired\":true,\"valueName\":\"search_term_string\"}}],\"inLanguage\":\"pl-PL\"},{\"@type\":\"Person\",\"@id\":\"https:\/\/news.sap.com\/poland\/#\/schema\/person\/9bed37029756a322ff084116029432ba\",\"name\":\"Biuro Prasowe SAP Polska\",\"image\":{\"@type\":\"ImageObject\",\"inLanguage\":\"pl-PL\",\"@id\":\"https:\/\/news.sap.com\/poland\/#\/schema\/person\/image\/\",\"url\":\"https:\/\/news.sap.com\/poland\/wp-content\/plugins\/wp-user-avatars\/wp-user-avatars\/assets\/images\/mystery.jpg\",\"contentUrl\":\"https:\/\/news.sap.com\/poland\/wp-content\/plugins\/wp-user-avatars\/wp-user-avatars\/assets\/images\/mystery.jpg\",\"caption\":\"Biuro Prasowe SAP Polska\"},\"url\":\"https:\/\/news.sap.com\/poland\/author\/slawomirtyszka\/\"}]}<\/script>\n<!-- \/ Yoast SEO Premium plugin. -->","yoast_head_json":{"title":"Czy polskie firmy s\u0105 gotowe na Przemys\u0142 5.0? - SAP Poland Centrum Wiadomo\u015bci","robots":{"index":"index","follow":"follow","max-snippet":"max-snippet:-1","max-image-preview":"max-image-preview:large","max-video-preview":"max-video-preview:-1"},"canonical":"https:\/\/news.sap.com\/poland\/2023\/10\/czy-polskie-firmy-sa-gotowe-na-przemysl-5-0\/","og_locale":"pl_PL","og_type":"article","og_title":"Czy polskie firmy s\u0105 gotowe na Przemys\u0142 5.0?","og_description":"Wci\u0105\u017c tylko mniej ni\u017c po\u0142owa polskich firm posiada rozwi\u0105zania cyfrowe, pozwalaj\u0105ce reagowa\u0107 na nag\u0142e zmiany, np. zak\u0142\u00f3cenia w \u0142a\u0144cuchach dostaw \u2013 wynika z raportu SAP....","og_url":"https:\/\/news.sap.com\/poland\/2023\/10\/czy-polskie-firmy-sa-gotowe-na-przemysl-5-0\/","og_site_name":"SAP Poland Centrum Wiadomo\u015bci","article_published_time":"2023-10-30T12:00:44+00:00","article_modified_time":"2024-02-09T18:34:23+00:00","og_image":[{"width":2121,"height":1414,"url":"https:\/\/news.sap.com\/poland\/files\/2023\/10\/30\/287431_GettyImages-1224719160_medium_jpg.jpg","type":"image\/jpeg"}],"author":"Biuro Prasowe SAP Polska","twitter_card":"summary_large_image","twitter_misc":{"Napisane przez":"Biuro Prasowe SAP Polska","Szacowany czas czytania":"3 minuty"},"schema":{"@context":"https:\/\/schema.org","@graph":[{"@type":"Article","@id":"https:\/\/news.sap.com\/poland\/2023\/10\/czy-polskie-firmy-sa-gotowe-na-przemysl-5-0\/#article","isPartOf":{"@id":"https:\/\/news.sap.com\/poland\/2023\/10\/czy-polskie-firmy-sa-gotowe-na-przemysl-5-0\/"},"author":{"name":"Biuro Prasowe SAP Polska","@id":"https:\/\/news.sap.com\/poland\/#\/schema\/person\/9bed37029756a322ff084116029432ba"},"headline":"Czy polskie firmy s\u0105 gotowe na Przemys\u0142 5.0?","datePublished":"2023-10-30T12:00:44+00:00","dateModified":"2024-02-09T18:34:23+00:00","mainEntityOfPage":{"@id":"https:\/\/news.sap.com\/poland\/2023\/10\/czy-polskie-firmy-sa-gotowe-na-przemysl-5-0\/"},"wordCount":749,"image":{"@id":"https:\/\/news.sap.com\/poland\/2023\/10\/czy-polskie-firmy-sa-gotowe-na-przemysl-5-0\/#primaryimage"},"thumbnailUrl":"https:\/\/news.sap.com\/poland\/files\/2023\/10\/30\/287431_GettyImages-1224719160_medium_jpg.jpg","keywords":["AI","All For One","Amazon Web Services","Apollogic","apsolut","AXIANS","Camelot ITLab","Capgemini","CZ\u0141OWIEK","ESG","EY Polska","Gavdi","Google Cloud Polska","Hicron","Hycom","Ipopema","LeverX","LST Westernacher","Microsoft","NTT DATA Business Solutions","OpenText","Plaut","PwC","SAP NOW","Seargin","SI-Consulting","SI-eCommerce","SII Polska","Supremis","Syntavio","T-Systems","TeamViewer","UiPath","Veslog","Wy\u017csza Szko\u0142a Logistyki","Zalaris"],"articleSection":["Chmura","Klient","Korporacyjne","Partnerzy","Wydarzenia","Zarz\u0105dzanie finansami","Zarz\u0105dzanie wydatkami"],"inLanguage":"pl-PL"},{"@type":"WebPage","@id":"https:\/\/news.sap.com\/poland\/2023\/10\/czy-polskie-firmy-sa-gotowe-na-przemysl-5-0\/","url":"https:\/\/news.sap.com\/poland\/2023\/10\/czy-polskie-firmy-sa-gotowe-na-przemysl-5-0\/","name":"Czy polskie firmy s\u0105 gotowe na Przemys\u0142 5.0? - SAP Poland Centrum Wiadomo\u015bci","isPartOf":{"@id":"https:\/\/news.sap.com\/poland\/#website"},"primaryImageOfPage":{"@id":"https:\/\/news.sap.com\/poland\/2023\/10\/czy-polskie-firmy-sa-gotowe-na-przemysl-5-0\/#primaryimage"},"image":{"@id":"https:\/\/news.sap.com\/poland\/2023\/10\/czy-polskie-firmy-sa-gotowe-na-przemysl-5-0\/#primaryimage"},"thumbnailUrl":"https:\/\/news.sap.com\/poland\/files\/2023\/10\/30\/287431_GettyImages-1224719160_medium_jpg.jpg","datePublished":"2023-10-30T12:00:44+00:00","dateModified":"2024-02-09T18:34:23+00:00","author":{"@id":"https:\/\/news.sap.com\/poland\/#\/schema\/person\/9bed37029756a322ff084116029432ba"},"breadcrumb":{"@id":"https:\/\/news.sap.com\/poland\/2023\/10\/czy-polskie-firmy-sa-gotowe-na-przemysl-5-0\/#breadcrumb"},"inLanguage":"pl-PL","potentialAction":[{"@type":"ReadAction","target":["https:\/\/news.sap.com\/poland\/2023\/10\/czy-polskie-firmy-sa-gotowe-na-przemysl-5-0\/"]}]},{"@type":"ImageObject","inLanguage":"pl-PL","@id":"https:\/\/news.sap.com\/poland\/2023\/10\/czy-polskie-firmy-sa-gotowe-na-przemysl-5-0\/#primaryimage","url":"https:\/\/news.sap.com\/poland\/files\/2023\/10\/30\/287431_GettyImages-1224719160_medium_jpg.jpg","contentUrl":"https:\/\/news.sap.com\/poland\/files\/2023\/10\/30\/287431_GettyImages-1224719160_medium_jpg.jpg","width":2121,"height":1414,"caption":"Businessman using virtual visual screen with smart phone"},{"@type":"BreadcrumbList","@id":"https:\/\/news.sap.com\/poland\/2023\/10\/czy-polskie-firmy-sa-gotowe-na-przemysl-5-0\/#breadcrumb","itemListElement":[{"@type":"ListItem","position":1,"name":"Home","item":"https:\/\/news.sap.com\/poland\/"},{"@type":"ListItem","position":2,"name":"Czy polskie firmy s\u0105 gotowe na Przemys\u0142 5.0?"}]},{"@type":"WebSite","@id":"https:\/\/news.sap.com\/poland\/#website","url":"https:\/\/news.sap.com\/poland\/","name":"SAP Poland Centrum Wiadomo\u015bci","description":"Wiadomo\u015bci i artyku\u0142y o SAP","potentialAction":[{"@type":"SearchAction","target":{"@type":"EntryPoint","urlTemplate":"https:\/\/news.sap.com\/poland\/?s={search_term_string}"},"query-input":{"@type":"PropertyValueSpecification","valueRequired":true,"valueName":"search_term_string"}}],"inLanguage":"pl-PL"},{"@type":"Person","@id":"https:\/\/news.sap.com\/poland\/#\/schema\/person\/9bed37029756a322ff084116029432ba","name":"Biuro Prasowe SAP Polska","image":{"@type":"ImageObject","inLanguage":"pl-PL","@id":"https:\/\/news.sap.com\/poland\/#\/schema\/person\/image\/","url":"https:\/\/news.sap.com\/poland\/wp-content\/plugins\/wp-user-avatars\/wp-user-avatars\/assets\/images\/mystery.jpg","contentUrl":"https:\/\/news.sap.com\/poland\/wp-content\/plugins\/wp-user-avatars\/wp-user-avatars\/assets\/images\/mystery.jpg","caption":"Biuro Prasowe SAP Polska"},"url":"https:\/\/news.sap.com\/poland\/author\/slawomirtyszka\/"}]}},"amp_enabled":true,"_links":{"self":[{"href":"https:\/\/news.sap.com\/poland\/wp-json\/wp\/v2\/posts\/1560","targetHints":{"allow":["GET"]}}],"collection":[{"href":"https:\/\/news.sap.com\/poland\/wp-json\/wp\/v2\/posts"}],"about":[{"href":"https:\/\/news.sap.com\/poland\/wp-json\/wp\/v2\/types\/post"}],"author":[{"embeddable":true,"href":"https:\/\/news.sap.com\/poland\/wp-json\/wp\/v2\/users\/863"}],"replies":[{"embeddable":true,"href":"https:\/\/news.sap.com\/poland\/wp-json\/wp\/v2\/comments?post=1560"}],"version-history":[{"count":0,"href":"https:\/\/news.sap.com\/poland\/wp-json\/wp\/v2\/posts\/1560\/revisions"}],"wp:featuredmedia":[{"embeddable":true,"href":"https:\/\/news.sap.com\/poland\/wp-json\/wp\/v2\/media\/1779"}],"wp:attachment":[{"href":"https:\/\/news.sap.com\/poland\/wp-json\/wp\/v2\/media?parent=1560"}],"wp:term":[{"taxonomy":"category","embeddable":true,"href":"https:\/\/news.sap.com\/poland\/wp-json\/wp\/v2\/categories?post=1560"},{"taxonomy":"post_tag","embeddable":true,"href":"https:\/\/news.sap.com\/poland\/wp-json\/wp\/v2\/tags?post=1560"},{"taxonomy":"sapn-display","embeddable":true,"href":"https:\/\/news.sap.com\/poland\/wp-json\/wp\/v2\/sapn-display?post=1560"},{"taxonomy":"sapn-type","embeddable":true,"href":"https:\/\/news.sap.com\/poland\/wp-json\/wp\/v2\/sapn-type?post=1560"}],"curies":[{"name":"wp","href":"https:\/\/api.w.org\/{rel}","templated":true}]}}