{"id":2247,"date":"2024-03-04T09:34:18","date_gmt":"2024-03-04T09:34:18","guid":{"rendered":"https:\/\/news.sap.com\/poland\/?p=2247"},"modified":"2024-03-04T10:40:07","modified_gmt":"2024-03-04T10:40:07","slug":"przedsiebiorcy-roku-ey-nagrodzeni-sap-partnerem-konkursu","status":"publish","type":"post","link":"https:\/\/news.sap.com\/poland\/2024\/03\/przedsiebiorcy-roku-ey-nagrodzeni-sap-partnerem-konkursu\/","title":{"rendered":"Przedsi\u0119biorcy Roku EY nagrodzeni. SAP partnerem konkursu."},"content":{"rendered":"<p style=\"font-weight: 400\"><strong>Przemys\u0142aw Gacek, wsp\u00f3\u0142za\u0142o\u017cyciel i prezes Grupy Pracuj, zosta\u0142 zdobywc\u0105 tytu\u0142u g\u0142\u00f3wnego oraz laureatem w kategorii \u201eNowe Technologie\/Innowacyjno\u015b\u0107\u201d<\/strong> <strong>w finale 21. edycji konkursu EY Przedsi\u0119biorca Roku. Nagrod\u0119 w swojej kategorii otrzyma\u0142 z r\u0105k prezesa zarz\u0105du SAP Polska, Piotra Ferszki, a firma SAP by\u0142a partnerem wydarzenia.<\/strong><\/p>\n<p style=\"font-weight: 400\">W pi\u0105tkowy wiecz\u00f3r, 1 marca, odby\u0142o si\u0119 wr\u0119czenie nagr\u00f3d w presti\u017cowym konkursie EY Przedsi\u0119biorca Roku. W finale 21. edycji wydarzenia znalaz\u0142o si\u0119 \u0142\u0105cznie 12 przedsi\u0119biorc\u00f3w z 9 firm. O nagrod\u0119 w kategorii \u201eNowe Technologie\/Innowacyjno\u015b\u0107\u201d walczy\u0142o 4 finalist\u00f3w, a zwyci\u0119zc\u0105 zosta\u0142 Przemys\u0142aw Gacek. Zaanga\u017cowanie SAP w wydarzenie wynika przede wszystkim z ch\u0119ci wspierania najlepszych polskich przedsi\u0119biorc\u00f3w oraz akcentowania znaczenia innowacji i nowych technologii dla strategii i sposobu pojmowania przez firmy poj\u0119cia kultury biznesowej.<\/p>\n<blockquote>\n<p style=\"font-weight: 400\">\u2013 Innowacje i technologia s\u0105 dla nas fundamentami post\u0119pu. To nierozerwalne po\u0142\u0105czenie, kt\u00f3re nap\u0119dza rozw\u00f3j w wielu dziedzinach, umo\u017cliwiaj\u0105c tworzenie nowatorskich produkt\u00f3w, us\u0142ug i modeli biznesowych. Innowatorzy, korzystaj\u0105cy \u015bmia\u0142o z nowoczesnych rozwi\u0105za\u0144 nie tylko rewolucjonizuj\u0105 bran\u017ce, ale i wprowadzaj\u0105 znacz\u0105ce zmiany w spo\u0142ecze\u0144stwie. Technologia jest natomiast katalizatorem innowacji, dzi\u0119ki niej firmy mog\u0105 nie tylko efektywniej rozwi\u0105zywa\u0107 problemy, ale r\u00f3wnie\u017c zwi\u0119ksza\u0107 swoj\u0105 efektywno\u015b\u0107 operacyjn\u0105 i eksplorowa\u0107 nowe rynki. Nasze badanie przeprowadzone w\u015br\u00f3d niemal 500 mened\u017cer\u00f3w pokazuje, \u017ce polskie przedsi\u0119biorstwa \u015brednio korzystaj\u0105 z cyfrowych rozwi\u0105za\u0144 w 10 r\u00f3\u017cnych obszarach dzia\u0142alno\u015bci. Jest to wyra\u017any dow\u00f3d na to, \u017ce polski biznes coraz cz\u0119\u015bciej uwa\u017ca innowacje i technologie za kluczowy element swojej strategii rozwoju. Historie tegorocznych laureat\u00f3w konkursu s\u0105 tego najlepszym przyk\u0142adem. Gratuluj\u0119 im serdecznie i ciesz\u0119 si\u0119, \u017ce mog\u0142em uhonorowa\u0107 zwyci\u0119zc\u0119 w dziedzinie tak bliskiej naszej misji \u2013 podkre\u015bla <strong>Piotr Ferszka, prezes zarz\u0105du SAP Polska<\/strong>.<\/p>\n<\/blockquote>\n<p style=\"font-weight: 400\">Przemys\u0142aw Gacek jest wsp\u00f3\u0142za\u0142o\u017cycielem i prezesem Grupy Pracuj, jednej z najwi\u0119kszych firm z obszaru technologii HR w Europie. Firma, za\u0142o\u017cona w Polsce w 2000 r., od 2006 r. dzia\u0142a w Ukrainie, a od 2022 r. tak\u017ce w regionie DACH. Grupa Pracuj to sp\u00f3\u0142ka publiczna notowana na GPW, zatrudniaj\u0105ca prawie 1100 os\u00f3b, reprezentuj\u0105cych 15 narodowo\u015bci.<\/p>\n<p style=\"font-weight: 400\">W ramach konkursu EY Przedsi\u0119biorca Roku w kategorii \u201eNowe Technologie\/Innowacyjno\u015b\u0107\u201d nagradzani s\u0105 przedsi\u0119biorcy, kt\u00f3rzy zarz\u0105dzaj\u0105 firmami specjalizuj\u0105cymi si\u0119 w nowoczesnych technologiach b\u0105d\u017a w obszarach, w kt\u00f3rych innowacyjne zastosowanie nowoczesnych technologii jest kluczowe. Jak podkre\u015blaj\u0105 organizatorzy, na ocen\u0119 wp\u0142yw maj\u0105 kryteria ekonomiczne i pozaekonomiczne, m.in. to, w jakim tempie firma zarz\u0105dzana przez lidera zwi\u0119ksza udzia\u0142 w rynku, podejmuje ryzyko, tworzy strategi\u0119 na rzecz zr\u00f3wnowa\u017conej przysz\u0142o\u015bci czy pozytywnie wp\u0142ywa na klient\u00f3w.<\/p>\n<p style=\"font-weight: 400\">EY Przedsi\u0119biorca Roku to jedyna tej rangi, mi\u0119dzynarodowa inicjatywa promuj\u0105ca najlepszych przedsi\u0119biorc\u00f3w. Konkurs, w kt\u00f3rym nagradzani s\u0105 liderzy, a nie firmy, organizowany jest na \u015bwiecie, przez firm\u0119 EY od 1986 roku i uczestniczy w nim blisko 60 pa\u0144stw. W Polsce pierwsza edycja odby\u0142a si\u0119 w 2003 roku. Od tego czasu inicjatywa zgromadzi\u0142a wok\u00f3\u0142 idei propagowania osi\u0105gni\u0119\u0107 polskich przedsi\u0119biorc\u00f3w imponuj\u0105c\u0105 spo\u0142eczno\u015b\u0107. Nale\u017c\u0105 do niej w\u0142a\u015bciciele najlepszych polskich firm oraz inne autorytety \u015bwiata biznesu.<\/p>\n<p style=\"font-weight: 400\">\n","protected":false},"excerpt":{"rendered":"<p>Przemys\u0142aw Gacek, wsp\u00f3\u0142za\u0142o\u017cyciel i prezes Grupy Pracuj, zosta\u0142 zdobywc\u0105 tytu\u0142u g\u0142\u00f3wnego oraz laureatem w kategorii \u201eNowe Technologie\/Innowacyjno\u015b\u0107\u201d w finale 21. edycji konkursu EY Przedsi\u0119biorca Roku&#8230;.<\/p>\n","protected":false},"author":863,"featured_media":2248,"comment_status":"closed","ping_status":"closed","sticky":false,"template":"","format":"standard","meta":{"related_posts":[],"footnotes":"","_links_to":"","_links_to_target":""},"categories":[4533282,4534983,5567415,4532977],"tags":[5567434,5567432,5567436,5567433,5567435],"sapn-display":[5567128,5567129,4531914,4532314,5567126,5567127],"sapn-type":[4448],"class_list":["post-2247","post","type-post","status-publish","format-standard","has-post-thumbnail","hentry","category-branze","category-korporacyjne","category-technologia","category-wydarzenia","tag-ey-przedsiebiorca-roku","tag-grupa-pracuj","tag-innowacyjnosc","tag-nagroda","tag-nowe-technologie","sapn-display-artykul-hero","sapn-display-prasowa-hero","sapn-display-homepage-hero","sapn-display-topic-hero","sapn-display-artykul-spotlight","sapn-display-prasowa-spotlight","sapn-type-newsbyte"],"yoast_head":"<!-- This site is optimized with the Yoast SEO Premium plugin v26.9 (Yoast SEO v26.9) - https:\/\/yoast.com\/product\/yoast-seo-premium-wordpress\/ -->\n<title>Przedsi\u0119biorcy Roku EY nagrodzeni. SAP partnerem konkursu. - SAP Poland Centrum Wiadomo\u015bci<\/title>\n<meta name=\"robots\" content=\"index, follow, max-snippet:-1, max-image-preview:large, max-video-preview:-1\" \/>\n<link rel=\"canonical\" href=\"https:\/\/news.sap.com\/poland\/2024\/03\/przedsiebiorcy-roku-ey-nagrodzeni-sap-partnerem-konkursu\/\" \/>\n<meta property=\"og:locale\" content=\"pl_PL\" \/>\n<meta property=\"og:type\" content=\"article\" \/>\n<meta property=\"og:title\" content=\"Przedsi\u0119biorcy Roku EY nagrodzeni. SAP partnerem konkursu.\" \/>\n<meta property=\"og:description\" content=\"Przemys\u0142aw Gacek, wsp\u00f3\u0142za\u0142o\u017cyciel i prezes Grupy Pracuj, zosta\u0142 zdobywc\u0105 tytu\u0142u g\u0142\u00f3wnego oraz laureatem w kategorii \u201eNowe Technologie\/Innowacyjno\u015b\u0107\u201d w finale 21. edycji konkursu EY Przedsi\u0119biorca Roku....\" \/>\n<meta property=\"og:url\" content=\"https:\/\/news.sap.com\/poland\/2024\/03\/przedsiebiorcy-roku-ey-nagrodzeni-sap-partnerem-konkursu\/\" \/>\n<meta property=\"og:site_name\" content=\"SAP Poland Centrum Wiadomo\u015bci\" \/>\n<meta property=\"article:published_time\" content=\"2024-03-04T09:34:18+00:00\" \/>\n<meta property=\"article:modified_time\" content=\"2024-03-04T10:40:07+00:00\" \/>\n<meta property=\"og:image\" content=\"https:\/\/news.sap.com\/poland\/files\/2024\/03\/04\/295742_GettyImages-187591171_medium_jpg-1.jpg\" \/>\n\t<meta property=\"og:image:width\" content=\"2073\" \/>\n\t<meta property=\"og:image:height\" content=\"1447\" \/>\n\t<meta property=\"og:image:type\" content=\"image\/jpeg\" \/>\n<meta name=\"author\" content=\"Biuro Prasowe SAP Polska\" \/>\n<meta name=\"twitter:card\" content=\"summary_large_image\" \/>\n<meta name=\"twitter:label1\" content=\"Napisane przez\" \/>\n\t<meta name=\"twitter:data1\" content=\"Biuro Prasowe SAP Polska\" \/>\n\t<meta name=\"twitter:label2\" content=\"Szacowany czas czytania\" \/>\n\t<meta name=\"twitter:data2\" content=\"2 minuty\" \/>\n<script type=\"application\/ld+json\" class=\"yoast-schema-graph\">{\"@context\":\"https:\/\/schema.org\",\"@graph\":[{\"@type\":\"Article\",\"@id\":\"https:\/\/news.sap.com\/poland\/2024\/03\/przedsiebiorcy-roku-ey-nagrodzeni-sap-partnerem-konkursu\/#article\",\"isPartOf\":{\"@id\":\"https:\/\/news.sap.com\/poland\/2024\/03\/przedsiebiorcy-roku-ey-nagrodzeni-sap-partnerem-konkursu\/\"},\"author\":{\"name\":\"Biuro Prasowe SAP Polska\",\"@id\":\"https:\/\/news.sap.com\/poland\/#\/schema\/person\/9bed37029756a322ff084116029432ba\"},\"headline\":\"Przedsi\u0119biorcy Roku EY nagrodzeni. SAP partnerem konkursu.\",\"datePublished\":\"2024-03-04T09:34:18+00:00\",\"dateModified\":\"2024-03-04T10:40:07+00:00\",\"mainEntityOfPage\":{\"@id\":\"https:\/\/news.sap.com\/poland\/2024\/03\/przedsiebiorcy-roku-ey-nagrodzeni-sap-partnerem-konkursu\/\"},\"wordCount\":561,\"image\":{\"@id\":\"https:\/\/news.sap.com\/poland\/2024\/03\/przedsiebiorcy-roku-ey-nagrodzeni-sap-partnerem-konkursu\/#primaryimage\"},\"thumbnailUrl\":\"https:\/\/news.sap.com\/poland\/files\/2024\/03\/04\/295742_GettyImages-187591171_medium_jpg-1.jpg\",\"keywords\":[\"EY Przedsi\u0119biorca Roku\",\"Grupa Pracuj\",\"Innowacyjno\u015b\u0107\",\"Nagroda\",\"Nowe Technologie\"],\"articleSection\":[\"Bran\u017ce\",\"Korporacyjne\",\"Technologia\",\"Wydarzenia\"],\"inLanguage\":\"pl-PL\"},{\"@type\":\"WebPage\",\"@id\":\"https:\/\/news.sap.com\/poland\/2024\/03\/przedsiebiorcy-roku-ey-nagrodzeni-sap-partnerem-konkursu\/\",\"url\":\"https:\/\/news.sap.com\/poland\/2024\/03\/przedsiebiorcy-roku-ey-nagrodzeni-sap-partnerem-konkursu\/\",\"name\":\"Przedsi\u0119biorcy Roku EY nagrodzeni. SAP partnerem konkursu. - SAP Poland Centrum Wiadomo\u015bci\",\"isPartOf\":{\"@id\":\"https:\/\/news.sap.com\/poland\/#website\"},\"primaryImageOfPage\":{\"@id\":\"https:\/\/news.sap.com\/poland\/2024\/03\/przedsiebiorcy-roku-ey-nagrodzeni-sap-partnerem-konkursu\/#primaryimage\"},\"image\":{\"@id\":\"https:\/\/news.sap.com\/poland\/2024\/03\/przedsiebiorcy-roku-ey-nagrodzeni-sap-partnerem-konkursu\/#primaryimage\"},\"thumbnailUrl\":\"https:\/\/news.sap.com\/poland\/files\/2024\/03\/04\/295742_GettyImages-187591171_medium_jpg-1.jpg\",\"datePublished\":\"2024-03-04T09:34:18+00:00\",\"dateModified\":\"2024-03-04T10:40:07+00:00\",\"author\":{\"@id\":\"https:\/\/news.sap.com\/poland\/#\/schema\/person\/9bed37029756a322ff084116029432ba\"},\"breadcrumb\":{\"@id\":\"https:\/\/news.sap.com\/poland\/2024\/03\/przedsiebiorcy-roku-ey-nagrodzeni-sap-partnerem-konkursu\/#breadcrumb\"},\"inLanguage\":\"pl-PL\",\"potentialAction\":[{\"@type\":\"ReadAction\",\"target\":[\"https:\/\/news.sap.com\/poland\/2024\/03\/przedsiebiorcy-roku-ey-nagrodzeni-sap-partnerem-konkursu\/\"]}]},{\"@type\":\"ImageObject\",\"inLanguage\":\"pl-PL\",\"@id\":\"https:\/\/news.sap.com\/poland\/2024\/03\/przedsiebiorcy-roku-ey-nagrodzeni-sap-partnerem-konkursu\/#primaryimage\",\"url\":\"https:\/\/news.sap.com\/poland\/files\/2024\/03\/04\/295742_GettyImages-187591171_medium_jpg-1.jpg\",\"contentUrl\":\"https:\/\/news.sap.com\/poland\/files\/2024\/03\/04\/295742_GettyImages-187591171_medium_jpg-1.jpg\",\"width\":2073,\"height\":1447},{\"@type\":\"BreadcrumbList\",\"@id\":\"https:\/\/news.sap.com\/poland\/2024\/03\/przedsiebiorcy-roku-ey-nagrodzeni-sap-partnerem-konkursu\/#breadcrumb\",\"itemListElement\":[{\"@type\":\"ListItem\",\"position\":1,\"name\":\"Home\",\"item\":\"https:\/\/news.sap.com\/poland\/\"},{\"@type\":\"ListItem\",\"position\":2,\"name\":\"Przedsi\u0119biorcy Roku EY nagrodzeni. SAP partnerem konkursu.\"}]},{\"@type\":\"WebSite\",\"@id\":\"https:\/\/news.sap.com\/poland\/#website\",\"url\":\"https:\/\/news.sap.com\/poland\/\",\"name\":\"SAP Poland Centrum Wiadomo\u015bci\",\"description\":\"Wiadomo\u015bci i artyku\u0142y o SAP\",\"potentialAction\":[{\"@type\":\"SearchAction\",\"target\":{\"@type\":\"EntryPoint\",\"urlTemplate\":\"https:\/\/news.sap.com\/poland\/?s={search_term_string}\"},\"query-input\":{\"@type\":\"PropertyValueSpecification\",\"valueRequired\":true,\"valueName\":\"search_term_string\"}}],\"inLanguage\":\"pl-PL\"},{\"@type\":\"Person\",\"@id\":\"https:\/\/news.sap.com\/poland\/#\/schema\/person\/9bed37029756a322ff084116029432ba\",\"name\":\"Biuro Prasowe SAP Polska\",\"image\":{\"@type\":\"ImageObject\",\"inLanguage\":\"pl-PL\",\"@id\":\"https:\/\/news.sap.com\/poland\/#\/schema\/person\/image\/\",\"url\":\"https:\/\/news.sap.com\/poland\/wp-content\/plugins\/wp-user-avatars\/wp-user-avatars\/assets\/images\/mystery.jpg\",\"contentUrl\":\"https:\/\/news.sap.com\/poland\/wp-content\/plugins\/wp-user-avatars\/wp-user-avatars\/assets\/images\/mystery.jpg\",\"caption\":\"Biuro Prasowe SAP Polska\"},\"url\":\"https:\/\/news.sap.com\/poland\/author\/slawomirtyszka\/\"}]}<\/script>\n<!-- \/ Yoast SEO Premium plugin. -->","yoast_head_json":{"title":"Przedsi\u0119biorcy Roku EY nagrodzeni. SAP partnerem konkursu. - SAP Poland Centrum Wiadomo\u015bci","robots":{"index":"index","follow":"follow","max-snippet":"max-snippet:-1","max-image-preview":"max-image-preview:large","max-video-preview":"max-video-preview:-1"},"canonical":"https:\/\/news.sap.com\/poland\/2024\/03\/przedsiebiorcy-roku-ey-nagrodzeni-sap-partnerem-konkursu\/","og_locale":"pl_PL","og_type":"article","og_title":"Przedsi\u0119biorcy Roku EY nagrodzeni. SAP partnerem konkursu.","og_description":"Przemys\u0142aw Gacek, wsp\u00f3\u0142za\u0142o\u017cyciel i prezes Grupy Pracuj, zosta\u0142 zdobywc\u0105 tytu\u0142u g\u0142\u00f3wnego oraz laureatem w kategorii \u201eNowe Technologie\/Innowacyjno\u015b\u0107\u201d w finale 21. edycji konkursu EY Przedsi\u0119biorca Roku....","og_url":"https:\/\/news.sap.com\/poland\/2024\/03\/przedsiebiorcy-roku-ey-nagrodzeni-sap-partnerem-konkursu\/","og_site_name":"SAP Poland Centrum Wiadomo\u015bci","article_published_time":"2024-03-04T09:34:18+00:00","article_modified_time":"2024-03-04T10:40:07+00:00","og_image":[{"width":2073,"height":1447,"url":"https:\/\/news.sap.com\/poland\/files\/2024\/03\/04\/295742_GettyImages-187591171_medium_jpg-1.jpg","type":"image\/jpeg"}],"author":"Biuro Prasowe SAP Polska","twitter_card":"summary_large_image","twitter_misc":{"Napisane przez":"Biuro Prasowe SAP Polska","Szacowany czas czytania":"2 minuty"},"schema":{"@context":"https:\/\/schema.org","@graph":[{"@type":"Article","@id":"https:\/\/news.sap.com\/poland\/2024\/03\/przedsiebiorcy-roku-ey-nagrodzeni-sap-partnerem-konkursu\/#article","isPartOf":{"@id":"https:\/\/news.sap.com\/poland\/2024\/03\/przedsiebiorcy-roku-ey-nagrodzeni-sap-partnerem-konkursu\/"},"author":{"name":"Biuro Prasowe SAP Polska","@id":"https:\/\/news.sap.com\/poland\/#\/schema\/person\/9bed37029756a322ff084116029432ba"},"headline":"Przedsi\u0119biorcy Roku EY nagrodzeni. SAP partnerem konkursu.","datePublished":"2024-03-04T09:34:18+00:00","dateModified":"2024-03-04T10:40:07+00:00","mainEntityOfPage":{"@id":"https:\/\/news.sap.com\/poland\/2024\/03\/przedsiebiorcy-roku-ey-nagrodzeni-sap-partnerem-konkursu\/"},"wordCount":561,"image":{"@id":"https:\/\/news.sap.com\/poland\/2024\/03\/przedsiebiorcy-roku-ey-nagrodzeni-sap-partnerem-konkursu\/#primaryimage"},"thumbnailUrl":"https:\/\/news.sap.com\/poland\/files\/2024\/03\/04\/295742_GettyImages-187591171_medium_jpg-1.jpg","keywords":["EY Przedsi\u0119biorca Roku","Grupa Pracuj","Innowacyjno\u015b\u0107","Nagroda","Nowe Technologie"],"articleSection":["Bran\u017ce","Korporacyjne","Technologia","Wydarzenia"],"inLanguage":"pl-PL"},{"@type":"WebPage","@id":"https:\/\/news.sap.com\/poland\/2024\/03\/przedsiebiorcy-roku-ey-nagrodzeni-sap-partnerem-konkursu\/","url":"https:\/\/news.sap.com\/poland\/2024\/03\/przedsiebiorcy-roku-ey-nagrodzeni-sap-partnerem-konkursu\/","name":"Przedsi\u0119biorcy Roku EY nagrodzeni. SAP partnerem konkursu. - SAP Poland Centrum Wiadomo\u015bci","isPartOf":{"@id":"https:\/\/news.sap.com\/poland\/#website"},"primaryImageOfPage":{"@id":"https:\/\/news.sap.com\/poland\/2024\/03\/przedsiebiorcy-roku-ey-nagrodzeni-sap-partnerem-konkursu\/#primaryimage"},"image":{"@id":"https:\/\/news.sap.com\/poland\/2024\/03\/przedsiebiorcy-roku-ey-nagrodzeni-sap-partnerem-konkursu\/#primaryimage"},"thumbnailUrl":"https:\/\/news.sap.com\/poland\/files\/2024\/03\/04\/295742_GettyImages-187591171_medium_jpg-1.jpg","datePublished":"2024-03-04T09:34:18+00:00","dateModified":"2024-03-04T10:40:07+00:00","author":{"@id":"https:\/\/news.sap.com\/poland\/#\/schema\/person\/9bed37029756a322ff084116029432ba"},"breadcrumb":{"@id":"https:\/\/news.sap.com\/poland\/2024\/03\/przedsiebiorcy-roku-ey-nagrodzeni-sap-partnerem-konkursu\/#breadcrumb"},"inLanguage":"pl-PL","potentialAction":[{"@type":"ReadAction","target":["https:\/\/news.sap.com\/poland\/2024\/03\/przedsiebiorcy-roku-ey-nagrodzeni-sap-partnerem-konkursu\/"]}]},{"@type":"ImageObject","inLanguage":"pl-PL","@id":"https:\/\/news.sap.com\/poland\/2024\/03\/przedsiebiorcy-roku-ey-nagrodzeni-sap-partnerem-konkursu\/#primaryimage","url":"https:\/\/news.sap.com\/poland\/files\/2024\/03\/04\/295742_GettyImages-187591171_medium_jpg-1.jpg","contentUrl":"https:\/\/news.sap.com\/poland\/files\/2024\/03\/04\/295742_GettyImages-187591171_medium_jpg-1.jpg","width":2073,"height":1447},{"@type":"BreadcrumbList","@id":"https:\/\/news.sap.com\/poland\/2024\/03\/przedsiebiorcy-roku-ey-nagrodzeni-sap-partnerem-konkursu\/#breadcrumb","itemListElement":[{"@type":"ListItem","position":1,"name":"Home","item":"https:\/\/news.sap.com\/poland\/"},{"@type":"ListItem","position":2,"name":"Przedsi\u0119biorcy Roku EY nagrodzeni. SAP partnerem konkursu."}]},{"@type":"WebSite","@id":"https:\/\/news.sap.com\/poland\/#website","url":"https:\/\/news.sap.com\/poland\/","name":"SAP Poland Centrum Wiadomo\u015bci","description":"Wiadomo\u015bci i artyku\u0142y o SAP","potentialAction":[{"@type":"SearchAction","target":{"@type":"EntryPoint","urlTemplate":"https:\/\/news.sap.com\/poland\/?s={search_term_string}"},"query-input":{"@type":"PropertyValueSpecification","valueRequired":true,"valueName":"search_term_string"}}],"inLanguage":"pl-PL"},{"@type":"Person","@id":"https:\/\/news.sap.com\/poland\/#\/schema\/person\/9bed37029756a322ff084116029432ba","name":"Biuro Prasowe SAP Polska","image":{"@type":"ImageObject","inLanguage":"pl-PL","@id":"https:\/\/news.sap.com\/poland\/#\/schema\/person\/image\/","url":"https:\/\/news.sap.com\/poland\/wp-content\/plugins\/wp-user-avatars\/wp-user-avatars\/assets\/images\/mystery.jpg","contentUrl":"https:\/\/news.sap.com\/poland\/wp-content\/plugins\/wp-user-avatars\/wp-user-avatars\/assets\/images\/mystery.jpg","caption":"Biuro Prasowe SAP Polska"},"url":"https:\/\/news.sap.com\/poland\/author\/slawomirtyszka\/"}]}},"amp_enabled":true,"_links":{"self":[{"href":"https:\/\/news.sap.com\/poland\/wp-json\/wp\/v2\/posts\/2247","targetHints":{"allow":["GET"]}}],"collection":[{"href":"https:\/\/news.sap.com\/poland\/wp-json\/wp\/v2\/posts"}],"about":[{"href":"https:\/\/news.sap.com\/poland\/wp-json\/wp\/v2\/types\/post"}],"author":[{"embeddable":true,"href":"https:\/\/news.sap.com\/poland\/wp-json\/wp\/v2\/users\/863"}],"replies":[{"embeddable":true,"href":"https:\/\/news.sap.com\/poland\/wp-json\/wp\/v2\/comments?post=2247"}],"version-history":[{"count":0,"href":"https:\/\/news.sap.com\/poland\/wp-json\/wp\/v2\/posts\/2247\/revisions"}],"wp:featuredmedia":[{"embeddable":true,"href":"https:\/\/news.sap.com\/poland\/wp-json\/wp\/v2\/media\/2248"}],"wp:attachment":[{"href":"https:\/\/news.sap.com\/poland\/wp-json\/wp\/v2\/media?parent=2247"}],"wp:term":[{"taxonomy":"category","embeddable":true,"href":"https:\/\/news.sap.com\/poland\/wp-json\/wp\/v2\/categories?post=2247"},{"taxonomy":"post_tag","embeddable":true,"href":"https:\/\/news.sap.com\/poland\/wp-json\/wp\/v2\/tags?post=2247"},{"taxonomy":"sapn-display","embeddable":true,"href":"https:\/\/news.sap.com\/poland\/wp-json\/wp\/v2\/sapn-display?post=2247"},{"taxonomy":"sapn-type","embeddable":true,"href":"https:\/\/news.sap.com\/poland\/wp-json\/wp\/v2\/sapn-type?post=2247"}],"curies":[{"name":"wp","href":"https:\/\/api.w.org\/{rel}","templated":true}]}}