{"id":969,"date":"2021-11-18T13:27:15","date_gmt":"2021-11-18T13:27:15","guid":{"rendered":"https:\/\/news.sap.com\/poland\/?p=969"},"modified":"2024-09-12T08:11:20","modified_gmt":"2024-09-12T08:11:20","slug":"sap-story-hybrydowe-srodowisko-danych-w-grupie-velux","status":"publish","type":"post","link":"https:\/\/news.sap.com\/poland\/2021\/11\/sap-story-hybrydowe-srodowisko-danych-w-grupie-velux\/","title":{"rendered":"Hybrydowe \u015brodowisko danych w Grupie VELUX"},"content":{"rendered":"<div class=\"pr-story--element-space\">\n<div class=\"pr-story-lead\">\n<p class=\"pr-story--lead-sans\"><strong>W 2025 roku na \u015bwiecie b\u0119dzie 180 zettabajt\u00f3w danych \u2013 wynika z raportu IDC \u201eWorldwide Global DataSphere Forecast\u201d. Warto\u015b\u0107 informacji wci\u0105\u017c ro\u015bnie, stanowi\u0105c kluczowe aktywo biznes\u00f3w na ca\u0142ym globie. Du\u0144ska Grupa VELUX, wdra\u017caj\u0105c SAP Data Warehouse Cloud, stworzy\u0142a hybrydow\u0105 strategi\u0119 zarz\u0105dzania danymi.<\/strong><\/p>\n<\/div>\n<\/div>\n<div class=\"pr-story--element-space\">\n<div class=\"pr-story-paragraph\">\n<div class=\"pr-story--element-space\">\n<div class=\"pr-story-paragraph\">\n<div class=\"pr-story--text\">Jak wskazuj\u0105 eksperci\u00a0<a title=\"\" href=\"https:\/\/www.idc.com\/getdoc.jsp?containerId=US46410421\">IDC<\/a>, ilo\u015b\u0107 gromadzonych danych ro\u015bnie ka\u017cdego roku \u015brednio o 23 proc. Z kolei wed\u0142ug szacunk\u00f3w\u00a0<a title=\"\" href=\"https:\/\/www.netia.pl\/Netia\/media\/Netia\/dokumenty-do-pobrania\/Raport-Chmura-Cyberbezpieczenstwo-2021.pdf\">PMR<\/a>\u00a0co trzecia firma w Unii Europejskiej i co czwarta w Polsce deklaruje korzystanie z p\u0142atnych us\u0142ug w chmurze. Dla wielu przedsi\u0119biorstw wa\u017cne jest jednak utrzymanie w\u0142asnych zasob\u00f3w. To prowadzi do umacniania si\u0119 modelu hybrydowego, na kt\u00f3ry zdecydowa\u0142 si\u0119 tak\u017ce du\u0144ski producent okien dachowych, \u015bwietlik\u00f3w tunelowych oraz rolet. Grupa VELUX, dzia\u0142aj\u0105ca na rynku od ponad 75 lat, postanowi\u0142a po\u0142\u0105czy\u0107 \u017ar\u00f3d\u0142a on-premise i w chmurze, w ten spos\u00f3b stwarzaj\u0105c wi\u0119ksze mo\u017cliwo\u015bci dla u\u017cytkownik\u00f3w biznesowych.<\/div>\n<\/div>\n<\/div>\n<div class=\"pr-story--element-space\">\n<div class=\"pr-story-paragraph\">\n<div><\/div>\n<div class=\"pr-story--text\">Grupa VELUX, posiadaj\u0105ca sp\u00f3\u0142ki handlowe w ponad 40 krajach i od blisko 30 lat prowadz\u0105ca dzia\u0142alno\u015b\u0107 tak\u017ce w Polsce, zdecydowa\u0142a si\u0119 na SAP Data Warehouse Cloud \u2013 hurtowni\u0119 danych w chmurze, umo\u017cliwiaj\u0105c\u0105 integracj\u0119 wszystkich \u017ar\u00f3de\u0142 w jednym rozwi\u0105zaniu. Dzi\u0119ki temu narz\u0119dziu firma mo\u017ce dok\u0142adnie pozna\u0107 swoich klient\u00f3w. Z zebranych informacji jest w stanie mi\u0119dzy innymi wywnioskowa\u0107, kiedy s\u0105 bardziej sk\u0142onni do przebudowy dom\u00f3w, jakie maj\u0105 trudno\u015bci i oczekiwania oraz okre\u015bli\u0107 produkty ciesz\u0105ce si\u0119 najwi\u0119ksz\u0105 popularno\u015bci\u0105.<\/div>\n<\/div>\n<\/div>\n<div class=\"pr-story--element-space\">\n<div class=\"pr-story--quote pr-story--quote--space\">\n<div>\n<blockquote>\n<p class=\"pr-story--quote pr-font--condensed\">Dysponujemy narz\u0119dziem, kt\u00f3re daleko wykracza poza mo\u017cliwo\u015bci modelowania charakterystyczne dla Business Intelligence. Mo\u017cemy da\u0107 naszym u\u017cytkownikom biznesowym elastyczno\u015b\u0107, a tak\u017ce zagwarantowa\u0107, \u017ce kontrolujemy i chronimy dane. Inteligentne wykorzystanie informacji jest dla nas priorytetem. Teraz, za spraw\u0105 SAP Data Warehouse Cloud, w pe\u0142ni wykorzystujemy wszystkie nasze \u017ar\u00f3d\u0142a. Dzi\u0119ki po\u0142\u0105czonemu krajobrazowi danych z \u0142atwo\u015bci\u0105 mo\u017cemy uzyska\u0107 wiedz\u0119, potrzebn\u0105 do podejmowania wa\u017cnych decyzji biznesowych &#8211; Andreas Madsen, Senior Data and &amp; Analytics Partner, VELUX<\/p>\n<\/blockquote>\n<\/div>\n<\/div>\n<\/div>\n<div class=\"pr-story--element-space\">\n<div class=\"pr-story-paragraph\">\n<div class=\"pr-story--text\">Grupa VELUX poszukiwa\u0142a rozwi\u0105zania, kt\u00f3re zapewni kompleksowy wgl\u0105d we wszystkie dane zar\u00f3wno przedstawicielom dzia\u0142\u00f3w IT, jak i u\u017cytkownikom biznesowym. To w\u0142a\u015bnie ci drudzy szczeg\u00f3lnie potrzebowali narz\u0119dzia, kt\u00f3re pozwoli na samoobs\u0142ugowe modelowanie i raportowanie proces\u00f3w biznesowych w oparciu o najaktualniejsze dane w ramach dobrze zdefiniowanego \u015brodowiska.<\/div>\n<\/div>\n<\/div>\n<div class=\"pr-story--element-space\">\n<div class=\"pr-story-paragraph\">\n<div class=\"pr-story--text\">Obecnie firma korzysta zar\u00f3wno z rozwi\u0105za\u0144 on-premise, jak i z cloud. To efekt \u015bwiadomej strategii \u2013 przedstawiciele Grupy VELUX zauwa\u017cyli, \u017ce zbyt wiele rozwi\u0105za\u0144 na rynku wymaga przeniesienia danych zlokalizowanych w organizacji do chmury w celu skonsolidowania obu \u017ar\u00f3de\u0142. Ich celem by\u0142o stworzenie hybrydowej strategii zarz\u0105dzania danymi, kt\u00f3ra opiera\u0142aby si\u0119 na istniej\u0105cych inwestycjach lokalnych.<\/div>\n<\/div>\n<\/div>\n<div class=\"pr-story--element-space\">\n<div class=\"pr-story--quote pr-story--quote--space\">\n<div>\n<blockquote>\n<p class=\"pr-story--quote pr-font--condensed\">Coraz wi\u0119cej podmiot\u00f3w postrzega IT jako strategiczny zas\u00f3b i chce transformowa\u0107 w kierunku inteligentnych przedsi\u0119biorstw. Rozwi\u0105zanie SAP Data Warehouse Cloud integruje poszczeg\u00f3lne systemy bez konieczno\u015bci replikacji danych, st\u0105d mo\u017ce by\u0107 wykorzystywane do hybrydowej strategii zarz\u0105dzania nimi. W przypadku firmy VELUX istnieje mo\u017cliwo\u015b\u0107 pe\u0142nej migracji do \u015brodowiska cloud. Rozwi\u0105zanie hurtowni danych z powodzeniem obs\u0142u\u017cy t\u0119 transformacj\u0119, oferuj\u0105c elastyczno\u015b\u0107 &#8211; Dorota Zaremba, dyrektor sprzeda\u017cy ds. sektora M\u015aP, wiceprezes zarz\u0105du SAP Polska<\/p>\n<\/blockquote>\n<\/div>\n<\/div>\n<\/div>\n<\/div>\n<\/div>\n","protected":false},"excerpt":{"rendered":"<p>W 2025 roku na \u015bwiecie b\u0119dzie 180 zettabajt\u00f3w danych \u2013 wynika z raportu IDC \u201eWorldwide Global DataSphere Forecast\u201d. Warto\u015b\u0107 informacji wci\u0105\u017c ro\u015bnie, stanowi\u0105c kluczowe aktywo&#8230;<\/p>\n","protected":false},"author":863,"featured_media":1936,"comment_status":"closed","ping_status":"closed","sticky":false,"template":"","format":"standard","meta":{"related_posts":[],"footnotes":"","_links_to":"","_links_to_target":""},"categories":[5567139,4533504,5567138,4534807,5567414,5567134],"tags":[4539130,5567206,47,5567039,5566997,5566995],"sapn-display":[5567129,4532314,5567127],"sapn-type":[4534695],"class_list":["post-969","post","type-post","status-publish","format-standard","has-post-thumbnail","hentry","category-business-technology-platform","category-chmura","category-crm-i-customer-experience","category-klient","category-rozwiazania","category-zarzadzanie-finansami","tag-cloudchmura","tag-procesy-biznesowe","tag-sap","tag-sap-data-warehouse-cloud","tag-sap-story","tag-velux","sapn-display-prasowa-hero","sapn-display-topic-hero","sapn-display-prasowa-spotlight","sapn-type-informacja-prasowa"],"yoast_head":"<!-- This site is optimized with the Yoast SEO Premium plugin v26.9 (Yoast SEO v26.9) - https:\/\/yoast.com\/product\/yoast-seo-premium-wordpress\/ -->\n<title>Hybrydowe \u015brodowisko danych w Grupie VELUX - SAP Poland Centrum Wiadomo\u015bci<\/title>\n<meta name=\"robots\" content=\"index, follow, max-snippet:-1, max-image-preview:large, max-video-preview:-1\" \/>\n<link rel=\"canonical\" href=\"https:\/\/news.sap.com\/poland\/2021\/11\/sap-story-hybrydowe-srodowisko-danych-w-grupie-velux\/\" \/>\n<meta property=\"og:locale\" content=\"pl_PL\" \/>\n<meta property=\"og:type\" content=\"article\" \/>\n<meta property=\"og:title\" content=\"Hybrydowe \u015brodowisko danych w Grupie VELUX\" \/>\n<meta property=\"og:description\" content=\"W 2025 roku na \u015bwiecie b\u0119dzie 180 zettabajt\u00f3w danych \u2013 wynika z raportu IDC \u201eWorldwide Global DataSphere Forecast\u201d. Warto\u015b\u0107 informacji wci\u0105\u017c ro\u015bnie, stanowi\u0105c kluczowe aktywo...\" \/>\n<meta property=\"og:url\" content=\"https:\/\/news.sap.com\/poland\/2021\/11\/sap-story-hybrydowe-srodowisko-danych-w-grupie-velux\/\" \/>\n<meta property=\"og:site_name\" content=\"SAP Poland Centrum Wiadomo\u015bci\" \/>\n<meta property=\"article:published_time\" content=\"2021-11-18T13:27:15+00:00\" \/>\n<meta property=\"article:modified_time\" content=\"2024-09-12T08:11:20+00:00\" \/>\n<meta property=\"og:image\" content=\"https:\/\/news.sap.com\/poland\/files\/2021\/11\/18\/289066_GettyImages-1126481555_medium_jpg-1024x683.jpg\" \/>\n\t<meta property=\"og:image:width\" content=\"1024\" \/>\n\t<meta property=\"og:image:height\" content=\"683\" \/>\n\t<meta property=\"og:image:type\" content=\"image\/jpeg\" \/>\n<meta name=\"author\" content=\"Biuro Prasowe SAP Polska\" \/>\n<meta name=\"twitter:card\" content=\"summary_large_image\" \/>\n<meta name=\"twitter:label1\" content=\"Napisane przez\" \/>\n\t<meta name=\"twitter:data1\" content=\"Biuro Prasowe SAP Polska\" \/>\n\t<meta name=\"twitter:label2\" content=\"Szacowany czas czytania\" \/>\n\t<meta name=\"twitter:data2\" content=\"2 minuty\" \/>\n<script type=\"application\/ld+json\" class=\"yoast-schema-graph\">{\"@context\":\"https:\/\/schema.org\",\"@graph\":[{\"@type\":\"Article\",\"@id\":\"https:\/\/news.sap.com\/poland\/2021\/11\/sap-story-hybrydowe-srodowisko-danych-w-grupie-velux\/#article\",\"isPartOf\":{\"@id\":\"https:\/\/news.sap.com\/poland\/2021\/11\/sap-story-hybrydowe-srodowisko-danych-w-grupie-velux\/\"},\"author\":{\"name\":\"Biuro Prasowe SAP Polska\",\"@id\":\"https:\/\/news.sap.com\/poland\/#\/schema\/person\/9bed37029756a322ff084116029432ba\"},\"headline\":\"Hybrydowe \u015brodowisko danych w Grupie VELUX\",\"datePublished\":\"2021-11-18T13:27:15+00:00\",\"dateModified\":\"2024-09-12T08:11:20+00:00\",\"mainEntityOfPage\":{\"@id\":\"https:\/\/news.sap.com\/poland\/2021\/11\/sap-story-hybrydowe-srodowisko-danych-w-grupie-velux\/\"},\"wordCount\":563,\"image\":{\"@id\":\"https:\/\/news.sap.com\/poland\/2021\/11\/sap-story-hybrydowe-srodowisko-danych-w-grupie-velux\/#primaryimage\"},\"thumbnailUrl\":\"https:\/\/news.sap.com\/poland\/files\/2021\/11\/18\/289066_GettyImages-1126481555_medium_jpg.jpg\",\"keywords\":[\"Cloud\/Chmura\",\"procesy biznesowe\",\"SAP\",\"SAP Data Warehouse Cloud.\",\"sap story\",\"velux\"],\"articleSection\":[\"Business Technology Platform\",\"Chmura\",\"CRM i Customer Experience\",\"Klient\",\"Rozwi\u0105zania\",\"Zarz\u0105dzanie finansami\"],\"inLanguage\":\"pl-PL\"},{\"@type\":\"WebPage\",\"@id\":\"https:\/\/news.sap.com\/poland\/2021\/11\/sap-story-hybrydowe-srodowisko-danych-w-grupie-velux\/\",\"url\":\"https:\/\/news.sap.com\/poland\/2021\/11\/sap-story-hybrydowe-srodowisko-danych-w-grupie-velux\/\",\"name\":\"Hybrydowe \u015brodowisko danych w Grupie VELUX - SAP Poland Centrum Wiadomo\u015bci\",\"isPartOf\":{\"@id\":\"https:\/\/news.sap.com\/poland\/#website\"},\"primaryImageOfPage\":{\"@id\":\"https:\/\/news.sap.com\/poland\/2021\/11\/sap-story-hybrydowe-srodowisko-danych-w-grupie-velux\/#primaryimage\"},\"image\":{\"@id\":\"https:\/\/news.sap.com\/poland\/2021\/11\/sap-story-hybrydowe-srodowisko-danych-w-grupie-velux\/#primaryimage\"},\"thumbnailUrl\":\"https:\/\/news.sap.com\/poland\/files\/2021\/11\/18\/289066_GettyImages-1126481555_medium_jpg.jpg\",\"datePublished\":\"2021-11-18T13:27:15+00:00\",\"dateModified\":\"2024-09-12T08:11:20+00:00\",\"author\":{\"@id\":\"https:\/\/news.sap.com\/poland\/#\/schema\/person\/9bed37029756a322ff084116029432ba\"},\"breadcrumb\":{\"@id\":\"https:\/\/news.sap.com\/poland\/2021\/11\/sap-story-hybrydowe-srodowisko-danych-w-grupie-velux\/#breadcrumb\"},\"inLanguage\":\"pl-PL\",\"potentialAction\":[{\"@type\":\"ReadAction\",\"target\":[\"https:\/\/news.sap.com\/poland\/2021\/11\/sap-story-hybrydowe-srodowisko-danych-w-grupie-velux\/\"]}]},{\"@type\":\"ImageObject\",\"inLanguage\":\"pl-PL\",\"@id\":\"https:\/\/news.sap.com\/poland\/2021\/11\/sap-story-hybrydowe-srodowisko-danych-w-grupie-velux\/#primaryimage\",\"url\":\"https:\/\/news.sap.com\/poland\/files\/2021\/11\/18\/289066_GettyImages-1126481555_medium_jpg.jpg\",\"contentUrl\":\"https:\/\/news.sap.com\/poland\/files\/2021\/11\/18\/289066_GettyImages-1126481555_medium_jpg.jpg\",\"width\":2121,\"height\":1414,\"caption\":\"Loft room with cozy design\"},{\"@type\":\"BreadcrumbList\",\"@id\":\"https:\/\/news.sap.com\/poland\/2021\/11\/sap-story-hybrydowe-srodowisko-danych-w-grupie-velux\/#breadcrumb\",\"itemListElement\":[{\"@type\":\"ListItem\",\"position\":1,\"name\":\"Home\",\"item\":\"https:\/\/news.sap.com\/poland\/\"},{\"@type\":\"ListItem\",\"position\":2,\"name\":\"Hybrydowe \u015brodowisko danych w Grupie VELUX\"}]},{\"@type\":\"WebSite\",\"@id\":\"https:\/\/news.sap.com\/poland\/#website\",\"url\":\"https:\/\/news.sap.com\/poland\/\",\"name\":\"SAP Poland Centrum Wiadomo\u015bci\",\"description\":\"Wiadomo\u015bci i artyku\u0142y o SAP\",\"potentialAction\":[{\"@type\":\"SearchAction\",\"target\":{\"@type\":\"EntryPoint\",\"urlTemplate\":\"https:\/\/news.sap.com\/poland\/?s={search_term_string}\"},\"query-input\":{\"@type\":\"PropertyValueSpecification\",\"valueRequired\":true,\"valueName\":\"search_term_string\"}}],\"inLanguage\":\"pl-PL\"},{\"@type\":\"Person\",\"@id\":\"https:\/\/news.sap.com\/poland\/#\/schema\/person\/9bed37029756a322ff084116029432ba\",\"name\":\"Biuro Prasowe SAP Polska\",\"image\":{\"@type\":\"ImageObject\",\"inLanguage\":\"pl-PL\",\"@id\":\"https:\/\/news.sap.com\/poland\/#\/schema\/person\/image\/\",\"url\":\"https:\/\/news.sap.com\/poland\/wp-content\/plugins\/wp-user-avatars\/wp-user-avatars\/assets\/images\/mystery.jpg\",\"contentUrl\":\"https:\/\/news.sap.com\/poland\/wp-content\/plugins\/wp-user-avatars\/wp-user-avatars\/assets\/images\/mystery.jpg\",\"caption\":\"Biuro Prasowe SAP Polska\"},\"url\":\"https:\/\/news.sap.com\/poland\/author\/slawomirtyszka\/\"}]}<\/script>\n<!-- \/ Yoast SEO Premium plugin. -->","yoast_head_json":{"title":"Hybrydowe \u015brodowisko danych w Grupie VELUX - SAP Poland Centrum Wiadomo\u015bci","robots":{"index":"index","follow":"follow","max-snippet":"max-snippet:-1","max-image-preview":"max-image-preview:large","max-video-preview":"max-video-preview:-1"},"canonical":"https:\/\/news.sap.com\/poland\/2021\/11\/sap-story-hybrydowe-srodowisko-danych-w-grupie-velux\/","og_locale":"pl_PL","og_type":"article","og_title":"Hybrydowe \u015brodowisko danych w Grupie VELUX","og_description":"W 2025 roku na \u015bwiecie b\u0119dzie 180 zettabajt\u00f3w danych \u2013 wynika z raportu IDC \u201eWorldwide Global DataSphere Forecast\u201d. Warto\u015b\u0107 informacji wci\u0105\u017c ro\u015bnie, stanowi\u0105c kluczowe aktywo...","og_url":"https:\/\/news.sap.com\/poland\/2021\/11\/sap-story-hybrydowe-srodowisko-danych-w-grupie-velux\/","og_site_name":"SAP Poland Centrum Wiadomo\u015bci","article_published_time":"2021-11-18T13:27:15+00:00","article_modified_time":"2024-09-12T08:11:20+00:00","og_image":[{"width":1024,"height":683,"url":"https:\/\/news.sap.com\/poland\/files\/2021\/11\/18\/289066_GettyImages-1126481555_medium_jpg-1024x683.jpg","type":"image\/jpeg"}],"author":"Biuro Prasowe SAP Polska","twitter_card":"summary_large_image","twitter_misc":{"Napisane przez":"Biuro Prasowe SAP Polska","Szacowany czas czytania":"2 minuty"},"schema":{"@context":"https:\/\/schema.org","@graph":[{"@type":"Article","@id":"https:\/\/news.sap.com\/poland\/2021\/11\/sap-story-hybrydowe-srodowisko-danych-w-grupie-velux\/#article","isPartOf":{"@id":"https:\/\/news.sap.com\/poland\/2021\/11\/sap-story-hybrydowe-srodowisko-danych-w-grupie-velux\/"},"author":{"name":"Biuro Prasowe SAP Polska","@id":"https:\/\/news.sap.com\/poland\/#\/schema\/person\/9bed37029756a322ff084116029432ba"},"headline":"Hybrydowe \u015brodowisko danych w Grupie VELUX","datePublished":"2021-11-18T13:27:15+00:00","dateModified":"2024-09-12T08:11:20+00:00","mainEntityOfPage":{"@id":"https:\/\/news.sap.com\/poland\/2021\/11\/sap-story-hybrydowe-srodowisko-danych-w-grupie-velux\/"},"wordCount":563,"image":{"@id":"https:\/\/news.sap.com\/poland\/2021\/11\/sap-story-hybrydowe-srodowisko-danych-w-grupie-velux\/#primaryimage"},"thumbnailUrl":"https:\/\/news.sap.com\/poland\/files\/2021\/11\/18\/289066_GettyImages-1126481555_medium_jpg.jpg","keywords":["Cloud\/Chmura","procesy biznesowe","SAP","SAP Data Warehouse Cloud.","sap story","velux"],"articleSection":["Business Technology Platform","Chmura","CRM i Customer Experience","Klient","Rozwi\u0105zania","Zarz\u0105dzanie finansami"],"inLanguage":"pl-PL"},{"@type":"WebPage","@id":"https:\/\/news.sap.com\/poland\/2021\/11\/sap-story-hybrydowe-srodowisko-danych-w-grupie-velux\/","url":"https:\/\/news.sap.com\/poland\/2021\/11\/sap-story-hybrydowe-srodowisko-danych-w-grupie-velux\/","name":"Hybrydowe \u015brodowisko danych w Grupie VELUX - SAP Poland Centrum Wiadomo\u015bci","isPartOf":{"@id":"https:\/\/news.sap.com\/poland\/#website"},"primaryImageOfPage":{"@id":"https:\/\/news.sap.com\/poland\/2021\/11\/sap-story-hybrydowe-srodowisko-danych-w-grupie-velux\/#primaryimage"},"image":{"@id":"https:\/\/news.sap.com\/poland\/2021\/11\/sap-story-hybrydowe-srodowisko-danych-w-grupie-velux\/#primaryimage"},"thumbnailUrl":"https:\/\/news.sap.com\/poland\/files\/2021\/11\/18\/289066_GettyImages-1126481555_medium_jpg.jpg","datePublished":"2021-11-18T13:27:15+00:00","dateModified":"2024-09-12T08:11:20+00:00","author":{"@id":"https:\/\/news.sap.com\/poland\/#\/schema\/person\/9bed37029756a322ff084116029432ba"},"breadcrumb":{"@id":"https:\/\/news.sap.com\/poland\/2021\/11\/sap-story-hybrydowe-srodowisko-danych-w-grupie-velux\/#breadcrumb"},"inLanguage":"pl-PL","potentialAction":[{"@type":"ReadAction","target":["https:\/\/news.sap.com\/poland\/2021\/11\/sap-story-hybrydowe-srodowisko-danych-w-grupie-velux\/"]}]},{"@type":"ImageObject","inLanguage":"pl-PL","@id":"https:\/\/news.sap.com\/poland\/2021\/11\/sap-story-hybrydowe-srodowisko-danych-w-grupie-velux\/#primaryimage","url":"https:\/\/news.sap.com\/poland\/files\/2021\/11\/18\/289066_GettyImages-1126481555_medium_jpg.jpg","contentUrl":"https:\/\/news.sap.com\/poland\/files\/2021\/11\/18\/289066_GettyImages-1126481555_medium_jpg.jpg","width":2121,"height":1414,"caption":"Loft room with cozy design"},{"@type":"BreadcrumbList","@id":"https:\/\/news.sap.com\/poland\/2021\/11\/sap-story-hybrydowe-srodowisko-danych-w-grupie-velux\/#breadcrumb","itemListElement":[{"@type":"ListItem","position":1,"name":"Home","item":"https:\/\/news.sap.com\/poland\/"},{"@type":"ListItem","position":2,"name":"Hybrydowe \u015brodowisko danych w Grupie VELUX"}]},{"@type":"WebSite","@id":"https:\/\/news.sap.com\/poland\/#website","url":"https:\/\/news.sap.com\/poland\/","name":"SAP Poland Centrum Wiadomo\u015bci","description":"Wiadomo\u015bci i artyku\u0142y o SAP","potentialAction":[{"@type":"SearchAction","target":{"@type":"EntryPoint","urlTemplate":"https:\/\/news.sap.com\/poland\/?s={search_term_string}"},"query-input":{"@type":"PropertyValueSpecification","valueRequired":true,"valueName":"search_term_string"}}],"inLanguage":"pl-PL"},{"@type":"Person","@id":"https:\/\/news.sap.com\/poland\/#\/schema\/person\/9bed37029756a322ff084116029432ba","name":"Biuro Prasowe SAP Polska","image":{"@type":"ImageObject","inLanguage":"pl-PL","@id":"https:\/\/news.sap.com\/poland\/#\/schema\/person\/image\/","url":"https:\/\/news.sap.com\/poland\/wp-content\/plugins\/wp-user-avatars\/wp-user-avatars\/assets\/images\/mystery.jpg","contentUrl":"https:\/\/news.sap.com\/poland\/wp-content\/plugins\/wp-user-avatars\/wp-user-avatars\/assets\/images\/mystery.jpg","caption":"Biuro Prasowe SAP Polska"},"url":"https:\/\/news.sap.com\/poland\/author\/slawomirtyszka\/"}]}},"amp_enabled":true,"_links":{"self":[{"href":"https:\/\/news.sap.com\/poland\/wp-json\/wp\/v2\/posts\/969","targetHints":{"allow":["GET"]}}],"collection":[{"href":"https:\/\/news.sap.com\/poland\/wp-json\/wp\/v2\/posts"}],"about":[{"href":"https:\/\/news.sap.com\/poland\/wp-json\/wp\/v2\/types\/post"}],"author":[{"embeddable":true,"href":"https:\/\/news.sap.com\/poland\/wp-json\/wp\/v2\/users\/863"}],"replies":[{"embeddable":true,"href":"https:\/\/news.sap.com\/poland\/wp-json\/wp\/v2\/comments?post=969"}],"version-history":[{"count":0,"href":"https:\/\/news.sap.com\/poland\/wp-json\/wp\/v2\/posts\/969\/revisions"}],"wp:featuredmedia":[{"embeddable":true,"href":"https:\/\/news.sap.com\/poland\/wp-json\/wp\/v2\/media\/1936"}],"wp:attachment":[{"href":"https:\/\/news.sap.com\/poland\/wp-json\/wp\/v2\/media?parent=969"}],"wp:term":[{"taxonomy":"category","embeddable":true,"href":"https:\/\/news.sap.com\/poland\/wp-json\/wp\/v2\/categories?post=969"},{"taxonomy":"post_tag","embeddable":true,"href":"https:\/\/news.sap.com\/poland\/wp-json\/wp\/v2\/tags?post=969"},{"taxonomy":"sapn-display","embeddable":true,"href":"https:\/\/news.sap.com\/poland\/wp-json\/wp\/v2\/sapn-display?post=969"},{"taxonomy":"sapn-type","embeddable":true,"href":"https:\/\/news.sap.com\/poland\/wp-json\/wp\/v2\/sapn-type?post=969"}],"curies":[{"name":"wp","href":"https:\/\/api.w.org\/{rel}","templated":true}]}}