{"id":1448,"date":"2020-03-02T16:28:53","date_gmt":"2020-03-02T16:28:53","guid":{"rendered":"https:\/\/news.sap.com\/portugal\/?p=1448"},"modified":"2020-03-02T18:04:50","modified_gmt":"2020-03-02T18:04:50","slug":"sap-colabora-em-parceria-que-visa-apoiar-o-rsb-de-lisboa-na-resposta-a-emergencias-urbanas","status":"publish","type":"post","link":"https:\/\/news.sap.com\/portugal\/2020\/03\/sap-colabora-em-parceria-que-visa-apoiar-o-rsb-de-lisboa-na-resposta-a-emergencias-urbanas\/","title":{"rendered":"SAP colabora em parceria que visa apoiar o RSB de Lisboa na resposta a emerg\u00eancias urbanas"},"content":{"rendered":"<p>A SAP Portugal anuncia a sua participa\u00e7\u00e3o no projeto Lx Analytics Hub &#8211; A intelig\u00eancia artificial ao servi\u00e7o da cidade -, o qual foi apresentado no Centro de Informa\u00e7\u00e3o Urbana de Lisboa (CIUL), na passada sexta-feira, 28 de fevereiro. Este projeto, resultante de uma parceria da C\u00e2mara Municipal de Lisboa com o ISEL, a NOVA IMS (Information Management School), a SAP e a Microsoft, e que contou com a colabora\u00e7\u00e3o da Altice e do IPMA, pretende apoiar o Regimento de Sapadores de Bombeiros (RSB) de Lisboa na previs\u00e3o da localiza\u00e7\u00e3o de poss\u00edveis incidentes e possibilitar a redu\u00e7\u00e3o do tempo de resposta \u00e0s emerg\u00eancias urbanas.<\/p>\n<p>Neste contexto, foi desenvolvido um modelo preditivo que, com base na previs\u00e3o da localiza\u00e7\u00e3o de poss\u00edveis ocorr\u00eancias e nos dados de popula\u00e7\u00e3o, avalia o risco para a popula\u00e7\u00e3o na cidade de Lisboa, de forma a permitir, com um dia de anteced\u00eancia, que o RSB otimize a aloca\u00e7\u00e3o dos seus meios na cidade para reduzir os tempos de resposta \u00e0s emerg\u00eancias.<\/p>\n<p>Todo o projeto teve como base a informa\u00e7\u00e3o armazenada na Plataforma de Gest\u00e3o de Inteligente de Lisboa (PGIL) da C\u00e2mara Municipal. \u00c9 um exemplo de um caso de uso que poder\u00e1 vir a tornar-se num servi\u00e7o integrado nesta plataforma, fazendo parte da estrat\u00e9gia da CML para a cria\u00e7\u00e3o de servi\u00e7os orientados pelos dados, como forma de contribuir para a melhoria da qualidade de vida dos cidad\u00e3os de Lisboa.<\/p>\n<p>Este projeto foi apenas poss\u00edvel tendo em conta as val\u00eancias das v\u00e1rias organiza\u00e7\u00f5es que desempenharam um papel fundamental na realiza\u00e7\u00e3o deste piloto. No caso da SAP Portugal, a equipa alocada desenhou um modelo te\u00f3rico de uma data <em>warehouse<\/em> para recolha da informa\u00e7\u00e3o proveniente do modelo preditivo. Quanto aos restantes parceiros, o ISEL foi respons\u00e1vel pelo desenvolvimento dos processos de carregamento cont\u00ednuo de dados para a plataforma anal\u00edtica da Microsoft, tendo a NOVA IMS utilizado essa mesma plataforma para desenvolvimento do modelo preditivo.<\/p>\n<p>O modelo preditivo foi constru\u00eddo tendo em conta o hist\u00f3rico de ocorr\u00eancias na cidade de Lisboa entre 2013 e 2018, vari\u00e1veis climat\u00e9ricas (segundo dados do IPMA) e vari\u00e1veis sociodemogr\u00e1ficas. As \u00e1reas de servi\u00e7o de cinco minutos a 10 minutos foram definidas a partir dos quart\u00e9is do RSB, tendo em conta os condicionamentos de tr\u00e1fego previstos e aprovados pela CML.<\/p>\n<p>A apresenta\u00e7\u00e3o do projeto contou com a participa\u00e7\u00e3o do vereador da CML com os pelouros da Mobilidade, Seguran\u00e7a e Economia e Inova\u00e7\u00e3o, Miguel Gaspar, do vereador da CML com os pelouros do Desporto, Higiene Urbana e Prote\u00e7\u00e3o Civil, Carlos Manuel Castro, do Comandante do Regimento de Sapadores Bombeiros de Lisboa, Tiago Lopes, do diretor do Centro de Gest\u00e3o e Intelig\u00eancia Urbana de Lisboa, Jo\u00e3o Tremoceiro, do Diretor de Opera\u00e7\u00f5es da SAP Portugal, Nuno Saramago, do Subdiretor da NOVA IMS, Miguel de Castro Neto, do Diretor T\u00e9cnico da Microsoft Portugal, Manuel Dias, e do Professor do ISEL, Nuno Datia.<\/p>\n<p><strong>Conhe\u00e7a mais aprofundadamente o Projeto Lx Analytics Hub \u2013 A intelig\u00eancia artificial ao servi\u00e7o da cidade \u2013, em <\/strong><a href=\"https:\/\/youtu.be\/UDG0eCoLYig\"><strong>https:\/\/youtu.be\/UDG0eCoLYig<\/strong><\/a><\/p>\n","protected":false},"excerpt":{"rendered":"<p>A SAP Portugal anuncia a sua participa\u00e7\u00e3o no projeto Lx Analytics Hub &#8211; A intelig\u00eancia artificial ao servi\u00e7o da cidade -, o qual foi apresentado&#8230;<\/p>\n","protected":false},"author":29,"featured_media":1449,"comment_status":"closed","ping_status":"closed","sticky":false,"template":"","format":"standard","meta":{"footnotes":"","_links_to":"","_links_to_target":""},"categories":[16582,24297],"tags":[3842247,5562258,3842248],"sapn-display":[45149,3848],"sapn-type":[4446],"class_list":["post-1448","post","type-post","status-publish","format-standard","has-post-thumbnail","hentry","category-clientes","category-tecnologia","tag-innovation","tag-smart-cities","tag-technology","sapn-display-homepage-hero","sapn-display-top-stories","sapn-type-press-release"],"yoast_head":"<!-- This site is optimized with the Yoast SEO Premium plugin v27.8 (Yoast SEO v27.8) - https:\/\/yoast.com\/product\/yoast-seo-premium-wordpress\/ -->\n<title>SAP colabora em parceria que visa apoiar o RSB de Lisboa na resposta a emerg\u00eancias urbanas - Sala de Imprensa da SAP Portugal<\/title>\n<meta name=\"robots\" content=\"index, follow, max-snippet:-1, max-image-preview:large, max-video-preview:-1\" \/>\n<link rel=\"canonical\" href=\"https:\/\/news.sap.com\/portugal\/2020\/03\/sap-colabora-em-parceria-que-visa-apoiar-o-rsb-de-lisboa-na-resposta-a-emergencias-urbanas\/\" \/>\n<meta property=\"og:locale\" content=\"pt_PT\" \/>\n<meta property=\"og:type\" content=\"article\" \/>\n<meta property=\"og:title\" content=\"SAP colabora em parceria que visa apoiar o RSB de Lisboa na resposta a emerg\u00eancias urbanas\" \/>\n<meta property=\"og:description\" content=\"A SAP Portugal anuncia a sua participa\u00e7\u00e3o no projeto Lx Analytics Hub &#8211; A intelig\u00eancia artificial ao servi\u00e7o da cidade -, o qual foi apresentado...\" \/>\n<meta property=\"og:url\" content=\"https:\/\/news.sap.com\/portugal\/2020\/03\/sap-colabora-em-parceria-que-visa-apoiar-o-rsb-de-lisboa-na-resposta-a-emergencias-urbanas\/\" \/>\n<meta property=\"og:site_name\" content=\"Sala de Imprensa da SAP Portugal\" \/>\n<meta property=\"article:published_time\" content=\"2020-03-02T16:28:53+00:00\" \/>\n<meta property=\"article:modified_time\" content=\"2020-03-02T18:04:50+00:00\" \/>\n<meta property=\"og:image\" content=\"https:\/\/news.sap.com\/portugal\/files\/2020\/03\/281775_GettyImages-551986253_super_low.jpg\" \/>\n\t<meta property=\"og:image:width\" content=\"5264\" \/>\n\t<meta property=\"og:image:height\" content=\"3916\" \/>\n\t<meta property=\"og:image:type\" content=\"image\/jpeg\" \/>\n<meta name=\"author\" content=\"SAP News\" \/>\n<meta name=\"twitter:card\" content=\"summary_large_image\" \/>\n<meta name=\"twitter:label1\" content=\"Escrito por\" \/>\n\t<meta name=\"twitter:data1\" content=\"SAP News\" \/>\n\t<meta name=\"twitter:label2\" content=\"Tempo estimado de leitura\" \/>\n\t<meta name=\"twitter:data2\" content=\"3 minutos\" \/>\n<script type=\"application\/ld+json\" class=\"yoast-schema-graph\">{\"@context\":\"https:\\\/\\\/schema.org\",\"@graph\":[{\"@type\":\"Article\",\"@id\":\"https:\\\/\\\/news.sap.com\\\/portugal\\\/2020\\\/03\\\/sap-colabora-em-parceria-que-visa-apoiar-o-rsb-de-lisboa-na-resposta-a-emergencias-urbanas\\\/#article\",\"isPartOf\":{\"@id\":\"https:\\\/\\\/news.sap.com\\\/portugal\\\/2020\\\/03\\\/sap-colabora-em-parceria-que-visa-apoiar-o-rsb-de-lisboa-na-resposta-a-emergencias-urbanas\\\/\"},\"author\":{\"name\":\"SAP News\",\"@id\":\"https:\\\/\\\/news.sap.com\\\/portugal\\\/#\\\/schema\\\/person\\\/53b9854bd790d6f18f3fc4bbb2ad7570\"},\"headline\":\"SAP colabora em parceria que visa apoiar o RSB de Lisboa na resposta a emerg\u00eancias urbanas\",\"datePublished\":\"2020-03-02T16:28:53+00:00\",\"dateModified\":\"2020-03-02T18:04:50+00:00\",\"mainEntityOfPage\":{\"@id\":\"https:\\\/\\\/news.sap.com\\\/portugal\\\/2020\\\/03\\\/sap-colabora-em-parceria-que-visa-apoiar-o-rsb-de-lisboa-na-resposta-a-emergencias-urbanas\\\/\"},\"wordCount\":565,\"image\":{\"@id\":\"https:\\\/\\\/news.sap.com\\\/portugal\\\/2020\\\/03\\\/sap-colabora-em-parceria-que-visa-apoiar-o-rsb-de-lisboa-na-resposta-a-emergencias-urbanas\\\/#primaryimage\"},\"thumbnailUrl\":\"https:\\\/\\\/news.sap.com\\\/portugal\\\/files\\\/2020\\\/03\\\/281775_GettyImages-551986253_super_low.jpg\",\"keywords\":[\"Innovation\",\"Smart Cities\",\"Technology\"],\"articleSection\":[\"Clientes\",\"Tecnologia\"],\"inLanguage\":\"pt-PT\"},{\"@type\":\"WebPage\",\"@id\":\"https:\\\/\\\/news.sap.com\\\/portugal\\\/2020\\\/03\\\/sap-colabora-em-parceria-que-visa-apoiar-o-rsb-de-lisboa-na-resposta-a-emergencias-urbanas\\\/\",\"url\":\"https:\\\/\\\/news.sap.com\\\/portugal\\\/2020\\\/03\\\/sap-colabora-em-parceria-que-visa-apoiar-o-rsb-de-lisboa-na-resposta-a-emergencias-urbanas\\\/\",\"name\":\"SAP colabora em parceria que visa apoiar o RSB de Lisboa na resposta a emerg\u00eancias urbanas - Sala de Imprensa da SAP Portugal\",\"isPartOf\":{\"@id\":\"https:\\\/\\\/news.sap.com\\\/portugal\\\/#website\"},\"primaryImageOfPage\":{\"@id\":\"https:\\\/\\\/news.sap.com\\\/portugal\\\/2020\\\/03\\\/sap-colabora-em-parceria-que-visa-apoiar-o-rsb-de-lisboa-na-resposta-a-emergencias-urbanas\\\/#primaryimage\"},\"image\":{\"@id\":\"https:\\\/\\\/news.sap.com\\\/portugal\\\/2020\\\/03\\\/sap-colabora-em-parceria-que-visa-apoiar-o-rsb-de-lisboa-na-resposta-a-emergencias-urbanas\\\/#primaryimage\"},\"thumbnailUrl\":\"https:\\\/\\\/news.sap.com\\\/portugal\\\/files\\\/2020\\\/03\\\/281775_GettyImages-551986253_super_low.jpg\",\"datePublished\":\"2020-03-02T16:28:53+00:00\",\"dateModified\":\"2020-03-02T18:04:50+00:00\",\"author\":{\"@id\":\"https:\\\/\\\/news.sap.com\\\/portugal\\\/#\\\/schema\\\/person\\\/53b9854bd790d6f18f3fc4bbb2ad7570\"},\"breadcrumb\":{\"@id\":\"https:\\\/\\\/news.sap.com\\\/portugal\\\/2020\\\/03\\\/sap-colabora-em-parceria-que-visa-apoiar-o-rsb-de-lisboa-na-resposta-a-emergencias-urbanas\\\/#breadcrumb\"},\"inLanguage\":\"pt-PT\",\"potentialAction\":[{\"@type\":\"ReadAction\",\"target\":[\"https:\\\/\\\/news.sap.com\\\/portugal\\\/2020\\\/03\\\/sap-colabora-em-parceria-que-visa-apoiar-o-rsb-de-lisboa-na-resposta-a-emergencias-urbanas\\\/\"]}]},{\"@type\":\"ImageObject\",\"inLanguage\":\"pt-PT\",\"@id\":\"https:\\\/\\\/news.sap.com\\\/portugal\\\/2020\\\/03\\\/sap-colabora-em-parceria-que-visa-apoiar-o-rsb-de-lisboa-na-resposta-a-emergencias-urbanas\\\/#primaryimage\",\"url\":\"https:\\\/\\\/news.sap.com\\\/portugal\\\/files\\\/2020\\\/03\\\/281775_GettyImages-551986253_super_low.jpg\",\"contentUrl\":\"https:\\\/\\\/news.sap.com\\\/portugal\\\/files\\\/2020\\\/03\\\/281775_GettyImages-551986253_super_low.jpg\",\"width\":5264,\"height\":3916},{\"@type\":\"BreadcrumbList\",\"@id\":\"https:\\\/\\\/news.sap.com\\\/portugal\\\/2020\\\/03\\\/sap-colabora-em-parceria-que-visa-apoiar-o-rsb-de-lisboa-na-resposta-a-emergencias-urbanas\\\/#breadcrumb\",\"itemListElement\":[{\"@type\":\"ListItem\",\"position\":1,\"name\":\"Home\",\"item\":\"https:\\\/\\\/news.sap.com\\\/portugal\\\/\"},{\"@type\":\"ListItem\",\"position\":2,\"name\":\"SAP colabora em parceria que visa apoiar o RSB de Lisboa na resposta a emerg\u00eancias urbanas\"}]},{\"@type\":\"WebSite\",\"@id\":\"https:\\\/\\\/news.sap.com\\\/portugal\\\/#website\",\"url\":\"https:\\\/\\\/news.sap.com\\\/portugal\\\/\",\"name\":\"Sala de Imprensa da SAP Portugal\",\"description\":\"Not\u00edcias sobre SAP Portugal\",\"potentialAction\":[{\"@type\":\"SearchAction\",\"target\":{\"@type\":\"EntryPoint\",\"urlTemplate\":\"https:\\\/\\\/news.sap.com\\\/portugal\\\/?s={search_term_string}\"},\"query-input\":{\"@type\":\"PropertyValueSpecification\",\"valueRequired\":true,\"valueName\":\"search_term_string\"}}],\"inLanguage\":\"pt-PT\"},{\"@type\":\"Person\",\"@id\":\"https:\\\/\\\/news.sap.com\\\/portugal\\\/#\\\/schema\\\/person\\\/53b9854bd790d6f18f3fc4bbb2ad7570\",\"name\":\"SAP News\",\"image\":{\"@type\":\"ImageObject\",\"inLanguage\":\"pt-PT\",\"@id\":\"https:\\\/\\\/news.sap.com\\\/portugal\\\/wp-content\\\/plugins\\\/wp-user-avatars\\\/wp-user-avatars\\\/assets\\\/images\\\/mystery.jpg\",\"url\":\"https:\\\/\\\/news.sap.com\\\/portugal\\\/wp-content\\\/plugins\\\/wp-user-avatars\\\/wp-user-avatars\\\/assets\\\/images\\\/mystery.jpg\",\"contentUrl\":\"https:\\\/\\\/news.sap.com\\\/portugal\\\/wp-content\\\/plugins\\\/wp-user-avatars\\\/wp-user-avatars\\\/assets\\\/images\\\/mystery.jpg\",\"caption\":\"SAP News\"},\"url\":\"https:\\\/\\\/news.sap.com\\\/portugal\\\/author\\\/colleenraftery\\\/\"}]}<\/script>\n<!-- \/ Yoast SEO Premium plugin. -->","yoast_head_json":{"title":"SAP colabora em parceria que visa apoiar o RSB de Lisboa na resposta a emerg\u00eancias urbanas - Sala de Imprensa da SAP Portugal","robots":{"index":"index","follow":"follow","max-snippet":"max-snippet:-1","max-image-preview":"max-image-preview:large","max-video-preview":"max-video-preview:-1"},"canonical":"https:\/\/news.sap.com\/portugal\/2020\/03\/sap-colabora-em-parceria-que-visa-apoiar-o-rsb-de-lisboa-na-resposta-a-emergencias-urbanas\/","og_locale":"pt_PT","og_type":"article","og_title":"SAP colabora em parceria que visa apoiar o RSB de Lisboa na resposta a emerg\u00eancias urbanas","og_description":"A SAP Portugal anuncia a sua participa\u00e7\u00e3o no projeto Lx Analytics Hub &#8211; A intelig\u00eancia artificial ao servi\u00e7o da cidade -, o qual foi apresentado...","og_url":"https:\/\/news.sap.com\/portugal\/2020\/03\/sap-colabora-em-parceria-que-visa-apoiar-o-rsb-de-lisboa-na-resposta-a-emergencias-urbanas\/","og_site_name":"Sala de Imprensa da SAP Portugal","article_published_time":"2020-03-02T16:28:53+00:00","article_modified_time":"2020-03-02T18:04:50+00:00","og_image":[{"width":5264,"height":3916,"url":"https:\/\/news.sap.com\/portugal\/files\/2020\/03\/281775_GettyImages-551986253_super_low.jpg","type":"image\/jpeg"}],"author":"SAP News","twitter_card":"summary_large_image","twitter_misc":{"Escrito por":"SAP News","Tempo estimado de leitura":"3 minutos"},"schema":{"@context":"https:\/\/schema.org","@graph":[{"@type":"Article","@id":"https:\/\/news.sap.com\/portugal\/2020\/03\/sap-colabora-em-parceria-que-visa-apoiar-o-rsb-de-lisboa-na-resposta-a-emergencias-urbanas\/#article","isPartOf":{"@id":"https:\/\/news.sap.com\/portugal\/2020\/03\/sap-colabora-em-parceria-que-visa-apoiar-o-rsb-de-lisboa-na-resposta-a-emergencias-urbanas\/"},"author":{"name":"SAP News","@id":"https:\/\/news.sap.com\/portugal\/#\/schema\/person\/53b9854bd790d6f18f3fc4bbb2ad7570"},"headline":"SAP colabora em parceria que visa apoiar o RSB de Lisboa na resposta a emerg\u00eancias urbanas","datePublished":"2020-03-02T16:28:53+00:00","dateModified":"2020-03-02T18:04:50+00:00","mainEntityOfPage":{"@id":"https:\/\/news.sap.com\/portugal\/2020\/03\/sap-colabora-em-parceria-que-visa-apoiar-o-rsb-de-lisboa-na-resposta-a-emergencias-urbanas\/"},"wordCount":565,"image":{"@id":"https:\/\/news.sap.com\/portugal\/2020\/03\/sap-colabora-em-parceria-que-visa-apoiar-o-rsb-de-lisboa-na-resposta-a-emergencias-urbanas\/#primaryimage"},"thumbnailUrl":"https:\/\/news.sap.com\/portugal\/files\/2020\/03\/281775_GettyImages-551986253_super_low.jpg","keywords":["Innovation","Smart Cities","Technology"],"articleSection":["Clientes","Tecnologia"],"inLanguage":"pt-PT"},{"@type":"WebPage","@id":"https:\/\/news.sap.com\/portugal\/2020\/03\/sap-colabora-em-parceria-que-visa-apoiar-o-rsb-de-lisboa-na-resposta-a-emergencias-urbanas\/","url":"https:\/\/news.sap.com\/portugal\/2020\/03\/sap-colabora-em-parceria-que-visa-apoiar-o-rsb-de-lisboa-na-resposta-a-emergencias-urbanas\/","name":"SAP colabora em parceria que visa apoiar o RSB de Lisboa na resposta a emerg\u00eancias urbanas - Sala de Imprensa da SAP Portugal","isPartOf":{"@id":"https:\/\/news.sap.com\/portugal\/#website"},"primaryImageOfPage":{"@id":"https:\/\/news.sap.com\/portugal\/2020\/03\/sap-colabora-em-parceria-que-visa-apoiar-o-rsb-de-lisboa-na-resposta-a-emergencias-urbanas\/#primaryimage"},"image":{"@id":"https:\/\/news.sap.com\/portugal\/2020\/03\/sap-colabora-em-parceria-que-visa-apoiar-o-rsb-de-lisboa-na-resposta-a-emergencias-urbanas\/#primaryimage"},"thumbnailUrl":"https:\/\/news.sap.com\/portugal\/files\/2020\/03\/281775_GettyImages-551986253_super_low.jpg","datePublished":"2020-03-02T16:28:53+00:00","dateModified":"2020-03-02T18:04:50+00:00","author":{"@id":"https:\/\/news.sap.com\/portugal\/#\/schema\/person\/53b9854bd790d6f18f3fc4bbb2ad7570"},"breadcrumb":{"@id":"https:\/\/news.sap.com\/portugal\/2020\/03\/sap-colabora-em-parceria-que-visa-apoiar-o-rsb-de-lisboa-na-resposta-a-emergencias-urbanas\/#breadcrumb"},"inLanguage":"pt-PT","potentialAction":[{"@type":"ReadAction","target":["https:\/\/news.sap.com\/portugal\/2020\/03\/sap-colabora-em-parceria-que-visa-apoiar-o-rsb-de-lisboa-na-resposta-a-emergencias-urbanas\/"]}]},{"@type":"ImageObject","inLanguage":"pt-PT","@id":"https:\/\/news.sap.com\/portugal\/2020\/03\/sap-colabora-em-parceria-que-visa-apoiar-o-rsb-de-lisboa-na-resposta-a-emergencias-urbanas\/#primaryimage","url":"https:\/\/news.sap.com\/portugal\/files\/2020\/03\/281775_GettyImages-551986253_super_low.jpg","contentUrl":"https:\/\/news.sap.com\/portugal\/files\/2020\/03\/281775_GettyImages-551986253_super_low.jpg","width":5264,"height":3916},{"@type":"BreadcrumbList","@id":"https:\/\/news.sap.com\/portugal\/2020\/03\/sap-colabora-em-parceria-que-visa-apoiar-o-rsb-de-lisboa-na-resposta-a-emergencias-urbanas\/#breadcrumb","itemListElement":[{"@type":"ListItem","position":1,"name":"Home","item":"https:\/\/news.sap.com\/portugal\/"},{"@type":"ListItem","position":2,"name":"SAP colabora em parceria que visa apoiar o RSB de Lisboa na resposta a emerg\u00eancias urbanas"}]},{"@type":"WebSite","@id":"https:\/\/news.sap.com\/portugal\/#website","url":"https:\/\/news.sap.com\/portugal\/","name":"Sala de Imprensa da SAP Portugal","description":"Not\u00edcias sobre SAP Portugal","potentialAction":[{"@type":"SearchAction","target":{"@type":"EntryPoint","urlTemplate":"https:\/\/news.sap.com\/portugal\/?s={search_term_string}"},"query-input":{"@type":"PropertyValueSpecification","valueRequired":true,"valueName":"search_term_string"}}],"inLanguage":"pt-PT"},{"@type":"Person","@id":"https:\/\/news.sap.com\/portugal\/#\/schema\/person\/53b9854bd790d6f18f3fc4bbb2ad7570","name":"SAP News","image":{"@type":"ImageObject","inLanguage":"pt-PT","@id":"https:\/\/news.sap.com\/portugal\/wp-content\/plugins\/wp-user-avatars\/wp-user-avatars\/assets\/images\/mystery.jpg","url":"https:\/\/news.sap.com\/portugal\/wp-content\/plugins\/wp-user-avatars\/wp-user-avatars\/assets\/images\/mystery.jpg","contentUrl":"https:\/\/news.sap.com\/portugal\/wp-content\/plugins\/wp-user-avatars\/wp-user-avatars\/assets\/images\/mystery.jpg","caption":"SAP News"},"url":"https:\/\/news.sap.com\/portugal\/author\/colleenraftery\/"}]}},"amp_enabled":true,"_links":{"self":[{"href":"https:\/\/news.sap.com\/portugal\/wp-json\/wp\/v2\/posts\/1448","targetHints":{"allow":["GET"]}}],"collection":[{"href":"https:\/\/news.sap.com\/portugal\/wp-json\/wp\/v2\/posts"}],"about":[{"href":"https:\/\/news.sap.com\/portugal\/wp-json\/wp\/v2\/types\/post"}],"author":[{"embeddable":true,"href":"https:\/\/news.sap.com\/portugal\/wp-json\/wp\/v2\/users\/29"}],"replies":[{"embeddable":true,"href":"https:\/\/news.sap.com\/portugal\/wp-json\/wp\/v2\/comments?post=1448"}],"version-history":[{"count":0,"href":"https:\/\/news.sap.com\/portugal\/wp-json\/wp\/v2\/posts\/1448\/revisions"}],"wp:featuredmedia":[{"embeddable":true,"href":"https:\/\/news.sap.com\/portugal\/wp-json\/wp\/v2\/media\/1449"}],"wp:attachment":[{"href":"https:\/\/news.sap.com\/portugal\/wp-json\/wp\/v2\/media?parent=1448"}],"wp:term":[{"taxonomy":"category","embeddable":true,"href":"https:\/\/news.sap.com\/portugal\/wp-json\/wp\/v2\/categories?post=1448"},{"taxonomy":"post_tag","embeddable":true,"href":"https:\/\/news.sap.com\/portugal\/wp-json\/wp\/v2\/tags?post=1448"},{"taxonomy":"sapn-display","embeddable":true,"href":"https:\/\/news.sap.com\/portugal\/wp-json\/wp\/v2\/sapn-display?post=1448"},{"taxonomy":"sapn-type","embeddable":true,"href":"https:\/\/news.sap.com\/portugal\/wp-json\/wp\/v2\/sapn-type?post=1448"}],"curies":[{"name":"wp","href":"https:\/\/api.w.org\/{rel}","templated":true}]}}