{"id":1491,"date":"2020-04-21T17:00:44","date_gmt":"2020-04-21T17:00:44","guid":{"rendered":"https:\/\/news.sap.com\/portugal\/?p=1491"},"modified":"2020-04-29T17:07:45","modified_gmt":"2020-04-29T17:07:45","slug":"christian-klein-assume-funcoes-como-unico-ceo-da-sap","status":"publish","type":"post","link":"https:\/\/news.sap.com\/portugal\/2020\/04\/christian-klein-assume-funcoes-como-unico-ceo-da-sap\/","title":{"rendered":"Christian Klein assume fun\u00e7\u00f5es como \u00fanico CEO da SAP"},"content":{"rendered":"<p>A <a href=\"https:\/\/www.sap.com\/index.html\">SAP SE<\/a> (NYSE: SAP) anuncia que <strong>Christian Klein<\/strong> (39 anos), Co-Chief Executive Officer e membro do Conselho de Administra\u00e7\u00e3o, ser\u00e1 o \u00fanico CEO da empresa. <strong>Jennifer Morgan<\/strong> (48 anos), Co-CEO e membro do Conselho de Administra\u00e7\u00e3o, acordou, com m\u00fatuo consentimento do Conselho de Supervis\u00e3o da SAP SE, que afastar-se-\u00e1 da empresa no dia 30 de abril de 2020.<\/p>\n<p>Mais do que nunca, o atual contexto em que vivemos exige que as empresas adotem a\u00e7\u00f5es imediatas, determinadas e bem apoiadas por uma estrutura de lideran\u00e7a muito clara. Portanto, a decis\u00e3o de transferir o modelo de Co-CEO para o modelo de CEO \u00fanico foi antecipada, de modo a que seja assegurada uma dire\u00e7\u00e3o forte e inequ\u00edvoca nestes tempos de crise sem preced\u00eancia.<\/p>\n<p><em>&#8220;Expresso a minha gratid\u00e3o \u00e0 Jennifer pela sua lideran\u00e7a na SAP, nomeadamente tudo o que ela fez pela empresa, colaboradores e clientes&#8221;<\/em>, refere o<strong> professor Hasso Plattner, presidente do Conselho de Supervis\u00e3o da SAP SE<\/strong>. <em>&#8220;Esta transi\u00e7\u00e3o ocorre num momento de grande incerteza em todo o mundo, mas tenho plena f\u00e9 e confian\u00e7a na vis\u00e3o e nas capacidades de Christian para liderar a SAP na dire\u00e7\u00e3o de um crescimento cont\u00ednuo, com particular enfoque na inova\u00e7\u00e3o e no sucesso dos clientes&#8221;<\/em>.<\/p>\n<p><em>&#8220;Quero agradecer \u00e0 Jennifer pela sua parceria ao longo de muitos anos&#8221;<\/em>, diz <strong>Christian Klein<\/strong>, <strong>CEO da SAP SE e membro do Conselho de Administra\u00e7\u00e3o<\/strong>. <em>\u201cAo longo de toda a transforma\u00e7\u00e3o da SAP, a Jennifer sempre esteve muito concentrada nos clientes, parceiros, acionistas e colaboradores. \u00c9 gra\u00e7as a ela que cri\u00e1mos a nossa s\u00f3lida posi\u00e7\u00e3o nas solu\u00e7\u00f5es de gest\u00e3o de experi\u00eancia. E sei que ela ser\u00e1 sempre uma evangelista da miss\u00e3o da SAP\u201d<\/em>.<\/p>\n<p><em>&#8220;Foi um grande privil\u00e9gio fomentar o crescimento e a inova\u00e7\u00e3o da SAP em muitas \u00e1reas e, mais recentemente, como Co-CEO&#8221;<\/em>, explica <strong>Jennifer Morgan<\/strong>. <em>\u201cCom uma mudan\u00e7a sem precedentes no mundo, tornou-se claro que este \u00e9 o momento certo para a empresa fazer a transi\u00e7\u00e3o para um \u00fanico CEO na lideran\u00e7a de todo o neg\u00f3cio. Agrade\u00e7o a Hasso Plattner pela oportunidade de co-liderar esta grande empresa, e desejo a Christian, ao Conselho de Administra\u00e7\u00e3o e \u00e0 talentosa equipa da SAP os maiores \u00eaxitos na promo\u00e7\u00e3o do progresso da empresa\u201d<\/em>.<\/p>\n<p>Jennifer Morgan ingressou na SAP em 2004 e foi nomeada Co-CEO, juntamente com Klein, em outubro de 2019. Anteriormente, foi a respons\u00e1vel m\u00e1xima do neg\u00f3cio de Cloud, tendo supervisionado a Qualtrics, SAP SuccessFactors, SAP Ariba, SAP Fieldglass, SAP Customer Experience e a SAP Concur. Foi nomeada membro do Conselho de Administra\u00e7\u00e3o em 2017.<\/p>\n","protected":false},"excerpt":{"rendered":"<p>A SAP SE (NYSE: SAP) anuncia que Christian Klein (39 anos), Co-Chief Executive Officer e membro do Conselho de Administra\u00e7\u00e3o, ser\u00e1 o \u00fanico CEO da&#8230;<\/p>\n","protected":false},"author":29,"featured_media":1493,"comment_status":"closed","ping_status":"closed","sticky":false,"template":"","format":"standard","meta":{"footnotes":"","_links_to":"","_links_to_target":""},"categories":[41591],"tags":[],"sapn-display":[],"sapn-type":[4446],"class_list":["post-1491","post","type-post","status-publish","format-standard","has-post-thumbnail","hentry","category-corporativo","sapn-type-press-release"],"yoast_head":"<!-- This site is optimized with the Yoast SEO Premium plugin v27.8 (Yoast SEO v27.8) - https:\/\/yoast.com\/product\/yoast-seo-premium-wordpress\/ -->\n<title>Christian Klein assume fun\u00e7\u00f5es como \u00fanico CEO da SAP - Sala de Imprensa da SAP Portugal<\/title>\n<meta name=\"robots\" content=\"index, follow, max-snippet:-1, max-image-preview:large, max-video-preview:-1\" \/>\n<link rel=\"canonical\" href=\"https:\/\/news.sap.com\/portugal\/2020\/04\/christian-klein-assume-funcoes-como-unico-ceo-da-sap\/\" \/>\n<meta property=\"og:locale\" content=\"pt_PT\" \/>\n<meta property=\"og:type\" content=\"article\" \/>\n<meta property=\"og:title\" content=\"Christian Klein assume fun\u00e7\u00f5es como \u00fanico CEO da SAP\" \/>\n<meta property=\"og:description\" content=\"A SAP SE (NYSE: SAP) anuncia que Christian Klein (39 anos), Co-Chief Executive Officer e membro do Conselho de Administra\u00e7\u00e3o, ser\u00e1 o \u00fanico CEO da...\" \/>\n<meta property=\"og:url\" content=\"https:\/\/news.sap.com\/portugal\/2020\/04\/christian-klein-assume-funcoes-como-unico-ceo-da-sap\/\" \/>\n<meta property=\"og:site_name\" content=\"Sala de Imprensa da SAP Portugal\" \/>\n<meta property=\"article:published_time\" content=\"2020-04-21T17:00:44+00:00\" \/>\n<meta property=\"article:modified_time\" content=\"2020-04-29T17:07:45+00:00\" \/>\n<meta property=\"og:image\" content=\"https:\/\/news.sap.com\/portugal\/files\/2020\/04\/SAP_Locations_Walldorf_2012_003_t@900x600.jpg\" \/>\n\t<meta property=\"og:image:width\" content=\"900\" \/>\n\t<meta property=\"og:image:height\" content=\"600\" \/>\n\t<meta property=\"og:image:type\" content=\"image\/jpeg\" \/>\n<meta name=\"author\" content=\"SAP News\" \/>\n<meta name=\"twitter:card\" content=\"summary_large_image\" \/>\n<meta name=\"twitter:label1\" content=\"Escrito por\" \/>\n\t<meta name=\"twitter:data1\" content=\"SAP News\" \/>\n\t<meta name=\"twitter:label2\" content=\"Tempo estimado de leitura\" \/>\n\t<meta name=\"twitter:data2\" content=\"2 minutos\" \/>\n<script type=\"application\/ld+json\" class=\"yoast-schema-graph\">{\"@context\":\"https:\\\/\\\/schema.org\",\"@graph\":[{\"@type\":\"Article\",\"@id\":\"https:\\\/\\\/news.sap.com\\\/portugal\\\/2020\\\/04\\\/christian-klein-assume-funcoes-como-unico-ceo-da-sap\\\/#article\",\"isPartOf\":{\"@id\":\"https:\\\/\\\/news.sap.com\\\/portugal\\\/2020\\\/04\\\/christian-klein-assume-funcoes-como-unico-ceo-da-sap\\\/\"},\"author\":{\"name\":\"SAP News\",\"@id\":\"https:\\\/\\\/news.sap.com\\\/portugal\\\/#\\\/schema\\\/person\\\/53b9854bd790d6f18f3fc4bbb2ad7570\"},\"headline\":\"Christian Klein assume fun\u00e7\u00f5es como \u00fanico CEO da SAP\",\"datePublished\":\"2020-04-21T17:00:44+00:00\",\"dateModified\":\"2020-04-29T17:07:45+00:00\",\"mainEntityOfPage\":{\"@id\":\"https:\\\/\\\/news.sap.com\\\/portugal\\\/2020\\\/04\\\/christian-klein-assume-funcoes-como-unico-ceo-da-sap\\\/\"},\"wordCount\":455,\"image\":{\"@id\":\"https:\\\/\\\/news.sap.com\\\/portugal\\\/2020\\\/04\\\/christian-klein-assume-funcoes-como-unico-ceo-da-sap\\\/#primaryimage\"},\"thumbnailUrl\":\"https:\\\/\\\/news.sap.com\\\/portugal\\\/files\\\/2020\\\/04\\\/SAP_Locations_Walldorf_2012_003_t@900x600.jpg\",\"articleSection\":[\"Corporativo\"],\"inLanguage\":\"pt-PT\"},{\"@type\":\"WebPage\",\"@id\":\"https:\\\/\\\/news.sap.com\\\/portugal\\\/2020\\\/04\\\/christian-klein-assume-funcoes-como-unico-ceo-da-sap\\\/\",\"url\":\"https:\\\/\\\/news.sap.com\\\/portugal\\\/2020\\\/04\\\/christian-klein-assume-funcoes-como-unico-ceo-da-sap\\\/\",\"name\":\"Christian Klein assume fun\u00e7\u00f5es como \u00fanico CEO da SAP - Sala de Imprensa da SAP Portugal\",\"isPartOf\":{\"@id\":\"https:\\\/\\\/news.sap.com\\\/portugal\\\/#website\"},\"primaryImageOfPage\":{\"@id\":\"https:\\\/\\\/news.sap.com\\\/portugal\\\/2020\\\/04\\\/christian-klein-assume-funcoes-como-unico-ceo-da-sap\\\/#primaryimage\"},\"image\":{\"@id\":\"https:\\\/\\\/news.sap.com\\\/portugal\\\/2020\\\/04\\\/christian-klein-assume-funcoes-como-unico-ceo-da-sap\\\/#primaryimage\"},\"thumbnailUrl\":\"https:\\\/\\\/news.sap.com\\\/portugal\\\/files\\\/2020\\\/04\\\/SAP_Locations_Walldorf_2012_003_t@900x600.jpg\",\"datePublished\":\"2020-04-21T17:00:44+00:00\",\"dateModified\":\"2020-04-29T17:07:45+00:00\",\"author\":{\"@id\":\"https:\\\/\\\/news.sap.com\\\/portugal\\\/#\\\/schema\\\/person\\\/53b9854bd790d6f18f3fc4bbb2ad7570\"},\"breadcrumb\":{\"@id\":\"https:\\\/\\\/news.sap.com\\\/portugal\\\/2020\\\/04\\\/christian-klein-assume-funcoes-como-unico-ceo-da-sap\\\/#breadcrumb\"},\"inLanguage\":\"pt-PT\",\"potentialAction\":[{\"@type\":\"ReadAction\",\"target\":[\"https:\\\/\\\/news.sap.com\\\/portugal\\\/2020\\\/04\\\/christian-klein-assume-funcoes-como-unico-ceo-da-sap\\\/\"]}]},{\"@type\":\"ImageObject\",\"inLanguage\":\"pt-PT\",\"@id\":\"https:\\\/\\\/news.sap.com\\\/portugal\\\/2020\\\/04\\\/christian-klein-assume-funcoes-como-unico-ceo-da-sap\\\/#primaryimage\",\"url\":\"https:\\\/\\\/news.sap.com\\\/portugal\\\/files\\\/2020\\\/04\\\/SAP_Locations_Walldorf_2012_003_t@900x600.jpg\",\"contentUrl\":\"https:\\\/\\\/news.sap.com\\\/portugal\\\/files\\\/2020\\\/04\\\/SAP_Locations_Walldorf_2012_003_t@900x600.jpg\",\"width\":900,\"height\":600},{\"@type\":\"BreadcrumbList\",\"@id\":\"https:\\\/\\\/news.sap.com\\\/portugal\\\/2020\\\/04\\\/christian-klein-assume-funcoes-como-unico-ceo-da-sap\\\/#breadcrumb\",\"itemListElement\":[{\"@type\":\"ListItem\",\"position\":1,\"name\":\"Home\",\"item\":\"https:\\\/\\\/news.sap.com\\\/portugal\\\/\"},{\"@type\":\"ListItem\",\"position\":2,\"name\":\"Christian Klein assume fun\u00e7\u00f5es como \u00fanico CEO da SAP\"}]},{\"@type\":\"WebSite\",\"@id\":\"https:\\\/\\\/news.sap.com\\\/portugal\\\/#website\",\"url\":\"https:\\\/\\\/news.sap.com\\\/portugal\\\/\",\"name\":\"Sala de Imprensa da SAP Portugal\",\"description\":\"Not\u00edcias sobre SAP Portugal\",\"potentialAction\":[{\"@type\":\"SearchAction\",\"target\":{\"@type\":\"EntryPoint\",\"urlTemplate\":\"https:\\\/\\\/news.sap.com\\\/portugal\\\/?s={search_term_string}\"},\"query-input\":{\"@type\":\"PropertyValueSpecification\",\"valueRequired\":true,\"valueName\":\"search_term_string\"}}],\"inLanguage\":\"pt-PT\"},{\"@type\":\"Person\",\"@id\":\"https:\\\/\\\/news.sap.com\\\/portugal\\\/#\\\/schema\\\/person\\\/53b9854bd790d6f18f3fc4bbb2ad7570\",\"name\":\"SAP News\",\"image\":{\"@type\":\"ImageObject\",\"inLanguage\":\"pt-PT\",\"@id\":\"https:\\\/\\\/news.sap.com\\\/portugal\\\/wp-content\\\/plugins\\\/wp-user-avatars\\\/wp-user-avatars\\\/assets\\\/images\\\/mystery.jpg\",\"url\":\"https:\\\/\\\/news.sap.com\\\/portugal\\\/wp-content\\\/plugins\\\/wp-user-avatars\\\/wp-user-avatars\\\/assets\\\/images\\\/mystery.jpg\",\"contentUrl\":\"https:\\\/\\\/news.sap.com\\\/portugal\\\/wp-content\\\/plugins\\\/wp-user-avatars\\\/wp-user-avatars\\\/assets\\\/images\\\/mystery.jpg\",\"caption\":\"SAP News\"},\"url\":\"https:\\\/\\\/news.sap.com\\\/portugal\\\/author\\\/colleenraftery\\\/\"}]}<\/script>\n<!-- \/ Yoast SEO Premium plugin. -->","yoast_head_json":{"title":"Christian Klein assume fun\u00e7\u00f5es como \u00fanico CEO da SAP - Sala de Imprensa da SAP Portugal","robots":{"index":"index","follow":"follow","max-snippet":"max-snippet:-1","max-image-preview":"max-image-preview:large","max-video-preview":"max-video-preview:-1"},"canonical":"https:\/\/news.sap.com\/portugal\/2020\/04\/christian-klein-assume-funcoes-como-unico-ceo-da-sap\/","og_locale":"pt_PT","og_type":"article","og_title":"Christian Klein assume fun\u00e7\u00f5es como \u00fanico CEO da SAP","og_description":"A SAP SE (NYSE: SAP) anuncia que Christian Klein (39 anos), Co-Chief Executive Officer e membro do Conselho de Administra\u00e7\u00e3o, ser\u00e1 o \u00fanico CEO da...","og_url":"https:\/\/news.sap.com\/portugal\/2020\/04\/christian-klein-assume-funcoes-como-unico-ceo-da-sap\/","og_site_name":"Sala de Imprensa da SAP Portugal","article_published_time":"2020-04-21T17:00:44+00:00","article_modified_time":"2020-04-29T17:07:45+00:00","og_image":[{"width":900,"height":600,"url":"https:\/\/news.sap.com\/portugal\/files\/2020\/04\/SAP_Locations_Walldorf_2012_003_t@900x600.jpg","type":"image\/jpeg"}],"author":"SAP News","twitter_card":"summary_large_image","twitter_misc":{"Escrito por":"SAP News","Tempo estimado de leitura":"2 minutos"},"schema":{"@context":"https:\/\/schema.org","@graph":[{"@type":"Article","@id":"https:\/\/news.sap.com\/portugal\/2020\/04\/christian-klein-assume-funcoes-como-unico-ceo-da-sap\/#article","isPartOf":{"@id":"https:\/\/news.sap.com\/portugal\/2020\/04\/christian-klein-assume-funcoes-como-unico-ceo-da-sap\/"},"author":{"name":"SAP News","@id":"https:\/\/news.sap.com\/portugal\/#\/schema\/person\/53b9854bd790d6f18f3fc4bbb2ad7570"},"headline":"Christian Klein assume fun\u00e7\u00f5es como \u00fanico CEO da SAP","datePublished":"2020-04-21T17:00:44+00:00","dateModified":"2020-04-29T17:07:45+00:00","mainEntityOfPage":{"@id":"https:\/\/news.sap.com\/portugal\/2020\/04\/christian-klein-assume-funcoes-como-unico-ceo-da-sap\/"},"wordCount":455,"image":{"@id":"https:\/\/news.sap.com\/portugal\/2020\/04\/christian-klein-assume-funcoes-como-unico-ceo-da-sap\/#primaryimage"},"thumbnailUrl":"https:\/\/news.sap.com\/portugal\/files\/2020\/04\/SAP_Locations_Walldorf_2012_003_t@900x600.jpg","articleSection":["Corporativo"],"inLanguage":"pt-PT"},{"@type":"WebPage","@id":"https:\/\/news.sap.com\/portugal\/2020\/04\/christian-klein-assume-funcoes-como-unico-ceo-da-sap\/","url":"https:\/\/news.sap.com\/portugal\/2020\/04\/christian-klein-assume-funcoes-como-unico-ceo-da-sap\/","name":"Christian Klein assume fun\u00e7\u00f5es como \u00fanico CEO da SAP - Sala de Imprensa da SAP Portugal","isPartOf":{"@id":"https:\/\/news.sap.com\/portugal\/#website"},"primaryImageOfPage":{"@id":"https:\/\/news.sap.com\/portugal\/2020\/04\/christian-klein-assume-funcoes-como-unico-ceo-da-sap\/#primaryimage"},"image":{"@id":"https:\/\/news.sap.com\/portugal\/2020\/04\/christian-klein-assume-funcoes-como-unico-ceo-da-sap\/#primaryimage"},"thumbnailUrl":"https:\/\/news.sap.com\/portugal\/files\/2020\/04\/SAP_Locations_Walldorf_2012_003_t@900x600.jpg","datePublished":"2020-04-21T17:00:44+00:00","dateModified":"2020-04-29T17:07:45+00:00","author":{"@id":"https:\/\/news.sap.com\/portugal\/#\/schema\/person\/53b9854bd790d6f18f3fc4bbb2ad7570"},"breadcrumb":{"@id":"https:\/\/news.sap.com\/portugal\/2020\/04\/christian-klein-assume-funcoes-como-unico-ceo-da-sap\/#breadcrumb"},"inLanguage":"pt-PT","potentialAction":[{"@type":"ReadAction","target":["https:\/\/news.sap.com\/portugal\/2020\/04\/christian-klein-assume-funcoes-como-unico-ceo-da-sap\/"]}]},{"@type":"ImageObject","inLanguage":"pt-PT","@id":"https:\/\/news.sap.com\/portugal\/2020\/04\/christian-klein-assume-funcoes-como-unico-ceo-da-sap\/#primaryimage","url":"https:\/\/news.sap.com\/portugal\/files\/2020\/04\/SAP_Locations_Walldorf_2012_003_t@900x600.jpg","contentUrl":"https:\/\/news.sap.com\/portugal\/files\/2020\/04\/SAP_Locations_Walldorf_2012_003_t@900x600.jpg","width":900,"height":600},{"@type":"BreadcrumbList","@id":"https:\/\/news.sap.com\/portugal\/2020\/04\/christian-klein-assume-funcoes-como-unico-ceo-da-sap\/#breadcrumb","itemListElement":[{"@type":"ListItem","position":1,"name":"Home","item":"https:\/\/news.sap.com\/portugal\/"},{"@type":"ListItem","position":2,"name":"Christian Klein assume fun\u00e7\u00f5es como \u00fanico CEO da SAP"}]},{"@type":"WebSite","@id":"https:\/\/news.sap.com\/portugal\/#website","url":"https:\/\/news.sap.com\/portugal\/","name":"Sala de Imprensa da SAP Portugal","description":"Not\u00edcias sobre SAP Portugal","potentialAction":[{"@type":"SearchAction","target":{"@type":"EntryPoint","urlTemplate":"https:\/\/news.sap.com\/portugal\/?s={search_term_string}"},"query-input":{"@type":"PropertyValueSpecification","valueRequired":true,"valueName":"search_term_string"}}],"inLanguage":"pt-PT"},{"@type":"Person","@id":"https:\/\/news.sap.com\/portugal\/#\/schema\/person\/53b9854bd790d6f18f3fc4bbb2ad7570","name":"SAP News","image":{"@type":"ImageObject","inLanguage":"pt-PT","@id":"https:\/\/news.sap.com\/portugal\/wp-content\/plugins\/wp-user-avatars\/wp-user-avatars\/assets\/images\/mystery.jpg","url":"https:\/\/news.sap.com\/portugal\/wp-content\/plugins\/wp-user-avatars\/wp-user-avatars\/assets\/images\/mystery.jpg","contentUrl":"https:\/\/news.sap.com\/portugal\/wp-content\/plugins\/wp-user-avatars\/wp-user-avatars\/assets\/images\/mystery.jpg","caption":"SAP News"},"url":"https:\/\/news.sap.com\/portugal\/author\/colleenraftery\/"}]}},"amp_enabled":true,"_links":{"self":[{"href":"https:\/\/news.sap.com\/portugal\/wp-json\/wp\/v2\/posts\/1491","targetHints":{"allow":["GET"]}}],"collection":[{"href":"https:\/\/news.sap.com\/portugal\/wp-json\/wp\/v2\/posts"}],"about":[{"href":"https:\/\/news.sap.com\/portugal\/wp-json\/wp\/v2\/types\/post"}],"author":[{"embeddable":true,"href":"https:\/\/news.sap.com\/portugal\/wp-json\/wp\/v2\/users\/29"}],"replies":[{"embeddable":true,"href":"https:\/\/news.sap.com\/portugal\/wp-json\/wp\/v2\/comments?post=1491"}],"version-history":[{"count":0,"href":"https:\/\/news.sap.com\/portugal\/wp-json\/wp\/v2\/posts\/1491\/revisions"}],"wp:featuredmedia":[{"embeddable":true,"href":"https:\/\/news.sap.com\/portugal\/wp-json\/wp\/v2\/media\/1493"}],"wp:attachment":[{"href":"https:\/\/news.sap.com\/portugal\/wp-json\/wp\/v2\/media?parent=1491"}],"wp:term":[{"taxonomy":"category","embeddable":true,"href":"https:\/\/news.sap.com\/portugal\/wp-json\/wp\/v2\/categories?post=1491"},{"taxonomy":"post_tag","embeddable":true,"href":"https:\/\/news.sap.com\/portugal\/wp-json\/wp\/v2\/tags?post=1491"},{"taxonomy":"sapn-display","embeddable":true,"href":"https:\/\/news.sap.com\/portugal\/wp-json\/wp\/v2\/sapn-display?post=1491"},{"taxonomy":"sapn-type","embeddable":true,"href":"https:\/\/news.sap.com\/portugal\/wp-json\/wp\/v2\/sapn-type?post=1491"}],"curies":[{"name":"wp","href":"https:\/\/api.w.org\/{rel}","templated":true}]}}