{"id":1901,"date":"2022-11-16T12:59:36","date_gmt":"2022-11-16T12:59:36","guid":{"rendered":"https:\/\/news.sap.com\/portugal\/?p=1901"},"modified":"2024-08-15T15:00:30","modified_gmt":"2024-08-15T15:00:30","slug":"sap-lanca-sap-build-para-levar-aos-profissionais-de-negocio-a-capacidade-de-criacao-de-aplicacoes-low-code","status":"publish","type":"post","link":"https:\/\/news.sap.com\/portugal\/2022\/11\/sap-lanca-sap-build-para-levar-aos-profissionais-de-negocio-a-capacidade-de-criacao-de-aplicacoes-low-code\/","title":{"rendered":"SAP lan\u00e7a SAP Build para levar aos profissionais de neg\u00f3cio a capacidade de cria\u00e7\u00e3o de aplica\u00e7\u00f5es low-code"},"content":{"rendered":"<p style=\"text-align: left\"><em>SAP estabelece parceria com Coursera para capacitar uma nova gera\u00e7\u00e3o de programadores<\/em><\/p>\n<p class=\"lead\"><em><strong>LISBOA &#8211;<\/strong>\u00a0<\/em>A <a href=\"http:\/\/www.sap.com\/\">SAP SE<\/a> (NYSE: SAP) anuncia, na confer\u00eancia SAP TechEd em Las Vegas, o lan\u00e7amento de uma poderosa e nova oferta, que vem impulsionar a pr\u00f3xima vaga de transforma\u00e7\u00e3o empresarial, ao despertar o potencial e o conhecimento daqueles que melhor entendem o neg\u00f3cio: os utilizadores das \u00e1reas de neg\u00f3cio (<em>business users)<\/em>.<\/p>\n<p>Baseado na profundidade e amplitude \u00fanicas da SAP Business Technology Platform, o SAP Build \u00e9 uma solu\u00e7\u00e3o <em>low-code<\/em> que coloca a extraordin\u00e1ria tecnologia para empresas da SAP nas m\u00e3os dos utilizadores das \u00e1reas de neg\u00f3cio. O objetivo \u00e9 que estes profissionais passem a ter acesso direto e seguro aos processos, do princ\u00edpio ao fim (end-to-end), aos dados e contexto que necessitam para tomarem decis\u00f5es mais inteligentes, ao mesmo tempo que introduzem inova\u00e7\u00e3o de forma mais c\u00e9lere. A oferta permite aos profissionais corporativos, mesmo com reduzido conhecimento t\u00e9cnico, criarem e ampliarem aplica\u00e7\u00f5es empresariais, automatizarem processos e desenharem sites empresariais, com a simplicidade da fun\u00e7\u00e3o de \u201carrastar e largar\u201d (<em>drag-and-drop)<\/em>.<\/p>\n<p><em>&#8220;O SAP Build junta as aplica\u00e7\u00f5es empresariais mais potentes do mundo com uma plataforma que foi desenhada para rapidamente desencadear a per\u00edcia dos especialistas de neg\u00f3cio&#8221;<\/em>, refere <strong>Juergen Mueller<\/strong>, <strong>membro do conselho executivo e Chief Technology Officer da SAP<\/strong>. <em>&#8220;Num panorama empresarial vol\u00e1til, o SAP Build e o conjunto completo de inova\u00e7\u00f5es que estamos a lan\u00e7ar &#8211; desde a nossa nova parceria com a Coursera \u00e0s melhorias em todo o nosso portef\u00f3lio de solu\u00e7\u00f5es de neg\u00f3cio -, ajudam os clientes a prepararem o seu neg\u00f3cio para o futuro e extra\u00edrem o m\u00e1ximo valor dos seus investimentos em tecnologia&#8221;<\/em>.<\/p>\n<p>Com o SAP Build, os utilizadores das \u00e1reas de neg\u00f3cio passam a ter ao seu alcance todo o potencial da SAP Business Technology Platform e dos dados das aplica\u00e7\u00f5es de gest\u00e3o da SAP. Os utilizadores podem facilmente integrar sistemas; monitorizar, analisar e automatizar processos de forma inteligente e; construir aplica\u00e7\u00f5es para a \u00faltima milha de inova\u00e7\u00e3o, sem transferirem os seus dados para um sistema externo. Com as solu\u00e7\u00f5es SAP Signavio integradas de forma nativa, os utilizadores de SAP Build tamb\u00e9m obt\u00eam uma visibilidade em profundidade de todos os seus processos, de modo a saberem onde concentrar-se para conseguirem o maior impacto \u00e0 medida que inovam e automatizam. Mais de 275 mil pontos de refer\u00eancia de processos de 4 mil clientes, bem como 1.300 fluxos de trabalho e automa\u00e7\u00f5es espec\u00edficas de casos de uso, permitem que os utilizadores aproveitem instantaneamente todo o espectro de conhecimento de neg\u00f3cio incorporado na tecnologia da SAP.<\/p>\n<p>O SAP Build tamb\u00e9m funciona com sistemas de software n\u00e3o-SAP. O novo programa SAP Builders ajuda os utilizadores a crescerem rapidamente e a conectarem-se com os seus pares, atrav\u00e9s de sess\u00f5es pr\u00e1ticas e f\u00f3runs de partilha das melhores pr\u00e1ticas.<\/p>\n<p><em>\u201cTendo em conta que a procura de solu\u00e7\u00f5es digitais contempor\u00e2neas \u00e9 maior que a capacidade dos programadores profissionais para as fornecer, a IDC prev\u00ea que os profissionais de neg\u00f3cio se envolvam, cada vez mais, nas iniciativas de cria\u00e7\u00e3o de solu\u00e7\u00f5es digitais que resolvem os problemas de neg\u00f3cio mais imediatos\u201d<\/em>, explica <strong>Arnal Dayaratna<\/strong>, <strong>Vice-Presidente de Investiga\u00e7\u00e3o<\/strong>, <strong>Desenvolvimento de Software<\/strong>, <strong>IDC<\/strong>. <em>&#8220;Ao n\u00edvel mundial, a IDC espera que mais de 100 milh\u00f5es de profissionais nas empresas se envolvam na produ\u00e7\u00e3o de solu\u00e7\u00f5es digitais nos pr\u00f3ximos 10 anos. As solu\u00e7\u00f5es de desenvolvimento low-code do SAP Build capacitam os utilizadores empresariais a aproveitar o dom\u00ednio do seu neg\u00f3cio para rapidamente constru\u00edrem solu\u00e7\u00f5es digitais em escala&#8221;<\/em>.<\/p>\n<p>O SAP Build j\u00e1 est\u00e1 a demonstrar impacto. <em>&#8220;Gra\u00e7as ao SAP Build, constru\u00edmos facilmente uma melhor experi\u00eancia para os nossos clientes, com uma redu\u00e7\u00e3o dr\u00e1stica dos custos de desenvolvimento em 90%&#8221;<\/em>, afirma <strong>Spencer Cook<\/strong>, <strong>XM Advocates Lead<\/strong> <strong>na <\/strong><a href=\"https:\/\/www.qualtrics.com\/\"><strong>Qualtrics<\/strong><\/a>, uma empresa l\u00edder em gest\u00e3o de experi\u00eancia. <em>&#8220;Fui capaz de construir rapidamente uma aplica\u00e7\u00e3o para melhorar o nosso programa de refer\u00eancias de clientes, com vista a catapultar a satisfa\u00e7\u00e3o dos nossos clientes&#8221;<\/em>.<\/p>\n<p>\u00c0 medida que cada empresa se torna numa empresa tecnol\u00f3gica, a SAP tamb\u00e9m reconhece a crescente import\u00e2ncia atribu\u00edda \u00e0s compet\u00eancias e conhecimentos que s\u00f3 os programadores profissionais podem facultar. Nesse sentido, a SAP est\u00e1 comprometida a capacitar dois milh\u00f5es de programadores, em todo o mundo, at\u00e9 2025, triplicando a sua oferta de forma\u00e7\u00e3o gratuita no <a href=\"https:\/\/learning.sap.com\/student-zone?source=text-prdteng\">site SAP Learning<\/a> e estabelecendo uma parceria com a fornecedora da plataforma de forma\u00e7\u00e3o de classe mundial, Coursera Inc., de forma a ajudar as pessoas a empreender carreiras dentro do ecossistema SAP e a capacitar audi\u00eancias desfavorecidas em tecnologia.<\/p>\n<p><em>&#8220;Tenho o prazer de anunciar que a SAP est\u00e1 a lan\u00e7ar uma certifica\u00e7\u00e3o profissional de n\u00edvel inicial no Coursera. Esta certifica\u00e7\u00e3o foi concebida para principiantes de todas as origens, sem qualquer diploma universit\u00e1rio ou experi\u00eancia na ind\u00fastria&#8221;<\/em>, diz <strong>Jeff Maggioncalda<\/strong>, <strong>CEO da Coursera Inc.<\/strong>. <em>&#8220;Ir\u00e1 preparar os alunos para fun\u00e7\u00f5es que requerem um n\u00edvel b\u00e1sico e em algumas das \u00e1reas mais procuradas. \u00c9 uma honra estabelecer esta parceria com a SAP, com o objetivo de aumentarmos o acesso \u00e0s compet\u00eancias de trabalho e de expans\u00e3o das oportunidades econ\u00f3micas para todos&#8221;<\/em>.<\/p>\n<p>Estes an\u00fancios inserem-se num conjunto de novidades anunciadas no SAP TechEd, para auxiliar os clientes e parceiros da SAP a impulsionarem a transforma\u00e7\u00e3o necess\u00e1ria ao seu sucesso. Desde um nov\u00edssimo ponto de entrada, nativo na Internet, para as aplica\u00e7\u00f5es empresariais, que aumenta a produtividade na cloud, at\u00e9 \u00e0s inova\u00e7\u00f5es nas aplica\u00e7\u00f5es inteligentes da SAP, nas solu\u00e7\u00f5es SAP Digital Supply Chain e nas solu\u00e7\u00f5es SAP para a sustentabilidade, o SAP TechEd 2022 est\u00e1 a promover o potencial das empresas. Saiba mais no nosso News Guide, <a href=\"https:\/\/www.sap.com\/about\/events\/teched\/teched-news-guide.html\">aqui<\/a>.<\/p>\n","protected":false},"excerpt":{"rendered":"<p>SAP estabelece parceria com Coursera para capacitar uma nova gera\u00e7\u00e3o de programadores LISBOA &#8211;\u00a0A SAP SE (NYSE: SAP) anuncia, na confer\u00eancia SAP TechEd em Las&#8230;<\/p>\n","protected":false},"author":29,"featured_media":1902,"comment_status":"closed","ping_status":"closed","sticky":false,"template":"","format":"standard","meta":{"footnotes":"","_links_to":"","_links_to_target":""},"categories":[5562875,5562873,12872],"tags":[5562798,5562717,5562799,5562739],"sapn-display":[45149],"sapn-type":[4446],"class_list":["post-1901","post","type-post","status-publish","format-standard","has-post-thumbnail","hentry","category-aprendizagem","category-business-technology-platform","category-eventos","tag-coursera","tag-sap-btp","tag-sap-build","tag-sap-teched","sapn-display-homepage-hero","sapn-type-press-release"],"yoast_head":"<!-- This site is optimized with the Yoast SEO Premium plugin v27.8 (Yoast SEO v27.8) - https:\/\/yoast.com\/product\/yoast-seo-premium-wordpress\/ -->\n<title>SAP lan\u00e7a SAP Build para levar aos profissionais de neg\u00f3cio a capacidade de cria\u00e7\u00e3o de aplica\u00e7\u00f5es low-code - Sala de Imprensa da SAP Portugal<\/title>\n<meta name=\"robots\" content=\"index, follow, max-snippet:-1, max-image-preview:large, max-video-preview:-1\" \/>\n<link rel=\"canonical\" href=\"https:\/\/news.sap.com\/portugal\/2022\/11\/sap-lanca-sap-build-para-levar-aos-profissionais-de-negocio-a-capacidade-de-criacao-de-aplicacoes-low-code\/\" \/>\n<meta property=\"og:locale\" content=\"pt_PT\" \/>\n<meta property=\"og:type\" content=\"article\" \/>\n<meta property=\"og:title\" content=\"SAP lan\u00e7a SAP Build para levar aos profissionais de neg\u00f3cio a capacidade de cria\u00e7\u00e3o de aplica\u00e7\u00f5es low-code\" \/>\n<meta property=\"og:description\" content=\"SAP estabelece parceria com Coursera para capacitar uma nova gera\u00e7\u00e3o de programadores LISBOA &#8211;\u00a0A SAP SE (NYSE: SAP) anuncia, na confer\u00eancia SAP TechEd em Las...\" \/>\n<meta property=\"og:url\" content=\"https:\/\/news.sap.com\/portugal\/2022\/11\/sap-lanca-sap-build-para-levar-aos-profissionais-de-negocio-a-capacidade-de-criacao-de-aplicacoes-low-code\/\" \/>\n<meta property=\"og:site_name\" content=\"Sala de Imprensa da SAP Portugal\" \/>\n<meta property=\"article:published_time\" content=\"2022-11-16T12:59:36+00:00\" \/>\n<meta property=\"article:modified_time\" content=\"2024-08-15T15:00:30+00:00\" \/>\n<meta property=\"og:image\" content=\"https:\/\/news.sap.com\/portugal\/files\/2022\/11\/16\/294511_GettyImages-1135501976_medium_F.jpg\" \/>\n\t<meta property=\"og:image:width\" content=\"1920\" \/>\n\t<meta property=\"og:image:height\" content=\"600\" \/>\n\t<meta property=\"og:image:type\" content=\"image\/jpeg\" \/>\n<meta name=\"author\" content=\"SAP News\" \/>\n<meta name=\"twitter:card\" content=\"summary_large_image\" \/>\n<meta name=\"twitter:label1\" content=\"Escrito por\" \/>\n\t<meta name=\"twitter:data1\" content=\"SAP News\" \/>\n\t<meta name=\"twitter:label2\" content=\"Tempo estimado de leitura\" \/>\n\t<meta name=\"twitter:data2\" content=\"6 minutos\" \/>\n<script type=\"application\/ld+json\" class=\"yoast-schema-graph\">{\"@context\":\"https:\\\/\\\/schema.org\",\"@graph\":[{\"@type\":\"Article\",\"@id\":\"https:\\\/\\\/news.sap.com\\\/portugal\\\/2022\\\/11\\\/sap-lanca-sap-build-para-levar-aos-profissionais-de-negocio-a-capacidade-de-criacao-de-aplicacoes-low-code\\\/#article\",\"isPartOf\":{\"@id\":\"https:\\\/\\\/news.sap.com\\\/portugal\\\/2022\\\/11\\\/sap-lanca-sap-build-para-levar-aos-profissionais-de-negocio-a-capacidade-de-criacao-de-aplicacoes-low-code\\\/\"},\"author\":{\"name\":\"SAP News\",\"@id\":\"https:\\\/\\\/news.sap.com\\\/portugal\\\/#\\\/schema\\\/person\\\/53b9854bd790d6f18f3fc4bbb2ad7570\"},\"headline\":\"SAP lan\u00e7a SAP Build para levar aos profissionais de neg\u00f3cio a capacidade de cria\u00e7\u00e3o de aplica\u00e7\u00f5es low-code\",\"datePublished\":\"2022-11-16T12:59:36+00:00\",\"dateModified\":\"2024-08-15T15:00:30+00:00\",\"mainEntityOfPage\":{\"@id\":\"https:\\\/\\\/news.sap.com\\\/portugal\\\/2022\\\/11\\\/sap-lanca-sap-build-para-levar-aos-profissionais-de-negocio-a-capacidade-de-criacao-de-aplicacoes-low-code\\\/\"},\"wordCount\":1027,\"image\":{\"@id\":\"https:\\\/\\\/news.sap.com\\\/portugal\\\/2022\\\/11\\\/sap-lanca-sap-build-para-levar-aos-profissionais-de-negocio-a-capacidade-de-criacao-de-aplicacoes-low-code\\\/#primaryimage\"},\"thumbnailUrl\":\"https:\\\/\\\/news.sap.com\\\/portugal\\\/files\\\/2022\\\/11\\\/16\\\/294511_GettyImages-1135501976_medium_F.jpg\",\"keywords\":[\"Coursera\",\"SAP BTP\",\"SAP Build\",\"SAP TechEd\"],\"articleSection\":[\"Aprendizagem\",\"Business Technology Platform\",\"Eventos\"],\"inLanguage\":\"pt-PT\"},{\"@type\":\"WebPage\",\"@id\":\"https:\\\/\\\/news.sap.com\\\/portugal\\\/2022\\\/11\\\/sap-lanca-sap-build-para-levar-aos-profissionais-de-negocio-a-capacidade-de-criacao-de-aplicacoes-low-code\\\/\",\"url\":\"https:\\\/\\\/news.sap.com\\\/portugal\\\/2022\\\/11\\\/sap-lanca-sap-build-para-levar-aos-profissionais-de-negocio-a-capacidade-de-criacao-de-aplicacoes-low-code\\\/\",\"name\":\"SAP lan\u00e7a SAP Build para levar aos profissionais de neg\u00f3cio a capacidade de cria\u00e7\u00e3o de aplica\u00e7\u00f5es low-code - Sala de Imprensa da SAP Portugal\",\"isPartOf\":{\"@id\":\"https:\\\/\\\/news.sap.com\\\/portugal\\\/#website\"},\"primaryImageOfPage\":{\"@id\":\"https:\\\/\\\/news.sap.com\\\/portugal\\\/2022\\\/11\\\/sap-lanca-sap-build-para-levar-aos-profissionais-de-negocio-a-capacidade-de-criacao-de-aplicacoes-low-code\\\/#primaryimage\"},\"image\":{\"@id\":\"https:\\\/\\\/news.sap.com\\\/portugal\\\/2022\\\/11\\\/sap-lanca-sap-build-para-levar-aos-profissionais-de-negocio-a-capacidade-de-criacao-de-aplicacoes-low-code\\\/#primaryimage\"},\"thumbnailUrl\":\"https:\\\/\\\/news.sap.com\\\/portugal\\\/files\\\/2022\\\/11\\\/16\\\/294511_GettyImages-1135501976_medium_F.jpg\",\"datePublished\":\"2022-11-16T12:59:36+00:00\",\"dateModified\":\"2024-08-15T15:00:30+00:00\",\"author\":{\"@id\":\"https:\\\/\\\/news.sap.com\\\/portugal\\\/#\\\/schema\\\/person\\\/53b9854bd790d6f18f3fc4bbb2ad7570\"},\"breadcrumb\":{\"@id\":\"https:\\\/\\\/news.sap.com\\\/portugal\\\/2022\\\/11\\\/sap-lanca-sap-build-para-levar-aos-profissionais-de-negocio-a-capacidade-de-criacao-de-aplicacoes-low-code\\\/#breadcrumb\"},\"inLanguage\":\"pt-PT\",\"potentialAction\":[{\"@type\":\"ReadAction\",\"target\":[\"https:\\\/\\\/news.sap.com\\\/portugal\\\/2022\\\/11\\\/sap-lanca-sap-build-para-levar-aos-profissionais-de-negocio-a-capacidade-de-criacao-de-aplicacoes-low-code\\\/\"]}]},{\"@type\":\"ImageObject\",\"inLanguage\":\"pt-PT\",\"@id\":\"https:\\\/\\\/news.sap.com\\\/portugal\\\/2022\\\/11\\\/sap-lanca-sap-build-para-levar-aos-profissionais-de-negocio-a-capacidade-de-criacao-de-aplicacoes-low-code\\\/#primaryimage\",\"url\":\"https:\\\/\\\/news.sap.com\\\/portugal\\\/files\\\/2022\\\/11\\\/16\\\/294511_GettyImages-1135501976_medium_F.jpg\",\"contentUrl\":\"https:\\\/\\\/news.sap.com\\\/portugal\\\/files\\\/2022\\\/11\\\/16\\\/294511_GettyImages-1135501976_medium_F.jpg\",\"width\":1920,\"height\":600,\"caption\":\"High angle shot of an attractive young businesswoman looking thoughtful while working on her computer late at night in the office\"},{\"@type\":\"BreadcrumbList\",\"@id\":\"https:\\\/\\\/news.sap.com\\\/portugal\\\/2022\\\/11\\\/sap-lanca-sap-build-para-levar-aos-profissionais-de-negocio-a-capacidade-de-criacao-de-aplicacoes-low-code\\\/#breadcrumb\",\"itemListElement\":[{\"@type\":\"ListItem\",\"position\":1,\"name\":\"Home\",\"item\":\"https:\\\/\\\/news.sap.com\\\/portugal\\\/\"},{\"@type\":\"ListItem\",\"position\":2,\"name\":\"SAP lan\u00e7a SAP Build para levar aos profissionais de neg\u00f3cio a capacidade de cria\u00e7\u00e3o de aplica\u00e7\u00f5es low-code\"}]},{\"@type\":\"WebSite\",\"@id\":\"https:\\\/\\\/news.sap.com\\\/portugal\\\/#website\",\"url\":\"https:\\\/\\\/news.sap.com\\\/portugal\\\/\",\"name\":\"Sala de Imprensa da SAP Portugal\",\"description\":\"Not\u00edcias sobre SAP Portugal\",\"potentialAction\":[{\"@type\":\"SearchAction\",\"target\":{\"@type\":\"EntryPoint\",\"urlTemplate\":\"https:\\\/\\\/news.sap.com\\\/portugal\\\/?s={search_term_string}\"},\"query-input\":{\"@type\":\"PropertyValueSpecification\",\"valueRequired\":true,\"valueName\":\"search_term_string\"}}],\"inLanguage\":\"pt-PT\"},{\"@type\":\"Person\",\"@id\":\"https:\\\/\\\/news.sap.com\\\/portugal\\\/#\\\/schema\\\/person\\\/53b9854bd790d6f18f3fc4bbb2ad7570\",\"name\":\"SAP News\",\"image\":{\"@type\":\"ImageObject\",\"inLanguage\":\"pt-PT\",\"@id\":\"https:\\\/\\\/news.sap.com\\\/portugal\\\/wp-content\\\/plugins\\\/wp-user-avatars\\\/wp-user-avatars\\\/assets\\\/images\\\/mystery.jpg\",\"url\":\"https:\\\/\\\/news.sap.com\\\/portugal\\\/wp-content\\\/plugins\\\/wp-user-avatars\\\/wp-user-avatars\\\/assets\\\/images\\\/mystery.jpg\",\"contentUrl\":\"https:\\\/\\\/news.sap.com\\\/portugal\\\/wp-content\\\/plugins\\\/wp-user-avatars\\\/wp-user-avatars\\\/assets\\\/images\\\/mystery.jpg\",\"caption\":\"SAP News\"},\"url\":\"https:\\\/\\\/news.sap.com\\\/portugal\\\/author\\\/colleenraftery\\\/\"}]}<\/script>\n<!-- \/ Yoast SEO Premium plugin. -->","yoast_head_json":{"title":"SAP lan\u00e7a SAP Build para levar aos profissionais de neg\u00f3cio a capacidade de cria\u00e7\u00e3o de aplica\u00e7\u00f5es low-code - Sala de Imprensa da SAP Portugal","robots":{"index":"index","follow":"follow","max-snippet":"max-snippet:-1","max-image-preview":"max-image-preview:large","max-video-preview":"max-video-preview:-1"},"canonical":"https:\/\/news.sap.com\/portugal\/2022\/11\/sap-lanca-sap-build-para-levar-aos-profissionais-de-negocio-a-capacidade-de-criacao-de-aplicacoes-low-code\/","og_locale":"pt_PT","og_type":"article","og_title":"SAP lan\u00e7a SAP Build para levar aos profissionais de neg\u00f3cio a capacidade de cria\u00e7\u00e3o de aplica\u00e7\u00f5es low-code","og_description":"SAP estabelece parceria com Coursera para capacitar uma nova gera\u00e7\u00e3o de programadores LISBOA &#8211;\u00a0A SAP SE (NYSE: SAP) anuncia, na confer\u00eancia SAP TechEd em Las...","og_url":"https:\/\/news.sap.com\/portugal\/2022\/11\/sap-lanca-sap-build-para-levar-aos-profissionais-de-negocio-a-capacidade-de-criacao-de-aplicacoes-low-code\/","og_site_name":"Sala de Imprensa da SAP Portugal","article_published_time":"2022-11-16T12:59:36+00:00","article_modified_time":"2024-08-15T15:00:30+00:00","og_image":[{"width":1920,"height":600,"url":"https:\/\/news.sap.com\/portugal\/files\/2022\/11\/16\/294511_GettyImages-1135501976_medium_F.jpg","type":"image\/jpeg"}],"author":"SAP News","twitter_card":"summary_large_image","twitter_misc":{"Escrito por":"SAP News","Tempo estimado de leitura":"6 minutos"},"schema":{"@context":"https:\/\/schema.org","@graph":[{"@type":"Article","@id":"https:\/\/news.sap.com\/portugal\/2022\/11\/sap-lanca-sap-build-para-levar-aos-profissionais-de-negocio-a-capacidade-de-criacao-de-aplicacoes-low-code\/#article","isPartOf":{"@id":"https:\/\/news.sap.com\/portugal\/2022\/11\/sap-lanca-sap-build-para-levar-aos-profissionais-de-negocio-a-capacidade-de-criacao-de-aplicacoes-low-code\/"},"author":{"name":"SAP News","@id":"https:\/\/news.sap.com\/portugal\/#\/schema\/person\/53b9854bd790d6f18f3fc4bbb2ad7570"},"headline":"SAP lan\u00e7a SAP Build para levar aos profissionais de neg\u00f3cio a capacidade de cria\u00e7\u00e3o de aplica\u00e7\u00f5es low-code","datePublished":"2022-11-16T12:59:36+00:00","dateModified":"2024-08-15T15:00:30+00:00","mainEntityOfPage":{"@id":"https:\/\/news.sap.com\/portugal\/2022\/11\/sap-lanca-sap-build-para-levar-aos-profissionais-de-negocio-a-capacidade-de-criacao-de-aplicacoes-low-code\/"},"wordCount":1027,"image":{"@id":"https:\/\/news.sap.com\/portugal\/2022\/11\/sap-lanca-sap-build-para-levar-aos-profissionais-de-negocio-a-capacidade-de-criacao-de-aplicacoes-low-code\/#primaryimage"},"thumbnailUrl":"https:\/\/news.sap.com\/portugal\/files\/2022\/11\/16\/294511_GettyImages-1135501976_medium_F.jpg","keywords":["Coursera","SAP BTP","SAP Build","SAP TechEd"],"articleSection":["Aprendizagem","Business Technology Platform","Eventos"],"inLanguage":"pt-PT"},{"@type":"WebPage","@id":"https:\/\/news.sap.com\/portugal\/2022\/11\/sap-lanca-sap-build-para-levar-aos-profissionais-de-negocio-a-capacidade-de-criacao-de-aplicacoes-low-code\/","url":"https:\/\/news.sap.com\/portugal\/2022\/11\/sap-lanca-sap-build-para-levar-aos-profissionais-de-negocio-a-capacidade-de-criacao-de-aplicacoes-low-code\/","name":"SAP lan\u00e7a SAP Build para levar aos profissionais de neg\u00f3cio a capacidade de cria\u00e7\u00e3o de aplica\u00e7\u00f5es low-code - Sala de Imprensa da SAP Portugal","isPartOf":{"@id":"https:\/\/news.sap.com\/portugal\/#website"},"primaryImageOfPage":{"@id":"https:\/\/news.sap.com\/portugal\/2022\/11\/sap-lanca-sap-build-para-levar-aos-profissionais-de-negocio-a-capacidade-de-criacao-de-aplicacoes-low-code\/#primaryimage"},"image":{"@id":"https:\/\/news.sap.com\/portugal\/2022\/11\/sap-lanca-sap-build-para-levar-aos-profissionais-de-negocio-a-capacidade-de-criacao-de-aplicacoes-low-code\/#primaryimage"},"thumbnailUrl":"https:\/\/news.sap.com\/portugal\/files\/2022\/11\/16\/294511_GettyImages-1135501976_medium_F.jpg","datePublished":"2022-11-16T12:59:36+00:00","dateModified":"2024-08-15T15:00:30+00:00","author":{"@id":"https:\/\/news.sap.com\/portugal\/#\/schema\/person\/53b9854bd790d6f18f3fc4bbb2ad7570"},"breadcrumb":{"@id":"https:\/\/news.sap.com\/portugal\/2022\/11\/sap-lanca-sap-build-para-levar-aos-profissionais-de-negocio-a-capacidade-de-criacao-de-aplicacoes-low-code\/#breadcrumb"},"inLanguage":"pt-PT","potentialAction":[{"@type":"ReadAction","target":["https:\/\/news.sap.com\/portugal\/2022\/11\/sap-lanca-sap-build-para-levar-aos-profissionais-de-negocio-a-capacidade-de-criacao-de-aplicacoes-low-code\/"]}]},{"@type":"ImageObject","inLanguage":"pt-PT","@id":"https:\/\/news.sap.com\/portugal\/2022\/11\/sap-lanca-sap-build-para-levar-aos-profissionais-de-negocio-a-capacidade-de-criacao-de-aplicacoes-low-code\/#primaryimage","url":"https:\/\/news.sap.com\/portugal\/files\/2022\/11\/16\/294511_GettyImages-1135501976_medium_F.jpg","contentUrl":"https:\/\/news.sap.com\/portugal\/files\/2022\/11\/16\/294511_GettyImages-1135501976_medium_F.jpg","width":1920,"height":600,"caption":"High angle shot of an attractive young businesswoman looking thoughtful while working on her computer late at night in the office"},{"@type":"BreadcrumbList","@id":"https:\/\/news.sap.com\/portugal\/2022\/11\/sap-lanca-sap-build-para-levar-aos-profissionais-de-negocio-a-capacidade-de-criacao-de-aplicacoes-low-code\/#breadcrumb","itemListElement":[{"@type":"ListItem","position":1,"name":"Home","item":"https:\/\/news.sap.com\/portugal\/"},{"@type":"ListItem","position":2,"name":"SAP lan\u00e7a SAP Build para levar aos profissionais de neg\u00f3cio a capacidade de cria\u00e7\u00e3o de aplica\u00e7\u00f5es low-code"}]},{"@type":"WebSite","@id":"https:\/\/news.sap.com\/portugal\/#website","url":"https:\/\/news.sap.com\/portugal\/","name":"Sala de Imprensa da SAP Portugal","description":"Not\u00edcias sobre SAP Portugal","potentialAction":[{"@type":"SearchAction","target":{"@type":"EntryPoint","urlTemplate":"https:\/\/news.sap.com\/portugal\/?s={search_term_string}"},"query-input":{"@type":"PropertyValueSpecification","valueRequired":true,"valueName":"search_term_string"}}],"inLanguage":"pt-PT"},{"@type":"Person","@id":"https:\/\/news.sap.com\/portugal\/#\/schema\/person\/53b9854bd790d6f18f3fc4bbb2ad7570","name":"SAP News","image":{"@type":"ImageObject","inLanguage":"pt-PT","@id":"https:\/\/news.sap.com\/portugal\/wp-content\/plugins\/wp-user-avatars\/wp-user-avatars\/assets\/images\/mystery.jpg","url":"https:\/\/news.sap.com\/portugal\/wp-content\/plugins\/wp-user-avatars\/wp-user-avatars\/assets\/images\/mystery.jpg","contentUrl":"https:\/\/news.sap.com\/portugal\/wp-content\/plugins\/wp-user-avatars\/wp-user-avatars\/assets\/images\/mystery.jpg","caption":"SAP News"},"url":"https:\/\/news.sap.com\/portugal\/author\/colleenraftery\/"}]}},"amp_enabled":true,"_links":{"self":[{"href":"https:\/\/news.sap.com\/portugal\/wp-json\/wp\/v2\/posts\/1901","targetHints":{"allow":["GET"]}}],"collection":[{"href":"https:\/\/news.sap.com\/portugal\/wp-json\/wp\/v2\/posts"}],"about":[{"href":"https:\/\/news.sap.com\/portugal\/wp-json\/wp\/v2\/types\/post"}],"author":[{"embeddable":true,"href":"https:\/\/news.sap.com\/portugal\/wp-json\/wp\/v2\/users\/29"}],"replies":[{"embeddable":true,"href":"https:\/\/news.sap.com\/portugal\/wp-json\/wp\/v2\/comments?post=1901"}],"version-history":[{"count":0,"href":"https:\/\/news.sap.com\/portugal\/wp-json\/wp\/v2\/posts\/1901\/revisions"}],"wp:featuredmedia":[{"embeddable":true,"href":"https:\/\/news.sap.com\/portugal\/wp-json\/wp\/v2\/media\/1902"}],"wp:attachment":[{"href":"https:\/\/news.sap.com\/portugal\/wp-json\/wp\/v2\/media?parent=1901"}],"wp:term":[{"taxonomy":"category","embeddable":true,"href":"https:\/\/news.sap.com\/portugal\/wp-json\/wp\/v2\/categories?post=1901"},{"taxonomy":"post_tag","embeddable":true,"href":"https:\/\/news.sap.com\/portugal\/wp-json\/wp\/v2\/tags?post=1901"},{"taxonomy":"sapn-display","embeddable":true,"href":"https:\/\/news.sap.com\/portugal\/wp-json\/wp\/v2\/sapn-display?post=1901"},{"taxonomy":"sapn-type","embeddable":true,"href":"https:\/\/news.sap.com\/portugal\/wp-json\/wp\/v2\/sapn-type?post=1901"}],"curies":[{"name":"wp","href":"https:\/\/api.w.org\/{rel}","templated":true}]}}