{"id":1909,"date":"2022-11-30T12:08:46","date_gmt":"2022-11-30T12:08:46","guid":{"rendered":"https:\/\/news.sap.com\/portugal\/?p=1909"},"modified":"2022-11-30T12:08:48","modified_gmt":"2022-11-30T12:08:48","slug":"sap-e-lagoas-park-unem-se-em-semana-de-sustentabilidade","status":"publish","type":"post","link":"https:\/\/news.sap.com\/portugal\/2022\/11\/sap-e-lagoas-park-unem-se-em-semana-de-sustentabilidade\/","title":{"rendered":"SAP e Lagoas Park unem-se em semana de sustentabilidade"},"content":{"rendered":"<p><em>Liderado pela equipa de sustentabilidade da SAP Portugal, este evento contou com a presen\u00e7a de muitos colaboradores das v\u00e1rias empresas residentes no Lagoas Park<\/em><\/p>\n<p class=\"lead\"><em><strong>Lisboa <\/strong><\/em>&#8211; A SAP Portugal e o Lagoas Park promoveram a <strong>Sustainability Week<\/strong> entre 21 e 25 de novembro. Apoiado pela Comiss\u00e3o Executiva da SAP Portugal, este evento foi organizado por um grupo de colaboradores da SAP e colabora\u00e7\u00e3o do Lagoas Park, com a pretens\u00e3o de destacar um t\u00f3pico que j\u00e1 n\u00e3o \u00e9 apenas uma moda, antes um tema fundamental para o futuro da Humanidade.<\/p>\n<p>Assim, e ao longo destes dias, formaram-se workshops, sess\u00f5es de \u201ccasa aberta\u201d e debates, exatamente para real\u00e7ar o papel a desempenhar, pelo sector privado, numa nova cultura social, ambiental e de governan\u00e7a empresarial (ESG).<\/p>\n<p>O grande destaque da <em>Sustainability Week<\/em> foi a mesa-redonda <em>Conversas +Sustent\u00e1veis<\/em>, moderada por <strong>Joaquim Freire<\/strong>, <strong>Diretor de Neg\u00f3cio Cloud da SAP Portugal<\/strong>, que contou com a presen\u00e7a de <strong>Joana Baptista<\/strong>, <strong>Vereadora da C\u00e2mara Municipal de Oeiras<\/strong>; <strong>Rog\u00e9rio Fonseca<\/strong>, <strong>Membro do Conselho de Administra\u00e7\u00e3o da Teixeira Duarte; Bernardo Freitas<\/strong>, <strong>Head of ESG e Sustainability da CBRE<\/strong> <strong>e<\/strong>; <strong>Paulo Pragana<\/strong>, <strong>Diretor Desenvolvimento de Neg\u00f3cio e Desenvolvimento de Rede da Volvo Car Portugal<\/strong>. O encontro, que decorreu nas instala\u00e7\u00f5es da SAP Portugal, no Lagoas Park, abordou o tema das cidades e das empresas na Sustentabilidade, a mobilidade e constru\u00e7\u00e3o, bem como a import\u00e2ncia do ESG para o dia a dia da comunidade, que se encontra estabelecida no centro de neg\u00f3cios localizado no concelho de Oeiras.<\/p>\n<p>Nas palavras de <strong>Joana Baptista<\/strong>, <em>\u201cum territ\u00f3rio sustent\u00e1vel tem que ser planeado e ordenado e, principalmente, inclusivo. Por isso Oeiras foi dos primeiros Munic\u00edpios a destacar-se pelas suas pol\u00edticas transformadoras e integradoras que lhe permitem hoje ser um territ\u00f3rio sustent\u00e1vel. A Habita\u00e7\u00e3o e o Ambiente s\u00e3o pilares fundamentais na sua vis\u00e3o estrat\u00e9gica e de gera\u00e7\u00e3o de riqueza. Remonta a 1980 o seu forte investimento na habita\u00e7\u00e3o que teve como ponto de partida a irradica\u00e7\u00e3o das barracas no seu territ\u00f3rio, realojou, na altura, 24.000 pessoas. O passado perpetua-se no presente com medidas de apoio e resposta \u00e0s fam\u00edlias mais carenciadas. Est\u00e3o previstos 500 fogos num valor estimado de 130 Milh\u00f5es. Para al\u00e9m destes o Munic\u00edpio vai construir j\u00e1 no pr\u00f3ximo ano 1500 fogos para a classe m\u00e9dia, uma vez que esta est\u00e1 a ter mais dificuldades.\u00a0A autarquia, no que diz respeito \u00e0 preserva\u00e7\u00e3o e valoriza\u00e7\u00e3o dos espa\u00e7os p\u00fablicos e dos espa\u00e7os verdes, vai instalar novos equipamentos de deposi\u00e7\u00e3o de res\u00edduos a par com solu\u00e7\u00f5es de energias renov\u00e1veis nos equipamentos municipais (escolas, mercados municipais, entre outros).\u201d<\/em><\/p>\n<p>Por sua vez, <strong>Bernardo Freitas<\/strong> lembrou que <em>\u201co Fundo Henderson Park ir\u00e1 investir cerca de 25 milh\u00f5es de euros, ao longo dos pr\u00f3ximos quatro anos, na renova\u00e7\u00e3o faseada do Lagoas Park, focada nas \u00e1reas comuns do parque, incluindo a pra\u00e7a central, a galeria comercial, os lobbies dos edif\u00edcios e os espa\u00e7os verdes exteriores, com o objetivo de os tornar mais eficientes e reduzir a respetiva pegada de carbono, atrav\u00e9s de uma gest\u00e3o pr\u00f3-ativa dos consumos de energia\u201d. <\/em>E complementou, referindo que<em> \u201ca quest\u00e3o da transi\u00e7\u00e3o energ\u00e9tica associada \u00e0 mobilidade el\u00e9trica \u00e9 recentemente um dos grandes desafios para o imobili\u00e1rio, nomeadamente a exist\u00eancia de espa\u00e7os de carregamento para ve\u00edculos el\u00e9tricos. \u00c9 necess\u00e1rio uma consci\u00eancia coletiva de que os edif\u00edcios t\u00eam uma limita\u00e7\u00e3o de pot\u00eancia el\u00e9trica dispon\u00edvel e dever\u00e3o privilegiar a instala\u00e7\u00e3o de carregadores el\u00e9tricos de menor pot\u00eancia, permitindo o acesso a um maior n\u00famero de utilizadores, mesmo que tal implique mais tempo de carregamento para cada autom\u00f3vel\u201d.<\/em><\/p>\n<p><strong>Paulo Pragana<\/strong> referiu que \u201c<em>o sector autom\u00f3vel foi das primeiras ind\u00fastrias a responder a estes desafios, pelo que o desenvolvimento de solu\u00e7\u00f5es adequadas \u00e0s din\u00e2micas que assistimos \u00e9 algo comum e natural entre os v\u00e1rios grupos de fabricantes a n\u00edvel mundial.\u201d E assegurou que a Volvo<\/em> <em>pretende tornar-se climaticamente neutra at\u00e9 2040, sendo que ao n\u00edvel dos seus processos de fabrico, atingir\u00e1 essa meta j\u00e1 em 2025, garantindo que a energia utilizada prov\u00e9m de fontes renov\u00e1veis e que as mat\u00e9rias-primas necess\u00e1rias s\u00e3o rastre\u00e1veis, com tecnologia blockchain, e cumprem os crit\u00e9rios de sustentabilidade, preconizados pela marca. O futuro ser\u00e1 el\u00e9trico e, por enquanto, os ve\u00edculos h\u00edbridos s\u00e3o considerados sustent\u00e1veis, porque 40% do tempo de utiliza\u00e7\u00e3o de uma viatura h\u00edbrida \u00e9 exclusivamente el\u00e9trica e, por isso, emitem menos gases de escape que uma viatura de combust\u00e3o\u201d.<\/em><\/p>\n<p>A terminar, <strong>Joaquim Freire<\/strong> refor\u00e7ou que <em>\u201ca sustentabilidade impulsiona a inova\u00e7\u00e3o nas empresas. E a SAP tem as pessoas, as tecnologias e os processos para criar um mundo onde os resultados empresariais sejam gerados por pr\u00e1ticas sustent\u00e1veis. Foi isso que quisemos mostrar no decorrer desta semana dedicada \u00e0 sustentabilidade, de porta abertas a todos aqueles que, connosco, est\u00e3o cientes que uma mudan\u00e7a de paradigma n\u00e3o se faz individualmente, antes em comunidade, com objetivos comuns, rumo a um futuro que se quer mais verde, sem que isso signifique menos pr\u00f3spero\u201d.<\/em><\/p>\n<p>Um dos fatores diferenciadores da Sustainability Week no mundo da SAP \u00e9 que a mesma pretendeu abranger a comunidade e toda a envolvente \u00e0 empresa, n\u00e3o se cingindo \u00e0 promo\u00e7\u00e3o e \u00a0desenvolvimento de conhecimento somente dentro das suas fronteiras. Esta equipa de sustentabilidade da SAP Portugal, entre todos os pa\u00edses onde a empresa se encontra, foi pioneira a juntar parceiros, clientes e fornecedores, imbu\u00eddos da urg\u00eancia de passar das palavras aos atos, no que concerne \u00e0 ado\u00e7\u00e3o de medidas que respondam aos graves problemas ambientais e de sustentabilidade que se verificam globalmente.<\/p>\n<p>Ao longo de toda a semana, a SAP e o Lagoas Park promoveram sess\u00f5es de sustentabilidade com v\u00e1rias entidades nesta \u00e1rea, nomeadamente A Cozinha Verde, Biofactor, SEMEAR, We are Flo e Zero Pl\u00e1stico. A SAP e o Lagoas Park encerraram a semana dedicada \u00e0 sustentabilidade, com a sess\u00e3o \u201cImpactar as Gera\u00e7\u00f5es Futuras\u201d, dedicada aos residentes mais jovens, filhos dos colaboradores e alunos do col\u00e9gio, deste parque de escrit\u00f3rios.<\/p>\n<p style=\"text-align: center\">###<\/p>\n<p><strong>\u00a0<\/strong><strong>Sobre a SAP<\/strong><\/p>\n<p>Como l\u00edder no mercado de software de aplica\u00e7\u00f5es empresariais, a SAP ajuda as empresas a tornarem-se inteligentes e sustent\u00e1veis. A SAP ajuda as organiza\u00e7\u00f5es, de qualquer dimens\u00e3o e ind\u00fastria, a gerir os seus neg\u00f3cios da melhor forma poss\u00edvel: os clientes SAP s\u00e3o respons\u00e1veis pela gest\u00e3o de 87% do com\u00e9rcio mundial total. As tecnologias de <em>machine learning<\/em>, <em>Internet das Coisas (IoT) e<\/em> de anal\u00edtica avan\u00e7ada da SAP transformam as organiza\u00e7\u00f5es e neg\u00f3cios em &#8220;empresas inteligentes&#8221;. Apoiando as empresas e os seus profissionais, a SAP permite um conhecimento aprofundado do seu neg\u00f3cio, bem como o fomento da colabora\u00e7\u00e3o e da sua vantagem competitiva. Ao simplificar a tecnologia para as empresas, a SAP facilita a utiliza\u00e7\u00e3o do seu software da mesma maneira que \u00e9 pretendida e sem qualquer interrup\u00e7\u00e3o. As aplica\u00e7\u00f5es e servi\u00e7os da SAP permitem que as empresas, privadas e p\u00fablicas, de 25 sectores de atividade do mundo inteiro se adaptem continuamente e beneficiem de uma opera\u00e7\u00e3o rent\u00e1vel. Apoiada por uma rede mundial de clientes, parceiros, colaboradores, a SAP ajuda o mundo a funcionar melhor e a melhorar a vida das pessoas. Para mais informa\u00e7\u00e3o, visite <a href=\"http:\/\/www.sap.com\">www.sap.com<\/a>.<\/p>\n","protected":false},"excerpt":{"rendered":"<p>Liderado pela equipa de sustentabilidade da SAP Portugal, este evento contou com a presen\u00e7a de muitos colaboradores das v\u00e1rias empresas residentes no Lagoas Park Lisboa&#8230;<\/p>\n","protected":false},"author":29,"featured_media":1916,"comment_status":"closed","ping_status":"closed","sticky":false,"template":"","format":"standard","meta":{"footnotes":"","_links_to":"","_links_to_target":""},"categories":[5562711],"tags":[5562500],"sapn-display":[],"sapn-type":[4446],"class_list":["post-1909","post","type-post","status-publish","format-standard","has-post-thumbnail","hentry","category-sustentabilidade","tag-sustainability","sapn-type-press-release"],"yoast_head":"<!-- This site is optimized with the Yoast SEO Premium plugin v26.9 (Yoast SEO v26.9) - https:\/\/yoast.com\/product\/yoast-seo-premium-wordpress\/ -->\n<title>SAP e Lagoas Park unem-se em semana de sustentabilidade - Sala de Imprensa da SAP Portugal<\/title>\n<meta name=\"robots\" content=\"index, follow, max-snippet:-1, max-image-preview:large, max-video-preview:-1\" \/>\n<link rel=\"canonical\" href=\"https:\/\/news.sap.com\/portugal\/2022\/11\/sap-e-lagoas-park-unem-se-em-semana-de-sustentabilidade\/\" \/>\n<meta property=\"og:locale\" content=\"pt_PT\" \/>\n<meta property=\"og:type\" content=\"article\" \/>\n<meta property=\"og:title\" content=\"SAP e Lagoas Park unem-se em semana de sustentabilidade\" \/>\n<meta property=\"og:description\" content=\"Liderado pela equipa de sustentabilidade da SAP Portugal, este evento contou com a presen\u00e7a de muitos colaboradores das v\u00e1rias empresas residentes no Lagoas Park Lisboa...\" \/>\n<meta property=\"og:url\" content=\"https:\/\/news.sap.com\/portugal\/2022\/11\/sap-e-lagoas-park-unem-se-em-semana-de-sustentabilidade\/\" \/>\n<meta property=\"og:site_name\" content=\"Sala de Imprensa da SAP Portugal\" \/>\n<meta property=\"article:published_time\" content=\"2022-11-30T12:08:46+00:00\" \/>\n<meta property=\"article:modified_time\" content=\"2022-11-30T12:08:48+00:00\" \/>\n<meta property=\"og:image\" content=\"https:\/\/news.sap.com\/portugal\/files\/2022\/11\/30\/CaptureNov.jpg\" \/>\n\t<meta property=\"og:image:width\" content=\"1751\" \/>\n\t<meta property=\"og:image:height\" content=\"828\" \/>\n\t<meta property=\"og:image:type\" content=\"image\/jpeg\" \/>\n<meta name=\"author\" content=\"SAP News\" \/>\n<meta name=\"twitter:card\" content=\"summary_large_image\" \/>\n<meta name=\"twitter:label1\" content=\"Escrito por\" \/>\n\t<meta name=\"twitter:data1\" content=\"SAP News\" \/>\n\t<meta name=\"twitter:label2\" content=\"Tempo estimado de leitura\" \/>\n\t<meta name=\"twitter:data2\" content=\"7 minutos\" \/>\n<script type=\"application\/ld+json\" class=\"yoast-schema-graph\">{\"@context\":\"https:\/\/schema.org\",\"@graph\":[{\"@type\":\"Article\",\"@id\":\"https:\/\/news.sap.com\/portugal\/2022\/11\/sap-e-lagoas-park-unem-se-em-semana-de-sustentabilidade\/#article\",\"isPartOf\":{\"@id\":\"https:\/\/news.sap.com\/portugal\/2022\/11\/sap-e-lagoas-park-unem-se-em-semana-de-sustentabilidade\/\"},\"author\":{\"name\":\"SAP News\",\"@id\":\"https:\/\/news.sap.com\/portugal\/#\/schema\/person\/53b9854bd790d6f18f3fc4bbb2ad7570\"},\"headline\":\"SAP e Lagoas Park unem-se em semana de sustentabilidade\",\"datePublished\":\"2022-11-30T12:08:46+00:00\",\"dateModified\":\"2022-11-30T12:08:48+00:00\",\"mainEntityOfPage\":{\"@id\":\"https:\/\/news.sap.com\/portugal\/2022\/11\/sap-e-lagoas-park-unem-se-em-semana-de-sustentabilidade\/\"},\"wordCount\":1284,\"image\":{\"@id\":\"https:\/\/news.sap.com\/portugal\/2022\/11\/sap-e-lagoas-park-unem-se-em-semana-de-sustentabilidade\/#primaryimage\"},\"thumbnailUrl\":\"https:\/\/news.sap.com\/portugal\/files\/2022\/11\/30\/CaptureNov.jpg\",\"keywords\":[\"Sustainability\"],\"articleSection\":[\"Sustentabilidade\"],\"inLanguage\":\"pt-PT\"},{\"@type\":\"WebPage\",\"@id\":\"https:\/\/news.sap.com\/portugal\/2022\/11\/sap-e-lagoas-park-unem-se-em-semana-de-sustentabilidade\/\",\"url\":\"https:\/\/news.sap.com\/portugal\/2022\/11\/sap-e-lagoas-park-unem-se-em-semana-de-sustentabilidade\/\",\"name\":\"SAP e Lagoas Park unem-se em semana de sustentabilidade - Sala de Imprensa da SAP Portugal\",\"isPartOf\":{\"@id\":\"https:\/\/news.sap.com\/portugal\/#website\"},\"primaryImageOfPage\":{\"@id\":\"https:\/\/news.sap.com\/portugal\/2022\/11\/sap-e-lagoas-park-unem-se-em-semana-de-sustentabilidade\/#primaryimage\"},\"image\":{\"@id\":\"https:\/\/news.sap.com\/portugal\/2022\/11\/sap-e-lagoas-park-unem-se-em-semana-de-sustentabilidade\/#primaryimage\"},\"thumbnailUrl\":\"https:\/\/news.sap.com\/portugal\/files\/2022\/11\/30\/CaptureNov.jpg\",\"datePublished\":\"2022-11-30T12:08:46+00:00\",\"dateModified\":\"2022-11-30T12:08:48+00:00\",\"author\":{\"@id\":\"https:\/\/news.sap.com\/portugal\/#\/schema\/person\/53b9854bd790d6f18f3fc4bbb2ad7570\"},\"breadcrumb\":{\"@id\":\"https:\/\/news.sap.com\/portugal\/2022\/11\/sap-e-lagoas-park-unem-se-em-semana-de-sustentabilidade\/#breadcrumb\"},\"inLanguage\":\"pt-PT\",\"potentialAction\":[{\"@type\":\"ReadAction\",\"target\":[\"https:\/\/news.sap.com\/portugal\/2022\/11\/sap-e-lagoas-park-unem-se-em-semana-de-sustentabilidade\/\"]}]},{\"@type\":\"ImageObject\",\"inLanguage\":\"pt-PT\",\"@id\":\"https:\/\/news.sap.com\/portugal\/2022\/11\/sap-e-lagoas-park-unem-se-em-semana-de-sustentabilidade\/#primaryimage\",\"url\":\"https:\/\/news.sap.com\/portugal\/files\/2022\/11\/30\/CaptureNov.jpg\",\"contentUrl\":\"https:\/\/news.sap.com\/portugal\/files\/2022\/11\/30\/CaptureNov.jpg\",\"width\":1751,\"height\":828},{\"@type\":\"BreadcrumbList\",\"@id\":\"https:\/\/news.sap.com\/portugal\/2022\/11\/sap-e-lagoas-park-unem-se-em-semana-de-sustentabilidade\/#breadcrumb\",\"itemListElement\":[{\"@type\":\"ListItem\",\"position\":1,\"name\":\"Home\",\"item\":\"https:\/\/news.sap.com\/portugal\/\"},{\"@type\":\"ListItem\",\"position\":2,\"name\":\"SAP e Lagoas Park unem-se em semana de sustentabilidade\"}]},{\"@type\":\"WebSite\",\"@id\":\"https:\/\/news.sap.com\/portugal\/#website\",\"url\":\"https:\/\/news.sap.com\/portugal\/\",\"name\":\"Sala de Imprensa da SAP Portugal\",\"description\":\"Not\u00edcias sobre SAP Portugal\",\"potentialAction\":[{\"@type\":\"SearchAction\",\"target\":{\"@type\":\"EntryPoint\",\"urlTemplate\":\"https:\/\/news.sap.com\/portugal\/?s={search_term_string}\"},\"query-input\":{\"@type\":\"PropertyValueSpecification\",\"valueRequired\":true,\"valueName\":\"search_term_string\"}}],\"inLanguage\":\"pt-PT\"},{\"@type\":\"Person\",\"@id\":\"https:\/\/news.sap.com\/portugal\/#\/schema\/person\/53b9854bd790d6f18f3fc4bbb2ad7570\",\"name\":\"SAP News\",\"image\":{\"@type\":\"ImageObject\",\"inLanguage\":\"pt-PT\",\"@id\":\"https:\/\/news.sap.com\/portugal\/#\/schema\/person\/image\/\",\"url\":\"https:\/\/news.sap.com\/portugal\/wp-content\/plugins\/wp-user-avatars\/wp-user-avatars\/assets\/images\/mystery.jpg\",\"contentUrl\":\"https:\/\/news.sap.com\/portugal\/wp-content\/plugins\/wp-user-avatars\/wp-user-avatars\/assets\/images\/mystery.jpg\",\"caption\":\"SAP News\"},\"url\":\"https:\/\/news.sap.com\/portugal\/author\/colleenraftery\/\"}]}<\/script>\n<!-- \/ Yoast SEO Premium plugin. -->","yoast_head_json":{"title":"SAP e Lagoas Park unem-se em semana de sustentabilidade - Sala de Imprensa da SAP Portugal","robots":{"index":"index","follow":"follow","max-snippet":"max-snippet:-1","max-image-preview":"max-image-preview:large","max-video-preview":"max-video-preview:-1"},"canonical":"https:\/\/news.sap.com\/portugal\/2022\/11\/sap-e-lagoas-park-unem-se-em-semana-de-sustentabilidade\/","og_locale":"pt_PT","og_type":"article","og_title":"SAP e Lagoas Park unem-se em semana de sustentabilidade","og_description":"Liderado pela equipa de sustentabilidade da SAP Portugal, este evento contou com a presen\u00e7a de muitos colaboradores das v\u00e1rias empresas residentes no Lagoas Park Lisboa...","og_url":"https:\/\/news.sap.com\/portugal\/2022\/11\/sap-e-lagoas-park-unem-se-em-semana-de-sustentabilidade\/","og_site_name":"Sala de Imprensa da SAP Portugal","article_published_time":"2022-11-30T12:08:46+00:00","article_modified_time":"2022-11-30T12:08:48+00:00","og_image":[{"width":1751,"height":828,"url":"https:\/\/news.sap.com\/portugal\/files\/2022\/11\/30\/CaptureNov.jpg","type":"image\/jpeg"}],"author":"SAP News","twitter_card":"summary_large_image","twitter_misc":{"Escrito por":"SAP News","Tempo estimado de leitura":"7 minutos"},"schema":{"@context":"https:\/\/schema.org","@graph":[{"@type":"Article","@id":"https:\/\/news.sap.com\/portugal\/2022\/11\/sap-e-lagoas-park-unem-se-em-semana-de-sustentabilidade\/#article","isPartOf":{"@id":"https:\/\/news.sap.com\/portugal\/2022\/11\/sap-e-lagoas-park-unem-se-em-semana-de-sustentabilidade\/"},"author":{"name":"SAP News","@id":"https:\/\/news.sap.com\/portugal\/#\/schema\/person\/53b9854bd790d6f18f3fc4bbb2ad7570"},"headline":"SAP e Lagoas Park unem-se em semana de sustentabilidade","datePublished":"2022-11-30T12:08:46+00:00","dateModified":"2022-11-30T12:08:48+00:00","mainEntityOfPage":{"@id":"https:\/\/news.sap.com\/portugal\/2022\/11\/sap-e-lagoas-park-unem-se-em-semana-de-sustentabilidade\/"},"wordCount":1284,"image":{"@id":"https:\/\/news.sap.com\/portugal\/2022\/11\/sap-e-lagoas-park-unem-se-em-semana-de-sustentabilidade\/#primaryimage"},"thumbnailUrl":"https:\/\/news.sap.com\/portugal\/files\/2022\/11\/30\/CaptureNov.jpg","keywords":["Sustainability"],"articleSection":["Sustentabilidade"],"inLanguage":"pt-PT"},{"@type":"WebPage","@id":"https:\/\/news.sap.com\/portugal\/2022\/11\/sap-e-lagoas-park-unem-se-em-semana-de-sustentabilidade\/","url":"https:\/\/news.sap.com\/portugal\/2022\/11\/sap-e-lagoas-park-unem-se-em-semana-de-sustentabilidade\/","name":"SAP e Lagoas Park unem-se em semana de sustentabilidade - Sala de Imprensa da SAP Portugal","isPartOf":{"@id":"https:\/\/news.sap.com\/portugal\/#website"},"primaryImageOfPage":{"@id":"https:\/\/news.sap.com\/portugal\/2022\/11\/sap-e-lagoas-park-unem-se-em-semana-de-sustentabilidade\/#primaryimage"},"image":{"@id":"https:\/\/news.sap.com\/portugal\/2022\/11\/sap-e-lagoas-park-unem-se-em-semana-de-sustentabilidade\/#primaryimage"},"thumbnailUrl":"https:\/\/news.sap.com\/portugal\/files\/2022\/11\/30\/CaptureNov.jpg","datePublished":"2022-11-30T12:08:46+00:00","dateModified":"2022-11-30T12:08:48+00:00","author":{"@id":"https:\/\/news.sap.com\/portugal\/#\/schema\/person\/53b9854bd790d6f18f3fc4bbb2ad7570"},"breadcrumb":{"@id":"https:\/\/news.sap.com\/portugal\/2022\/11\/sap-e-lagoas-park-unem-se-em-semana-de-sustentabilidade\/#breadcrumb"},"inLanguage":"pt-PT","potentialAction":[{"@type":"ReadAction","target":["https:\/\/news.sap.com\/portugal\/2022\/11\/sap-e-lagoas-park-unem-se-em-semana-de-sustentabilidade\/"]}]},{"@type":"ImageObject","inLanguage":"pt-PT","@id":"https:\/\/news.sap.com\/portugal\/2022\/11\/sap-e-lagoas-park-unem-se-em-semana-de-sustentabilidade\/#primaryimage","url":"https:\/\/news.sap.com\/portugal\/files\/2022\/11\/30\/CaptureNov.jpg","contentUrl":"https:\/\/news.sap.com\/portugal\/files\/2022\/11\/30\/CaptureNov.jpg","width":1751,"height":828},{"@type":"BreadcrumbList","@id":"https:\/\/news.sap.com\/portugal\/2022\/11\/sap-e-lagoas-park-unem-se-em-semana-de-sustentabilidade\/#breadcrumb","itemListElement":[{"@type":"ListItem","position":1,"name":"Home","item":"https:\/\/news.sap.com\/portugal\/"},{"@type":"ListItem","position":2,"name":"SAP e Lagoas Park unem-se em semana de sustentabilidade"}]},{"@type":"WebSite","@id":"https:\/\/news.sap.com\/portugal\/#website","url":"https:\/\/news.sap.com\/portugal\/","name":"Sala de Imprensa da SAP Portugal","description":"Not\u00edcias sobre SAP Portugal","potentialAction":[{"@type":"SearchAction","target":{"@type":"EntryPoint","urlTemplate":"https:\/\/news.sap.com\/portugal\/?s={search_term_string}"},"query-input":{"@type":"PropertyValueSpecification","valueRequired":true,"valueName":"search_term_string"}}],"inLanguage":"pt-PT"},{"@type":"Person","@id":"https:\/\/news.sap.com\/portugal\/#\/schema\/person\/53b9854bd790d6f18f3fc4bbb2ad7570","name":"SAP News","image":{"@type":"ImageObject","inLanguage":"pt-PT","@id":"https:\/\/news.sap.com\/portugal\/#\/schema\/person\/image\/","url":"https:\/\/news.sap.com\/portugal\/wp-content\/plugins\/wp-user-avatars\/wp-user-avatars\/assets\/images\/mystery.jpg","contentUrl":"https:\/\/news.sap.com\/portugal\/wp-content\/plugins\/wp-user-avatars\/wp-user-avatars\/assets\/images\/mystery.jpg","caption":"SAP News"},"url":"https:\/\/news.sap.com\/portugal\/author\/colleenraftery\/"}]}},"amp_enabled":true,"_links":{"self":[{"href":"https:\/\/news.sap.com\/portugal\/wp-json\/wp\/v2\/posts\/1909","targetHints":{"allow":["GET"]}}],"collection":[{"href":"https:\/\/news.sap.com\/portugal\/wp-json\/wp\/v2\/posts"}],"about":[{"href":"https:\/\/news.sap.com\/portugal\/wp-json\/wp\/v2\/types\/post"}],"author":[{"embeddable":true,"href":"https:\/\/news.sap.com\/portugal\/wp-json\/wp\/v2\/users\/29"}],"replies":[{"embeddable":true,"href":"https:\/\/news.sap.com\/portugal\/wp-json\/wp\/v2\/comments?post=1909"}],"version-history":[{"count":0,"href":"https:\/\/news.sap.com\/portugal\/wp-json\/wp\/v2\/posts\/1909\/revisions"}],"wp:featuredmedia":[{"embeddable":true,"href":"https:\/\/news.sap.com\/portugal\/wp-json\/wp\/v2\/media\/1916"}],"wp:attachment":[{"href":"https:\/\/news.sap.com\/portugal\/wp-json\/wp\/v2\/media?parent=1909"}],"wp:term":[{"taxonomy":"category","embeddable":true,"href":"https:\/\/news.sap.com\/portugal\/wp-json\/wp\/v2\/categories?post=1909"},{"taxonomy":"post_tag","embeddable":true,"href":"https:\/\/news.sap.com\/portugal\/wp-json\/wp\/v2\/tags?post=1909"},{"taxonomy":"sapn-display","embeddable":true,"href":"https:\/\/news.sap.com\/portugal\/wp-json\/wp\/v2\/sapn-display?post=1909"},{"taxonomy":"sapn-type","embeddable":true,"href":"https:\/\/news.sap.com\/portugal\/wp-json\/wp\/v2\/sapn-type?post=1909"}],"curies":[{"name":"wp","href":"https:\/\/api.w.org\/{rel}","templated":true}]}}