{"id":2047,"date":"2023-07-18T17:31:48","date_gmt":"2023-07-18T17:31:48","guid":{"rendered":"https:\/\/news.sap.com\/portugal\/?p=2047"},"modified":"2024-08-15T14:57:56","modified_gmt":"2024-08-15T14:57:56","slug":"carlos-lacerda-e-o-novo-responsavel-maximo-da-sap-southern-europe","status":"publish","type":"post","link":"https:\/\/news.sap.com\/portugal\/2023\/07\/carlos-lacerda-e-o-novo-responsavel-maximo-da-sap-southern-europe\/","title":{"rendered":"Carlos Lacerda \u00e9 o novo respons\u00e1vel m\u00e1ximo da SAP Southern Europe"},"content":{"rendered":"<p class=\"lead\"><em><strong>LISBOA &#8211;<\/strong> <\/em>A SAP anuncia a nomea\u00e7\u00e3o de <strong>Carlos Lacerda<\/strong> para o cargo de General Manager das unidades de mercado da <strong>SAP<\/strong> <strong>Southern Europe,<\/strong> que agrega, para al\u00e9m de Portugal, Espanha, Gr\u00e9cia, Israel e Turquia.<\/p>\n<p>Com mais de 30 anos de experi\u00eancia profissional, num percurso principalmente ligado \u00e0s Tecnologias de Informa\u00e7\u00e3o e a organiza\u00e7\u00f5es com um cariz altamente inovador, Carlos Lacerda ter\u00e1 como principal responsabilidade a lideran\u00e7a da estrat\u00e9gia de inova\u00e7\u00e3o e crescimento da SAP para o sul da Europa. Ir\u00e1 reportar a Manos Raptopoulos, Presidente da regi\u00e3o da SAP para a Europa do Sul, M\u00e9dio Oriente e \u00c1frica (EMEA South).<\/p>\n<p>Carlos Lacerda, radicado em Lisboa, sucede a Jo\u00e3o Paulo da Silva, tamb\u00e9m gestor portugu\u00eas, que &#8211; ap\u00f3s uma carreira de grande destaque e de mais de 26 anos na SAP &#8211; decidiu seguir uma nova etapa fora da empresa, assumindo uma merecida pausa por alguns meses.<\/p>\n<p>Para al\u00e9m de um profundo conhecimento e reputa\u00e7\u00e3o ao n\u00edvel empresarial, esta \u00e9, para o novo respons\u00e1vel da SAP para a Europa do Sul, uma evolu\u00e7\u00e3o natural no interior da organiza\u00e7\u00e3o face ao seu percurso recente. At\u00e9 \u00e0 presente data liderou, em simult\u00e2neo, as \u00e1reas de neg\u00f3cio de Cloud ERP e RISE with SAP para a SAP EMEA South, al\u00e9m de ser membro da equipa executiva e de lideran\u00e7a desta mesma regi\u00e3o.<\/p>\n<p>Nas palavras de <strong>Carlos Lacerda<\/strong>, <em>\u201deste \u00e9 um desafio extraordin\u00e1rio; continuar o trabalho incr\u00edvel constru\u00eddo pelo Jo\u00e3o Paulo da Silva na SAP Southern Europe nos \u00faltimos anos. Esta regi\u00e3o \u00e9 um foco de inova\u00e7\u00e3o e sei que tenho comigo uma equipa com uma experi\u00eancia e conhecimento que me deixam convicto da consecu\u00e7\u00e3o dos objetivos a que nos propomos. O desenvolvimento de uma estrat\u00e9gia centrada na Cloud ou de solu\u00e7\u00f5es onde a Intelig\u00eancia Artificial assume um papel relevante, junto da constante aten\u00e7\u00e3o \u00e0s necessidades dos nossos clientes e parceiros de neg\u00f3cio, s\u00e3o alguns dos motes pelos quais vamos continuar a pugnar. E tudo isto, com a garantia SAP para entregar as respostas adequadas, que promover\u00e3o o crescimento sustentado das economias que acompanhamos\u201d<\/em>.<\/p>\n<p><em>\u201dA nomea\u00e7\u00e3o de Carlos como o novo respons\u00e1vel m\u00e1ximo para os pa\u00edses do sul da Europa garante uma excelente transi\u00e7\u00e3o para os nossos clientes, parceiros e colaboradores\u201d, comentou <\/em><strong>Manos Raptopoulos<\/strong>, <strong>Presidente da SAP EMEA South<\/strong><em>. \u201cTraz consigo um extenso hist\u00f3rico de entrega de sucesso para os nossos clientes, ao ter sempre criado e desenvolvido parcerias significativas ou ao ter promovido equipas de elevado desempenho, com o intuito de diversidade e inclus\u00e3o. Estou muito entusiasmado pela continuidade da nossa parceria e pelo impacto positivo que, indubitavelmente, trar\u00e1 aos nossos clientes, parceiros e colaboradores em todo o sul da Europa\u201d. <\/em><\/p>\n<p>Diretor Geral da SAP Portugal entre 2015 e 2017, foi posteriormente membro do Comit\u00e9 Executivo da Vinci Airports e CEO da ANA, Aeroportos Portugueses. Regressou \u00e0 SAP em 2018, para desempenhar fun\u00e7\u00f5es de primeira linha ao n\u00edvel regional na EMEA South. Antes de se juntar \u00e0 SAP, desenvolveu uma carreira de 19 anos na Microsoft Portugal, EMEA e \u00c1sia Pac\u00edfico, tendo tamb\u00e9m sido CEO da Farminveste, IPG.<\/p>\n<p>Carlos Lacerda \u00e9 licenciado em Engenharia Mec\u00e2nica, pelo Instituto Superior T\u00e9cnico de Lisboa, conta com p\u00f3s-gradua\u00e7\u00f5es em Gest\u00e3o e Administra\u00e7\u00e3o pelo ISCTE e pela Escola de Neg\u00f3cios AESE\/IESE e, ainda, com uma p\u00f3s-gradua\u00e7\u00e3o em Marketing pela Kellog School of Management (Northwestern University, Chicago).<\/p>\n<p style=\"text-align: center\"><strong>\u00a0<\/strong>###<\/p>\n<p><strong>\u00a0<\/strong><strong>Sobre a SAP<\/strong><\/p>\n<p>Como l\u00edder no mercado de software de aplica\u00e7\u00f5es empresariais, a SAP ajuda as empresas a tornarem-se inteligentes e sustent\u00e1veis. A SAP ajuda as organiza\u00e7\u00f5es, de qualquer dimens\u00e3o e ind\u00fastria, a gerir os seus neg\u00f3cios da melhor forma poss\u00edvel: os clientes SAP s\u00e3o respons\u00e1veis pela gest\u00e3o de 87% do com\u00e9rcio total no mundo. As tecnologias de <em>machine learning<\/em>, <em>Internet das Coisas (IoT) e<\/em> de anal\u00edtica avan\u00e7ada da SAP transformam as organiza\u00e7\u00f5es e neg\u00f3cios em &#8220;empresas inteligentes&#8221;. Apoiando as empresas e os seus profissionais, a SAP permite um conhecimento aprofundado do seu neg\u00f3cio, bem como o fomento da colabora\u00e7\u00e3o e da sua vantagem competitiva. Ao simplificar a tecnologia para as empresas, a SAP facilita a utiliza\u00e7\u00e3o do seu software da mesma maneira que \u00e9 pretendida e sem qualquer interrup\u00e7\u00e3o. As aplica\u00e7\u00f5es e servi\u00e7os da SAP permitem que as empresas, privadas e p\u00fablicas, de 25 sectores de atividade do mundo inteiro se adaptem continuamente e beneficiem de uma opera\u00e7\u00e3o rent\u00e1vel. Apoiada por uma rede mundial de clientes, parceiros, colaboradores, a SAP ajuda o mundo a funcionar melhor e a melhorar a vida das pessoas.<\/p>\n","protected":false},"excerpt":{"rendered":"<p>LISBOA &#8211; A SAP anuncia a nomea\u00e7\u00e3o de Carlos Lacerda para o cargo de General Manager das unidades de mercado da SAP Southern Europe, que&#8230;<\/p>\n","protected":false},"author":29,"featured_media":2048,"comment_status":"closed","ping_status":"closed","sticky":false,"template":"","format":"standard","meta":{"footnotes":"","_links_to":"","_links_to_target":""},"categories":[41591],"tags":[],"sapn-display":[],"sapn-type":[4446],"class_list":["post-2047","post","type-post","status-publish","format-standard","has-post-thumbnail","hentry","category-corporativo","sapn-type-press-release"],"yoast_head":"<!-- This site is optimized with the Yoast SEO Premium plugin v27.8 (Yoast SEO v27.8) - https:\/\/yoast.com\/product\/yoast-seo-premium-wordpress\/ -->\n<title>Carlos Lacerda \u00e9 o novo respons\u00e1vel m\u00e1ximo da SAP Southern Europe - Sala de Imprensa da SAP Portugal<\/title>\n<meta name=\"robots\" content=\"index, follow, max-snippet:-1, max-image-preview:large, max-video-preview:-1\" \/>\n<link rel=\"canonical\" href=\"https:\/\/news.sap.com\/portugal\/2023\/07\/carlos-lacerda-e-o-novo-responsavel-maximo-da-sap-southern-europe\/\" \/>\n<meta property=\"og:locale\" content=\"pt_PT\" \/>\n<meta property=\"og:type\" content=\"article\" \/>\n<meta property=\"og:title\" content=\"Carlos Lacerda \u00e9 o novo respons\u00e1vel m\u00e1ximo da SAP Southern Europe\" \/>\n<meta property=\"og:description\" content=\"LISBOA &#8211; A SAP anuncia a nomea\u00e7\u00e3o de Carlos Lacerda para o cargo de General Manager das unidades de mercado da SAP Southern Europe, que...\" \/>\n<meta property=\"og:url\" content=\"https:\/\/news.sap.com\/portugal\/2023\/07\/carlos-lacerda-e-o-novo-responsavel-maximo-da-sap-southern-europe\/\" \/>\n<meta property=\"og:site_name\" content=\"Sala de Imprensa da SAP Portugal\" \/>\n<meta property=\"article:published_time\" content=\"2023-07-18T17:31:48+00:00\" \/>\n<meta property=\"article:modified_time\" content=\"2024-08-15T14:57:56+00:00\" \/>\n<meta property=\"og:image\" content=\"https:\/\/news.sap.com\/portugal\/files\/2023\/07\/19\/280625_GettyImages-111919734_medium-Copy-1024x768.jpg\" \/>\n\t<meta property=\"og:image:width\" content=\"1024\" \/>\n\t<meta property=\"og:image:height\" content=\"768\" \/>\n\t<meta property=\"og:image:type\" content=\"image\/jpeg\" \/>\n<meta name=\"author\" content=\"SAP News\" \/>\n<meta name=\"twitter:card\" content=\"summary_large_image\" \/>\n<meta name=\"twitter:label1\" content=\"Escrito por\" \/>\n\t<meta name=\"twitter:data1\" content=\"SAP News\" \/>\n\t<meta name=\"twitter:label2\" content=\"Tempo estimado de leitura\" \/>\n\t<meta name=\"twitter:data2\" content=\"4 minutos\" \/>\n<script type=\"application\/ld+json\" class=\"yoast-schema-graph\">{\"@context\":\"https:\\\/\\\/schema.org\",\"@graph\":[{\"@type\":\"Article\",\"@id\":\"https:\\\/\\\/news.sap.com\\\/portugal\\\/2023\\\/07\\\/carlos-lacerda-e-o-novo-responsavel-maximo-da-sap-southern-europe\\\/#article\",\"isPartOf\":{\"@id\":\"https:\\\/\\\/news.sap.com\\\/portugal\\\/2023\\\/07\\\/carlos-lacerda-e-o-novo-responsavel-maximo-da-sap-southern-europe\\\/\"},\"author\":{\"name\":\"SAP News\",\"@id\":\"https:\\\/\\\/news.sap.com\\\/portugal\\\/#\\\/schema\\\/person\\\/53b9854bd790d6f18f3fc4bbb2ad7570\"},\"headline\":\"Carlos Lacerda \u00e9 o novo respons\u00e1vel m\u00e1ximo da SAP Southern Europe\",\"datePublished\":\"2023-07-18T17:31:48+00:00\",\"dateModified\":\"2024-08-15T14:57:56+00:00\",\"mainEntityOfPage\":{\"@id\":\"https:\\\/\\\/news.sap.com\\\/portugal\\\/2023\\\/07\\\/carlos-lacerda-e-o-novo-responsavel-maximo-da-sap-southern-europe\\\/\"},\"wordCount\":815,\"image\":{\"@id\":\"https:\\\/\\\/news.sap.com\\\/portugal\\\/2023\\\/07\\\/carlos-lacerda-e-o-novo-responsavel-maximo-da-sap-southern-europe\\\/#primaryimage\"},\"thumbnailUrl\":\"https:\\\/\\\/news.sap.com\\\/portugal\\\/files\\\/2023\\\/07\\\/19\\\/280625_GettyImages-111919734_medium-Copy.jpg\",\"articleSection\":[\"Corporativo\"],\"inLanguage\":\"pt-PT\"},{\"@type\":\"WebPage\",\"@id\":\"https:\\\/\\\/news.sap.com\\\/portugal\\\/2023\\\/07\\\/carlos-lacerda-e-o-novo-responsavel-maximo-da-sap-southern-europe\\\/\",\"url\":\"https:\\\/\\\/news.sap.com\\\/portugal\\\/2023\\\/07\\\/carlos-lacerda-e-o-novo-responsavel-maximo-da-sap-southern-europe\\\/\",\"name\":\"Carlos Lacerda \u00e9 o novo respons\u00e1vel m\u00e1ximo da SAP Southern Europe - Sala de Imprensa da SAP Portugal\",\"isPartOf\":{\"@id\":\"https:\\\/\\\/news.sap.com\\\/portugal\\\/#website\"},\"primaryImageOfPage\":{\"@id\":\"https:\\\/\\\/news.sap.com\\\/portugal\\\/2023\\\/07\\\/carlos-lacerda-e-o-novo-responsavel-maximo-da-sap-southern-europe\\\/#primaryimage\"},\"image\":{\"@id\":\"https:\\\/\\\/news.sap.com\\\/portugal\\\/2023\\\/07\\\/carlos-lacerda-e-o-novo-responsavel-maximo-da-sap-southern-europe\\\/#primaryimage\"},\"thumbnailUrl\":\"https:\\\/\\\/news.sap.com\\\/portugal\\\/files\\\/2023\\\/07\\\/19\\\/280625_GettyImages-111919734_medium-Copy.jpg\",\"datePublished\":\"2023-07-18T17:31:48+00:00\",\"dateModified\":\"2024-08-15T14:57:56+00:00\",\"author\":{\"@id\":\"https:\\\/\\\/news.sap.com\\\/portugal\\\/#\\\/schema\\\/person\\\/53b9854bd790d6f18f3fc4bbb2ad7570\"},\"breadcrumb\":{\"@id\":\"https:\\\/\\\/news.sap.com\\\/portugal\\\/2023\\\/07\\\/carlos-lacerda-e-o-novo-responsavel-maximo-da-sap-southern-europe\\\/#breadcrumb\"},\"inLanguage\":\"pt-PT\",\"potentialAction\":[{\"@type\":\"ReadAction\",\"target\":[\"https:\\\/\\\/news.sap.com\\\/portugal\\\/2023\\\/07\\\/carlos-lacerda-e-o-novo-responsavel-maximo-da-sap-southern-europe\\\/\"]}]},{\"@type\":\"ImageObject\",\"inLanguage\":\"pt-PT\",\"@id\":\"https:\\\/\\\/news.sap.com\\\/portugal\\\/2023\\\/07\\\/carlos-lacerda-e-o-novo-responsavel-maximo-da-sap-southern-europe\\\/#primaryimage\",\"url\":\"https:\\\/\\\/news.sap.com\\\/portugal\\\/files\\\/2023\\\/07\\\/19\\\/280625_GettyImages-111919734_medium-Copy.jpg\",\"contentUrl\":\"https:\\\/\\\/news.sap.com\\\/portugal\\\/files\\\/2023\\\/07\\\/19\\\/280625_GettyImages-111919734_medium-Copy.jpg\",\"width\":3264,\"height\":2448,\"caption\":\"Traditional Ethiopian baskets.\"},{\"@type\":\"BreadcrumbList\",\"@id\":\"https:\\\/\\\/news.sap.com\\\/portugal\\\/2023\\\/07\\\/carlos-lacerda-e-o-novo-responsavel-maximo-da-sap-southern-europe\\\/#breadcrumb\",\"itemListElement\":[{\"@type\":\"ListItem\",\"position\":1,\"name\":\"Home\",\"item\":\"https:\\\/\\\/news.sap.com\\\/portugal\\\/\"},{\"@type\":\"ListItem\",\"position\":2,\"name\":\"Carlos Lacerda \u00e9 o novo respons\u00e1vel m\u00e1ximo da SAP Southern Europe\"}]},{\"@type\":\"WebSite\",\"@id\":\"https:\\\/\\\/news.sap.com\\\/portugal\\\/#website\",\"url\":\"https:\\\/\\\/news.sap.com\\\/portugal\\\/\",\"name\":\"Sala de Imprensa da SAP Portugal\",\"description\":\"Not\u00edcias sobre SAP Portugal\",\"potentialAction\":[{\"@type\":\"SearchAction\",\"target\":{\"@type\":\"EntryPoint\",\"urlTemplate\":\"https:\\\/\\\/news.sap.com\\\/portugal\\\/?s={search_term_string}\"},\"query-input\":{\"@type\":\"PropertyValueSpecification\",\"valueRequired\":true,\"valueName\":\"search_term_string\"}}],\"inLanguage\":\"pt-PT\"},{\"@type\":\"Person\",\"@id\":\"https:\\\/\\\/news.sap.com\\\/portugal\\\/#\\\/schema\\\/person\\\/53b9854bd790d6f18f3fc4bbb2ad7570\",\"name\":\"SAP News\",\"image\":{\"@type\":\"ImageObject\",\"inLanguage\":\"pt-PT\",\"@id\":\"https:\\\/\\\/news.sap.com\\\/portugal\\\/wp-content\\\/plugins\\\/wp-user-avatars\\\/wp-user-avatars\\\/assets\\\/images\\\/mystery.jpg\",\"url\":\"https:\\\/\\\/news.sap.com\\\/portugal\\\/wp-content\\\/plugins\\\/wp-user-avatars\\\/wp-user-avatars\\\/assets\\\/images\\\/mystery.jpg\",\"contentUrl\":\"https:\\\/\\\/news.sap.com\\\/portugal\\\/wp-content\\\/plugins\\\/wp-user-avatars\\\/wp-user-avatars\\\/assets\\\/images\\\/mystery.jpg\",\"caption\":\"SAP News\"},\"url\":\"https:\\\/\\\/news.sap.com\\\/portugal\\\/author\\\/colleenraftery\\\/\"}]}<\/script>\n<!-- \/ Yoast SEO Premium plugin. -->","yoast_head_json":{"title":"Carlos Lacerda \u00e9 o novo respons\u00e1vel m\u00e1ximo da SAP Southern Europe - Sala de Imprensa da SAP Portugal","robots":{"index":"index","follow":"follow","max-snippet":"max-snippet:-1","max-image-preview":"max-image-preview:large","max-video-preview":"max-video-preview:-1"},"canonical":"https:\/\/news.sap.com\/portugal\/2023\/07\/carlos-lacerda-e-o-novo-responsavel-maximo-da-sap-southern-europe\/","og_locale":"pt_PT","og_type":"article","og_title":"Carlos Lacerda \u00e9 o novo respons\u00e1vel m\u00e1ximo da SAP Southern Europe","og_description":"LISBOA &#8211; A SAP anuncia a nomea\u00e7\u00e3o de Carlos Lacerda para o cargo de General Manager das unidades de mercado da SAP Southern Europe, que...","og_url":"https:\/\/news.sap.com\/portugal\/2023\/07\/carlos-lacerda-e-o-novo-responsavel-maximo-da-sap-southern-europe\/","og_site_name":"Sala de Imprensa da SAP Portugal","article_published_time":"2023-07-18T17:31:48+00:00","article_modified_time":"2024-08-15T14:57:56+00:00","og_image":[{"width":1024,"height":768,"url":"https:\/\/news.sap.com\/portugal\/files\/2023\/07\/19\/280625_GettyImages-111919734_medium-Copy-1024x768.jpg","type":"image\/jpeg"}],"author":"SAP News","twitter_card":"summary_large_image","twitter_misc":{"Escrito por":"SAP News","Tempo estimado de leitura":"4 minutos"},"schema":{"@context":"https:\/\/schema.org","@graph":[{"@type":"Article","@id":"https:\/\/news.sap.com\/portugal\/2023\/07\/carlos-lacerda-e-o-novo-responsavel-maximo-da-sap-southern-europe\/#article","isPartOf":{"@id":"https:\/\/news.sap.com\/portugal\/2023\/07\/carlos-lacerda-e-o-novo-responsavel-maximo-da-sap-southern-europe\/"},"author":{"name":"SAP News","@id":"https:\/\/news.sap.com\/portugal\/#\/schema\/person\/53b9854bd790d6f18f3fc4bbb2ad7570"},"headline":"Carlos Lacerda \u00e9 o novo respons\u00e1vel m\u00e1ximo da SAP Southern Europe","datePublished":"2023-07-18T17:31:48+00:00","dateModified":"2024-08-15T14:57:56+00:00","mainEntityOfPage":{"@id":"https:\/\/news.sap.com\/portugal\/2023\/07\/carlos-lacerda-e-o-novo-responsavel-maximo-da-sap-southern-europe\/"},"wordCount":815,"image":{"@id":"https:\/\/news.sap.com\/portugal\/2023\/07\/carlos-lacerda-e-o-novo-responsavel-maximo-da-sap-southern-europe\/#primaryimage"},"thumbnailUrl":"https:\/\/news.sap.com\/portugal\/files\/2023\/07\/19\/280625_GettyImages-111919734_medium-Copy.jpg","articleSection":["Corporativo"],"inLanguage":"pt-PT"},{"@type":"WebPage","@id":"https:\/\/news.sap.com\/portugal\/2023\/07\/carlos-lacerda-e-o-novo-responsavel-maximo-da-sap-southern-europe\/","url":"https:\/\/news.sap.com\/portugal\/2023\/07\/carlos-lacerda-e-o-novo-responsavel-maximo-da-sap-southern-europe\/","name":"Carlos Lacerda \u00e9 o novo respons\u00e1vel m\u00e1ximo da SAP Southern Europe - Sala de Imprensa da SAP Portugal","isPartOf":{"@id":"https:\/\/news.sap.com\/portugal\/#website"},"primaryImageOfPage":{"@id":"https:\/\/news.sap.com\/portugal\/2023\/07\/carlos-lacerda-e-o-novo-responsavel-maximo-da-sap-southern-europe\/#primaryimage"},"image":{"@id":"https:\/\/news.sap.com\/portugal\/2023\/07\/carlos-lacerda-e-o-novo-responsavel-maximo-da-sap-southern-europe\/#primaryimage"},"thumbnailUrl":"https:\/\/news.sap.com\/portugal\/files\/2023\/07\/19\/280625_GettyImages-111919734_medium-Copy.jpg","datePublished":"2023-07-18T17:31:48+00:00","dateModified":"2024-08-15T14:57:56+00:00","author":{"@id":"https:\/\/news.sap.com\/portugal\/#\/schema\/person\/53b9854bd790d6f18f3fc4bbb2ad7570"},"breadcrumb":{"@id":"https:\/\/news.sap.com\/portugal\/2023\/07\/carlos-lacerda-e-o-novo-responsavel-maximo-da-sap-southern-europe\/#breadcrumb"},"inLanguage":"pt-PT","potentialAction":[{"@type":"ReadAction","target":["https:\/\/news.sap.com\/portugal\/2023\/07\/carlos-lacerda-e-o-novo-responsavel-maximo-da-sap-southern-europe\/"]}]},{"@type":"ImageObject","inLanguage":"pt-PT","@id":"https:\/\/news.sap.com\/portugal\/2023\/07\/carlos-lacerda-e-o-novo-responsavel-maximo-da-sap-southern-europe\/#primaryimage","url":"https:\/\/news.sap.com\/portugal\/files\/2023\/07\/19\/280625_GettyImages-111919734_medium-Copy.jpg","contentUrl":"https:\/\/news.sap.com\/portugal\/files\/2023\/07\/19\/280625_GettyImages-111919734_medium-Copy.jpg","width":3264,"height":2448,"caption":"Traditional Ethiopian baskets."},{"@type":"BreadcrumbList","@id":"https:\/\/news.sap.com\/portugal\/2023\/07\/carlos-lacerda-e-o-novo-responsavel-maximo-da-sap-southern-europe\/#breadcrumb","itemListElement":[{"@type":"ListItem","position":1,"name":"Home","item":"https:\/\/news.sap.com\/portugal\/"},{"@type":"ListItem","position":2,"name":"Carlos Lacerda \u00e9 o novo respons\u00e1vel m\u00e1ximo da SAP Southern Europe"}]},{"@type":"WebSite","@id":"https:\/\/news.sap.com\/portugal\/#website","url":"https:\/\/news.sap.com\/portugal\/","name":"Sala de Imprensa da SAP Portugal","description":"Not\u00edcias sobre SAP Portugal","potentialAction":[{"@type":"SearchAction","target":{"@type":"EntryPoint","urlTemplate":"https:\/\/news.sap.com\/portugal\/?s={search_term_string}"},"query-input":{"@type":"PropertyValueSpecification","valueRequired":true,"valueName":"search_term_string"}}],"inLanguage":"pt-PT"},{"@type":"Person","@id":"https:\/\/news.sap.com\/portugal\/#\/schema\/person\/53b9854bd790d6f18f3fc4bbb2ad7570","name":"SAP News","image":{"@type":"ImageObject","inLanguage":"pt-PT","@id":"https:\/\/news.sap.com\/portugal\/wp-content\/plugins\/wp-user-avatars\/wp-user-avatars\/assets\/images\/mystery.jpg","url":"https:\/\/news.sap.com\/portugal\/wp-content\/plugins\/wp-user-avatars\/wp-user-avatars\/assets\/images\/mystery.jpg","contentUrl":"https:\/\/news.sap.com\/portugal\/wp-content\/plugins\/wp-user-avatars\/wp-user-avatars\/assets\/images\/mystery.jpg","caption":"SAP News"},"url":"https:\/\/news.sap.com\/portugal\/author\/colleenraftery\/"}]}},"amp_enabled":true,"_links":{"self":[{"href":"https:\/\/news.sap.com\/portugal\/wp-json\/wp\/v2\/posts\/2047","targetHints":{"allow":["GET"]}}],"collection":[{"href":"https:\/\/news.sap.com\/portugal\/wp-json\/wp\/v2\/posts"}],"about":[{"href":"https:\/\/news.sap.com\/portugal\/wp-json\/wp\/v2\/types\/post"}],"author":[{"embeddable":true,"href":"https:\/\/news.sap.com\/portugal\/wp-json\/wp\/v2\/users\/29"}],"replies":[{"embeddable":true,"href":"https:\/\/news.sap.com\/portugal\/wp-json\/wp\/v2\/comments?post=2047"}],"version-history":[{"count":0,"href":"https:\/\/news.sap.com\/portugal\/wp-json\/wp\/v2\/posts\/2047\/revisions"}],"wp:featuredmedia":[{"embeddable":true,"href":"https:\/\/news.sap.com\/portugal\/wp-json\/wp\/v2\/media\/2048"}],"wp:attachment":[{"href":"https:\/\/news.sap.com\/portugal\/wp-json\/wp\/v2\/media?parent=2047"}],"wp:term":[{"taxonomy":"category","embeddable":true,"href":"https:\/\/news.sap.com\/portugal\/wp-json\/wp\/v2\/categories?post=2047"},{"taxonomy":"post_tag","embeddable":true,"href":"https:\/\/news.sap.com\/portugal\/wp-json\/wp\/v2\/tags?post=2047"},{"taxonomy":"sapn-display","embeddable":true,"href":"https:\/\/news.sap.com\/portugal\/wp-json\/wp\/v2\/sapn-display?post=2047"},{"taxonomy":"sapn-type","embeddable":true,"href":"https:\/\/news.sap.com\/portugal\/wp-json\/wp\/v2\/sapn-type?post=2047"}],"curies":[{"name":"wp","href":"https:\/\/api.w.org\/{rel}","templated":true}]}}