{"id":2842,"date":"2023-11-02T13:01:09","date_gmt":"2023-11-02T13:01:09","guid":{"rendered":"https:\/\/news.sap.com\/portugal\/?p=2842"},"modified":"2024-08-15T15:10:55","modified_gmt":"2024-08-15T15:10:55","slug":"sap-converte-cada-programador-num-programador-de-ia-generativa-no-sap-teched-em-2023","status":"publish","type":"post","link":"https:\/\/news.sap.com\/portugal\/2023\/11\/sap-converte-cada-programador-num-programador-de-ia-generativa-no-sap-teched-em-2023\/","title":{"rendered":"SAP converte cada programador num programador de IA generativa no SAP TechEd em 2023"},"content":{"rendered":"<p class=\"lead\"><strong><em>LISBOA<\/em> <\/strong><strong>&#8211; <\/strong>No evento SAP TechEd de 2023, a <a href=\"http:\/\/www.sap.com\/\">SAP SE<\/a> (NYSE: SAP) anuncia uma s\u00e9rie abrangente de capacidades e avan\u00e7os de Intelig\u00eancia Artificial (IA) generativa, com o objetivo de capacitar os programadores de todos os n\u00edveis de compet\u00eancia a impulsionarem os seus neg\u00f3cios na era da IA.<\/p>\n<div class=\"panel callout\">\n<p style=\"text-align: center\"><strong><em>A SAP apresenta inova\u00e7\u00f5es no desenvolvimento de aplica\u00e7\u00f5es de IA generativa e nas capacidades vetoriais da base de dados, bem como novas oportunidades de forma\u00e7\u00e3o para programadores na era da IA<\/em><\/strong><\/p>\n<\/div>\n<p><em>&#8220;O din\u00e2mico panorama tecnol\u00f3gico e empresarial de hoje indica que todos os programadores precisam de ser programadores de IA&#8221;, afirma <\/em><strong>Juergen Mueller<\/strong><em>, <\/em><strong>Chief Technology Officer e membro do Conselho Executivo da SAP SE<\/strong><em>. &#8220;As inova\u00e7\u00f5es que estamos a apresentar na confer\u00eancia SAP TechEd, desde ferramentas profissionais de c\u00f3digo com IA infundida e um local \u00fanico para cria\u00e7\u00e3o de extens\u00f5es e aplica\u00e7\u00f5es de IA generativa baseadas na SAP Business Technology Platform, apoiam os programadores que est\u00e3o no centro da revolu\u00e7\u00e3o da IA e fornecem-lhes os recursos que necessitam para transformar a forma como as empresas funcionam&#8221;.<\/em><\/p>\n<p>\u00c0 medida que as organiza\u00e7\u00f5es procuram obter valor de neg\u00f3cio a partir da IA generativa, \u00e9 essencial uma colabora\u00e7\u00e3o efetiva entre os programadores profissionais e aqueles utilizadores bem-dotados em tecnologia. A SAP est\u00e1 a lan\u00e7ar as solu\u00e7\u00f5es SAP Build Code, que simplificam a colabora\u00e7\u00e3o com os especialistas de neg\u00f3cio que usam o <a href=\"https:\/\/news.sap.com\/portugal\/2022\/11\/sap-lanca-sap-build-para-levar-aos-profissionais-de-negocio-a-capacidade-de-criacao-de-aplicacoes-low-code\/\">SAP Build<\/a>, as solu\u00e7\u00f5es de <em>low-code<\/em> apresentadas no SAP TechEd em 2022. Criadas exclusivamente para as aplica\u00e7\u00f5es SAP e para o ecossistema da SAP, as solu\u00e7\u00f5es SAP Build Code disponibilizam ferramentas de produtividade alimentadas por IA para os programadores e s\u00e3o otimizadas para desenvolvimento em Java e JavaScript. O SAP Build Code tamb\u00e9m se baseia no poder do novo copiloto de IA generativa da SAP, o Joule &#8211; o copiloto que compreende verdadeiramente a gest\u00e3o de neg\u00f3cio -, para aumentar ainda mais a produtividade, incorporando capacidades de gera\u00e7\u00e3o de c\u00f3digo para a cria\u00e7\u00e3o de modelos de dados, l\u00f3gica aplicacional e gui\u00f5es de testes.<\/p>\n<p>Dados de qualidade s\u00e3o a base de uma boa IA e o SAP HANA Cloud continua a ser pioneiro na inova\u00e7\u00e3o em mat\u00e9ria de dados, adicionando as novas carater\u00edsticas das bases de dados vetoriais \u00e0s respetivas ofertas multimodelo sem custo adicional. As bases de dados vetoriais fazem a gest\u00e3o dos dados n\u00e3o estruturados, como texto, imagens ou \u00e1udio, para fornecer uma mem\u00f3ria de longo prazo e um melhor contexto aos modelos de IA. Tal facilita a localiza\u00e7\u00e3o e a recupera\u00e7\u00e3o r\u00e1pida de objetos similares. Por exemplo, os utilizadores podem procurar fornecedores com base no idioma dos seus contratos, para examinar o hist\u00f3rico de pagamentos e localizar encomendas individuais. Estas poderosas e novas funcionalidades vetoriais da base de dados melhoram as intera\u00e7\u00f5es entre modelos de linguagem de grande escala (LLMs) e os dados cr\u00edticos de uma organiza\u00e7\u00e3o. A inova\u00e7\u00e3o ajuda a posicionar os programadores de SAP na vanguarda da entrega de n\u00edveis radicalmente novos de conhecimento dos dados num enquadramento seguro e privado que utiliza dados de clientes espec\u00edficos de uma ind\u00fastria para redu\u00e7\u00e3o de alucina\u00e7\u00f5es.<\/p>\n<p>A AI Foundation, um novo local \u00fanico (<em>one-stop-shop)<\/em> para os programadores criarem extens\u00f5es e aplica\u00e7\u00f5es alimentadas por IA e IA generativa baseadas na SAP Business Technology Platform (SAP BTP), visa contribuir, ainda mais, para o aumento do impacto e da efici\u00eancia dos programadores. A AI Foundation inclui tudo aquilo que os programadores precisam para come\u00e7arem a criar ferramentas de IA j\u00e1 preparadas para os neg\u00f3cios na SAP BTP &#8211; desde servi\u00e7os de IA prontos a utilizar e acesso aos principais modelos de linguagem de grande escala, at\u00e9 \u00e0s capacidades de bases de dados vetoriais e gest\u00e3o do tempo de execu\u00e7\u00e3o e do ciclo de vida da IA.<\/p>\n<p>O ritmo acelerado da inova\u00e7\u00e3o tecnol\u00f3gica aumentou a procura, em todo o mundo, de programadores qualificados \u2013 e a SAP, em simult\u00e2neo, est\u00e1 empenhada no crescimento das suas oportunidades de forma\u00e7\u00e3o. Como parte do compromisso de melhorar as compet\u00eancias de dois milh\u00f5es de profissionais at\u00e9 2025 e de complementar o conte\u00fado gratuito de aprendizagem em IA j\u00e1 dispon\u00edvel, a SAP lan\u00e7a agora <a href=\"https:\/\/learning.sap.com\/certification\/sap-certified-associate-back-end-developer-abap-cloud?url_id=text-sapnewscenter-prdteng-LSC-TechEd\">novas certifica\u00e7\u00f5es<\/a> baseadas em fun\u00e7\u00f5es e recursos de forma\u00e7\u00e3o gratuita para programadores de <em>back-end<\/em>, que utilizam o modelo de desenvolvimento ABAP Cloud. Os dois novos recursos de aprendizagem que abarcam as ferramentas de desenvolvimento ABAP no SAP BTP e no SAP S\/4HANA est\u00e3o dispon\u00edveis no <a href=\"https:\/\/learning.sap.com\/?url_id=text-sapnewscenter-prdteng-LSC-TechEd\">site SAP Learning<\/a>. Estes recursos s\u00e3o concebidos para uma transforma\u00e7\u00e3o empresarial \u00e1gil e compat\u00edvel com a cloud, fornecendo aos programadores as compet\u00eancias para criarem extens\u00f5es prontas para a cloud, alinhadas com a estrat\u00e9gia de n\u00facleo limpo (clean core) da SAP.<\/p>\n<p>A SAP <a href=\"https:\/\/news.sap.com\/?p=213301\">aderiu<\/a> ao <a href=\"https:\/\/hai.stanford.edu\/corporate-affiliate-program\">Programa de Afilia\u00e7\u00e3o Empresarial<\/a> do HAI (Institute for Human-Centered AI) de Stanford. Os investigadores e engenheiros da SAP ir\u00e3o trabalhar com a comunidade acad\u00e9mica de Stanford, incluindo professores e estudantes de investiga\u00e7\u00e3o, na intersec\u00e7\u00e3o entre a IA generativa e o mundo empresarial.<\/p>\n<p>Para obter detalhes sobre todas as inova\u00e7\u00f5es anunciadas no SAP TechEd em 2023, visite o nosso guia especialmente criado para o efeito, <a href=\"https:\/\/www.sap.com\/about\/events\/teched\/news-guide.html\">aqui<\/a>.<\/p>\n<p>&nbsp;<\/p>\n<p><strong>Sobre a SAP<\/strong><\/p>\n<p>A estrat\u00e9gia da SAP visa ajudar qualquer empresa a funcionar de forma inteligente e sustent\u00e1vel. Como l\u00edder no mercado de software de aplica\u00e7\u00f5es empresariais, a SAP ajuda as organiza\u00e7\u00f5es, de qualquer dimens\u00e3o e ind\u00fastria, a gerir os seus neg\u00f3cios na sua melhor forma: os clientes SAP s\u00e3o respons\u00e1veis pela cria\u00e7\u00e3o de 87% da totalidade do com\u00e9rcio mundial. As tecnologias de <em>machine learning<\/em>, <em>Internet das Coisas (IoT) e<\/em> de anal\u00edtica avan\u00e7ada da SAP transformam as organiza\u00e7\u00f5es e neg\u00f3cios em &#8220;empresas inteligentes&#8221;. Apoiando as empresas e os seus profissionais, a SAP permite um conhecimento aprofundado do seu neg\u00f3cio, bem como promove a colabora\u00e7\u00e3o e a sua vantagem competitiva. Ao simplificar a tecnologia para as empresas, a SAP facilita a utiliza\u00e7\u00e3o do seu software da maneira que \u00e9 pretendida e sem qualquer interrup\u00e7\u00e3o. As aplica\u00e7\u00f5es e os servi\u00e7os da SAP permitem que as empresas, privadas e p\u00fablicas, de 26 sectores de atividade do mundo inteiro se adaptem continuamente e beneficiem de uma opera\u00e7\u00e3o rent\u00e1vel. Apoiada por uma rede mundial de clientes, parceiros, colaboradores e l\u00edderes de opini\u00e3o, a SAP ajuda o mundo a funcionar melhor e a melhorar a vida das pessoas. Para mais informa\u00e7\u00e3o, visite <a href=\"http:\/\/www.sap.com\">www.sap.com<\/a>.<\/p>\n<h5><\/h5>\n<h5>Este documento cont\u00e9m declara\u00e7\u00f5es prospetivas, que s\u00e3o previs\u00f5es, proje\u00e7\u00f5es ou outras declara\u00e7\u00f5es sobre eventos futuros. Estas declara\u00e7\u00f5es baseiam-se em expectativas, previs\u00f5es e suposi\u00e7\u00f5es atuais que est\u00e3o sujeitas a riscos e incertezas que podem fazer com que os resultados atuais e futuros sejam materialmente diferentes. Informa\u00e7\u00f5es adicionais sobre estes riscos e incertezas podem ser encontradas nos nossos arquivos junto da Securities and Exchange Commission, incluindo, entre outros, a sec\u00e7\u00e3o de fatores de risco do Relat\u00f3rio Anual de 2022 da SAP no Formul\u00e1rio 20-F.<\/h5>\n<h5>\u00a9 2023 SAP SE. Todos os direitos reservados.<\/h5>\n<h5>SAP e os outros produtos e servi\u00e7os SAP aqui mencionados, bem como os seus respetivos log\u00f3tipos s\u00e3o marcas comerciais ou marcas registadas da SAP SE na Alemanha e noutros pa\u00edses. Consulte <a href=\"https:\/\/www.sap.com\/copyright\">https:\/\/www.sap.com\/copyright<\/a> para informa\u00e7\u00f5es e avisos adicionais sobre as marcas registadas.<\/h5>\n","protected":false},"excerpt":{"rendered":"<p>LISBOA &#8211; No evento SAP TechEd de 2023, a SAP SE (NYSE: SAP) anuncia uma s\u00e9rie abrangente de capacidades e avan\u00e7os de Intelig\u00eancia Artificial (IA)&#8230;<\/p>\n","protected":false},"author":29,"featured_media":2843,"comment_status":"closed","ping_status":"closed","sticky":false,"template":"","format":"standard","meta":{"footnotes":"","_links_to":"","_links_to_target":""},"categories":[41591,24297],"tags":[5562838,5562498,5562839,5562819,5562831,5562717,5562799,5562840,5562735,5562737,5562417,5562841],"sapn-display":[3848,60294],"sapn-type":[4446],"class_list":["post-2842","post","type-post","status-publish","format-standard","has-post-thumbnail","hentry","category-corporativo","category-tecnologia","tag-abap-cloud","tag-ai","tag-ai-foundation","tag-artificial-intelligence","tag-generative-ai","tag-sap-btp","tag-sap-build","tag-sap-build-code","tag-sap-hana-cloud","tag-sap-learning","tag-sap-s-4hana","tag-stanford-hai","sapn-display-top-stories","sapn-display-topic-hero","sapn-type-press-release"],"yoast_head":"<!-- This site is optimized with the Yoast SEO Premium plugin v26.9 (Yoast SEO v26.9) - https:\/\/yoast.com\/product\/yoast-seo-premium-wordpress\/ -->\n<title>SAP converte cada programador num programador de IA generativa no SAP TechEd em 2023 - Sala de Imprensa da SAP Portugal<\/title>\n<meta name=\"robots\" content=\"index, follow, max-snippet:-1, max-image-preview:large, max-video-preview:-1\" \/>\n<link rel=\"canonical\" href=\"https:\/\/news.sap.com\/portugal\/2023\/11\/sap-converte-cada-programador-num-programador-de-ia-generativa-no-sap-teched-em-2023\/\" \/>\n<meta property=\"og:locale\" content=\"pt_PT\" \/>\n<meta property=\"og:type\" content=\"article\" \/>\n<meta property=\"og:title\" content=\"SAP converte cada programador num programador de IA generativa no SAP TechEd em 2023\" \/>\n<meta property=\"og:description\" content=\"LISBOA &#8211; No evento SAP TechEd de 2023, a SAP SE (NYSE: SAP) anuncia uma s\u00e9rie abrangente de capacidades e avan\u00e7os de Intelig\u00eancia Artificial (IA)...\" \/>\n<meta property=\"og:url\" content=\"https:\/\/news.sap.com\/portugal\/2023\/11\/sap-converte-cada-programador-num-programador-de-ia-generativa-no-sap-teched-em-2023\/\" \/>\n<meta property=\"og:site_name\" content=\"Sala de Imprensa da SAP Portugal\" \/>\n<meta property=\"article:published_time\" content=\"2023-11-02T13:01:09+00:00\" \/>\n<meta property=\"article:modified_time\" content=\"2024-08-15T15:10:55+00:00\" \/>\n<meta property=\"og:image\" content=\"https:\/\/news.sap.com\/portugal\/files\/2023\/11\/02\/291127_GettyImages-1300319718_medium_uncropped_F-1920x600-1698688307.jpg\" \/>\n\t<meta property=\"og:image:width\" content=\"1920\" \/>\n\t<meta property=\"og:image:height\" content=\"600\" \/>\n\t<meta property=\"og:image:type\" content=\"image\/jpeg\" \/>\n<meta name=\"author\" content=\"SAP News\" \/>\n<meta name=\"twitter:card\" content=\"summary_large_image\" \/>\n<meta name=\"twitter:label1\" content=\"Escrito por\" \/>\n\t<meta name=\"twitter:data1\" content=\"SAP News\" \/>\n\t<meta name=\"twitter:label2\" content=\"Tempo estimado de leitura\" \/>\n\t<meta name=\"twitter:data2\" content=\"7 minutos\" \/>\n<script type=\"application\/ld+json\" class=\"yoast-schema-graph\">{\"@context\":\"https:\/\/schema.org\",\"@graph\":[{\"@type\":\"Article\",\"@id\":\"https:\/\/news.sap.com\/portugal\/2023\/11\/sap-converte-cada-programador-num-programador-de-ia-generativa-no-sap-teched-em-2023\/#article\",\"isPartOf\":{\"@id\":\"https:\/\/news.sap.com\/portugal\/2023\/11\/sap-converte-cada-programador-num-programador-de-ia-generativa-no-sap-teched-em-2023\/\"},\"author\":{\"name\":\"SAP News\",\"@id\":\"https:\/\/news.sap.com\/portugal\/#\/schema\/person\/53b9854bd790d6f18f3fc4bbb2ad7570\"},\"headline\":\"SAP converte cada programador num programador de IA generativa no SAP TechEd em 2023\",\"datePublished\":\"2023-11-02T13:01:09+00:00\",\"dateModified\":\"2024-08-15T15:10:55+00:00\",\"mainEntityOfPage\":{\"@id\":\"https:\/\/news.sap.com\/portugal\/2023\/11\/sap-converte-cada-programador-num-programador-de-ia-generativa-no-sap-teched-em-2023\/\"},\"wordCount\":1303,\"image\":{\"@id\":\"https:\/\/news.sap.com\/portugal\/2023\/11\/sap-converte-cada-programador-num-programador-de-ia-generativa-no-sap-teched-em-2023\/#primaryimage\"},\"thumbnailUrl\":\"https:\/\/news.sap.com\/portugal\/files\/2023\/11\/02\/291127_GettyImages-1300319718_medium_uncropped_F-1920x600-1698688307.jpg\",\"keywords\":[\"ABAP Cloud\",\"AI\",\"AI Foundation\",\"Artificial Intelligence\",\"Generative AI\",\"SAP BTP\",\"SAP Build\",\"SAP Build Code\",\"SAP HANA Cloud\",\"SAP Learning\",\"SAP S\/4HANA\",\"Stanford HAI\"],\"articleSection\":[\"Corporativo\",\"Tecnologia\"],\"inLanguage\":\"pt-PT\"},{\"@type\":\"WebPage\",\"@id\":\"https:\/\/news.sap.com\/portugal\/2023\/11\/sap-converte-cada-programador-num-programador-de-ia-generativa-no-sap-teched-em-2023\/\",\"url\":\"https:\/\/news.sap.com\/portugal\/2023\/11\/sap-converte-cada-programador-num-programador-de-ia-generativa-no-sap-teched-em-2023\/\",\"name\":\"SAP converte cada programador num programador de IA generativa no SAP TechEd em 2023 - Sala de Imprensa da SAP Portugal\",\"isPartOf\":{\"@id\":\"https:\/\/news.sap.com\/portugal\/#website\"},\"primaryImageOfPage\":{\"@id\":\"https:\/\/news.sap.com\/portugal\/2023\/11\/sap-converte-cada-programador-num-programador-de-ia-generativa-no-sap-teched-em-2023\/#primaryimage\"},\"image\":{\"@id\":\"https:\/\/news.sap.com\/portugal\/2023\/11\/sap-converte-cada-programador-num-programador-de-ia-generativa-no-sap-teched-em-2023\/#primaryimage\"},\"thumbnailUrl\":\"https:\/\/news.sap.com\/portugal\/files\/2023\/11\/02\/291127_GettyImages-1300319718_medium_uncropped_F-1920x600-1698688307.jpg\",\"datePublished\":\"2023-11-02T13:01:09+00:00\",\"dateModified\":\"2024-08-15T15:10:55+00:00\",\"author\":{\"@id\":\"https:\/\/news.sap.com\/portugal\/#\/schema\/person\/53b9854bd790d6f18f3fc4bbb2ad7570\"},\"breadcrumb\":{\"@id\":\"https:\/\/news.sap.com\/portugal\/2023\/11\/sap-converte-cada-programador-num-programador-de-ia-generativa-no-sap-teched-em-2023\/#breadcrumb\"},\"inLanguage\":\"pt-PT\",\"potentialAction\":[{\"@type\":\"ReadAction\",\"target\":[\"https:\/\/news.sap.com\/portugal\/2023\/11\/sap-converte-cada-programador-num-programador-de-ia-generativa-no-sap-teched-em-2023\/\"]}]},{\"@type\":\"ImageObject\",\"inLanguage\":\"pt-PT\",\"@id\":\"https:\/\/news.sap.com\/portugal\/2023\/11\/sap-converte-cada-programador-num-programador-de-ia-generativa-no-sap-teched-em-2023\/#primaryimage\",\"url\":\"https:\/\/news.sap.com\/portugal\/files\/2023\/11\/02\/291127_GettyImages-1300319718_medium_uncropped_F-1920x600-1698688307.jpg\",\"contentUrl\":\"https:\/\/news.sap.com\/portugal\/files\/2023\/11\/02\/291127_GettyImages-1300319718_medium_uncropped_F-1920x600-1698688307.jpg\",\"width\":1920,\"height\":600,\"caption\":\"Woman working in home office\"},{\"@type\":\"BreadcrumbList\",\"@id\":\"https:\/\/news.sap.com\/portugal\/2023\/11\/sap-converte-cada-programador-num-programador-de-ia-generativa-no-sap-teched-em-2023\/#breadcrumb\",\"itemListElement\":[{\"@type\":\"ListItem\",\"position\":1,\"name\":\"Home\",\"item\":\"https:\/\/news.sap.com\/portugal\/\"},{\"@type\":\"ListItem\",\"position\":2,\"name\":\"SAP converte cada programador num programador de IA generativa no SAP TechEd em 2023\"}]},{\"@type\":\"WebSite\",\"@id\":\"https:\/\/news.sap.com\/portugal\/#website\",\"url\":\"https:\/\/news.sap.com\/portugal\/\",\"name\":\"Sala de Imprensa da SAP Portugal\",\"description\":\"Not\u00edcias sobre SAP Portugal\",\"potentialAction\":[{\"@type\":\"SearchAction\",\"target\":{\"@type\":\"EntryPoint\",\"urlTemplate\":\"https:\/\/news.sap.com\/portugal\/?s={search_term_string}\"},\"query-input\":{\"@type\":\"PropertyValueSpecification\",\"valueRequired\":true,\"valueName\":\"search_term_string\"}}],\"inLanguage\":\"pt-PT\"},{\"@type\":\"Person\",\"@id\":\"https:\/\/news.sap.com\/portugal\/#\/schema\/person\/53b9854bd790d6f18f3fc4bbb2ad7570\",\"name\":\"SAP News\",\"image\":{\"@type\":\"ImageObject\",\"inLanguage\":\"pt-PT\",\"@id\":\"https:\/\/news.sap.com\/portugal\/#\/schema\/person\/image\/\",\"url\":\"https:\/\/news.sap.com\/portugal\/wp-content\/plugins\/wp-user-avatars\/wp-user-avatars\/assets\/images\/mystery.jpg\",\"contentUrl\":\"https:\/\/news.sap.com\/portugal\/wp-content\/plugins\/wp-user-avatars\/wp-user-avatars\/assets\/images\/mystery.jpg\",\"caption\":\"SAP News\"},\"url\":\"https:\/\/news.sap.com\/portugal\/author\/colleenraftery\/\"}]}<\/script>\n<!-- \/ Yoast SEO Premium plugin. -->","yoast_head_json":{"title":"SAP converte cada programador num programador de IA generativa no SAP TechEd em 2023 - Sala de Imprensa da SAP Portugal","robots":{"index":"index","follow":"follow","max-snippet":"max-snippet:-1","max-image-preview":"max-image-preview:large","max-video-preview":"max-video-preview:-1"},"canonical":"https:\/\/news.sap.com\/portugal\/2023\/11\/sap-converte-cada-programador-num-programador-de-ia-generativa-no-sap-teched-em-2023\/","og_locale":"pt_PT","og_type":"article","og_title":"SAP converte cada programador num programador de IA generativa no SAP TechEd em 2023","og_description":"LISBOA &#8211; No evento SAP TechEd de 2023, a SAP SE (NYSE: SAP) anuncia uma s\u00e9rie abrangente de capacidades e avan\u00e7os de Intelig\u00eancia Artificial (IA)...","og_url":"https:\/\/news.sap.com\/portugal\/2023\/11\/sap-converte-cada-programador-num-programador-de-ia-generativa-no-sap-teched-em-2023\/","og_site_name":"Sala de Imprensa da SAP Portugal","article_published_time":"2023-11-02T13:01:09+00:00","article_modified_time":"2024-08-15T15:10:55+00:00","og_image":[{"width":1920,"height":600,"url":"https:\/\/news.sap.com\/portugal\/files\/2023\/11\/02\/291127_GettyImages-1300319718_medium_uncropped_F-1920x600-1698688307.jpg","type":"image\/jpeg"}],"author":"SAP News","twitter_card":"summary_large_image","twitter_misc":{"Escrito por":"SAP News","Tempo estimado de leitura":"7 minutos"},"schema":{"@context":"https:\/\/schema.org","@graph":[{"@type":"Article","@id":"https:\/\/news.sap.com\/portugal\/2023\/11\/sap-converte-cada-programador-num-programador-de-ia-generativa-no-sap-teched-em-2023\/#article","isPartOf":{"@id":"https:\/\/news.sap.com\/portugal\/2023\/11\/sap-converte-cada-programador-num-programador-de-ia-generativa-no-sap-teched-em-2023\/"},"author":{"name":"SAP News","@id":"https:\/\/news.sap.com\/portugal\/#\/schema\/person\/53b9854bd790d6f18f3fc4bbb2ad7570"},"headline":"SAP converte cada programador num programador de IA generativa no SAP TechEd em 2023","datePublished":"2023-11-02T13:01:09+00:00","dateModified":"2024-08-15T15:10:55+00:00","mainEntityOfPage":{"@id":"https:\/\/news.sap.com\/portugal\/2023\/11\/sap-converte-cada-programador-num-programador-de-ia-generativa-no-sap-teched-em-2023\/"},"wordCount":1303,"image":{"@id":"https:\/\/news.sap.com\/portugal\/2023\/11\/sap-converte-cada-programador-num-programador-de-ia-generativa-no-sap-teched-em-2023\/#primaryimage"},"thumbnailUrl":"https:\/\/news.sap.com\/portugal\/files\/2023\/11\/02\/291127_GettyImages-1300319718_medium_uncropped_F-1920x600-1698688307.jpg","keywords":["ABAP Cloud","AI","AI Foundation","Artificial Intelligence","Generative AI","SAP BTP","SAP Build","SAP Build Code","SAP HANA Cloud","SAP Learning","SAP S\/4HANA","Stanford HAI"],"articleSection":["Corporativo","Tecnologia"],"inLanguage":"pt-PT"},{"@type":"WebPage","@id":"https:\/\/news.sap.com\/portugal\/2023\/11\/sap-converte-cada-programador-num-programador-de-ia-generativa-no-sap-teched-em-2023\/","url":"https:\/\/news.sap.com\/portugal\/2023\/11\/sap-converte-cada-programador-num-programador-de-ia-generativa-no-sap-teched-em-2023\/","name":"SAP converte cada programador num programador de IA generativa no SAP TechEd em 2023 - Sala de Imprensa da SAP Portugal","isPartOf":{"@id":"https:\/\/news.sap.com\/portugal\/#website"},"primaryImageOfPage":{"@id":"https:\/\/news.sap.com\/portugal\/2023\/11\/sap-converte-cada-programador-num-programador-de-ia-generativa-no-sap-teched-em-2023\/#primaryimage"},"image":{"@id":"https:\/\/news.sap.com\/portugal\/2023\/11\/sap-converte-cada-programador-num-programador-de-ia-generativa-no-sap-teched-em-2023\/#primaryimage"},"thumbnailUrl":"https:\/\/news.sap.com\/portugal\/files\/2023\/11\/02\/291127_GettyImages-1300319718_medium_uncropped_F-1920x600-1698688307.jpg","datePublished":"2023-11-02T13:01:09+00:00","dateModified":"2024-08-15T15:10:55+00:00","author":{"@id":"https:\/\/news.sap.com\/portugal\/#\/schema\/person\/53b9854bd790d6f18f3fc4bbb2ad7570"},"breadcrumb":{"@id":"https:\/\/news.sap.com\/portugal\/2023\/11\/sap-converte-cada-programador-num-programador-de-ia-generativa-no-sap-teched-em-2023\/#breadcrumb"},"inLanguage":"pt-PT","potentialAction":[{"@type":"ReadAction","target":["https:\/\/news.sap.com\/portugal\/2023\/11\/sap-converte-cada-programador-num-programador-de-ia-generativa-no-sap-teched-em-2023\/"]}]},{"@type":"ImageObject","inLanguage":"pt-PT","@id":"https:\/\/news.sap.com\/portugal\/2023\/11\/sap-converte-cada-programador-num-programador-de-ia-generativa-no-sap-teched-em-2023\/#primaryimage","url":"https:\/\/news.sap.com\/portugal\/files\/2023\/11\/02\/291127_GettyImages-1300319718_medium_uncropped_F-1920x600-1698688307.jpg","contentUrl":"https:\/\/news.sap.com\/portugal\/files\/2023\/11\/02\/291127_GettyImages-1300319718_medium_uncropped_F-1920x600-1698688307.jpg","width":1920,"height":600,"caption":"Woman working in home office"},{"@type":"BreadcrumbList","@id":"https:\/\/news.sap.com\/portugal\/2023\/11\/sap-converte-cada-programador-num-programador-de-ia-generativa-no-sap-teched-em-2023\/#breadcrumb","itemListElement":[{"@type":"ListItem","position":1,"name":"Home","item":"https:\/\/news.sap.com\/portugal\/"},{"@type":"ListItem","position":2,"name":"SAP converte cada programador num programador de IA generativa no SAP TechEd em 2023"}]},{"@type":"WebSite","@id":"https:\/\/news.sap.com\/portugal\/#website","url":"https:\/\/news.sap.com\/portugal\/","name":"Sala de Imprensa da SAP Portugal","description":"Not\u00edcias sobre SAP Portugal","potentialAction":[{"@type":"SearchAction","target":{"@type":"EntryPoint","urlTemplate":"https:\/\/news.sap.com\/portugal\/?s={search_term_string}"},"query-input":{"@type":"PropertyValueSpecification","valueRequired":true,"valueName":"search_term_string"}}],"inLanguage":"pt-PT"},{"@type":"Person","@id":"https:\/\/news.sap.com\/portugal\/#\/schema\/person\/53b9854bd790d6f18f3fc4bbb2ad7570","name":"SAP News","image":{"@type":"ImageObject","inLanguage":"pt-PT","@id":"https:\/\/news.sap.com\/portugal\/#\/schema\/person\/image\/","url":"https:\/\/news.sap.com\/portugal\/wp-content\/plugins\/wp-user-avatars\/wp-user-avatars\/assets\/images\/mystery.jpg","contentUrl":"https:\/\/news.sap.com\/portugal\/wp-content\/plugins\/wp-user-avatars\/wp-user-avatars\/assets\/images\/mystery.jpg","caption":"SAP News"},"url":"https:\/\/news.sap.com\/portugal\/author\/colleenraftery\/"}]}},"amp_enabled":true,"_links":{"self":[{"href":"https:\/\/news.sap.com\/portugal\/wp-json\/wp\/v2\/posts\/2842","targetHints":{"allow":["GET"]}}],"collection":[{"href":"https:\/\/news.sap.com\/portugal\/wp-json\/wp\/v2\/posts"}],"about":[{"href":"https:\/\/news.sap.com\/portugal\/wp-json\/wp\/v2\/types\/post"}],"author":[{"embeddable":true,"href":"https:\/\/news.sap.com\/portugal\/wp-json\/wp\/v2\/users\/29"}],"replies":[{"embeddable":true,"href":"https:\/\/news.sap.com\/portugal\/wp-json\/wp\/v2\/comments?post=2842"}],"version-history":[{"count":0,"href":"https:\/\/news.sap.com\/portugal\/wp-json\/wp\/v2\/posts\/2842\/revisions"}],"wp:featuredmedia":[{"embeddable":true,"href":"https:\/\/news.sap.com\/portugal\/wp-json\/wp\/v2\/media\/2843"}],"wp:attachment":[{"href":"https:\/\/news.sap.com\/portugal\/wp-json\/wp\/v2\/media?parent=2842"}],"wp:term":[{"taxonomy":"category","embeddable":true,"href":"https:\/\/news.sap.com\/portugal\/wp-json\/wp\/v2\/categories?post=2842"},{"taxonomy":"post_tag","embeddable":true,"href":"https:\/\/news.sap.com\/portugal\/wp-json\/wp\/v2\/tags?post=2842"},{"taxonomy":"sapn-display","embeddable":true,"href":"https:\/\/news.sap.com\/portugal\/wp-json\/wp\/v2\/sapn-display?post=2842"},{"taxonomy":"sapn-type","embeddable":true,"href":"https:\/\/news.sap.com\/portugal\/wp-json\/wp\/v2\/sapn-type?post=2842"}],"curies":[{"name":"wp","href":"https:\/\/api.w.org\/{rel}","templated":true}]}}