{"id":3214,"date":"2024-08-27T14:30:26","date_gmt":"2024-08-27T14:30:26","guid":{"rendered":"https:\/\/news.sap.com\/portugal\/?p=3214"},"modified":"2024-08-28T10:57:10","modified_gmt":"2024-08-28T10:57:10","slug":"rise-with-sap-e-a-nova-arquitetura-empresarial-da-xerox","status":"publish","type":"post","link":"https:\/\/news.sap.com\/portugal\/2024\/08\/rise-with-sap-e-a-nova-arquitetura-empresarial-da-xerox\/","title":{"rendered":"RISE with SAP \u00e9 a nova arquitetura empresarial da Xerox"},"content":{"rendered":"<p class=\"lead\"><em><strong>LISBOA<\/strong><\/em>\u00a0&#8211; As solu\u00e7\u00f5es <a href=\"https:\/\/www.sap.com\/index.html\">SAP<\/a> foram escolhidas pela Xerox Holdings Corp. para transformarem a arquitetura empresarial da empresa no \u00e2mbito da sua <a href=\"https:\/\/www.news.xerox.com\/news\/xerox-reinvention-and-operating-model-evolution\">Reinven\u00e7\u00e3o<\/a> plurianual.<\/p>\n<p>Esta Reinven\u00e7\u00e3o da Xerox envolve o alinhamento dos seus recursos para melhorar e estabilizar os seus principais neg\u00f3cios de impress\u00e3o; aumentar a produtividade e a efici\u00eancia e; concentrar-se nos seus servi\u00e7os digitais emergentes e recursos de TI (Tecnologias de Informa\u00e7\u00e3o), no sentido de melhorar os resultados de neg\u00f3cio dos seus clientes.<\/p>\n<h2><strong>Transfer\u00eancia para a cloud e se obter um n\u00facleo limpo\u00a0 <\/strong><\/h2>\n<p>Ao escolher a solu\u00e7\u00e3o RISE with SAP para transferir os seus processos de neg\u00f3cio para a cloud, a Xerox embarca numa abordagem de n\u00facleo limpo (clean core), com vista a simplificar as suas opera\u00e7\u00f5es em todos os mercados e os respetivos processos de neg\u00f3cio. Atrav\u00e9s da solu\u00e7\u00e3o SAP S\/4HANA Cloud, a Xerox espera reduzir os custos de TI, normalizar os processos globais juntamente com a cria\u00e7\u00e3o de uma organiza\u00e7\u00e3o mundial de servi\u00e7os empresariais e simplificar significativamente o seu panorama de aplica\u00e7\u00f5es, permitindo a entrega de novos modelos de neg\u00f3cio alinhados com as exig\u00eancias em constante mudan\u00e7a da ind\u00fastria.<\/p>\n<p>&#8220;Ao transferir os seus processos para a cloud com as solu\u00e7\u00f5es SAP, a Xerox est\u00e1 a simplificar as opera\u00e7\u00f5es e a tornar mais f\u00e1cil a forma de fazer neg\u00f3cio com e dentro da empresa, posicionando-se para ser uma organiza\u00e7\u00e3o baseada em servi\u00e7os e habilitada por software&#8221;, apontou <strong>Louie Pastor, vice-presidente executivo, diretor de administra\u00e7\u00e3o e transforma\u00e7\u00e3o da Xerox.<\/strong> &#8220;A SAP \u00e9 um parceiro estrat\u00e9gico que nos ajuda a satisfazer as necessidades evolutivas dos nossos clientes e parceiros, enquanto as suas solu\u00e7\u00f5es aumentam, por um lado, a nossa velocidade, agilidade e rentabilidade e, por outro, proporcionam a toda a empresa ferramentas modernas e um suporte melhorado. \u00c0 medida que continuamos a nossa Reinven\u00e7\u00e3o, esta parceria ressalta a dedica\u00e7\u00e3o da Xerox em permitir o sucesso dos seus clientes e parceiros num contexto dominado pelo trabalho h\u00edbrido.&#8221;<\/p>\n<h2><strong>Plataforma \u00danica <\/strong><\/h2>\n<p>Algumas das outras solu\u00e7\u00f5es de cloud selecionadas pela Xerox incluem SAP Business AI, o portef\u00f3lio SAP Customer Experience, SAP Business Technology Platform (SAP BTP) e as solu\u00e7\u00f5es de gest\u00e3o de aprovisionamento da SAP. Ao reunir v\u00e1rias solu\u00e7\u00f5es inovadoras de cloud na SAP BTP, a SAP fornece \u00e0 Xerox uma plataforma integrada ao n\u00edvel das fun\u00e7\u00f5es de finan\u00e7as, cadeia de aprovisionamento e vendas. Isto permitir\u00e1 que a empresa disponha de informa\u00e7\u00f5es em tempo real, com an\u00e1lises detalhadas das transa\u00e7\u00f5es operacionais, proporcionando maior agilidade e flexibilidade para a adi\u00e7\u00e3o de novas ofertas. Em simult\u00e2neo, esta plataforma aumenta a automatiza\u00e7\u00e3o, bem como a simplifica\u00e7\u00e3o e a redu\u00e7\u00e3o de custos em todas as suas opera\u00e7\u00f5es. A solu\u00e7\u00e3o SAP Business AI ser\u00e1 ativada inicialmente para dete\u00e7\u00e3o da integridade do neg\u00f3cio, sendo que utiliza\u00e7\u00f5es adicionais ser\u00e3o exploradas nos pr\u00f3ximos meses com o objetivo de oferecer mais benef\u00edcios ao neg\u00f3cio da Xerox.<\/p>\n<p>A Xerox tamb\u00e9m utilizar\u00e1 as solu\u00e7\u00f5es digitais da SAP para a cadeia de aprovisionamento, n\u00e3o s\u00f3 para a otimizar, como tamb\u00e9m para mitigar os riscos e incrementar a visibilidade de invent\u00e1rio dos quase 145 pa\u00edses em que opera, ampliando, deste modo, a capacidade de an\u00e1lise de todo o neg\u00f3cio e melhorando a tomada de decis\u00e3o baseada em dados.<\/p>\n<p>&#8220;Estamos orgulhosos pelo facto da Xerox ter decidido aproveitar o potencial das solu\u00e7\u00f5es da SAP para impulsionar a sua reinven\u00e7\u00e3o&#8221;, revelou <strong>Dominik Asam, diretor financeiro e membro do Conselho Executivo da SAP SE.<\/strong> &#8220;Com a sele\u00e7\u00e3o do RISE with SAP, a Xerox implementar\u00e1 novos modelos de neg\u00f3cio para melhorar a experi\u00eancia dos clientes e come\u00e7ar\u00e1 a integrar o SAP Business AI para impulsionar o seu neg\u00f3cio. Isto permitir\u00e1 que a empresa consolide a sua trajet\u00f3ria e introduza uma nova era de inova\u00e7\u00e3o no local de trabalho para os seus clientes.&#8221;<\/p>\n<p>Visite o <a href=\"https:\/\/news.sap.com\/\">SAP News Center<\/a>. Siga a SAP em <a href=\"http:\/\/twitter.com\/sapnews\/\">@SAPNews<\/a>.<\/p>\n<h2><strong>Sobre a SAP<\/strong><\/h2>\n<p>Como l\u00edder mundial em aplica\u00e7\u00f5es de gest\u00e3o de neg\u00f3cio e IA empresarial, a SAP (NYSE: SAP) est\u00e1 na vanguarda do mundo empresarial e da tecnologia. H\u00e1 mais de 50 anos que as organiza\u00e7\u00f5es confiam na SAP para fazer crescer o seu neg\u00f3cio, com excel\u00eancia, unindo opera\u00e7\u00f5es cr\u00edticas, como as finan\u00e7as, compras, RH, log\u00edstica e a experi\u00eancia do cliente. Para mais informa\u00e7\u00f5es, visite <a href=\"http:\/\/www.sap.com\/\">www.sap.com<\/a>.<\/p>\n<p style=\"text-align: center\">###<\/p>\n<h5>\u00a9 2024 SAP SE. Todos os direitos reservados.<\/h5>\n<h5>SAP e os outros produtos e servi\u00e7os SAP aqui mencionados, bem como os seus respetivos log\u00f3tipos s\u00e3o marcas comerciais ou marcas registadas da SAP SE na Alemanha e noutros pa\u00edses. Consulte <a href=\"https:\/\/www.sap.com\/copyright\">https:\/\/www.sap.com\/copyright<\/a> para informa\u00e7\u00f5es e avisos adicionais sobre as marcas registadas.<\/h5>\n","protected":false},"excerpt":{"rendered":"<p>LISBOA\u00a0&#8211; As solu\u00e7\u00f5es SAP foram escolhidas pela Xerox Holdings Corp. para transformarem a arquitetura empresarial da empresa no \u00e2mbito da sua Reinven\u00e7\u00e3o plurianual. Esta Reinven\u00e7\u00e3o&#8230;<\/p>\n","protected":false},"author":29,"featured_media":3215,"comment_status":"closed","ping_status":"closed","sticky":false,"template":"","format":"standard","meta":{"footnotes":"","_links_to":"","_links_to_target":""},"categories":[16582],"tags":[5562702,5562717,5562822,5562723],"sapn-display":[],"sapn-type":[4446],"class_list":["post-3214","post","type-post","status-publish","format-standard","has-post-thumbnail","hentry","category-clientes","tag-rise-with-sap","tag-sap-btp","tag-sap-business-ai","tag-sap-s-4hana-cloud","sapn-type-press-release"],"yoast_head":"<!-- This site is optimized with the Yoast SEO Premium plugin v27.8 (Yoast SEO v27.8) - https:\/\/yoast.com\/product\/yoast-seo-premium-wordpress\/ -->\n<title>RISE with SAP \u00e9 a nova arquitetura empresarial da Xerox - Sala de Imprensa da SAP Portugal<\/title>\n<meta name=\"robots\" content=\"index, follow, max-snippet:-1, max-image-preview:large, max-video-preview:-1\" \/>\n<link rel=\"canonical\" href=\"https:\/\/news.sap.com\/portugal\/2024\/08\/rise-with-sap-e-a-nova-arquitetura-empresarial-da-xerox\/\" \/>\n<meta property=\"og:locale\" content=\"pt_PT\" \/>\n<meta property=\"og:type\" content=\"article\" \/>\n<meta property=\"og:title\" content=\"RISE with SAP \u00e9 a nova arquitetura empresarial da Xerox\" \/>\n<meta property=\"og:description\" content=\"LISBOA\u00a0&#8211; As solu\u00e7\u00f5es SAP foram escolhidas pela Xerox Holdings Corp. para transformarem a arquitetura empresarial da empresa no \u00e2mbito da sua Reinven\u00e7\u00e3o plurianual. Esta Reinven\u00e7\u00e3o...\" \/>\n<meta property=\"og:url\" content=\"https:\/\/news.sap.com\/portugal\/2024\/08\/rise-with-sap-e-a-nova-arquitetura-empresarial-da-xerox\/\" \/>\n<meta property=\"og:site_name\" content=\"Sala de Imprensa da SAP Portugal\" \/>\n<meta property=\"article:published_time\" content=\"2024-08-27T14:30:26+00:00\" \/>\n<meta property=\"article:modified_time\" content=\"2024-08-28T10:57:10+00:00\" \/>\n<meta property=\"og:image\" content=\"https:\/\/news.sap.com\/portugal\/files\/2024\/08\/28\/302069_GettyImages-1729573148_medium_uncropped_F-1920x600-1722868641.jpg\" \/>\n\t<meta property=\"og:image:width\" content=\"1920\" \/>\n\t<meta property=\"og:image:height\" content=\"600\" \/>\n\t<meta property=\"og:image:type\" content=\"image\/jpeg\" \/>\n<meta name=\"author\" content=\"SAP News\" \/>\n<meta name=\"twitter:card\" content=\"summary_large_image\" \/>\n<meta name=\"twitter:label1\" content=\"Escrito por\" \/>\n\t<meta name=\"twitter:data1\" content=\"SAP News\" \/>\n\t<meta name=\"twitter:label2\" content=\"Tempo estimado de leitura\" \/>\n\t<meta name=\"twitter:data2\" content=\"5 minutos\" \/>\n<script type=\"application\/ld+json\" class=\"yoast-schema-graph\">{\"@context\":\"https:\\\/\\\/schema.org\",\"@graph\":[{\"@type\":\"Article\",\"@id\":\"https:\\\/\\\/news.sap.com\\\/portugal\\\/2024\\\/08\\\/rise-with-sap-e-a-nova-arquitetura-empresarial-da-xerox\\\/#article\",\"isPartOf\":{\"@id\":\"https:\\\/\\\/news.sap.com\\\/portugal\\\/2024\\\/08\\\/rise-with-sap-e-a-nova-arquitetura-empresarial-da-xerox\\\/\"},\"author\":{\"name\":\"SAP News\",\"@id\":\"https:\\\/\\\/news.sap.com\\\/portugal\\\/#\\\/schema\\\/person\\\/53b9854bd790d6f18f3fc4bbb2ad7570\"},\"headline\":\"RISE with SAP \u00e9 a nova arquitetura empresarial da Xerox\",\"datePublished\":\"2024-08-27T14:30:26+00:00\",\"dateModified\":\"2024-08-28T10:57:10+00:00\",\"mainEntityOfPage\":{\"@id\":\"https:\\\/\\\/news.sap.com\\\/portugal\\\/2024\\\/08\\\/rise-with-sap-e-a-nova-arquitetura-empresarial-da-xerox\\\/\"},\"wordCount\":847,\"image\":{\"@id\":\"https:\\\/\\\/news.sap.com\\\/portugal\\\/2024\\\/08\\\/rise-with-sap-e-a-nova-arquitetura-empresarial-da-xerox\\\/#primaryimage\"},\"thumbnailUrl\":\"https:\\\/\\\/news.sap.com\\\/portugal\\\/files\\\/2024\\\/08\\\/28\\\/302069_GettyImages-1729573148_medium_uncropped_F-1920x600-1722868641.jpg\",\"keywords\":[\"Rise with SAP\",\"SAP BTP\",\"SAP Business AI\",\"SAP S\\\/4HANA Cloud\"],\"articleSection\":[\"Clientes\"],\"inLanguage\":\"pt-PT\"},{\"@type\":\"WebPage\",\"@id\":\"https:\\\/\\\/news.sap.com\\\/portugal\\\/2024\\\/08\\\/rise-with-sap-e-a-nova-arquitetura-empresarial-da-xerox\\\/\",\"url\":\"https:\\\/\\\/news.sap.com\\\/portugal\\\/2024\\\/08\\\/rise-with-sap-e-a-nova-arquitetura-empresarial-da-xerox\\\/\",\"name\":\"RISE with SAP \u00e9 a nova arquitetura empresarial da Xerox - Sala de Imprensa da SAP Portugal\",\"isPartOf\":{\"@id\":\"https:\\\/\\\/news.sap.com\\\/portugal\\\/#website\"},\"primaryImageOfPage\":{\"@id\":\"https:\\\/\\\/news.sap.com\\\/portugal\\\/2024\\\/08\\\/rise-with-sap-e-a-nova-arquitetura-empresarial-da-xerox\\\/#primaryimage\"},\"image\":{\"@id\":\"https:\\\/\\\/news.sap.com\\\/portugal\\\/2024\\\/08\\\/rise-with-sap-e-a-nova-arquitetura-empresarial-da-xerox\\\/#primaryimage\"},\"thumbnailUrl\":\"https:\\\/\\\/news.sap.com\\\/portugal\\\/files\\\/2024\\\/08\\\/28\\\/302069_GettyImages-1729573148_medium_uncropped_F-1920x600-1722868641.jpg\",\"datePublished\":\"2024-08-27T14:30:26+00:00\",\"dateModified\":\"2024-08-28T10:57:10+00:00\",\"author\":{\"@id\":\"https:\\\/\\\/news.sap.com\\\/portugal\\\/#\\\/schema\\\/person\\\/53b9854bd790d6f18f3fc4bbb2ad7570\"},\"breadcrumb\":{\"@id\":\"https:\\\/\\\/news.sap.com\\\/portugal\\\/2024\\\/08\\\/rise-with-sap-e-a-nova-arquitetura-empresarial-da-xerox\\\/#breadcrumb\"},\"inLanguage\":\"pt-PT\",\"potentialAction\":[{\"@type\":\"ReadAction\",\"target\":[\"https:\\\/\\\/news.sap.com\\\/portugal\\\/2024\\\/08\\\/rise-with-sap-e-a-nova-arquitetura-empresarial-da-xerox\\\/\"]}]},{\"@type\":\"ImageObject\",\"inLanguage\":\"pt-PT\",\"@id\":\"https:\\\/\\\/news.sap.com\\\/portugal\\\/2024\\\/08\\\/rise-with-sap-e-a-nova-arquitetura-empresarial-da-xerox\\\/#primaryimage\",\"url\":\"https:\\\/\\\/news.sap.com\\\/portugal\\\/files\\\/2024\\\/08\\\/28\\\/302069_GettyImages-1729573148_medium_uncropped_F-1920x600-1722868641.jpg\",\"contentUrl\":\"https:\\\/\\\/news.sap.com\\\/portugal\\\/files\\\/2024\\\/08\\\/28\\\/302069_GettyImages-1729573148_medium_uncropped_F-1920x600-1722868641.jpg\",\"width\":1920,\"height\":600,\"caption\":\"Modern black man working on a laptop at the cafe\"},{\"@type\":\"BreadcrumbList\",\"@id\":\"https:\\\/\\\/news.sap.com\\\/portugal\\\/2024\\\/08\\\/rise-with-sap-e-a-nova-arquitetura-empresarial-da-xerox\\\/#breadcrumb\",\"itemListElement\":[{\"@type\":\"ListItem\",\"position\":1,\"name\":\"Home\",\"item\":\"https:\\\/\\\/news.sap.com\\\/portugal\\\/\"},{\"@type\":\"ListItem\",\"position\":2,\"name\":\"RISE with SAP \u00e9 a nova arquitetura empresarial da Xerox\"}]},{\"@type\":\"WebSite\",\"@id\":\"https:\\\/\\\/news.sap.com\\\/portugal\\\/#website\",\"url\":\"https:\\\/\\\/news.sap.com\\\/portugal\\\/\",\"name\":\"Sala de Imprensa da SAP Portugal\",\"description\":\"Not\u00edcias sobre SAP Portugal\",\"potentialAction\":[{\"@type\":\"SearchAction\",\"target\":{\"@type\":\"EntryPoint\",\"urlTemplate\":\"https:\\\/\\\/news.sap.com\\\/portugal\\\/?s={search_term_string}\"},\"query-input\":{\"@type\":\"PropertyValueSpecification\",\"valueRequired\":true,\"valueName\":\"search_term_string\"}}],\"inLanguage\":\"pt-PT\"},{\"@type\":\"Person\",\"@id\":\"https:\\\/\\\/news.sap.com\\\/portugal\\\/#\\\/schema\\\/person\\\/53b9854bd790d6f18f3fc4bbb2ad7570\",\"name\":\"SAP News\",\"image\":{\"@type\":\"ImageObject\",\"inLanguage\":\"pt-PT\",\"@id\":\"https:\\\/\\\/news.sap.com\\\/portugal\\\/wp-content\\\/plugins\\\/wp-user-avatars\\\/wp-user-avatars\\\/assets\\\/images\\\/mystery.jpg\",\"url\":\"https:\\\/\\\/news.sap.com\\\/portugal\\\/wp-content\\\/plugins\\\/wp-user-avatars\\\/wp-user-avatars\\\/assets\\\/images\\\/mystery.jpg\",\"contentUrl\":\"https:\\\/\\\/news.sap.com\\\/portugal\\\/wp-content\\\/plugins\\\/wp-user-avatars\\\/wp-user-avatars\\\/assets\\\/images\\\/mystery.jpg\",\"caption\":\"SAP News\"},\"url\":\"https:\\\/\\\/news.sap.com\\\/portugal\\\/author\\\/colleenraftery\\\/\"}]}<\/script>\n<!-- \/ Yoast SEO Premium plugin. -->","yoast_head_json":{"title":"RISE with SAP \u00e9 a nova arquitetura empresarial da Xerox - Sala de Imprensa da SAP Portugal","robots":{"index":"index","follow":"follow","max-snippet":"max-snippet:-1","max-image-preview":"max-image-preview:large","max-video-preview":"max-video-preview:-1"},"canonical":"https:\/\/news.sap.com\/portugal\/2024\/08\/rise-with-sap-e-a-nova-arquitetura-empresarial-da-xerox\/","og_locale":"pt_PT","og_type":"article","og_title":"RISE with SAP \u00e9 a nova arquitetura empresarial da Xerox","og_description":"LISBOA\u00a0&#8211; As solu\u00e7\u00f5es SAP foram escolhidas pela Xerox Holdings Corp. para transformarem a arquitetura empresarial da empresa no \u00e2mbito da sua Reinven\u00e7\u00e3o plurianual. Esta Reinven\u00e7\u00e3o...","og_url":"https:\/\/news.sap.com\/portugal\/2024\/08\/rise-with-sap-e-a-nova-arquitetura-empresarial-da-xerox\/","og_site_name":"Sala de Imprensa da SAP Portugal","article_published_time":"2024-08-27T14:30:26+00:00","article_modified_time":"2024-08-28T10:57:10+00:00","og_image":[{"width":1920,"height":600,"url":"https:\/\/news.sap.com\/portugal\/files\/2024\/08\/28\/302069_GettyImages-1729573148_medium_uncropped_F-1920x600-1722868641.jpg","type":"image\/jpeg"}],"author":"SAP News","twitter_card":"summary_large_image","twitter_misc":{"Escrito por":"SAP News","Tempo estimado de leitura":"5 minutos"},"schema":{"@context":"https:\/\/schema.org","@graph":[{"@type":"Article","@id":"https:\/\/news.sap.com\/portugal\/2024\/08\/rise-with-sap-e-a-nova-arquitetura-empresarial-da-xerox\/#article","isPartOf":{"@id":"https:\/\/news.sap.com\/portugal\/2024\/08\/rise-with-sap-e-a-nova-arquitetura-empresarial-da-xerox\/"},"author":{"name":"SAP News","@id":"https:\/\/news.sap.com\/portugal\/#\/schema\/person\/53b9854bd790d6f18f3fc4bbb2ad7570"},"headline":"RISE with SAP \u00e9 a nova arquitetura empresarial da Xerox","datePublished":"2024-08-27T14:30:26+00:00","dateModified":"2024-08-28T10:57:10+00:00","mainEntityOfPage":{"@id":"https:\/\/news.sap.com\/portugal\/2024\/08\/rise-with-sap-e-a-nova-arquitetura-empresarial-da-xerox\/"},"wordCount":847,"image":{"@id":"https:\/\/news.sap.com\/portugal\/2024\/08\/rise-with-sap-e-a-nova-arquitetura-empresarial-da-xerox\/#primaryimage"},"thumbnailUrl":"https:\/\/news.sap.com\/portugal\/files\/2024\/08\/28\/302069_GettyImages-1729573148_medium_uncropped_F-1920x600-1722868641.jpg","keywords":["Rise with SAP","SAP BTP","SAP Business AI","SAP S\/4HANA Cloud"],"articleSection":["Clientes"],"inLanguage":"pt-PT"},{"@type":"WebPage","@id":"https:\/\/news.sap.com\/portugal\/2024\/08\/rise-with-sap-e-a-nova-arquitetura-empresarial-da-xerox\/","url":"https:\/\/news.sap.com\/portugal\/2024\/08\/rise-with-sap-e-a-nova-arquitetura-empresarial-da-xerox\/","name":"RISE with SAP \u00e9 a nova arquitetura empresarial da Xerox - Sala de Imprensa da SAP Portugal","isPartOf":{"@id":"https:\/\/news.sap.com\/portugal\/#website"},"primaryImageOfPage":{"@id":"https:\/\/news.sap.com\/portugal\/2024\/08\/rise-with-sap-e-a-nova-arquitetura-empresarial-da-xerox\/#primaryimage"},"image":{"@id":"https:\/\/news.sap.com\/portugal\/2024\/08\/rise-with-sap-e-a-nova-arquitetura-empresarial-da-xerox\/#primaryimage"},"thumbnailUrl":"https:\/\/news.sap.com\/portugal\/files\/2024\/08\/28\/302069_GettyImages-1729573148_medium_uncropped_F-1920x600-1722868641.jpg","datePublished":"2024-08-27T14:30:26+00:00","dateModified":"2024-08-28T10:57:10+00:00","author":{"@id":"https:\/\/news.sap.com\/portugal\/#\/schema\/person\/53b9854bd790d6f18f3fc4bbb2ad7570"},"breadcrumb":{"@id":"https:\/\/news.sap.com\/portugal\/2024\/08\/rise-with-sap-e-a-nova-arquitetura-empresarial-da-xerox\/#breadcrumb"},"inLanguage":"pt-PT","potentialAction":[{"@type":"ReadAction","target":["https:\/\/news.sap.com\/portugal\/2024\/08\/rise-with-sap-e-a-nova-arquitetura-empresarial-da-xerox\/"]}]},{"@type":"ImageObject","inLanguage":"pt-PT","@id":"https:\/\/news.sap.com\/portugal\/2024\/08\/rise-with-sap-e-a-nova-arquitetura-empresarial-da-xerox\/#primaryimage","url":"https:\/\/news.sap.com\/portugal\/files\/2024\/08\/28\/302069_GettyImages-1729573148_medium_uncropped_F-1920x600-1722868641.jpg","contentUrl":"https:\/\/news.sap.com\/portugal\/files\/2024\/08\/28\/302069_GettyImages-1729573148_medium_uncropped_F-1920x600-1722868641.jpg","width":1920,"height":600,"caption":"Modern black man working on a laptop at the cafe"},{"@type":"BreadcrumbList","@id":"https:\/\/news.sap.com\/portugal\/2024\/08\/rise-with-sap-e-a-nova-arquitetura-empresarial-da-xerox\/#breadcrumb","itemListElement":[{"@type":"ListItem","position":1,"name":"Home","item":"https:\/\/news.sap.com\/portugal\/"},{"@type":"ListItem","position":2,"name":"RISE with SAP \u00e9 a nova arquitetura empresarial da Xerox"}]},{"@type":"WebSite","@id":"https:\/\/news.sap.com\/portugal\/#website","url":"https:\/\/news.sap.com\/portugal\/","name":"Sala de Imprensa da SAP Portugal","description":"Not\u00edcias sobre SAP Portugal","potentialAction":[{"@type":"SearchAction","target":{"@type":"EntryPoint","urlTemplate":"https:\/\/news.sap.com\/portugal\/?s={search_term_string}"},"query-input":{"@type":"PropertyValueSpecification","valueRequired":true,"valueName":"search_term_string"}}],"inLanguage":"pt-PT"},{"@type":"Person","@id":"https:\/\/news.sap.com\/portugal\/#\/schema\/person\/53b9854bd790d6f18f3fc4bbb2ad7570","name":"SAP News","image":{"@type":"ImageObject","inLanguage":"pt-PT","@id":"https:\/\/news.sap.com\/portugal\/wp-content\/plugins\/wp-user-avatars\/wp-user-avatars\/assets\/images\/mystery.jpg","url":"https:\/\/news.sap.com\/portugal\/wp-content\/plugins\/wp-user-avatars\/wp-user-avatars\/assets\/images\/mystery.jpg","contentUrl":"https:\/\/news.sap.com\/portugal\/wp-content\/plugins\/wp-user-avatars\/wp-user-avatars\/assets\/images\/mystery.jpg","caption":"SAP News"},"url":"https:\/\/news.sap.com\/portugal\/author\/colleenraftery\/"}]}},"amp_enabled":true,"_links":{"self":[{"href":"https:\/\/news.sap.com\/portugal\/wp-json\/wp\/v2\/posts\/3214","targetHints":{"allow":["GET"]}}],"collection":[{"href":"https:\/\/news.sap.com\/portugal\/wp-json\/wp\/v2\/posts"}],"about":[{"href":"https:\/\/news.sap.com\/portugal\/wp-json\/wp\/v2\/types\/post"}],"author":[{"embeddable":true,"href":"https:\/\/news.sap.com\/portugal\/wp-json\/wp\/v2\/users\/29"}],"replies":[{"embeddable":true,"href":"https:\/\/news.sap.com\/portugal\/wp-json\/wp\/v2\/comments?post=3214"}],"version-history":[{"count":0,"href":"https:\/\/news.sap.com\/portugal\/wp-json\/wp\/v2\/posts\/3214\/revisions"}],"wp:featuredmedia":[{"embeddable":true,"href":"https:\/\/news.sap.com\/portugal\/wp-json\/wp\/v2\/media\/3215"}],"wp:attachment":[{"href":"https:\/\/news.sap.com\/portugal\/wp-json\/wp\/v2\/media?parent=3214"}],"wp:term":[{"taxonomy":"category","embeddable":true,"href":"https:\/\/news.sap.com\/portugal\/wp-json\/wp\/v2\/categories?post=3214"},{"taxonomy":"post_tag","embeddable":true,"href":"https:\/\/news.sap.com\/portugal\/wp-json\/wp\/v2\/tags?post=3214"},{"taxonomy":"sapn-display","embeddable":true,"href":"https:\/\/news.sap.com\/portugal\/wp-json\/wp\/v2\/sapn-display?post=3214"},{"taxonomy":"sapn-type","embeddable":true,"href":"https:\/\/news.sap.com\/portugal\/wp-json\/wp\/v2\/sapn-type?post=3214"}],"curies":[{"name":"wp","href":"https:\/\/api.w.org\/{rel}","templated":true}]}}