{"id":3329,"date":"2025-04-22T17:24:44","date_gmt":"2025-04-22T17:24:44","guid":{"rendered":"https:\/\/news.sap.com\/portugal\/?p=3329"},"modified":"2025-04-22T17:37:34","modified_gmt":"2025-04-22T17:37:34","slug":"porto-de-roterdao-reforca-processos-de-negocio-com-sap-s-4hana-cloud","status":"publish","type":"post","link":"https:\/\/news.sap.com\/portugal\/2025\/04\/porto-de-roterdao-reforca-processos-de-negocio-com-sap-s-4hana-cloud\/","title":{"rendered":"Porto de Roterd\u00e3o refor\u00e7a processos de neg\u00f3cio com SAP S\/4HANA Cloud"},"content":{"rendered":"<p class=\"lead\"><em><strong>Lisboa<\/strong><\/em>\u00a0&#8211; O Porto de Roterd\u00e3o deu mais um passo decisivo na sua transforma\u00e7\u00e3o digital ao migrar para SAP S\/4HANA Cloud, com recurso \u00e0 solu\u00e7\u00e3o RISE with SAP. Este projeto foi realizado em parceria com a myBrand Conclusion e garante ao porto uma infraestrutura de ERP flex\u00edvel, escal\u00e1vel e preparada para o futuro, potenciando a inova\u00e7\u00e3o e a efici\u00eancia dos seus processos de neg\u00f3cio.<\/p>\n<p>Como um dos maiores e mais importantes portos da Europa, o Porto de Roterd\u00e3o desempenha um papel fundamental na log\u00edstica global. Por ano, passam por este hub log\u00edstico mais de 438 milh\u00f5es de toneladas de mercadorias e \u00e9 respons\u00e1vel por mais de 193 mil empregos diretos e indiretos. A Administra\u00e7\u00e3o do Porto de Roterd\u00e3o, entidade gestora, tem como miss\u00e3o desenvolver, operar e gerir esta infraestrutura, assegurando os servi\u00e7os prestados a clientes e parceiros atrav\u00e9s de um ecossistema f\u00edsico e digital avan\u00e7ado.<\/p>\n<p><strong>RISE with SAP: uma escolha estrat\u00e9gica para o futuro<\/strong><\/p>\n<p>A tecnologia, e em particular o sistema ERP, \u00e9 cr\u00edtica para a efici\u00eancia operacional e para a capacidade de inova\u00e7\u00e3o do Porto de Roterd\u00e3o. A entidade portu\u00e1ria j\u00e1 geria um vasto leque de processos com SAP ECC, incluindo \u00e1reas como Finan\u00e7as, Compras, Recursos Humanos e Gest\u00e3o Imobili\u00e1ria. Atrav\u00e9s da interface SAP Fiori, os utilizadores j\u00e1 dispunham de uma experi\u00eancia mais intuitiva e eficiente na utiliza\u00e7\u00e3o dos sistemas SAP.<\/p>\n<p>A op\u00e7\u00e3o pela migra\u00e7\u00e3o para SAP S\/4HANA, atrav\u00e9s da solu\u00e7\u00e3o RISE with SAP, representou um passo l\u00f3gico para garantir a continuidade e a evolu\u00e7\u00e3o dos processos de neg\u00f3cio, assente numa base tecnol\u00f3gica robusta e adapt\u00e1vel.<\/p>\n<p><strong>Migra\u00e7\u00e3o faseada com enfoque na otimiza\u00e7\u00e3o<\/strong><\/p>\n<p>A estrat\u00e9gia adotada consistiu na transi\u00e7\u00e3o para o SAP S\/4HANA Cloud, num modelo baseado no sistema existente, seguida de uma otimiza\u00e7\u00e3o faseada. Esta abordagem permitiu reduzir personaliza\u00e7\u00f5es de forma controlada e adotar, gradualmente, as melhores pr\u00e1ticas da SAP.<\/p>\n<p>\u201cDurante anos, foram desenvolvidas muitas solu\u00e7\u00f5es personalizadas no SAP ECC. N\u00e3o podemos, nem queremos desfazermo-nos de tudo de uma s\u00f3 vez\u201d, explica <strong>Claudia de Andrade-de Wit<\/strong>, <strong>Diretora de Digital &amp; IT da Administra\u00e7\u00e3o do Porto de Roterd\u00e3o<\/strong>. \u201cCom as capacidades do RISE with SAP e a experi\u00eancia da myBrand Conclusion conseguimos migrar com seguran\u00e7a para a cloud e iniciar uma otimiza\u00e7\u00e3o de forma progressiva, aproveitando as melhores pr\u00e1ticas do SAP S\/4HANA. Isso d\u00e1-nos mais agilidade e reduz a depend\u00eancia de solu\u00e7\u00f5es customizadas.\u201d<\/p>\n<p><strong>Prepara\u00e7\u00e3o s\u00f3lida como chave para o sucesso<\/strong><\/p>\n<p>A prepara\u00e7\u00e3o foi um dos pilares centrais do sucesso desta migra\u00e7\u00e3o. A Administra\u00e7\u00e3o Portu\u00e1ria deu grande \u00eanfase ao planeamento, \u00e0 forma\u00e7\u00e3o de equipas e ao envolvimento de toda a organiza\u00e7\u00e3o. Durante a fase preliminar, foram realizadas quatro migra\u00e7\u00f5es de teste e um total de 1.247 cen\u00e1rios de neg\u00f3cio foram testados, validando 1.328 transa\u00e7\u00f5es SAP S\/4HANA e 38 transa\u00e7\u00f5es SAP Fiori. Adicionalmente, 1.126 objetos personalizados foram modificados, garantindo uma transi\u00e7\u00e3o suave.<\/p>\n<p>O fim de semana da migra\u00e7\u00e3o foi vivido com a mesma intensidade de uma maratona. Ao longo de quatro dias e 80 horas de trabalho, toda a equipa esteve mobilizada para garantir que, no s\u00e1bado \u00e0 noite, a decis\u00e3o de avan\u00e7ar com o go-live na segunda-feira fosse tomada com confian\u00e7a. \u201cMomentos como este mostram um verdadeiro alinhamento com a Administra\u00e7\u00e3o do Porto de Roterd\u00e3o, que sentimos desde o in\u00edcio da nossa colabora\u00e7\u00e3o em 2023\u201d, afirma <strong>Lotte Egbertzen<\/strong>, <strong>Diretora Regional Sul da myBrand Conclusion<\/strong>. \u201cAmbas as organiza\u00e7\u00f5es partilham uma mentalidade de \u2018menos palavras, mais a\u00e7\u00e3o\u2019.\u201d<\/p>\n<p><strong>Base s\u00f3lida para inova\u00e7\u00e3o cont\u00ednua<\/strong><\/p>\n<p>Com esta migra\u00e7\u00e3o, o Porto de Roterd\u00e3o estabeleceu uma base tecnol\u00f3gica s\u00f3lida para o futuro. A organiza\u00e7\u00e3o ir\u00e1 agora concentrar-se em evoluir com base nos princ\u00edpios de <em>fit-to-standard<\/em>, <em>clean core<\/em> e processos <em>end-to-end<\/em>, tornando o ambiente SAP mais eficiente e sustent\u00e1vel.<\/p>\n<p>\u201cEstamos muito satisfeitos com o resultado da migra\u00e7\u00e3o e j\u00e1 estamos focados na pr\u00f3xima fase de otimiza\u00e7\u00e3o\u201d, conclui De Andrade-de Wit. \u201cGra\u00e7as \u00e0 flexibilidade e escalabilidade do SAP S\/4HANA Cloud sentimos que estamos preparados para o futuro.\u201d<\/p>\n<p>&nbsp;<\/p>\n<p style=\"text-align: center\">###<\/p>\n<p>&nbsp;<\/p>\n<p><strong>Sobre a SAP<\/strong><\/p>\n<p>Como l\u00edder mundial em IA de neg\u00f3cio e aplica\u00e7\u00f5es empresariais, a SAP (NYSE: SAP) faz a ponte entre o mundo dos neg\u00f3cios e da tecnologia. H\u00e1 mais de 50 anos, as organiza\u00e7\u00f5es confiam na SAP para oferecer o melhor de si, unindo opera\u00e7\u00f5es essenciais para as empresas, abrangendo finan\u00e7as, compras, RH, cadeia de abastecimento e experi\u00eancia do cliente. Para mais informa\u00e7\u00f5es, visite <a href=\"http:\/\/www.sap.com\/\">www.sap.com<\/a>.<\/p>\n<p>&nbsp;<\/p>\n<h5>Este documento cont\u00e9m declara\u00e7\u00f5es prospetivas, que s\u00e3o previs\u00f5es, proje\u00e7\u00f5es ou outras declara\u00e7\u00f5es sobre eventos futuros. Essas declara\u00e7\u00f5es s\u00e3o baseadas em expectativas, previs\u00f5es e suposi\u00e7\u00f5es atuais que est\u00e3o sujeitas a riscos e incertezas que podem causar resultados reais e resultados materialmente diferentes. Informa\u00e7\u00f5es adicionais sobre esses riscos e incertezas podem ser encontradas nos nossos registos com a Securities and Exchange Commission, incluindo, entre outros, a se\u00e7\u00e3o de fatores de risco do Relat\u00f3rio Anual da SAP de 2023 no Formul\u00e1rio 20-F.<\/h5>\n<h5>\u00a9 2025 SAP SE. Todos os direitos reservados.<\/h5>\n<h5>SAP e outros produtos e servi\u00e7os da SAP aqui mencionados, bem como os seus respetivos log\u00f3tipos s\u00e3o marcas comerciais ou marcas registadas da SAP SE na Alemanha e noutros pa\u00edses. Consulte <a href=\"https:\/\/www.sap.com\/copyright\">https:\/\/www.sap.com\/copyright<\/a> para informa\u00e7\u00f5es e avisos adicionais sobre a marca registada.<\/h5>\n<p>&nbsp;<\/p>\n<p>&nbsp;<\/p>\n","protected":false},"excerpt":{"rendered":"<p>Lisboa\u00a0&#8211; O Porto de Roterd\u00e3o deu mais um passo decisivo na sua transforma\u00e7\u00e3o digital ao migrar para SAP S\/4HANA Cloud, com recurso \u00e0 solu\u00e7\u00e3o RISE&#8230;<\/p>\n","protected":false},"author":29,"featured_media":3330,"comment_status":"closed","ping_status":"closed","sticky":false,"template":"","format":"standard","meta":{"footnotes":"","_links_to":"","_links_to_target":""},"categories":[16582],"tags":[5562702,5562723],"sapn-display":[],"sapn-type":[4446],"class_list":["post-3329","post","type-post","status-publish","format-standard","has-post-thumbnail","hentry","category-clientes","tag-rise-with-sap","tag-sap-s-4hana-cloud","sapn-type-press-release"],"yoast_head":"<!-- This site is optimized with the Yoast SEO Premium plugin v27.8 (Yoast SEO v27.8) - https:\/\/yoast.com\/product\/yoast-seo-premium-wordpress\/ -->\n<title>Porto de Roterd\u00e3o refor\u00e7a processos de neg\u00f3cio com SAP S\/4HANA Cloud - Sala de Imprensa da SAP Portugal<\/title>\n<meta name=\"robots\" content=\"index, follow, max-snippet:-1, max-image-preview:large, max-video-preview:-1\" \/>\n<link rel=\"canonical\" href=\"https:\/\/news.sap.com\/portugal\/2025\/04\/porto-de-roterdao-reforca-processos-de-negocio-com-sap-s-4hana-cloud\/\" \/>\n<meta property=\"og:locale\" content=\"pt_PT\" \/>\n<meta property=\"og:type\" content=\"article\" \/>\n<meta property=\"og:title\" content=\"Porto de Roterd\u00e3o refor\u00e7a processos de neg\u00f3cio com SAP S\/4HANA Cloud\" \/>\n<meta property=\"og:description\" content=\"Lisboa\u00a0&#8211; O Porto de Roterd\u00e3o deu mais um passo decisivo na sua transforma\u00e7\u00e3o digital ao migrar para SAP S\/4HANA Cloud, com recurso \u00e0 solu\u00e7\u00e3o RISE...\" \/>\n<meta property=\"og:url\" content=\"https:\/\/news.sap.com\/portugal\/2025\/04\/porto-de-roterdao-reforca-processos-de-negocio-com-sap-s-4hana-cloud\/\" \/>\n<meta property=\"og:site_name\" content=\"Sala de Imprensa da SAP Portugal\" \/>\n<meta property=\"article:published_time\" content=\"2025-04-22T17:24:44+00:00\" \/>\n<meta property=\"article:modified_time\" content=\"2025-04-22T17:37:34+00:00\" \/>\n<meta property=\"og:image\" content=\"https:\/\/news.sap.com\/portugal\/files\/2025\/04\/22\/281784_GettyImages-584250294_super_low.jpg\" \/>\n\t<meta property=\"og:image:width\" content=\"8688\" \/>\n\t<meta property=\"og:image:height\" content=\"5792\" \/>\n\t<meta property=\"og:image:type\" content=\"image\/jpeg\" \/>\n<meta name=\"author\" content=\"SAP News\" \/>\n<meta name=\"twitter:card\" content=\"summary_large_image\" \/>\n<meta name=\"twitter:label1\" content=\"Escrito por\" \/>\n\t<meta name=\"twitter:data1\" content=\"SAP News\" \/>\n\t<meta name=\"twitter:label2\" content=\"Tempo estimado de leitura\" \/>\n\t<meta name=\"twitter:data2\" content=\"5 minutos\" \/>\n<script type=\"application\/ld+json\" class=\"yoast-schema-graph\">{\"@context\":\"https:\\\/\\\/schema.org\",\"@graph\":[{\"@type\":\"Article\",\"@id\":\"https:\\\/\\\/news.sap.com\\\/portugal\\\/2025\\\/04\\\/porto-de-roterdao-reforca-processos-de-negocio-com-sap-s-4hana-cloud\\\/#article\",\"isPartOf\":{\"@id\":\"https:\\\/\\\/news.sap.com\\\/portugal\\\/2025\\\/04\\\/porto-de-roterdao-reforca-processos-de-negocio-com-sap-s-4hana-cloud\\\/\"},\"author\":{\"name\":\"SAP News\",\"@id\":\"https:\\\/\\\/news.sap.com\\\/portugal\\\/#\\\/schema\\\/person\\\/53b9854bd790d6f18f3fc4bbb2ad7570\"},\"headline\":\"Porto de Roterd\u00e3o refor\u00e7a processos de neg\u00f3cio com SAP S\\\/4HANA Cloud\",\"datePublished\":\"2025-04-22T17:24:44+00:00\",\"dateModified\":\"2025-04-22T17:37:34+00:00\",\"mainEntityOfPage\":{\"@id\":\"https:\\\/\\\/news.sap.com\\\/portugal\\\/2025\\\/04\\\/porto-de-roterdao-reforca-processos-de-negocio-com-sap-s-4hana-cloud\\\/\"},\"wordCount\":972,\"image\":{\"@id\":\"https:\\\/\\\/news.sap.com\\\/portugal\\\/2025\\\/04\\\/porto-de-roterdao-reforca-processos-de-negocio-com-sap-s-4hana-cloud\\\/#primaryimage\"},\"thumbnailUrl\":\"https:\\\/\\\/news.sap.com\\\/portugal\\\/files\\\/2025\\\/04\\\/22\\\/281784_GettyImages-584250294_super_low.jpg\",\"keywords\":[\"Rise with SAP\",\"SAP S\\\/4HANA Cloud\"],\"articleSection\":[\"Clientes\"],\"inLanguage\":\"pt-PT\"},{\"@type\":\"WebPage\",\"@id\":\"https:\\\/\\\/news.sap.com\\\/portugal\\\/2025\\\/04\\\/porto-de-roterdao-reforca-processos-de-negocio-com-sap-s-4hana-cloud\\\/\",\"url\":\"https:\\\/\\\/news.sap.com\\\/portugal\\\/2025\\\/04\\\/porto-de-roterdao-reforca-processos-de-negocio-com-sap-s-4hana-cloud\\\/\",\"name\":\"Porto de Roterd\u00e3o refor\u00e7a processos de neg\u00f3cio com SAP S\\\/4HANA Cloud - Sala de Imprensa da SAP Portugal\",\"isPartOf\":{\"@id\":\"https:\\\/\\\/news.sap.com\\\/portugal\\\/#website\"},\"primaryImageOfPage\":{\"@id\":\"https:\\\/\\\/news.sap.com\\\/portugal\\\/2025\\\/04\\\/porto-de-roterdao-reforca-processos-de-negocio-com-sap-s-4hana-cloud\\\/#primaryimage\"},\"image\":{\"@id\":\"https:\\\/\\\/news.sap.com\\\/portugal\\\/2025\\\/04\\\/porto-de-roterdao-reforca-processos-de-negocio-com-sap-s-4hana-cloud\\\/#primaryimage\"},\"thumbnailUrl\":\"https:\\\/\\\/news.sap.com\\\/portugal\\\/files\\\/2025\\\/04\\\/22\\\/281784_GettyImages-584250294_super_low.jpg\",\"datePublished\":\"2025-04-22T17:24:44+00:00\",\"dateModified\":\"2025-04-22T17:37:34+00:00\",\"author\":{\"@id\":\"https:\\\/\\\/news.sap.com\\\/portugal\\\/#\\\/schema\\\/person\\\/53b9854bd790d6f18f3fc4bbb2ad7570\"},\"breadcrumb\":{\"@id\":\"https:\\\/\\\/news.sap.com\\\/portugal\\\/2025\\\/04\\\/porto-de-roterdao-reforca-processos-de-negocio-com-sap-s-4hana-cloud\\\/#breadcrumb\"},\"inLanguage\":\"pt-PT\",\"potentialAction\":[{\"@type\":\"ReadAction\",\"target\":[\"https:\\\/\\\/news.sap.com\\\/portugal\\\/2025\\\/04\\\/porto-de-roterdao-reforca-processos-de-negocio-com-sap-s-4hana-cloud\\\/\"]}]},{\"@type\":\"ImageObject\",\"inLanguage\":\"pt-PT\",\"@id\":\"https:\\\/\\\/news.sap.com\\\/portugal\\\/2025\\\/04\\\/porto-de-roterdao-reforca-processos-de-negocio-com-sap-s-4hana-cloud\\\/#primaryimage\",\"url\":\"https:\\\/\\\/news.sap.com\\\/portugal\\\/files\\\/2025\\\/04\\\/22\\\/281784_GettyImages-584250294_super_low.jpg\",\"contentUrl\":\"https:\\\/\\\/news.sap.com\\\/portugal\\\/files\\\/2025\\\/04\\\/22\\\/281784_GettyImages-584250294_super_low.jpg\",\"width\":8688,\"height\":5792},{\"@type\":\"BreadcrumbList\",\"@id\":\"https:\\\/\\\/news.sap.com\\\/portugal\\\/2025\\\/04\\\/porto-de-roterdao-reforca-processos-de-negocio-com-sap-s-4hana-cloud\\\/#breadcrumb\",\"itemListElement\":[{\"@type\":\"ListItem\",\"position\":1,\"name\":\"Home\",\"item\":\"https:\\\/\\\/news.sap.com\\\/portugal\\\/\"},{\"@type\":\"ListItem\",\"position\":2,\"name\":\"Porto de Roterd\u00e3o refor\u00e7a processos de neg\u00f3cio com SAP S\\\/4HANA Cloud\"}]},{\"@type\":\"WebSite\",\"@id\":\"https:\\\/\\\/news.sap.com\\\/portugal\\\/#website\",\"url\":\"https:\\\/\\\/news.sap.com\\\/portugal\\\/\",\"name\":\"Sala de Imprensa da SAP Portugal\",\"description\":\"Not\u00edcias sobre SAP Portugal\",\"potentialAction\":[{\"@type\":\"SearchAction\",\"target\":{\"@type\":\"EntryPoint\",\"urlTemplate\":\"https:\\\/\\\/news.sap.com\\\/portugal\\\/?s={search_term_string}\"},\"query-input\":{\"@type\":\"PropertyValueSpecification\",\"valueRequired\":true,\"valueName\":\"search_term_string\"}}],\"inLanguage\":\"pt-PT\"},{\"@type\":\"Person\",\"@id\":\"https:\\\/\\\/news.sap.com\\\/portugal\\\/#\\\/schema\\\/person\\\/53b9854bd790d6f18f3fc4bbb2ad7570\",\"name\":\"SAP News\",\"image\":{\"@type\":\"ImageObject\",\"inLanguage\":\"pt-PT\",\"@id\":\"https:\\\/\\\/news.sap.com\\\/portugal\\\/wp-content\\\/plugins\\\/wp-user-avatars\\\/wp-user-avatars\\\/assets\\\/images\\\/mystery.jpg\",\"url\":\"https:\\\/\\\/news.sap.com\\\/portugal\\\/wp-content\\\/plugins\\\/wp-user-avatars\\\/wp-user-avatars\\\/assets\\\/images\\\/mystery.jpg\",\"contentUrl\":\"https:\\\/\\\/news.sap.com\\\/portugal\\\/wp-content\\\/plugins\\\/wp-user-avatars\\\/wp-user-avatars\\\/assets\\\/images\\\/mystery.jpg\",\"caption\":\"SAP News\"},\"url\":\"https:\\\/\\\/news.sap.com\\\/portugal\\\/author\\\/colleenraftery\\\/\"}]}<\/script>\n<!-- \/ Yoast SEO Premium plugin. -->","yoast_head_json":{"title":"Porto de Roterd\u00e3o refor\u00e7a processos de neg\u00f3cio com SAP S\/4HANA Cloud - Sala de Imprensa da SAP Portugal","robots":{"index":"index","follow":"follow","max-snippet":"max-snippet:-1","max-image-preview":"max-image-preview:large","max-video-preview":"max-video-preview:-1"},"canonical":"https:\/\/news.sap.com\/portugal\/2025\/04\/porto-de-roterdao-reforca-processos-de-negocio-com-sap-s-4hana-cloud\/","og_locale":"pt_PT","og_type":"article","og_title":"Porto de Roterd\u00e3o refor\u00e7a processos de neg\u00f3cio com SAP S\/4HANA Cloud","og_description":"Lisboa\u00a0&#8211; O Porto de Roterd\u00e3o deu mais um passo decisivo na sua transforma\u00e7\u00e3o digital ao migrar para SAP S\/4HANA Cloud, com recurso \u00e0 solu\u00e7\u00e3o RISE...","og_url":"https:\/\/news.sap.com\/portugal\/2025\/04\/porto-de-roterdao-reforca-processos-de-negocio-com-sap-s-4hana-cloud\/","og_site_name":"Sala de Imprensa da SAP Portugal","article_published_time":"2025-04-22T17:24:44+00:00","article_modified_time":"2025-04-22T17:37:34+00:00","og_image":[{"width":8688,"height":5792,"url":"https:\/\/news.sap.com\/portugal\/files\/2025\/04\/22\/281784_GettyImages-584250294_super_low.jpg","type":"image\/jpeg"}],"author":"SAP News","twitter_card":"summary_large_image","twitter_misc":{"Escrito por":"SAP News","Tempo estimado de leitura":"5 minutos"},"schema":{"@context":"https:\/\/schema.org","@graph":[{"@type":"Article","@id":"https:\/\/news.sap.com\/portugal\/2025\/04\/porto-de-roterdao-reforca-processos-de-negocio-com-sap-s-4hana-cloud\/#article","isPartOf":{"@id":"https:\/\/news.sap.com\/portugal\/2025\/04\/porto-de-roterdao-reforca-processos-de-negocio-com-sap-s-4hana-cloud\/"},"author":{"name":"SAP News","@id":"https:\/\/news.sap.com\/portugal\/#\/schema\/person\/53b9854bd790d6f18f3fc4bbb2ad7570"},"headline":"Porto de Roterd\u00e3o refor\u00e7a processos de neg\u00f3cio com SAP S\/4HANA Cloud","datePublished":"2025-04-22T17:24:44+00:00","dateModified":"2025-04-22T17:37:34+00:00","mainEntityOfPage":{"@id":"https:\/\/news.sap.com\/portugal\/2025\/04\/porto-de-roterdao-reforca-processos-de-negocio-com-sap-s-4hana-cloud\/"},"wordCount":972,"image":{"@id":"https:\/\/news.sap.com\/portugal\/2025\/04\/porto-de-roterdao-reforca-processos-de-negocio-com-sap-s-4hana-cloud\/#primaryimage"},"thumbnailUrl":"https:\/\/news.sap.com\/portugal\/files\/2025\/04\/22\/281784_GettyImages-584250294_super_low.jpg","keywords":["Rise with SAP","SAP S\/4HANA Cloud"],"articleSection":["Clientes"],"inLanguage":"pt-PT"},{"@type":"WebPage","@id":"https:\/\/news.sap.com\/portugal\/2025\/04\/porto-de-roterdao-reforca-processos-de-negocio-com-sap-s-4hana-cloud\/","url":"https:\/\/news.sap.com\/portugal\/2025\/04\/porto-de-roterdao-reforca-processos-de-negocio-com-sap-s-4hana-cloud\/","name":"Porto de Roterd\u00e3o refor\u00e7a processos de neg\u00f3cio com SAP S\/4HANA Cloud - Sala de Imprensa da SAP Portugal","isPartOf":{"@id":"https:\/\/news.sap.com\/portugal\/#website"},"primaryImageOfPage":{"@id":"https:\/\/news.sap.com\/portugal\/2025\/04\/porto-de-roterdao-reforca-processos-de-negocio-com-sap-s-4hana-cloud\/#primaryimage"},"image":{"@id":"https:\/\/news.sap.com\/portugal\/2025\/04\/porto-de-roterdao-reforca-processos-de-negocio-com-sap-s-4hana-cloud\/#primaryimage"},"thumbnailUrl":"https:\/\/news.sap.com\/portugal\/files\/2025\/04\/22\/281784_GettyImages-584250294_super_low.jpg","datePublished":"2025-04-22T17:24:44+00:00","dateModified":"2025-04-22T17:37:34+00:00","author":{"@id":"https:\/\/news.sap.com\/portugal\/#\/schema\/person\/53b9854bd790d6f18f3fc4bbb2ad7570"},"breadcrumb":{"@id":"https:\/\/news.sap.com\/portugal\/2025\/04\/porto-de-roterdao-reforca-processos-de-negocio-com-sap-s-4hana-cloud\/#breadcrumb"},"inLanguage":"pt-PT","potentialAction":[{"@type":"ReadAction","target":["https:\/\/news.sap.com\/portugal\/2025\/04\/porto-de-roterdao-reforca-processos-de-negocio-com-sap-s-4hana-cloud\/"]}]},{"@type":"ImageObject","inLanguage":"pt-PT","@id":"https:\/\/news.sap.com\/portugal\/2025\/04\/porto-de-roterdao-reforca-processos-de-negocio-com-sap-s-4hana-cloud\/#primaryimage","url":"https:\/\/news.sap.com\/portugal\/files\/2025\/04\/22\/281784_GettyImages-584250294_super_low.jpg","contentUrl":"https:\/\/news.sap.com\/portugal\/files\/2025\/04\/22\/281784_GettyImages-584250294_super_low.jpg","width":8688,"height":5792},{"@type":"BreadcrumbList","@id":"https:\/\/news.sap.com\/portugal\/2025\/04\/porto-de-roterdao-reforca-processos-de-negocio-com-sap-s-4hana-cloud\/#breadcrumb","itemListElement":[{"@type":"ListItem","position":1,"name":"Home","item":"https:\/\/news.sap.com\/portugal\/"},{"@type":"ListItem","position":2,"name":"Porto de Roterd\u00e3o refor\u00e7a processos de neg\u00f3cio com SAP S\/4HANA Cloud"}]},{"@type":"WebSite","@id":"https:\/\/news.sap.com\/portugal\/#website","url":"https:\/\/news.sap.com\/portugal\/","name":"Sala de Imprensa da SAP Portugal","description":"Not\u00edcias sobre SAP Portugal","potentialAction":[{"@type":"SearchAction","target":{"@type":"EntryPoint","urlTemplate":"https:\/\/news.sap.com\/portugal\/?s={search_term_string}"},"query-input":{"@type":"PropertyValueSpecification","valueRequired":true,"valueName":"search_term_string"}}],"inLanguage":"pt-PT"},{"@type":"Person","@id":"https:\/\/news.sap.com\/portugal\/#\/schema\/person\/53b9854bd790d6f18f3fc4bbb2ad7570","name":"SAP News","image":{"@type":"ImageObject","inLanguage":"pt-PT","@id":"https:\/\/news.sap.com\/portugal\/wp-content\/plugins\/wp-user-avatars\/wp-user-avatars\/assets\/images\/mystery.jpg","url":"https:\/\/news.sap.com\/portugal\/wp-content\/plugins\/wp-user-avatars\/wp-user-avatars\/assets\/images\/mystery.jpg","contentUrl":"https:\/\/news.sap.com\/portugal\/wp-content\/plugins\/wp-user-avatars\/wp-user-avatars\/assets\/images\/mystery.jpg","caption":"SAP News"},"url":"https:\/\/news.sap.com\/portugal\/author\/colleenraftery\/"}]}},"amp_enabled":true,"_links":{"self":[{"href":"https:\/\/news.sap.com\/portugal\/wp-json\/wp\/v2\/posts\/3329","targetHints":{"allow":["GET"]}}],"collection":[{"href":"https:\/\/news.sap.com\/portugal\/wp-json\/wp\/v2\/posts"}],"about":[{"href":"https:\/\/news.sap.com\/portugal\/wp-json\/wp\/v2\/types\/post"}],"author":[{"embeddable":true,"href":"https:\/\/news.sap.com\/portugal\/wp-json\/wp\/v2\/users\/29"}],"replies":[{"embeddable":true,"href":"https:\/\/news.sap.com\/portugal\/wp-json\/wp\/v2\/comments?post=3329"}],"version-history":[{"count":0,"href":"https:\/\/news.sap.com\/portugal\/wp-json\/wp\/v2\/posts\/3329\/revisions"}],"wp:featuredmedia":[{"embeddable":true,"href":"https:\/\/news.sap.com\/portugal\/wp-json\/wp\/v2\/media\/3330"}],"wp:attachment":[{"href":"https:\/\/news.sap.com\/portugal\/wp-json\/wp\/v2\/media?parent=3329"}],"wp:term":[{"taxonomy":"category","embeddable":true,"href":"https:\/\/news.sap.com\/portugal\/wp-json\/wp\/v2\/categories?post=3329"},{"taxonomy":"post_tag","embeddable":true,"href":"https:\/\/news.sap.com\/portugal\/wp-json\/wp\/v2\/tags?post=3329"},{"taxonomy":"sapn-display","embeddable":true,"href":"https:\/\/news.sap.com\/portugal\/wp-json\/wp\/v2\/sapn-display?post=3329"},{"taxonomy":"sapn-type","embeddable":true,"href":"https:\/\/news.sap.com\/portugal\/wp-json\/wp\/v2\/sapn-type?post=3329"}],"curies":[{"name":"wp","href":"https:\/\/api.w.org\/{rel}","templated":true}]}}