{"id":3461,"date":"2026-02-10T15:01:24","date_gmt":"2026-02-10T15:01:24","guid":{"rendered":"https:\/\/news.sap.com\/portugal\/?p=3461"},"modified":"2026-02-16T15:15:29","modified_gmt":"2026-02-16T15:15:29","slug":"vasco-guerreiro-e-o-novo-diretor-de-marketing-da-sap-portugal","status":"publish","type":"post","link":"https:\/\/news.sap.com\/portugal\/2026\/02\/vasco-guerreiro-e-o-novo-diretor-de-marketing-da-sap-portugal\/","title":{"rendered":"Vasco Guerreiro \u00e9 o novo Diretor de Marketing da SAP Portugal"},"content":{"rendered":"<p class=\"lead\"><strong><em>LISBOA<\/em>\u00a0<\/strong>\u2013 A <a href=\"http:\/\/www.sap.com\/portugal\/\">SAP Portugal<\/a> anuncia a nomea\u00e7\u00e3o de Vasco Guerreiro como novo Diretor de Marketing, refor\u00e7ando a aposta numa lideran\u00e7a com experi\u00eancia internacional e capaz de integrar a vis\u00e3o global da SAP com as prioridades estrat\u00e9gicas do mercado portugu\u00eas.<\/p>\n<p>Com cerca de dez anos de experi\u00eancia na SAP, sobretudo em fun\u00e7\u00f5es internacionais desempenhadas em Barcelona, Vasco Guerreiro foi Global Marketing Manager na \u00e1rea de Business Technology Platform (BTP) e, mais recentemente, Global Program Lead em Business Transformation Management (BTM). Ao longo deste percurso, trabalhou na adapta\u00e7\u00e3o de iniciativas globais aos diferentes mercados, promovendo abordagens alinhadas com as necessidades dos clientes e com os objetivos de neg\u00f3cio.<\/p>\n<p>Licenciado em Comunica\u00e7\u00e3o Empresarial e Rela\u00e7\u00f5es P\u00fablicas pelo ISCEM e com p\u00f3s\u2011gradua\u00e7\u00e3o em Ci\u00eancias da Comunica\u00e7\u00e3o pela Universidade Cat\u00f3lica de Lisboa, iniciou a sua carreira na TAP e passou pela Microsoft, onde integrou a \u00e1rea comercial. A sua experi\u00eancia inclui ainda fun\u00e7\u00f5es na IBM, em Madrid, e em empresas como a Samsung e a JCDecaux, consolidando compet\u00eancias em marketing, desenvolvimento de neg\u00f3cio e gest\u00e3o comercial.<\/p>\n<p>No regresso a Portugal, Vasco Guerreiro pretende aplicar a experi\u00eancia acumulada em ambientes internacionais para fortalecer a liga\u00e7\u00e3o entre estrat\u00e9gia, execu\u00e7\u00e3o e impacto no mercado nacional.<\/p>\n<p>Segundo <strong>Vasco Guerreiro<\/strong>, \u201cassumir a dire\u00e7\u00e3o de marketing da SAP Portugal representa a oportunidade de contribuir para acelerar a transforma\u00e7\u00e3o digital das empresas portuguesas, refor\u00e7ando a integra\u00e7\u00e3o entre marketing, equipas comerciais e o ecossistema de parceiros. O meu foco ser\u00e1 potenciar a ado\u00e7\u00e3o das solu\u00e7\u00f5es cloud e de intelig\u00eancia artificial empresarial da SAP, aproximando ainda mais a marca das necessidades reais dos clientes.\u201d<\/p>\n<p>Para <strong>Nuno Saramago, Diretor Geral da SAP Portugal<\/strong>, \u201ca entrada do Vasco refor\u00e7a a nossa capacidade de alinhar a estrat\u00e9gia local com as prioridades globais da SAP, num momento em que o mercado portugu\u00eas est\u00e1 a acelerar na ado\u00e7\u00e3o de intelig\u00eancia artificial em todos os sectores. A sua experi\u00eancia internacional e a vis\u00e3o orientada para resultados ser\u00e3o determinantes para apoiar o crescimento da SAP Portugal e o sucesso dos nossos clientes.\u201d<\/p>\n<p>&nbsp;<\/p>\n<p><strong>Sobre a SAP<br \/>\n<\/strong>A SAP, l\u00edder mundial em aplica\u00e7\u00f5es empresariais e intelig\u00eancia artificial para neg\u00f3cios, est\u00e1 na vanguarda da converg\u00eancia entre o mundo empresarial e a tecnologia. H\u00e1 mais de 50 anos, organiza\u00e7\u00f5es em todo o mundo confiam na SAP para maximizar o seu potencial, integrando opera\u00e7\u00f5es essenciais de neg\u00f3cio, desde finan\u00e7as, compras e recursos humanos at\u00e9 \u00e0 cadeia de abastecimento e experi\u00eancia do cliente. Para mais informa\u00e7\u00f5es, visite <a href=\"http:\/\/www.sap.com\/\">www.sap.com<\/a>.<\/p>\n<p style=\"text-align: center\">###<\/p>\n<h5>Este documento cont\u00e9m declara\u00e7\u00f5es prospetivas, que s\u00e3o previs\u00f5es, proje\u00e7\u00f5es ou outras afirma\u00e7\u00f5es sobre eventos futuros. Estas declara\u00e7\u00f5es baseiam-se em expectativas, previs\u00f5es e pressupostos atuais que est\u00e3o sujeitos a riscos e incertezas que podem causar resultados e desfechos reais diferentes. Informa\u00e7\u00f5es adicionais sobre estes riscos e incertezas podem ser encontradas nos nossos relat\u00f3rios submetidos \u00e0 U.S. Securities and Exchange Commission, incluindo, entre outros, a sec\u00e7\u00e3o de fatores de risco do Relat\u00f3rio Anual da SAP de 2024 (Formul\u00e1rio 20-F).<\/h5>\n<h5>\u00a9 2026 SAP SE. Todos os direitos reservados.<\/h5>\n<h5>A SAP e os demais produtos e servi\u00e7os aqui mencionados, bem como os respetivos log\u00f3tipos, s\u00e3o marcas comerciais ou marcas registadas da SAP SE na Alemanha e noutros pa\u00edses. Consulte <a href=\"https:\/\/www.sap.com\/copyright\">https:\/\/www.sap.com\/copyright<\/a> para mais informa\u00e7\u00f5es e avisos adicionais sobre a marca registada.<\/h5>\n<p>&nbsp;<\/p>\n","protected":false},"excerpt":{"rendered":"<p>LISBOA\u00a0\u2013 A SAP Portugal anuncia a nomea\u00e7\u00e3o de Vasco Guerreiro como novo Diretor de Marketing, refor\u00e7ando a aposta numa lideran\u00e7a com experi\u00eancia internacional e capaz&#8230;<\/p>\n","protected":false},"author":29,"featured_media":3462,"comment_status":"closed","ping_status":"closed","sticky":false,"template":"","format":"standard","meta":{"footnotes":"","_links_to":"","_links_to_target":""},"categories":[41591],"tags":[5562498,5562920,5562717],"sapn-display":[],"sapn-type":[4446],"class_list":["post-3461","post","type-post","status-publish","format-standard","has-post-thumbnail","hentry","category-corporativo","tag-ai","tag-business-transformation-management","tag-sap-btp","sapn-type-press-release"],"yoast_head":"<!-- This site is optimized with the Yoast SEO Premium plugin v26.9 (Yoast SEO v26.9) - https:\/\/yoast.com\/product\/yoast-seo-premium-wordpress\/ -->\n<title>Vasco Guerreiro \u00e9 o novo Diretor de Marketing da SAP Portugal - Sala de Imprensa da SAP Portugal<\/title>\n<meta name=\"robots\" content=\"index, follow, max-snippet:-1, max-image-preview:large, max-video-preview:-1\" \/>\n<link rel=\"canonical\" href=\"https:\/\/news.sap.com\/portugal\/2026\/02\/vasco-guerreiro-e-o-novo-diretor-de-marketing-da-sap-portugal\/\" \/>\n<meta property=\"og:locale\" content=\"pt_PT\" \/>\n<meta property=\"og:type\" content=\"article\" \/>\n<meta property=\"og:title\" content=\"Vasco Guerreiro \u00e9 o novo Diretor de Marketing da SAP Portugal\" \/>\n<meta property=\"og:description\" content=\"LISBOA\u00a0\u2013 A SAP Portugal anuncia a nomea\u00e7\u00e3o de Vasco Guerreiro como novo Diretor de Marketing, refor\u00e7ando a aposta numa lideran\u00e7a com experi\u00eancia internacional e capaz...\" \/>\n<meta property=\"og:url\" content=\"https:\/\/news.sap.com\/portugal\/2026\/02\/vasco-guerreiro-e-o-novo-diretor-de-marketing-da-sap-portugal\/\" \/>\n<meta property=\"og:site_name\" content=\"Sala de Imprensa da SAP Portugal\" \/>\n<meta property=\"article:published_time\" content=\"2026-02-10T15:01:24+00:00\" \/>\n<meta property=\"article:modified_time\" content=\"2026-02-16T15:15:29+00:00\" \/>\n<meta property=\"og:image\" content=\"https:\/\/news.sap.com\/portugal\/files\/2026\/02\/16\/280688_GettyImages-457983659_medium_jpg.jpg\" \/>\n\t<meta property=\"og:image:width\" content=\"2057\" \/>\n\t<meta property=\"og:image:height\" content=\"1458\" \/>\n\t<meta property=\"og:image:type\" content=\"image\/jpeg\" \/>\n<meta name=\"author\" content=\"SAP News\" \/>\n<meta name=\"twitter:card\" content=\"summary_large_image\" \/>\n<meta name=\"twitter:label1\" content=\"Escrito por\" \/>\n\t<meta name=\"twitter:data1\" content=\"SAP News\" \/>\n\t<meta name=\"twitter:label2\" content=\"Tempo estimado de leitura\" \/>\n\t<meta name=\"twitter:data2\" content=\"4 minutos\" \/>\n<script type=\"application\/ld+json\" class=\"yoast-schema-graph\">{\"@context\":\"https:\/\/schema.org\",\"@graph\":[{\"@type\":\"Article\",\"@id\":\"https:\/\/news.sap.com\/portugal\/2026\/02\/vasco-guerreiro-e-o-novo-diretor-de-marketing-da-sap-portugal\/#article\",\"isPartOf\":{\"@id\":\"https:\/\/news.sap.com\/portugal\/2026\/02\/vasco-guerreiro-e-o-novo-diretor-de-marketing-da-sap-portugal\/\"},\"author\":{\"name\":\"SAP News\",\"@id\":\"https:\/\/news.sap.com\/portugal\/#\/schema\/person\/53b9854bd790d6f18f3fc4bbb2ad7570\"},\"headline\":\"Vasco Guerreiro \u00e9 o novo Diretor de Marketing da SAP Portugal\",\"datePublished\":\"2026-02-10T15:01:24+00:00\",\"dateModified\":\"2026-02-16T15:15:29+00:00\",\"mainEntityOfPage\":{\"@id\":\"https:\/\/news.sap.com\/portugal\/2026\/02\/vasco-guerreiro-e-o-novo-diretor-de-marketing-da-sap-portugal\/\"},\"wordCount\":614,\"image\":{\"@id\":\"https:\/\/news.sap.com\/portugal\/2026\/02\/vasco-guerreiro-e-o-novo-diretor-de-marketing-da-sap-portugal\/#primaryimage\"},\"thumbnailUrl\":\"https:\/\/news.sap.com\/portugal\/files\/2026\/02\/16\/280688_GettyImages-457983659_medium_jpg.jpg\",\"keywords\":[\"AI\",\"Business Transformation Management\",\"SAP BTP\"],\"articleSection\":[\"Corporativo\"],\"inLanguage\":\"pt-PT\"},{\"@type\":\"WebPage\",\"@id\":\"https:\/\/news.sap.com\/portugal\/2026\/02\/vasco-guerreiro-e-o-novo-diretor-de-marketing-da-sap-portugal\/\",\"url\":\"https:\/\/news.sap.com\/portugal\/2026\/02\/vasco-guerreiro-e-o-novo-diretor-de-marketing-da-sap-portugal\/\",\"name\":\"Vasco Guerreiro \u00e9 o novo Diretor de Marketing da SAP Portugal - Sala de Imprensa da SAP Portugal\",\"isPartOf\":{\"@id\":\"https:\/\/news.sap.com\/portugal\/#website\"},\"primaryImageOfPage\":{\"@id\":\"https:\/\/news.sap.com\/portugal\/2026\/02\/vasco-guerreiro-e-o-novo-diretor-de-marketing-da-sap-portugal\/#primaryimage\"},\"image\":{\"@id\":\"https:\/\/news.sap.com\/portugal\/2026\/02\/vasco-guerreiro-e-o-novo-diretor-de-marketing-da-sap-portugal\/#primaryimage\"},\"thumbnailUrl\":\"https:\/\/news.sap.com\/portugal\/files\/2026\/02\/16\/280688_GettyImages-457983659_medium_jpg.jpg\",\"datePublished\":\"2026-02-10T15:01:24+00:00\",\"dateModified\":\"2026-02-16T15:15:29+00:00\",\"author\":{\"@id\":\"https:\/\/news.sap.com\/portugal\/#\/schema\/person\/53b9854bd790d6f18f3fc4bbb2ad7570\"},\"breadcrumb\":{\"@id\":\"https:\/\/news.sap.com\/portugal\/2026\/02\/vasco-guerreiro-e-o-novo-diretor-de-marketing-da-sap-portugal\/#breadcrumb\"},\"inLanguage\":\"pt-PT\",\"potentialAction\":[{\"@type\":\"ReadAction\",\"target\":[\"https:\/\/news.sap.com\/portugal\/2026\/02\/vasco-guerreiro-e-o-novo-diretor-de-marketing-da-sap-portugal\/\"]}]},{\"@type\":\"ImageObject\",\"inLanguage\":\"pt-PT\",\"@id\":\"https:\/\/news.sap.com\/portugal\/2026\/02\/vasco-guerreiro-e-o-novo-diretor-de-marketing-da-sap-portugal\/#primaryimage\",\"url\":\"https:\/\/news.sap.com\/portugal\/files\/2026\/02\/16\/280688_GettyImages-457983659_medium_jpg.jpg\",\"contentUrl\":\"https:\/\/news.sap.com\/portugal\/files\/2026\/02\/16\/280688_GettyImages-457983659_medium_jpg.jpg\",\"width\":2057,\"height\":1458},{\"@type\":\"BreadcrumbList\",\"@id\":\"https:\/\/news.sap.com\/portugal\/2026\/02\/vasco-guerreiro-e-o-novo-diretor-de-marketing-da-sap-portugal\/#breadcrumb\",\"itemListElement\":[{\"@type\":\"ListItem\",\"position\":1,\"name\":\"Home\",\"item\":\"https:\/\/news.sap.com\/portugal\/\"},{\"@type\":\"ListItem\",\"position\":2,\"name\":\"Vasco Guerreiro \u00e9 o novo Diretor de Marketing da SAP Portugal\"}]},{\"@type\":\"WebSite\",\"@id\":\"https:\/\/news.sap.com\/portugal\/#website\",\"url\":\"https:\/\/news.sap.com\/portugal\/\",\"name\":\"Sala de Imprensa da SAP Portugal\",\"description\":\"Not\u00edcias sobre SAP Portugal\",\"potentialAction\":[{\"@type\":\"SearchAction\",\"target\":{\"@type\":\"EntryPoint\",\"urlTemplate\":\"https:\/\/news.sap.com\/portugal\/?s={search_term_string}\"},\"query-input\":{\"@type\":\"PropertyValueSpecification\",\"valueRequired\":true,\"valueName\":\"search_term_string\"}}],\"inLanguage\":\"pt-PT\"},{\"@type\":\"Person\",\"@id\":\"https:\/\/news.sap.com\/portugal\/#\/schema\/person\/53b9854bd790d6f18f3fc4bbb2ad7570\",\"name\":\"SAP News\",\"image\":{\"@type\":\"ImageObject\",\"inLanguage\":\"pt-PT\",\"@id\":\"https:\/\/news.sap.com\/portugal\/#\/schema\/person\/image\/\",\"url\":\"https:\/\/news.sap.com\/portugal\/wp-content\/plugins\/wp-user-avatars\/wp-user-avatars\/assets\/images\/mystery.jpg\",\"contentUrl\":\"https:\/\/news.sap.com\/portugal\/wp-content\/plugins\/wp-user-avatars\/wp-user-avatars\/assets\/images\/mystery.jpg\",\"caption\":\"SAP News\"},\"url\":\"https:\/\/news.sap.com\/portugal\/author\/colleenraftery\/\"}]}<\/script>\n<!-- \/ Yoast SEO Premium plugin. -->","yoast_head_json":{"title":"Vasco Guerreiro \u00e9 o novo Diretor de Marketing da SAP Portugal - Sala de Imprensa da SAP Portugal","robots":{"index":"index","follow":"follow","max-snippet":"max-snippet:-1","max-image-preview":"max-image-preview:large","max-video-preview":"max-video-preview:-1"},"canonical":"https:\/\/news.sap.com\/portugal\/2026\/02\/vasco-guerreiro-e-o-novo-diretor-de-marketing-da-sap-portugal\/","og_locale":"pt_PT","og_type":"article","og_title":"Vasco Guerreiro \u00e9 o novo Diretor de Marketing da SAP Portugal","og_description":"LISBOA\u00a0\u2013 A SAP Portugal anuncia a nomea\u00e7\u00e3o de Vasco Guerreiro como novo Diretor de Marketing, refor\u00e7ando a aposta numa lideran\u00e7a com experi\u00eancia internacional e capaz...","og_url":"https:\/\/news.sap.com\/portugal\/2026\/02\/vasco-guerreiro-e-o-novo-diretor-de-marketing-da-sap-portugal\/","og_site_name":"Sala de Imprensa da SAP Portugal","article_published_time":"2026-02-10T15:01:24+00:00","article_modified_time":"2026-02-16T15:15:29+00:00","og_image":[{"width":2057,"height":1458,"url":"https:\/\/news.sap.com\/portugal\/files\/2026\/02\/16\/280688_GettyImages-457983659_medium_jpg.jpg","type":"image\/jpeg"}],"author":"SAP News","twitter_card":"summary_large_image","twitter_misc":{"Escrito por":"SAP News","Tempo estimado de leitura":"4 minutos"},"schema":{"@context":"https:\/\/schema.org","@graph":[{"@type":"Article","@id":"https:\/\/news.sap.com\/portugal\/2026\/02\/vasco-guerreiro-e-o-novo-diretor-de-marketing-da-sap-portugal\/#article","isPartOf":{"@id":"https:\/\/news.sap.com\/portugal\/2026\/02\/vasco-guerreiro-e-o-novo-diretor-de-marketing-da-sap-portugal\/"},"author":{"name":"SAP News","@id":"https:\/\/news.sap.com\/portugal\/#\/schema\/person\/53b9854bd790d6f18f3fc4bbb2ad7570"},"headline":"Vasco Guerreiro \u00e9 o novo Diretor de Marketing da SAP Portugal","datePublished":"2026-02-10T15:01:24+00:00","dateModified":"2026-02-16T15:15:29+00:00","mainEntityOfPage":{"@id":"https:\/\/news.sap.com\/portugal\/2026\/02\/vasco-guerreiro-e-o-novo-diretor-de-marketing-da-sap-portugal\/"},"wordCount":614,"image":{"@id":"https:\/\/news.sap.com\/portugal\/2026\/02\/vasco-guerreiro-e-o-novo-diretor-de-marketing-da-sap-portugal\/#primaryimage"},"thumbnailUrl":"https:\/\/news.sap.com\/portugal\/files\/2026\/02\/16\/280688_GettyImages-457983659_medium_jpg.jpg","keywords":["AI","Business Transformation Management","SAP BTP"],"articleSection":["Corporativo"],"inLanguage":"pt-PT"},{"@type":"WebPage","@id":"https:\/\/news.sap.com\/portugal\/2026\/02\/vasco-guerreiro-e-o-novo-diretor-de-marketing-da-sap-portugal\/","url":"https:\/\/news.sap.com\/portugal\/2026\/02\/vasco-guerreiro-e-o-novo-diretor-de-marketing-da-sap-portugal\/","name":"Vasco Guerreiro \u00e9 o novo Diretor de Marketing da SAP Portugal - Sala de Imprensa da SAP Portugal","isPartOf":{"@id":"https:\/\/news.sap.com\/portugal\/#website"},"primaryImageOfPage":{"@id":"https:\/\/news.sap.com\/portugal\/2026\/02\/vasco-guerreiro-e-o-novo-diretor-de-marketing-da-sap-portugal\/#primaryimage"},"image":{"@id":"https:\/\/news.sap.com\/portugal\/2026\/02\/vasco-guerreiro-e-o-novo-diretor-de-marketing-da-sap-portugal\/#primaryimage"},"thumbnailUrl":"https:\/\/news.sap.com\/portugal\/files\/2026\/02\/16\/280688_GettyImages-457983659_medium_jpg.jpg","datePublished":"2026-02-10T15:01:24+00:00","dateModified":"2026-02-16T15:15:29+00:00","author":{"@id":"https:\/\/news.sap.com\/portugal\/#\/schema\/person\/53b9854bd790d6f18f3fc4bbb2ad7570"},"breadcrumb":{"@id":"https:\/\/news.sap.com\/portugal\/2026\/02\/vasco-guerreiro-e-o-novo-diretor-de-marketing-da-sap-portugal\/#breadcrumb"},"inLanguage":"pt-PT","potentialAction":[{"@type":"ReadAction","target":["https:\/\/news.sap.com\/portugal\/2026\/02\/vasco-guerreiro-e-o-novo-diretor-de-marketing-da-sap-portugal\/"]}]},{"@type":"ImageObject","inLanguage":"pt-PT","@id":"https:\/\/news.sap.com\/portugal\/2026\/02\/vasco-guerreiro-e-o-novo-diretor-de-marketing-da-sap-portugal\/#primaryimage","url":"https:\/\/news.sap.com\/portugal\/files\/2026\/02\/16\/280688_GettyImages-457983659_medium_jpg.jpg","contentUrl":"https:\/\/news.sap.com\/portugal\/files\/2026\/02\/16\/280688_GettyImages-457983659_medium_jpg.jpg","width":2057,"height":1458},{"@type":"BreadcrumbList","@id":"https:\/\/news.sap.com\/portugal\/2026\/02\/vasco-guerreiro-e-o-novo-diretor-de-marketing-da-sap-portugal\/#breadcrumb","itemListElement":[{"@type":"ListItem","position":1,"name":"Home","item":"https:\/\/news.sap.com\/portugal\/"},{"@type":"ListItem","position":2,"name":"Vasco Guerreiro \u00e9 o novo Diretor de Marketing da SAP Portugal"}]},{"@type":"WebSite","@id":"https:\/\/news.sap.com\/portugal\/#website","url":"https:\/\/news.sap.com\/portugal\/","name":"Sala de Imprensa da SAP Portugal","description":"Not\u00edcias sobre SAP Portugal","potentialAction":[{"@type":"SearchAction","target":{"@type":"EntryPoint","urlTemplate":"https:\/\/news.sap.com\/portugal\/?s={search_term_string}"},"query-input":{"@type":"PropertyValueSpecification","valueRequired":true,"valueName":"search_term_string"}}],"inLanguage":"pt-PT"},{"@type":"Person","@id":"https:\/\/news.sap.com\/portugal\/#\/schema\/person\/53b9854bd790d6f18f3fc4bbb2ad7570","name":"SAP News","image":{"@type":"ImageObject","inLanguage":"pt-PT","@id":"https:\/\/news.sap.com\/portugal\/#\/schema\/person\/image\/","url":"https:\/\/news.sap.com\/portugal\/wp-content\/plugins\/wp-user-avatars\/wp-user-avatars\/assets\/images\/mystery.jpg","contentUrl":"https:\/\/news.sap.com\/portugal\/wp-content\/plugins\/wp-user-avatars\/wp-user-avatars\/assets\/images\/mystery.jpg","caption":"SAP News"},"url":"https:\/\/news.sap.com\/portugal\/author\/colleenraftery\/"}]}},"amp_enabled":true,"_links":{"self":[{"href":"https:\/\/news.sap.com\/portugal\/wp-json\/wp\/v2\/posts\/3461","targetHints":{"allow":["GET"]}}],"collection":[{"href":"https:\/\/news.sap.com\/portugal\/wp-json\/wp\/v2\/posts"}],"about":[{"href":"https:\/\/news.sap.com\/portugal\/wp-json\/wp\/v2\/types\/post"}],"author":[{"embeddable":true,"href":"https:\/\/news.sap.com\/portugal\/wp-json\/wp\/v2\/users\/29"}],"replies":[{"embeddable":true,"href":"https:\/\/news.sap.com\/portugal\/wp-json\/wp\/v2\/comments?post=3461"}],"version-history":[{"count":0,"href":"https:\/\/news.sap.com\/portugal\/wp-json\/wp\/v2\/posts\/3461\/revisions"}],"wp:featuredmedia":[{"embeddable":true,"href":"https:\/\/news.sap.com\/portugal\/wp-json\/wp\/v2\/media\/3462"}],"wp:attachment":[{"href":"https:\/\/news.sap.com\/portugal\/wp-json\/wp\/v2\/media?parent=3461"}],"wp:term":[{"taxonomy":"category","embeddable":true,"href":"https:\/\/news.sap.com\/portugal\/wp-json\/wp\/v2\/categories?post=3461"},{"taxonomy":"post_tag","embeddable":true,"href":"https:\/\/news.sap.com\/portugal\/wp-json\/wp\/v2\/tags?post=3461"},{"taxonomy":"sapn-display","embeddable":true,"href":"https:\/\/news.sap.com\/portugal\/wp-json\/wp\/v2\/sapn-display?post=3461"},{"taxonomy":"sapn-type","embeddable":true,"href":"https:\/\/news.sap.com\/portugal\/wp-json\/wp\/v2\/sapn-type?post=3461"}],"curies":[{"name":"wp","href":"https:\/\/api.w.org\/{rel}","templated":true}]}}