{"id":3514,"date":"2026-03-31T16:20:51","date_gmt":"2026-03-31T16:20:51","guid":{"rendered":"https:\/\/news.sap.com\/portugal\/?p=3514"},"modified":"2026-03-31T16:21:11","modified_gmt":"2026-03-31T16:21:11","slug":"sap-reforca-aposta-em-ia-com-aquisicao-da-reltio-e-integracao-de-dados-sap-e-nao-sap","status":"publish","type":"post","link":"https:\/\/news.sap.com\/portugal\/2026\/03\/sap-reforca-aposta-em-ia-com-aquisicao-da-reltio-e-integracao-de-dados-sap-e-nao-sap\/","title":{"rendered":"SAP refor\u00e7a aposta em IA com aquisi\u00e7\u00e3o da Reltio e integra\u00e7\u00e3o de dados SAP e n\u00e3o SAP"},"content":{"rendered":"<p class=\"lead\"><em><strong>LISBOA <\/strong><\/em>\u2013 A <a href=\"http:\/\/www.sap.com\/\">SAP SE<\/a> (NYSE: SAP) e a Reltio Inc. anunciaram que a SAP chegou a acordo para adquirir a Reltio, um fornecedor l\u00edder de software de gest\u00e3o de dados mestre (MDM), com o objetivo de ajudar os clientes a preparar os seus dados empresariais, SAP e n\u00e3o\u2011SAP, para a era da Intelig\u00eancia Artificial (IA). Os termos do acordo n\u00e3o foram divulgados.<\/p>\n<p>Uma vez conclu\u00edda, a aquisi\u00e7\u00e3o refor\u00e7ar\u00e1 a SAP Business Data Cloud (SAP BDC), elemento essencial da estrat\u00e9gia AI-First e Suite-First da SAP, e acelerar\u00e1 a evolu\u00e7\u00e3o da SAP BDC para uma plataforma de dados empresariais totalmente interoper\u00e1vel, concebida para suportar a IA de agentes em toda a organiza\u00e7\u00e3o. A aquisi\u00e7\u00e3o disponibilizar\u00e1 aos clientes as ferramentas necess\u00e1rias para unificar, limpar e harmonizar os dados provenientes de m\u00faltiplas fontes, possibilitando uma IA de agentes empresarial de n\u00edvel superior.<\/p>\n<p>\u201cA Reltio combina naturalmente com a SAP\u201d, afirmou <strong>Muhammad Alam, membro do Conselho Executivo da SAP SE<\/strong>, respons\u00e1vel pelo Produto e Engenharia. \u201cA sua aquisi\u00e7\u00e3o refor\u00e7ar\u00e1 ainda mais a nossa posi\u00e7\u00e3o como fornecedor l\u00edder de IA aplicada ao neg\u00f3cio, ao combinar dados SAP e n\u00e3o-SAP para fornecer o contexto de dados que a IA empresarial exige. A IA n\u00e3o consegue atingir todo o seu potencial quando os dados est\u00e3o fragmentados por unidades de neg\u00f3cio, plataformas e dom\u00ednios, sem liga\u00e7\u00e3o ou contexto.\u201d<\/p>\n<p>Com a integra\u00e7\u00e3o da Reltio ap\u00f3s o fecho da aquisi\u00e7\u00e3o, a SAP permitir\u00e1 que os dados empresariais dos clientes estejam totalmente preparados para IA. Os clientes poder\u00e3o contar com dados fidedignos e de elevada qualidade, provenientes de fontes SAP e n\u00e3o\u2011SAP, que alimentar\u00e3o o Joule e os Joule Agents, acelerando o <em>time\u2011to\u2011value<\/em> da IA empresarial.<\/p>\n<p>A plataforma da Reltio ajuda as organiza\u00e7\u00f5es a gerir e governar dados empresariais estruturados e n\u00e3o estruturados, de ponta a ponta. A sua funcionalidade de resolu\u00e7\u00e3o de entidades baseada em IA identifica e consolida registos relacionados, provenientes de diferentes formatos e aplica\u00e7\u00f5es, num sistema \u00fanico de contexto, fi\u00e1vel. A sua arquitetura nativa na cloud orientada para IA permite uma vis\u00e3o \u00fanica e consistente de clientes, produtos, fornecedores, localiza\u00e7\u00f5es e colaboradores, tanto em aplica\u00e7\u00f5es SAP como n\u00e3o\u2011SAP. Os clientes que executam tarefas de IA beneficiar\u00e3o de maior fiabilidade e consist\u00eancia dos dados, reunidos numa \u00fanica fonte de verdade, potenciando a IA empresarial. Desta forma, as empresas podem confiar que os resultados gerados por IA s\u00e3o corretos e que as intera\u00e7\u00f5es com IA s\u00e3o resolvidas rapidamente.<\/p>\n<p>\u201cA parceria com a SAP representa uma enorme oportunidade para acelerarmos a nossa miss\u00e3o\u201d, afirmou <strong>Manish Sood, fundador e CEO da Reltio<\/strong>. \u201cA IA empresarial necessita de contexto fidedigno que seja aberto e interoper\u00e1vel nos ambientes de TI heterog\u00e9neos onde os nossos clientes operam. Esta combina\u00e7\u00e3o acelera a nossa capacidade de disponibilizar a Reltio como o sistema de contexto para ambientes SAP e n\u00e3o\u2011SAP, garantindo simultaneamente a continuidade para os nossos clientes e para o nosso ecossistema de parceiros.\u201d<\/p>\n<p>As capacidades de limpeza e unifica\u00e7\u00e3o de dados da Reltio, bem como os seus fluxos de trabalho orientados por agentes, funcionar\u00e3o em conjunto com as aplica\u00e7\u00f5es SAP Business Suite para melhorar a tomada de decis\u00e3o, reduzir a complexidade de integra\u00e7\u00e3o e disponibilizar dados fi\u00e1veis e consistentes, essenciais para os processos de neg\u00f3cio bem-sucedidos e casos de uso de IA. A entrega de baixa lat\u00eancia e o suporte ao Model Context Protocol (MCP) permitem fluxos de trabalho multiagente em tempo real em ambientes SAP e n\u00e3o SAP, possibilitando que agentes de IA, como, por exemplo, um agente de compras, avaliem o risco de fornecedores e desencadeiem a\u00e7\u00f5es quase instantaneamente com base em dados fidedignos e em tempo real. A Reltio disponibiliza ainda \u201cvelocity packs\u201d pr\u00e9\u2011constru\u00eddos e espec\u00edficos por ind\u00fastria, que incluem modelos de dados, regras, l\u00f3gica de correspond\u00eancia e integra\u00e7\u00f5es, com solu\u00e7\u00f5es adaptadas a sectores como ci\u00eancias da vida, cuidados de sa\u00fade e servi\u00e7os financeiros.<\/p>\n<p>Com a integra\u00e7\u00e3o da Reltio ap\u00f3s o fecho da aquisi\u00e7\u00e3o, a SAP pretende acelerar a capacidade dos clientes para governar e disponibilizar dados mestre como produtos de dados fidedignos e ricos em contexto, provenientes de m\u00faltiplas fontes e que suportam tanto cargas de trabalho anal\u00edticas tradicionais como agentes de IA. A Reltio tornar\u2011se\u2011\u00e1 uma capacidade central dentro da SAP BDC, com um modelo comercial flex\u00edvel que permitir\u00e1 aos clientes adquirir a Reltio como solu\u00e7\u00e3o aut\u00f3noma ou em conjunto com outros produtos SAP. O portef\u00f3lio da Reltio tamb\u00e9m continuar\u00e1 dispon\u00edvel como oferta independente no futuro pr\u00f3ximo.<\/p>\n<p>A transa\u00e7\u00e3o dever\u00e1 ficar conclu\u00edda no segundo ou terceiro trimestre de 2026, sujeita \u00e0s condi\u00e7\u00f5es habituais de fecho, incluindo aprova\u00e7\u00f5es regulat\u00f3rias.<\/p>\n<p>&nbsp;<\/p>\n<h3><strong>Sobre a Reltio<\/strong><\/h3>\n<p>A Reltio \u00e9 l\u00edder em unifica\u00e7\u00e3o e gest\u00e3o de dados, disponibilizando solu\u00e7\u00f5es <em>cloud-native<\/em> e <em>AI-native<\/em> de gest\u00e3o de dados mestre (MDM) que ajudam as empresas a criar dados fidedignos e a desbloquear intelig\u00eancia contextual para an\u00e1lises, automa\u00e7\u00e3o e IA de agentes. Concebida para ambientes complexos e multifornecedor, a Reltio ajuda as organiza\u00e7\u00f5es a unificar, limpar, harmonizar, governar e ativar dados essenciais provenientes de m\u00faltiplas fontes, em tempo real, em sistemas SAP e n\u00e3o\u2011SAP. A Reltio Data Cloud utiliza t\u00e9cnicas avan\u00e7adas de resolu\u00e7\u00e3o de entidades, qualidade de dados cont\u00ednua e intelig\u00eancia de rela\u00e7\u00f5es, integradas num grafo de dados inteligente que liga dados entre sistemas e revela o contexto completo por detr\u00e1s de clientes, produtos, fornecedores e outras entidades empresariais cr\u00edticas. Isto permite \u00e0s organiza\u00e7\u00f5es reduzir a fric\u00e7\u00e3o de dados, melhorar a execu\u00e7\u00e3o operacional e acelerar a tomada de decis\u00e3o com confian\u00e7a. Para mais informa\u00e7\u00f5es, visite www.reltio.com.<\/p>\n<p><strong>\u00a0<\/strong><\/p>\n<h3><strong>Sobre a SAP <\/strong><\/h3>\n<p>A SAP, l\u00edder mundial em aplica\u00e7\u00f5es empresariais e IA para neg\u00f3cios, est\u00e1 na vanguarda da converg\u00eancia entre o mundo empresarial e a tecnologia. H\u00e1 mais de 50 anos, organiza\u00e7\u00f5es em todo o mundo confiam na SAP para alcan\u00e7ar o seu melhor desempenho, integrando opera\u00e7\u00f5es essenciais de neg\u00f3cio, desde finan\u00e7as, compras e recursos humanos at\u00e9 \u00e0 cadeia de abastecimento e experi\u00eancia do cliente. Para mais informa\u00e7\u00f5es, visite <a href=\"http:\/\/www.sap.com\/\">www.sap.com<\/a>.<\/p>\n<p>&nbsp;<\/p>\n<p style=\"text-align: center\">###<\/p>\n<h5>Este documento cont\u00e9m declara\u00e7\u00f5es prospetivas, que s\u00e3o previs\u00f5es, proje\u00e7\u00f5es ou outras afirma\u00e7\u00f5es sobre eventos futuros. Estas declara\u00e7\u00f5es baseiam-se em expectativas, previs\u00f5es e pressupostos atuais que est\u00e3o sujeitos a riscos e incertezas que podem causar resultados e desfechos reais diferentes. Informa\u00e7\u00f5es adicionais sobre estes riscos e incertezas podem ser consultadas nos documentos apresentados \u00e0 Securities and Exchange Commission, incluindo, entre outros, a sec\u00e7\u00e3o de fatores de risco do Relat\u00f3rio Anual de 2025 da SAP no Formul\u00e1rio 20\u2011F.<\/h5>\n<h5>\u00a9 2026 SAP SE. Todos os direitos reservados.<\/h5>\n<h5>A SAP e os demais produtos e servi\u00e7os aqui mencionados, bem como os respetivos log\u00f3tipos, s\u00e3o marcas comerciais ou marcas registadas da SAP SE na Alemanha e noutros pa\u00edses. Consulte <a href=\"https:\/\/www.sap.com\/copyright\">https:\/\/www.sap.com\/copyright<\/a> para mais informa\u00e7\u00f5es e avisos adicionais sobre a marca registada.<\/h5>\n","protected":false},"excerpt":{"rendered":"<p>LISBOA \u2013 A SAP SE (NYSE: SAP) e a Reltio Inc. anunciaram que a SAP chegou a acordo para adquirir a Reltio, um fornecedor l\u00edder&#8230;<\/p>\n","protected":false},"author":29,"featured_media":3517,"comment_status":"closed","ping_status":"closed","sticky":false,"template":"","format":"standard","meta":{"footnotes":"","_links_to":"","_links_to_target":""},"categories":[1],"tags":[5562923,5562822,5562917],"sapn-display":[],"sapn-type":[4446],"class_list":["post-3514","post","type-post","status-publish","format-standard","has-post-thumbnail","hentry","category-uncategorized","tag-reltio","tag-sap-business-ai","tag-sap-business-data-cloud-sap-bdc","sapn-type-press-release"],"yoast_head":"<!-- This site is optimized with the Yoast SEO Premium plugin v27.8 (Yoast SEO v27.8) - https:\/\/yoast.com\/product\/yoast-seo-premium-wordpress\/ -->\n<title>SAP refor\u00e7a aposta em IA com aquisi\u00e7\u00e3o da Reltio e integra\u00e7\u00e3o de dados SAP e n\u00e3o SAP - Sala de Imprensa da SAP Portugal<\/title>\n<meta name=\"robots\" content=\"index, follow, max-snippet:-1, max-image-preview:large, max-video-preview:-1\" \/>\n<link rel=\"canonical\" href=\"https:\/\/news.sap.com\/portugal\/2026\/03\/sap-reforca-aposta-em-ia-com-aquisicao-da-reltio-e-integracao-de-dados-sap-e-nao-sap\/\" \/>\n<meta property=\"og:locale\" content=\"pt_PT\" \/>\n<meta property=\"og:type\" content=\"article\" \/>\n<meta property=\"og:title\" content=\"SAP refor\u00e7a aposta em IA com aquisi\u00e7\u00e3o da Reltio e integra\u00e7\u00e3o de dados SAP e n\u00e3o SAP\" \/>\n<meta property=\"og:description\" content=\"LISBOA \u2013 A SAP SE (NYSE: SAP) e a Reltio Inc. anunciaram que a SAP chegou a acordo para adquirir a Reltio, um fornecedor l\u00edder...\" \/>\n<meta property=\"og:url\" content=\"https:\/\/news.sap.com\/portugal\/2026\/03\/sap-reforca-aposta-em-ia-com-aquisicao-da-reltio-e-integracao-de-dados-sap-e-nao-sap\/\" \/>\n<meta property=\"og:site_name\" content=\"Sala de Imprensa da SAP Portugal\" \/>\n<meta property=\"article:published_time\" content=\"2026-03-31T16:20:51+00:00\" \/>\n<meta property=\"article:modified_time\" content=\"2026-03-31T16:21:11+00:00\" \/>\n<meta property=\"og:image\" content=\"https:\/\/news.sap.com\/portugal\/files\/2026\/03\/31\/307024_AdobeStock-558703999_large_uncropped_f-1920x600-1.jpg\" \/>\n\t<meta property=\"og:image:width\" content=\"1920\" \/>\n\t<meta property=\"og:image:height\" content=\"600\" \/>\n\t<meta property=\"og:image:type\" content=\"image\/jpeg\" \/>\n<meta name=\"author\" content=\"SAP News\" \/>\n<meta name=\"twitter:card\" content=\"summary_large_image\" \/>\n<meta name=\"twitter:label1\" content=\"Escrito por\" \/>\n\t<meta name=\"twitter:data1\" content=\"SAP News\" \/>\n\t<meta name=\"twitter:label2\" content=\"Tempo estimado de leitura\" \/>\n\t<meta name=\"twitter:data2\" content=\"7 minutos\" \/>\n<script type=\"application\/ld+json\" class=\"yoast-schema-graph\">{\"@context\":\"https:\\\/\\\/schema.org\",\"@graph\":[{\"@type\":\"Article\",\"@id\":\"https:\\\/\\\/news.sap.com\\\/portugal\\\/2026\\\/03\\\/sap-reforca-aposta-em-ia-com-aquisicao-da-reltio-e-integracao-de-dados-sap-e-nao-sap\\\/#article\",\"isPartOf\":{\"@id\":\"https:\\\/\\\/news.sap.com\\\/portugal\\\/2026\\\/03\\\/sap-reforca-aposta-em-ia-com-aquisicao-da-reltio-e-integracao-de-dados-sap-e-nao-sap\\\/\"},\"author\":{\"name\":\"SAP News\",\"@id\":\"https:\\\/\\\/news.sap.com\\\/portugal\\\/#\\\/schema\\\/person\\\/53b9854bd790d6f18f3fc4bbb2ad7570\"},\"headline\":\"SAP refor\u00e7a aposta em IA com aquisi\u00e7\u00e3o da Reltio e integra\u00e7\u00e3o de dados SAP e n\u00e3o SAP\",\"datePublished\":\"2026-03-31T16:20:51+00:00\",\"dateModified\":\"2026-03-31T16:21:11+00:00\",\"mainEntityOfPage\":{\"@id\":\"https:\\\/\\\/news.sap.com\\\/portugal\\\/2026\\\/03\\\/sap-reforca-aposta-em-ia-com-aquisicao-da-reltio-e-integracao-de-dados-sap-e-nao-sap\\\/\"},\"wordCount\":1266,\"image\":{\"@id\":\"https:\\\/\\\/news.sap.com\\\/portugal\\\/2026\\\/03\\\/sap-reforca-aposta-em-ia-com-aquisicao-da-reltio-e-integracao-de-dados-sap-e-nao-sap\\\/#primaryimage\"},\"thumbnailUrl\":\"https:\\\/\\\/news.sap.com\\\/portugal\\\/files\\\/2026\\\/03\\\/31\\\/307024_AdobeStock-558703999_large_uncropped_f-1920x600-1.jpg\",\"keywords\":[\"Reltio\",\"SAP Business AI\",\"SAP Business Data Cloud (SAP BDC)\"],\"articleSection\":[\"Uncategorized\"],\"inLanguage\":\"pt-PT\"},{\"@type\":\"WebPage\",\"@id\":\"https:\\\/\\\/news.sap.com\\\/portugal\\\/2026\\\/03\\\/sap-reforca-aposta-em-ia-com-aquisicao-da-reltio-e-integracao-de-dados-sap-e-nao-sap\\\/\",\"url\":\"https:\\\/\\\/news.sap.com\\\/portugal\\\/2026\\\/03\\\/sap-reforca-aposta-em-ia-com-aquisicao-da-reltio-e-integracao-de-dados-sap-e-nao-sap\\\/\",\"name\":\"SAP refor\u00e7a aposta em IA com aquisi\u00e7\u00e3o da Reltio e integra\u00e7\u00e3o de dados SAP e n\u00e3o SAP - Sala de Imprensa da SAP Portugal\",\"isPartOf\":{\"@id\":\"https:\\\/\\\/news.sap.com\\\/portugal\\\/#website\"},\"primaryImageOfPage\":{\"@id\":\"https:\\\/\\\/news.sap.com\\\/portugal\\\/2026\\\/03\\\/sap-reforca-aposta-em-ia-com-aquisicao-da-reltio-e-integracao-de-dados-sap-e-nao-sap\\\/#primaryimage\"},\"image\":{\"@id\":\"https:\\\/\\\/news.sap.com\\\/portugal\\\/2026\\\/03\\\/sap-reforca-aposta-em-ia-com-aquisicao-da-reltio-e-integracao-de-dados-sap-e-nao-sap\\\/#primaryimage\"},\"thumbnailUrl\":\"https:\\\/\\\/news.sap.com\\\/portugal\\\/files\\\/2026\\\/03\\\/31\\\/307024_AdobeStock-558703999_large_uncropped_f-1920x600-1.jpg\",\"datePublished\":\"2026-03-31T16:20:51+00:00\",\"dateModified\":\"2026-03-31T16:21:11+00:00\",\"author\":{\"@id\":\"https:\\\/\\\/news.sap.com\\\/portugal\\\/#\\\/schema\\\/person\\\/53b9854bd790d6f18f3fc4bbb2ad7570\"},\"breadcrumb\":{\"@id\":\"https:\\\/\\\/news.sap.com\\\/portugal\\\/2026\\\/03\\\/sap-reforca-aposta-em-ia-com-aquisicao-da-reltio-e-integracao-de-dados-sap-e-nao-sap\\\/#breadcrumb\"},\"inLanguage\":\"pt-PT\",\"potentialAction\":[{\"@type\":\"ReadAction\",\"target\":[\"https:\\\/\\\/news.sap.com\\\/portugal\\\/2026\\\/03\\\/sap-reforca-aposta-em-ia-com-aquisicao-da-reltio-e-integracao-de-dados-sap-e-nao-sap\\\/\"]}]},{\"@type\":\"ImageObject\",\"inLanguage\":\"pt-PT\",\"@id\":\"https:\\\/\\\/news.sap.com\\\/portugal\\\/2026\\\/03\\\/sap-reforca-aposta-em-ia-com-aquisicao-da-reltio-e-integracao-de-dados-sap-e-nao-sap\\\/#primaryimage\",\"url\":\"https:\\\/\\\/news.sap.com\\\/portugal\\\/files\\\/2026\\\/03\\\/31\\\/307024_AdobeStock-558703999_large_uncropped_f-1920x600-1.jpg\",\"contentUrl\":\"https:\\\/\\\/news.sap.com\\\/portugal\\\/files\\\/2026\\\/03\\\/31\\\/307024_AdobeStock-558703999_large_uncropped_f-1920x600-1.jpg\",\"width\":1920,\"height\":600},{\"@type\":\"BreadcrumbList\",\"@id\":\"https:\\\/\\\/news.sap.com\\\/portugal\\\/2026\\\/03\\\/sap-reforca-aposta-em-ia-com-aquisicao-da-reltio-e-integracao-de-dados-sap-e-nao-sap\\\/#breadcrumb\",\"itemListElement\":[{\"@type\":\"ListItem\",\"position\":1,\"name\":\"Home\",\"item\":\"https:\\\/\\\/news.sap.com\\\/portugal\\\/\"},{\"@type\":\"ListItem\",\"position\":2,\"name\":\"SAP refor\u00e7a aposta em IA com aquisi\u00e7\u00e3o da Reltio e integra\u00e7\u00e3o de dados SAP e n\u00e3o SAP\"}]},{\"@type\":\"WebSite\",\"@id\":\"https:\\\/\\\/news.sap.com\\\/portugal\\\/#website\",\"url\":\"https:\\\/\\\/news.sap.com\\\/portugal\\\/\",\"name\":\"Sala de Imprensa da SAP Portugal\",\"description\":\"Not\u00edcias sobre SAP Portugal\",\"potentialAction\":[{\"@type\":\"SearchAction\",\"target\":{\"@type\":\"EntryPoint\",\"urlTemplate\":\"https:\\\/\\\/news.sap.com\\\/portugal\\\/?s={search_term_string}\"},\"query-input\":{\"@type\":\"PropertyValueSpecification\",\"valueRequired\":true,\"valueName\":\"search_term_string\"}}],\"inLanguage\":\"pt-PT\"},{\"@type\":\"Person\",\"@id\":\"https:\\\/\\\/news.sap.com\\\/portugal\\\/#\\\/schema\\\/person\\\/53b9854bd790d6f18f3fc4bbb2ad7570\",\"name\":\"SAP News\",\"image\":{\"@type\":\"ImageObject\",\"inLanguage\":\"pt-PT\",\"@id\":\"https:\\\/\\\/news.sap.com\\\/portugal\\\/wp-content\\\/plugins\\\/wp-user-avatars\\\/wp-user-avatars\\\/assets\\\/images\\\/mystery.jpg\",\"url\":\"https:\\\/\\\/news.sap.com\\\/portugal\\\/wp-content\\\/plugins\\\/wp-user-avatars\\\/wp-user-avatars\\\/assets\\\/images\\\/mystery.jpg\",\"contentUrl\":\"https:\\\/\\\/news.sap.com\\\/portugal\\\/wp-content\\\/plugins\\\/wp-user-avatars\\\/wp-user-avatars\\\/assets\\\/images\\\/mystery.jpg\",\"caption\":\"SAP News\"},\"url\":\"https:\\\/\\\/news.sap.com\\\/portugal\\\/author\\\/colleenraftery\\\/\"}]}<\/script>\n<!-- \/ Yoast SEO Premium plugin. -->","yoast_head_json":{"title":"SAP refor\u00e7a aposta em IA com aquisi\u00e7\u00e3o da Reltio e integra\u00e7\u00e3o de dados SAP e n\u00e3o SAP - Sala de Imprensa da SAP Portugal","robots":{"index":"index","follow":"follow","max-snippet":"max-snippet:-1","max-image-preview":"max-image-preview:large","max-video-preview":"max-video-preview:-1"},"canonical":"https:\/\/news.sap.com\/portugal\/2026\/03\/sap-reforca-aposta-em-ia-com-aquisicao-da-reltio-e-integracao-de-dados-sap-e-nao-sap\/","og_locale":"pt_PT","og_type":"article","og_title":"SAP refor\u00e7a aposta em IA com aquisi\u00e7\u00e3o da Reltio e integra\u00e7\u00e3o de dados SAP e n\u00e3o SAP","og_description":"LISBOA \u2013 A SAP SE (NYSE: SAP) e a Reltio Inc. anunciaram que a SAP chegou a acordo para adquirir a Reltio, um fornecedor l\u00edder...","og_url":"https:\/\/news.sap.com\/portugal\/2026\/03\/sap-reforca-aposta-em-ia-com-aquisicao-da-reltio-e-integracao-de-dados-sap-e-nao-sap\/","og_site_name":"Sala de Imprensa da SAP Portugal","article_published_time":"2026-03-31T16:20:51+00:00","article_modified_time":"2026-03-31T16:21:11+00:00","og_image":[{"width":1920,"height":600,"url":"https:\/\/news.sap.com\/portugal\/files\/2026\/03\/31\/307024_AdobeStock-558703999_large_uncropped_f-1920x600-1.jpg","type":"image\/jpeg"}],"author":"SAP News","twitter_card":"summary_large_image","twitter_misc":{"Escrito por":"SAP News","Tempo estimado de leitura":"7 minutos"},"schema":{"@context":"https:\/\/schema.org","@graph":[{"@type":"Article","@id":"https:\/\/news.sap.com\/portugal\/2026\/03\/sap-reforca-aposta-em-ia-com-aquisicao-da-reltio-e-integracao-de-dados-sap-e-nao-sap\/#article","isPartOf":{"@id":"https:\/\/news.sap.com\/portugal\/2026\/03\/sap-reforca-aposta-em-ia-com-aquisicao-da-reltio-e-integracao-de-dados-sap-e-nao-sap\/"},"author":{"name":"SAP News","@id":"https:\/\/news.sap.com\/portugal\/#\/schema\/person\/53b9854bd790d6f18f3fc4bbb2ad7570"},"headline":"SAP refor\u00e7a aposta em IA com aquisi\u00e7\u00e3o da Reltio e integra\u00e7\u00e3o de dados SAP e n\u00e3o SAP","datePublished":"2026-03-31T16:20:51+00:00","dateModified":"2026-03-31T16:21:11+00:00","mainEntityOfPage":{"@id":"https:\/\/news.sap.com\/portugal\/2026\/03\/sap-reforca-aposta-em-ia-com-aquisicao-da-reltio-e-integracao-de-dados-sap-e-nao-sap\/"},"wordCount":1266,"image":{"@id":"https:\/\/news.sap.com\/portugal\/2026\/03\/sap-reforca-aposta-em-ia-com-aquisicao-da-reltio-e-integracao-de-dados-sap-e-nao-sap\/#primaryimage"},"thumbnailUrl":"https:\/\/news.sap.com\/portugal\/files\/2026\/03\/31\/307024_AdobeStock-558703999_large_uncropped_f-1920x600-1.jpg","keywords":["Reltio","SAP Business AI","SAP Business Data Cloud (SAP BDC)"],"articleSection":["Uncategorized"],"inLanguage":"pt-PT"},{"@type":"WebPage","@id":"https:\/\/news.sap.com\/portugal\/2026\/03\/sap-reforca-aposta-em-ia-com-aquisicao-da-reltio-e-integracao-de-dados-sap-e-nao-sap\/","url":"https:\/\/news.sap.com\/portugal\/2026\/03\/sap-reforca-aposta-em-ia-com-aquisicao-da-reltio-e-integracao-de-dados-sap-e-nao-sap\/","name":"SAP refor\u00e7a aposta em IA com aquisi\u00e7\u00e3o da Reltio e integra\u00e7\u00e3o de dados SAP e n\u00e3o SAP - Sala de Imprensa da SAP Portugal","isPartOf":{"@id":"https:\/\/news.sap.com\/portugal\/#website"},"primaryImageOfPage":{"@id":"https:\/\/news.sap.com\/portugal\/2026\/03\/sap-reforca-aposta-em-ia-com-aquisicao-da-reltio-e-integracao-de-dados-sap-e-nao-sap\/#primaryimage"},"image":{"@id":"https:\/\/news.sap.com\/portugal\/2026\/03\/sap-reforca-aposta-em-ia-com-aquisicao-da-reltio-e-integracao-de-dados-sap-e-nao-sap\/#primaryimage"},"thumbnailUrl":"https:\/\/news.sap.com\/portugal\/files\/2026\/03\/31\/307024_AdobeStock-558703999_large_uncropped_f-1920x600-1.jpg","datePublished":"2026-03-31T16:20:51+00:00","dateModified":"2026-03-31T16:21:11+00:00","author":{"@id":"https:\/\/news.sap.com\/portugal\/#\/schema\/person\/53b9854bd790d6f18f3fc4bbb2ad7570"},"breadcrumb":{"@id":"https:\/\/news.sap.com\/portugal\/2026\/03\/sap-reforca-aposta-em-ia-com-aquisicao-da-reltio-e-integracao-de-dados-sap-e-nao-sap\/#breadcrumb"},"inLanguage":"pt-PT","potentialAction":[{"@type":"ReadAction","target":["https:\/\/news.sap.com\/portugal\/2026\/03\/sap-reforca-aposta-em-ia-com-aquisicao-da-reltio-e-integracao-de-dados-sap-e-nao-sap\/"]}]},{"@type":"ImageObject","inLanguage":"pt-PT","@id":"https:\/\/news.sap.com\/portugal\/2026\/03\/sap-reforca-aposta-em-ia-com-aquisicao-da-reltio-e-integracao-de-dados-sap-e-nao-sap\/#primaryimage","url":"https:\/\/news.sap.com\/portugal\/files\/2026\/03\/31\/307024_AdobeStock-558703999_large_uncropped_f-1920x600-1.jpg","contentUrl":"https:\/\/news.sap.com\/portugal\/files\/2026\/03\/31\/307024_AdobeStock-558703999_large_uncropped_f-1920x600-1.jpg","width":1920,"height":600},{"@type":"BreadcrumbList","@id":"https:\/\/news.sap.com\/portugal\/2026\/03\/sap-reforca-aposta-em-ia-com-aquisicao-da-reltio-e-integracao-de-dados-sap-e-nao-sap\/#breadcrumb","itemListElement":[{"@type":"ListItem","position":1,"name":"Home","item":"https:\/\/news.sap.com\/portugal\/"},{"@type":"ListItem","position":2,"name":"SAP refor\u00e7a aposta em IA com aquisi\u00e7\u00e3o da Reltio e integra\u00e7\u00e3o de dados SAP e n\u00e3o SAP"}]},{"@type":"WebSite","@id":"https:\/\/news.sap.com\/portugal\/#website","url":"https:\/\/news.sap.com\/portugal\/","name":"Sala de Imprensa da SAP Portugal","description":"Not\u00edcias sobre SAP Portugal","potentialAction":[{"@type":"SearchAction","target":{"@type":"EntryPoint","urlTemplate":"https:\/\/news.sap.com\/portugal\/?s={search_term_string}"},"query-input":{"@type":"PropertyValueSpecification","valueRequired":true,"valueName":"search_term_string"}}],"inLanguage":"pt-PT"},{"@type":"Person","@id":"https:\/\/news.sap.com\/portugal\/#\/schema\/person\/53b9854bd790d6f18f3fc4bbb2ad7570","name":"SAP News","image":{"@type":"ImageObject","inLanguage":"pt-PT","@id":"https:\/\/news.sap.com\/portugal\/wp-content\/plugins\/wp-user-avatars\/wp-user-avatars\/assets\/images\/mystery.jpg","url":"https:\/\/news.sap.com\/portugal\/wp-content\/plugins\/wp-user-avatars\/wp-user-avatars\/assets\/images\/mystery.jpg","contentUrl":"https:\/\/news.sap.com\/portugal\/wp-content\/plugins\/wp-user-avatars\/wp-user-avatars\/assets\/images\/mystery.jpg","caption":"SAP News"},"url":"https:\/\/news.sap.com\/portugal\/author\/colleenraftery\/"}]}},"amp_enabled":true,"_links":{"self":[{"href":"https:\/\/news.sap.com\/portugal\/wp-json\/wp\/v2\/posts\/3514","targetHints":{"allow":["GET"]}}],"collection":[{"href":"https:\/\/news.sap.com\/portugal\/wp-json\/wp\/v2\/posts"}],"about":[{"href":"https:\/\/news.sap.com\/portugal\/wp-json\/wp\/v2\/types\/post"}],"author":[{"embeddable":true,"href":"https:\/\/news.sap.com\/portugal\/wp-json\/wp\/v2\/users\/29"}],"replies":[{"embeddable":true,"href":"https:\/\/news.sap.com\/portugal\/wp-json\/wp\/v2\/comments?post=3514"}],"version-history":[{"count":0,"href":"https:\/\/news.sap.com\/portugal\/wp-json\/wp\/v2\/posts\/3514\/revisions"}],"wp:featuredmedia":[{"embeddable":true,"href":"https:\/\/news.sap.com\/portugal\/wp-json\/wp\/v2\/media\/3517"}],"wp:attachment":[{"href":"https:\/\/news.sap.com\/portugal\/wp-json\/wp\/v2\/media?parent=3514"}],"wp:term":[{"taxonomy":"category","embeddable":true,"href":"https:\/\/news.sap.com\/portugal\/wp-json\/wp\/v2\/categories?post=3514"},{"taxonomy":"post_tag","embeddable":true,"href":"https:\/\/news.sap.com\/portugal\/wp-json\/wp\/v2\/tags?post=3514"},{"taxonomy":"sapn-display","embeddable":true,"href":"https:\/\/news.sap.com\/portugal\/wp-json\/wp\/v2\/sapn-display?post=3514"},{"taxonomy":"sapn-type","embeddable":true,"href":"https:\/\/news.sap.com\/portugal\/wp-json\/wp\/v2\/sapn-type?post=3514"}],"curies":[{"name":"wp","href":"https:\/\/api.w.org\/{rel}","templated":true}]}}