{"id":3520,"date":"2026-04-07T17:28:11","date_gmt":"2026-04-07T17:28:11","guid":{"rendered":"https:\/\/news.sap.com\/portugal\/?p=3520"},"modified":"2026-04-07T17:28:12","modified_gmt":"2026-04-07T17:28:12","slug":"grupo-paulo-duarte-escolhe-sap-para-suportar-nova-fase-da-sua-transformacao-digital-com-ia","status":"publish","type":"post","link":"https:\/\/news.sap.com\/portugal\/2026\/04\/grupo-paulo-duarte-escolhe-sap-para-suportar-nova-fase-da-sua-transformacao-digital-com-ia\/","title":{"rendered":"Grupo Paulo Duarte escolhe SAP para suportar nova fase da sua transforma\u00e7\u00e3o digital com IA"},"content":{"rendered":"<p class=\"lead\"><strong><em>LISBOA<\/em> &#8211; <\/strong>\u00a0A <a href=\"https:\/\/www.sap.com\/portugal\/partners.html\">SAP Portugal<\/a> e o Grupo Paulo Duarte anunciam a ado\u00e7\u00e3o de uma nova plataforma integrada de gest\u00e3o para suportar a moderniza\u00e7\u00e3o dos processos financeiros, operacionais e de recursos humanos do grupo, refor\u00e7ando a sua capacidade de integra\u00e7\u00e3o, efici\u00eancia e tomada de decis\u00e3o.<\/p>\n<p>Com 80 anos de hist\u00f3ria, o <strong>Grupo Paulo Duarte<\/strong> tem vindo a consolidar uma estrat\u00e9gia de crescimento sustentado, assente na inova\u00e7\u00e3o, na efici\u00eancia operacional e na expans\u00e3o internacional. Neste contexto, e perante os crescentes desafios do sector &#8211; da digitaliza\u00e7\u00e3o \u00e0 otimiza\u00e7\u00e3o da opera\u00e7\u00e3o, \u00e0 gest\u00e3o de talento e ao cumprimento de requisitos regulamentares e ambientais -, o Grupo decidiu evoluir a sua infraestrutura tecnol\u00f3gica e avan\u00e7ar para uma base de gest\u00e3o mais integrada, escal\u00e1vel e preparada para responder ao crescimento do neg\u00f3cio.<\/p>\n<p>A implementa\u00e7\u00e3o contempla solu\u00e7\u00f5es SAP para gest\u00e3o empresarial e capital humano. A solu\u00e7\u00e3o SAP ERP Cloud funcionar\u00e1 como plataforma central de suporte \u00e0 gest\u00e3o financeira, operacional e administrativa, enquanto a solu\u00e7\u00e3o SAP SuccessFactors apoiar\u00e1 a gest\u00e3o de pessoas. O projeto inclui ainda funcionalidades de Intelig\u00eancia Artificial (IA) com o objetivo de simplificar processos, melhorar a qualidade da informa\u00e7\u00e3o e refor\u00e7ar o suporte \u00e0 tomada de decis\u00e3o. A iniciativa abrange todas as unidades de neg\u00f3cio, impactando m\u00faltiplos departamentos e colaboradores.<\/p>\n<p>Segundo <strong>Gustavo Paulo Duarte, CEO do Grupo Paulo Duarte<\/strong>, \u201cesta decis\u00e3o permite-nos refor\u00e7ar a integra\u00e7\u00e3o de \u00e1reas cr\u00edticas do neg\u00f3cio, ganhar maior visibilidade sobre a opera\u00e7\u00e3o e criar uma base mais s\u00f3lida para responder com agilidade ao crescimento e \u00e0 expans\u00e3o internacional do Grupo.\u201d<\/p>\n<p>Com esta implementa\u00e7\u00e3o, o Grupo Paulo Duarte espera alcan\u00e7ar ganhos em efici\u00eancia, integra\u00e7\u00e3o e capacidade anal\u00edtica, com maior automatiza\u00e7\u00e3o de processos, melhoria da qualidade e fiabilidade da informa\u00e7\u00e3o de gest\u00e3o e suporte mais \u00e1gil \u00e0 tomada de decis\u00e3o num contexto de opera\u00e7\u00e3o cada vez mais exigente. A nova plataforma permitir\u00e1 acompanhar o crescimento do Grupo e replicar modelos em contextos internacionais, consolidando a informa\u00e7\u00e3o em \u00e1reas cr\u00edticas como reporting financeiro, gest\u00e3o de pessoas e an\u00e1lise integrada das opera\u00e7\u00f5es.<\/p>\n<p>\u201cEsta parceria refor\u00e7a o papel da SAP na transforma\u00e7\u00e3o digital do sector de log\u00edstica e transportes em Portugal. As solu\u00e7\u00f5es cloud com IA integrada permitem \u00e0s organiza\u00e7\u00f5es inovar, integrar processos de forma mais inteligente e responder de forma \u00e1gil aos desafios de um sector em constante evolu\u00e7\u00e3o\u201d, refor\u00e7a <strong>Nuno Saramago, Diretor-Geral da SAP Portugal.<\/strong><\/p>\n<p><strong>\u00a0<\/strong><\/p>\n<h3><strong>Sobre o Grupo Paulo Duarte<\/strong><\/h3>\n<p>Com 80 anos de atividade, o Grupo Paulo Duarte \u00e9 uma refer\u00eancia no setor dos transportes rodovi\u00e1rios em Portugal, destacando-se pela sua aposta cont\u00ednua na inova\u00e7\u00e3o, na efici\u00eancia operacional e na qualifica\u00e7\u00e3o das suas equipas. A empresa tem consolidado a sua posi\u00e7\u00e3o como parceiro estrat\u00e9gico na gest\u00e3o de opera\u00e7\u00f5es log\u00edsticas, assegurando elevados padr\u00f5es de qualidade, seguran\u00e7a e sustentabilidade.<\/p>\n<p>&nbsp;<\/p>\n<h3><strong>Sobre a SAP<\/strong><\/h3>\n<p>A SAP, l\u00edder mundial em aplica\u00e7\u00f5es empresariais e IA para neg\u00f3cios, est\u00e1 na vanguarda da converg\u00eancia entre o mundo empresarial e a tecnologia. H\u00e1 mais de 50 anos, organiza\u00e7\u00f5es em todo o mundo confiam na SAP para alcan\u00e7ar o seu melhor desempenho, integrando opera\u00e7\u00f5es essenciais de neg\u00f3cio, desde finan\u00e7as, compras e recursos humanos at\u00e9 \u00e0 cadeia de abastecimento e experi\u00eancia do cliente. Para mais informa\u00e7\u00f5es, visite <a href=\"http:\/\/www.sap.com\/\">www.sap.com<\/a>.<\/p>\n<p style=\"text-align: center\"><strong>\u00a0<\/strong>###<\/p>\n<h5>Este documento cont\u00e9m declara\u00e7\u00f5es prospetivas, que s\u00e3o previs\u00f5es, proje\u00e7\u00f5es ou outras afirma\u00e7\u00f5es sobre eventos futuros. Estas declara\u00e7\u00f5es baseiam-se em expectativas, previs\u00f5es e pressupostos atuais que est\u00e3o sujeitos a riscos e incertezas que podem causar resultados e desfechos reais diferentes. Informa\u00e7\u00f5es adicionais sobre estes riscos e incertezas podem ser consultadas nos documentos apresentados \u00e0 Securities and Exchange Commission, incluindo, entre outros, a sec\u00e7\u00e3o de fatores de risco do Relat\u00f3rio Anual de 2025 da SAP no Formul\u00e1rio 20\u2011F.<\/h5>\n<h5>\u00a9 2026 SAP SE. Todos os direitos reservados.<\/h5>\n<h5>A SAP e os demais produtos e servi\u00e7os aqui mencionados, bem como os respetivos log\u00f3tipos, s\u00e3o marcas comerciais ou marcas registadas da SAP SE na Alemanha e noutros pa\u00edses. Consulte <a href=\"https:\/\/www.sap.com\/copyright\">https:\/\/www.sap.com\/copyright<\/a> para mais informa\u00e7\u00f5es e avisos adicionais sobre a marca registada.<\/h5>\n","protected":false},"excerpt":{"rendered":"<p>LISBOA &#8211; \u00a0A SAP Portugal e o Grupo Paulo Duarte anunciam a ado\u00e7\u00e3o de uma nova plataforma integrada de gest\u00e3o para suportar a moderniza\u00e7\u00e3o dos&#8230;<\/p>\n","protected":false},"author":29,"featured_media":3521,"comment_status":"closed","ping_status":"closed","sticky":false,"template":"","format":"standard","meta":{"footnotes":"","_links_to":"","_links_to_target":""},"categories":[16582],"tags":[5562819,5562924,5562872],"sapn-display":[],"sapn-type":[4446],"class_list":["post-3520","post","type-post","status-publish","format-standard","has-post-thumbnail","hentry","category-clientes","tag-artificial-intelligence","tag-erp-cloud","tag-sap-successfactors-hcm","sapn-type-press-release"],"yoast_head":"<!-- This site is optimized with the Yoast SEO Premium plugin v27.8 (Yoast SEO v27.8) - https:\/\/yoast.com\/product\/yoast-seo-premium-wordpress\/ -->\n<title>Grupo Paulo Duarte escolhe SAP para suportar nova fase da sua transforma\u00e7\u00e3o digital com IA - Sala de Imprensa da SAP Portugal<\/title>\n<meta name=\"robots\" content=\"index, follow, max-snippet:-1, max-image-preview:large, max-video-preview:-1\" \/>\n<link rel=\"canonical\" href=\"https:\/\/news.sap.com\/portugal\/2026\/04\/grupo-paulo-duarte-escolhe-sap-para-suportar-nova-fase-da-sua-transformacao-digital-com-ia\/\" \/>\n<meta property=\"og:locale\" content=\"pt_PT\" \/>\n<meta property=\"og:type\" content=\"article\" \/>\n<meta property=\"og:title\" content=\"Grupo Paulo Duarte escolhe SAP para suportar nova fase da sua transforma\u00e7\u00e3o digital com IA\" \/>\n<meta property=\"og:description\" content=\"LISBOA &#8211; \u00a0A SAP Portugal e o Grupo Paulo Duarte anunciam a ado\u00e7\u00e3o de uma nova plataforma integrada de gest\u00e3o para suportar a moderniza\u00e7\u00e3o dos...\" \/>\n<meta property=\"og:url\" content=\"https:\/\/news.sap.com\/portugal\/2026\/04\/grupo-paulo-duarte-escolhe-sap-para-suportar-nova-fase-da-sua-transformacao-digital-com-ia\/\" \/>\n<meta property=\"og:site_name\" content=\"Sala de Imprensa da SAP Portugal\" \/>\n<meta property=\"article:published_time\" content=\"2026-04-07T17:28:11+00:00\" \/>\n<meta property=\"article:modified_time\" content=\"2026-04-07T17:28:12+00:00\" \/>\n<meta property=\"og:image\" content=\"https:\/\/news.sap.com\/portugal\/files\/2026\/04\/07\/298454_GettyImages-1320093220_small_jpg.jpg\" \/>\n\t<meta property=\"og:image:width\" content=\"724\" \/>\n\t<meta property=\"og:image:height\" content=\"483\" \/>\n\t<meta property=\"og:image:type\" content=\"image\/jpeg\" \/>\n<meta name=\"author\" content=\"SAP News\" \/>\n<meta name=\"twitter:card\" content=\"summary_large_image\" \/>\n<meta name=\"twitter:label1\" content=\"Escrito por\" \/>\n\t<meta name=\"twitter:data1\" content=\"SAP News\" \/>\n\t<meta name=\"twitter:label2\" content=\"Tempo estimado de leitura\" \/>\n\t<meta name=\"twitter:data2\" content=\"4 minutos\" \/>\n<script type=\"application\/ld+json\" class=\"yoast-schema-graph\">{\"@context\":\"https:\\\/\\\/schema.org\",\"@graph\":[{\"@type\":\"Article\",\"@id\":\"https:\\\/\\\/news.sap.com\\\/portugal\\\/2026\\\/04\\\/grupo-paulo-duarte-escolhe-sap-para-suportar-nova-fase-da-sua-transformacao-digital-com-ia\\\/#article\",\"isPartOf\":{\"@id\":\"https:\\\/\\\/news.sap.com\\\/portugal\\\/2026\\\/04\\\/grupo-paulo-duarte-escolhe-sap-para-suportar-nova-fase-da-sua-transformacao-digital-com-ia\\\/\"},\"author\":{\"name\":\"SAP News\",\"@id\":\"https:\\\/\\\/news.sap.com\\\/portugal\\\/#\\\/schema\\\/person\\\/53b9854bd790d6f18f3fc4bbb2ad7570\"},\"headline\":\"Grupo Paulo Duarte escolhe SAP para suportar nova fase da sua transforma\u00e7\u00e3o digital com IA\",\"datePublished\":\"2026-04-07T17:28:11+00:00\",\"dateModified\":\"2026-04-07T17:28:12+00:00\",\"mainEntityOfPage\":{\"@id\":\"https:\\\/\\\/news.sap.com\\\/portugal\\\/2026\\\/04\\\/grupo-paulo-duarte-escolhe-sap-para-suportar-nova-fase-da-sua-transformacao-digital-com-ia\\\/\"},\"wordCount\":755,\"image\":{\"@id\":\"https:\\\/\\\/news.sap.com\\\/portugal\\\/2026\\\/04\\\/grupo-paulo-duarte-escolhe-sap-para-suportar-nova-fase-da-sua-transformacao-digital-com-ia\\\/#primaryimage\"},\"thumbnailUrl\":\"https:\\\/\\\/news.sap.com\\\/portugal\\\/files\\\/2026\\\/04\\\/07\\\/298454_GettyImages-1320093220_small_jpg.jpg\",\"keywords\":[\"Artificial Intelligence\",\"ERP Cloud\",\"SAP SuccessFactors HCM\"],\"articleSection\":[\"Clientes\"],\"inLanguage\":\"pt-PT\"},{\"@type\":\"WebPage\",\"@id\":\"https:\\\/\\\/news.sap.com\\\/portugal\\\/2026\\\/04\\\/grupo-paulo-duarte-escolhe-sap-para-suportar-nova-fase-da-sua-transformacao-digital-com-ia\\\/\",\"url\":\"https:\\\/\\\/news.sap.com\\\/portugal\\\/2026\\\/04\\\/grupo-paulo-duarte-escolhe-sap-para-suportar-nova-fase-da-sua-transformacao-digital-com-ia\\\/\",\"name\":\"Grupo Paulo Duarte escolhe SAP para suportar nova fase da sua transforma\u00e7\u00e3o digital com IA - Sala de Imprensa da SAP Portugal\",\"isPartOf\":{\"@id\":\"https:\\\/\\\/news.sap.com\\\/portugal\\\/#website\"},\"primaryImageOfPage\":{\"@id\":\"https:\\\/\\\/news.sap.com\\\/portugal\\\/2026\\\/04\\\/grupo-paulo-duarte-escolhe-sap-para-suportar-nova-fase-da-sua-transformacao-digital-com-ia\\\/#primaryimage\"},\"image\":{\"@id\":\"https:\\\/\\\/news.sap.com\\\/portugal\\\/2026\\\/04\\\/grupo-paulo-duarte-escolhe-sap-para-suportar-nova-fase-da-sua-transformacao-digital-com-ia\\\/#primaryimage\"},\"thumbnailUrl\":\"https:\\\/\\\/news.sap.com\\\/portugal\\\/files\\\/2026\\\/04\\\/07\\\/298454_GettyImages-1320093220_small_jpg.jpg\",\"datePublished\":\"2026-04-07T17:28:11+00:00\",\"dateModified\":\"2026-04-07T17:28:12+00:00\",\"author\":{\"@id\":\"https:\\\/\\\/news.sap.com\\\/portugal\\\/#\\\/schema\\\/person\\\/53b9854bd790d6f18f3fc4bbb2ad7570\"},\"breadcrumb\":{\"@id\":\"https:\\\/\\\/news.sap.com\\\/portugal\\\/2026\\\/04\\\/grupo-paulo-duarte-escolhe-sap-para-suportar-nova-fase-da-sua-transformacao-digital-com-ia\\\/#breadcrumb\"},\"inLanguage\":\"pt-PT\",\"potentialAction\":[{\"@type\":\"ReadAction\",\"target\":[\"https:\\\/\\\/news.sap.com\\\/portugal\\\/2026\\\/04\\\/grupo-paulo-duarte-escolhe-sap-para-suportar-nova-fase-da-sua-transformacao-digital-com-ia\\\/\"]}]},{\"@type\":\"ImageObject\",\"inLanguage\":\"pt-PT\",\"@id\":\"https:\\\/\\\/news.sap.com\\\/portugal\\\/2026\\\/04\\\/grupo-paulo-duarte-escolhe-sap-para-suportar-nova-fase-da-sua-transformacao-digital-com-ia\\\/#primaryimage\",\"url\":\"https:\\\/\\\/news.sap.com\\\/portugal\\\/files\\\/2026\\\/04\\\/07\\\/298454_GettyImages-1320093220_small_jpg.jpg\",\"contentUrl\":\"https:\\\/\\\/news.sap.com\\\/portugal\\\/files\\\/2026\\\/04\\\/07\\\/298454_GettyImages-1320093220_small_jpg.jpg\",\"width\":724,\"height\":483,\"caption\":\"Truck driving on asphalt road along the green fields in rural landscape. Road seen from the air. Aerial view landscape, shooting from a drone\"},{\"@type\":\"BreadcrumbList\",\"@id\":\"https:\\\/\\\/news.sap.com\\\/portugal\\\/2026\\\/04\\\/grupo-paulo-duarte-escolhe-sap-para-suportar-nova-fase-da-sua-transformacao-digital-com-ia\\\/#breadcrumb\",\"itemListElement\":[{\"@type\":\"ListItem\",\"position\":1,\"name\":\"Home\",\"item\":\"https:\\\/\\\/news.sap.com\\\/portugal\\\/\"},{\"@type\":\"ListItem\",\"position\":2,\"name\":\"Grupo Paulo Duarte escolhe SAP para suportar nova fase da sua transforma\u00e7\u00e3o digital com IA\"}]},{\"@type\":\"WebSite\",\"@id\":\"https:\\\/\\\/news.sap.com\\\/portugal\\\/#website\",\"url\":\"https:\\\/\\\/news.sap.com\\\/portugal\\\/\",\"name\":\"Sala de Imprensa da SAP Portugal\",\"description\":\"Not\u00edcias sobre SAP Portugal\",\"potentialAction\":[{\"@type\":\"SearchAction\",\"target\":{\"@type\":\"EntryPoint\",\"urlTemplate\":\"https:\\\/\\\/news.sap.com\\\/portugal\\\/?s={search_term_string}\"},\"query-input\":{\"@type\":\"PropertyValueSpecification\",\"valueRequired\":true,\"valueName\":\"search_term_string\"}}],\"inLanguage\":\"pt-PT\"},{\"@type\":\"Person\",\"@id\":\"https:\\\/\\\/news.sap.com\\\/portugal\\\/#\\\/schema\\\/person\\\/53b9854bd790d6f18f3fc4bbb2ad7570\",\"name\":\"SAP News\",\"image\":{\"@type\":\"ImageObject\",\"inLanguage\":\"pt-PT\",\"@id\":\"https:\\\/\\\/news.sap.com\\\/portugal\\\/wp-content\\\/plugins\\\/wp-user-avatars\\\/wp-user-avatars\\\/assets\\\/images\\\/mystery.jpg\",\"url\":\"https:\\\/\\\/news.sap.com\\\/portugal\\\/wp-content\\\/plugins\\\/wp-user-avatars\\\/wp-user-avatars\\\/assets\\\/images\\\/mystery.jpg\",\"contentUrl\":\"https:\\\/\\\/news.sap.com\\\/portugal\\\/wp-content\\\/plugins\\\/wp-user-avatars\\\/wp-user-avatars\\\/assets\\\/images\\\/mystery.jpg\",\"caption\":\"SAP News\"},\"url\":\"https:\\\/\\\/news.sap.com\\\/portugal\\\/author\\\/colleenraftery\\\/\"}]}<\/script>\n<!-- \/ Yoast SEO Premium plugin. -->","yoast_head_json":{"title":"Grupo Paulo Duarte escolhe SAP para suportar nova fase da sua transforma\u00e7\u00e3o digital com IA - Sala de Imprensa da SAP Portugal","robots":{"index":"index","follow":"follow","max-snippet":"max-snippet:-1","max-image-preview":"max-image-preview:large","max-video-preview":"max-video-preview:-1"},"canonical":"https:\/\/news.sap.com\/portugal\/2026\/04\/grupo-paulo-duarte-escolhe-sap-para-suportar-nova-fase-da-sua-transformacao-digital-com-ia\/","og_locale":"pt_PT","og_type":"article","og_title":"Grupo Paulo Duarte escolhe SAP para suportar nova fase da sua transforma\u00e7\u00e3o digital com IA","og_description":"LISBOA &#8211; \u00a0A SAP Portugal e o Grupo Paulo Duarte anunciam a ado\u00e7\u00e3o de uma nova plataforma integrada de gest\u00e3o para suportar a moderniza\u00e7\u00e3o dos...","og_url":"https:\/\/news.sap.com\/portugal\/2026\/04\/grupo-paulo-duarte-escolhe-sap-para-suportar-nova-fase-da-sua-transformacao-digital-com-ia\/","og_site_name":"Sala de Imprensa da SAP Portugal","article_published_time":"2026-04-07T17:28:11+00:00","article_modified_time":"2026-04-07T17:28:12+00:00","og_image":[{"width":724,"height":483,"url":"https:\/\/news.sap.com\/portugal\/files\/2026\/04\/07\/298454_GettyImages-1320093220_small_jpg.jpg","type":"image\/jpeg"}],"author":"SAP News","twitter_card":"summary_large_image","twitter_misc":{"Escrito por":"SAP News","Tempo estimado de leitura":"4 minutos"},"schema":{"@context":"https:\/\/schema.org","@graph":[{"@type":"Article","@id":"https:\/\/news.sap.com\/portugal\/2026\/04\/grupo-paulo-duarte-escolhe-sap-para-suportar-nova-fase-da-sua-transformacao-digital-com-ia\/#article","isPartOf":{"@id":"https:\/\/news.sap.com\/portugal\/2026\/04\/grupo-paulo-duarte-escolhe-sap-para-suportar-nova-fase-da-sua-transformacao-digital-com-ia\/"},"author":{"name":"SAP News","@id":"https:\/\/news.sap.com\/portugal\/#\/schema\/person\/53b9854bd790d6f18f3fc4bbb2ad7570"},"headline":"Grupo Paulo Duarte escolhe SAP para suportar nova fase da sua transforma\u00e7\u00e3o digital com IA","datePublished":"2026-04-07T17:28:11+00:00","dateModified":"2026-04-07T17:28:12+00:00","mainEntityOfPage":{"@id":"https:\/\/news.sap.com\/portugal\/2026\/04\/grupo-paulo-duarte-escolhe-sap-para-suportar-nova-fase-da-sua-transformacao-digital-com-ia\/"},"wordCount":755,"image":{"@id":"https:\/\/news.sap.com\/portugal\/2026\/04\/grupo-paulo-duarte-escolhe-sap-para-suportar-nova-fase-da-sua-transformacao-digital-com-ia\/#primaryimage"},"thumbnailUrl":"https:\/\/news.sap.com\/portugal\/files\/2026\/04\/07\/298454_GettyImages-1320093220_small_jpg.jpg","keywords":["Artificial Intelligence","ERP Cloud","SAP SuccessFactors HCM"],"articleSection":["Clientes"],"inLanguage":"pt-PT"},{"@type":"WebPage","@id":"https:\/\/news.sap.com\/portugal\/2026\/04\/grupo-paulo-duarte-escolhe-sap-para-suportar-nova-fase-da-sua-transformacao-digital-com-ia\/","url":"https:\/\/news.sap.com\/portugal\/2026\/04\/grupo-paulo-duarte-escolhe-sap-para-suportar-nova-fase-da-sua-transformacao-digital-com-ia\/","name":"Grupo Paulo Duarte escolhe SAP para suportar nova fase da sua transforma\u00e7\u00e3o digital com IA - Sala de Imprensa da SAP Portugal","isPartOf":{"@id":"https:\/\/news.sap.com\/portugal\/#website"},"primaryImageOfPage":{"@id":"https:\/\/news.sap.com\/portugal\/2026\/04\/grupo-paulo-duarte-escolhe-sap-para-suportar-nova-fase-da-sua-transformacao-digital-com-ia\/#primaryimage"},"image":{"@id":"https:\/\/news.sap.com\/portugal\/2026\/04\/grupo-paulo-duarte-escolhe-sap-para-suportar-nova-fase-da-sua-transformacao-digital-com-ia\/#primaryimage"},"thumbnailUrl":"https:\/\/news.sap.com\/portugal\/files\/2026\/04\/07\/298454_GettyImages-1320093220_small_jpg.jpg","datePublished":"2026-04-07T17:28:11+00:00","dateModified":"2026-04-07T17:28:12+00:00","author":{"@id":"https:\/\/news.sap.com\/portugal\/#\/schema\/person\/53b9854bd790d6f18f3fc4bbb2ad7570"},"breadcrumb":{"@id":"https:\/\/news.sap.com\/portugal\/2026\/04\/grupo-paulo-duarte-escolhe-sap-para-suportar-nova-fase-da-sua-transformacao-digital-com-ia\/#breadcrumb"},"inLanguage":"pt-PT","potentialAction":[{"@type":"ReadAction","target":["https:\/\/news.sap.com\/portugal\/2026\/04\/grupo-paulo-duarte-escolhe-sap-para-suportar-nova-fase-da-sua-transformacao-digital-com-ia\/"]}]},{"@type":"ImageObject","inLanguage":"pt-PT","@id":"https:\/\/news.sap.com\/portugal\/2026\/04\/grupo-paulo-duarte-escolhe-sap-para-suportar-nova-fase-da-sua-transformacao-digital-com-ia\/#primaryimage","url":"https:\/\/news.sap.com\/portugal\/files\/2026\/04\/07\/298454_GettyImages-1320093220_small_jpg.jpg","contentUrl":"https:\/\/news.sap.com\/portugal\/files\/2026\/04\/07\/298454_GettyImages-1320093220_small_jpg.jpg","width":724,"height":483,"caption":"Truck driving on asphalt road along the green fields in rural landscape. Road seen from the air. Aerial view landscape, shooting from a drone"},{"@type":"BreadcrumbList","@id":"https:\/\/news.sap.com\/portugal\/2026\/04\/grupo-paulo-duarte-escolhe-sap-para-suportar-nova-fase-da-sua-transformacao-digital-com-ia\/#breadcrumb","itemListElement":[{"@type":"ListItem","position":1,"name":"Home","item":"https:\/\/news.sap.com\/portugal\/"},{"@type":"ListItem","position":2,"name":"Grupo Paulo Duarte escolhe SAP para suportar nova fase da sua transforma\u00e7\u00e3o digital com IA"}]},{"@type":"WebSite","@id":"https:\/\/news.sap.com\/portugal\/#website","url":"https:\/\/news.sap.com\/portugal\/","name":"Sala de Imprensa da SAP Portugal","description":"Not\u00edcias sobre SAP Portugal","potentialAction":[{"@type":"SearchAction","target":{"@type":"EntryPoint","urlTemplate":"https:\/\/news.sap.com\/portugal\/?s={search_term_string}"},"query-input":{"@type":"PropertyValueSpecification","valueRequired":true,"valueName":"search_term_string"}}],"inLanguage":"pt-PT"},{"@type":"Person","@id":"https:\/\/news.sap.com\/portugal\/#\/schema\/person\/53b9854bd790d6f18f3fc4bbb2ad7570","name":"SAP News","image":{"@type":"ImageObject","inLanguage":"pt-PT","@id":"https:\/\/news.sap.com\/portugal\/wp-content\/plugins\/wp-user-avatars\/wp-user-avatars\/assets\/images\/mystery.jpg","url":"https:\/\/news.sap.com\/portugal\/wp-content\/plugins\/wp-user-avatars\/wp-user-avatars\/assets\/images\/mystery.jpg","contentUrl":"https:\/\/news.sap.com\/portugal\/wp-content\/plugins\/wp-user-avatars\/wp-user-avatars\/assets\/images\/mystery.jpg","caption":"SAP News"},"url":"https:\/\/news.sap.com\/portugal\/author\/colleenraftery\/"}]}},"amp_enabled":true,"_links":{"self":[{"href":"https:\/\/news.sap.com\/portugal\/wp-json\/wp\/v2\/posts\/3520","targetHints":{"allow":["GET"]}}],"collection":[{"href":"https:\/\/news.sap.com\/portugal\/wp-json\/wp\/v2\/posts"}],"about":[{"href":"https:\/\/news.sap.com\/portugal\/wp-json\/wp\/v2\/types\/post"}],"author":[{"embeddable":true,"href":"https:\/\/news.sap.com\/portugal\/wp-json\/wp\/v2\/users\/29"}],"replies":[{"embeddable":true,"href":"https:\/\/news.sap.com\/portugal\/wp-json\/wp\/v2\/comments?post=3520"}],"version-history":[{"count":0,"href":"https:\/\/news.sap.com\/portugal\/wp-json\/wp\/v2\/posts\/3520\/revisions"}],"wp:featuredmedia":[{"embeddable":true,"href":"https:\/\/news.sap.com\/portugal\/wp-json\/wp\/v2\/media\/3521"}],"wp:attachment":[{"href":"https:\/\/news.sap.com\/portugal\/wp-json\/wp\/v2\/media?parent=3520"}],"wp:term":[{"taxonomy":"category","embeddable":true,"href":"https:\/\/news.sap.com\/portugal\/wp-json\/wp\/v2\/categories?post=3520"},{"taxonomy":"post_tag","embeddable":true,"href":"https:\/\/news.sap.com\/portugal\/wp-json\/wp\/v2\/tags?post=3520"},{"taxonomy":"sapn-display","embeddable":true,"href":"https:\/\/news.sap.com\/portugal\/wp-json\/wp\/v2\/sapn-display?post=3520"},{"taxonomy":"sapn-type","embeddable":true,"href":"https:\/\/news.sap.com\/portugal\/wp-json\/wp\/v2\/sapn-type?post=3520"}],"curies":[{"name":"wp","href":"https:\/\/api.w.org\/{rel}","templated":true}]}}