{"id":1422,"date":"2020-07-30T11:24:33","date_gmt":"2020-07-30T11:24:33","guid":{"rendered":"https:\/\/news.sap.com\/romania\/?p=1422"},"modified":"2020-07-30T11:26:28","modified_gmt":"2020-07-30T11:26:28","slug":"sap-o-numeste-pe-josephin-galla-noul-managing-director-pentru-europa-de-sud-est","status":"publish","type":"post","link":"https:\/\/news.sap.com\/romania\/2020\/07\/sap-o-numeste-pe-josephin-galla-noul-managing-director-pentru-europa-de-sud-est\/","title":{"rendered":"SAP o nume\u0219te pe Josephin Galla noul Managing Director pentru  Europa de Sud-Est"},"content":{"rendered":"<p>\u00cencep\u00e2nd cu luna iulie 2020, SAP, lider global \u00een transformare digital\u0103, are un nou Managing Director pentru \u021b\u0103rile din Sud-Estul Europei \u2013 Josephin Galla \u2013 care se va reloca \u00een Bucure\u0219ti. \u00cempreuna cu echipa de management, Galla va implementa noua strategie regional\u0103 \u0219i va coordona activit\u0103\u021bile SAP din Rom\u00e2nia, Ucraina, Bulgaria, Slovenia, Croa\u021bia, Serbia, Albania, Bosnia-Her\u021begovina, Kosovo, Macedonia, Moldova \u0219i Muntenegru, \u021b\u0103ri care cumuleaz\u0103 un num\u0103r de 1935 de angaja\u021bi.<\/p>\n<p>Cu peste un deceniu de activitate \u00een domeniul tehnologiei, Josephin Galla are o \u00eendelungat\u0103 experien\u021b\u0103 \u00een industrii precum sectorul public, minerit, resurse naturale \u0219i energie. Anterior, Josephin Galla a fost Managing Director SAP Vietnam \u0219i membru al Senior Executive Team \u00een cadrul clusterului SAP din Asia de Sud-Est. De-a lungul timpului, ea \u0219i-a dedicat cariera dezvolt\u0103rii businessului SAP \u00een Europa, Asia \u0219i America de Nord, ocup\u00e2nd diverse roluri \u00een v\u00e2nz\u0103ri \u0219i management.<\/p>\n<blockquote><p>\u201eA\u0219tept cu ner\u0103bdare s\u0103 \u00eencep aceast\u0103 nou\u0103 provocare. Europa de Sud-Est este o regiune at\u00e2t de divers\u0103, care ofer\u0103 un poten\u021bial mare. \u00cen acest moment, lucr\u0103m \u00eendeaproape pentru a ne asigura c\u0103 avem aceea\u0219i viziune, misiune \u0219i strategie \u00een toate \u021b\u0103rile, prin care s\u0103 fim preg\u0103ti\u021bi pentru perioada post-Covid-19, precum \u0219i pentru urm\u0103torii cinci ani. Credem cu t\u0103rie c\u0103 strategia noastr\u0103 de business va fi determinat\u0103 de oamenii talenta\u021bi pe care \u00eei avem \u00een companie, precum \u0219i de modul \u00een care ne percepe pia\u021ba. Avem nevoie de o schimbare de paradigm\u0103 \u0219i de g\u00e2ndire pentru a pozi\u021biona regiunea noastr\u0103 ca urm\u0103toarea pia\u021b\u0103 din punct de vedere al dinamicii dup\u0103 Asia\u201d, a men\u021bionat Josephin Galla, SAP Managing Director pentru Europa de Sud-Est.<\/p><\/blockquote>\n<p>Josephin a condus, de asemenea, o echip\u0103 performant\u0103 de consultanti in tehnologie cu experienta in solutii digitale pentru sectorul public \u00een Asia de Sud-Est, ajut\u00e2nd guvernele \u0219i institu\u021biile publice \u00een transformarea digital\u0103 a proceselor. Din aceast\u0103 pozi\u021bie, ea a coordonat proiecte ale B\u0103ncii Mondiale \u0219i a dezvoltat rela\u021bii cu corpul diplomatic german \u0219i lideri guvernamentali, conect\u00e2nd industria IT cu guvernele \u0219i mediul academic din Asia de Sud-Est.<\/p>\n<p>N\u0103scut\u0103 \u00een Berlin, Germania, Josephin Galla a urmat cursurile Facult\u0103\u021bii de Economie Interna\u021bional\u0103 din cadrul International Business School din Berlin \u0219i este licen\u021biat\u0103 \u00een Administrarea Afacerilor, diplom\u0103 ob\u021binut\u0103 la Universitatea din Sunderland.<\/p>\n<blockquote><p>\u201eSunt \u00eencrez\u0103tor c\u0103 vasta experien\u021b\u0103 interna\u021bional\u0103 de care beneficiaz\u0103 Josephin, al\u0103turi de abilit\u0103\u021bile puternice de conducere \u0219i caracterul s\u0103u viguros, ne vor conduce spre un nou capitol \u00een dezvoltarea regional\u0103, o zon\u0103 cu poten\u021bial de cre\u0219tere pe termen lung\u201d, a ad\u0103ugat Tom Kindermans, Managing Director SAP Europa Central\u0103 \u0219i de Est.<\/p><\/blockquote>\n","protected":false},"excerpt":{"rendered":"<p>\u00cencep\u00e2nd cu luna iulie 2020, SAP, lider global \u00een transformare digital\u0103, are un nou Managing Director pentru \u021b\u0103rile din Sud-Estul Europei \u2013 Josephin Galla \u2013&#8230;<\/p>\n","protected":false},"author":29,"featured_media":0,"comment_status":"closed","ping_status":"closed","sticky":false,"template":"","format":"standard","meta":{"footnotes":"","_links_to":"","_links_to_target":""},"categories":[3796699,4526526,4527097,4527321,4529898,4530205],"tags":[10,5591524,47,4530737],"sapn-display":[4525653,4525932,4526292],"sapn-type":[4531591,4526784,4530398],"class_list":["post-1422","post","type-post","status-publish","format-standard","hentry","category-client","category-companie","category-ecosistem","category-evenimente","category-sectoare-industriale","category-solutii","tag-cloud","tag-newmanagingdirector","tag-sap","tag-tehnologie","sapn-display-homepage-hero","sapn-display-hero","sapn-display-top-stories","sapn-type-comunicat-de-presa","sapn-type-declaratie","sapn-type-stiri-pe-scurt"],"yoast_head":"<!-- This site is optimized with the Yoast SEO Premium plugin v26.9 (Yoast SEO v26.9) - https:\/\/yoast.com\/product\/yoast-seo-premium-wordpress\/ -->\n<title>SAP o nume\u0219te pe Josephin Galla noul Managing Director pentru Europa de Sud-Est - SAP Rom\u00e2nia Nout\u0103\u021bi<\/title>\n<meta name=\"robots\" content=\"index, follow, max-snippet:-1, max-image-preview:large, max-video-preview:-1\" \/>\n<link rel=\"canonical\" href=\"https:\/\/news.sap.com\/romania\/2020\/07\/sap-o-numeste-pe-josephin-galla-noul-managing-director-pentru-europa-de-sud-est\/\" \/>\n<meta property=\"og:locale\" content=\"ro_RO\" \/>\n<meta property=\"og:type\" content=\"article\" \/>\n<meta property=\"og:title\" content=\"SAP o nume\u0219te pe Josephin Galla noul Managing Director pentru Europa de Sud-Est\" \/>\n<meta property=\"og:description\" content=\"\u00cencep\u00e2nd cu luna iulie 2020, SAP, lider global \u00een transformare digital\u0103, are un nou Managing Director pentru \u021b\u0103rile din Sud-Estul Europei \u2013 Josephin Galla \u2013...\" \/>\n<meta property=\"og:url\" content=\"https:\/\/news.sap.com\/romania\/2020\/07\/sap-o-numeste-pe-josephin-galla-noul-managing-director-pentru-europa-de-sud-est\/\" \/>\n<meta property=\"og:site_name\" content=\"SAP Rom\u00e2nia Nout\u0103\u021bi\" \/>\n<meta property=\"article:published_time\" content=\"2020-07-30T11:24:33+00:00\" \/>\n<meta property=\"article:modified_time\" content=\"2020-07-30T11:26:28+00:00\" \/>\n<meta property=\"og:image\" content=\"https:\/\/news.sap.com\/romania\/files\/2019\/10\/275047_275047_l_srgb_s_gl_F.jpg\" \/>\n\t<meta property=\"og:image:width\" content=\"1920\" \/>\n\t<meta property=\"og:image:height\" content=\"600\" \/>\n\t<meta property=\"og:image:type\" content=\"image\/jpeg\" \/>\n<meta name=\"author\" content=\"SAP News\" \/>\n<meta name=\"twitter:card\" content=\"summary_large_image\" \/>\n<meta name=\"twitter:label1\" content=\"Scris de\" \/>\n\t<meta name=\"twitter:data1\" content=\"SAP News\" \/>\n\t<meta name=\"twitter:label2\" content=\"Timp estimat pentru citire\" \/>\n\t<meta name=\"twitter:data2\" content=\"2 minute\" \/>\n<script type=\"application\/ld+json\" class=\"yoast-schema-graph\">{\"@context\":\"https:\/\/schema.org\",\"@graph\":[{\"@type\":\"Article\",\"@id\":\"https:\/\/news.sap.com\/romania\/2020\/07\/sap-o-numeste-pe-josephin-galla-noul-managing-director-pentru-europa-de-sud-est\/#article\",\"isPartOf\":{\"@id\":\"https:\/\/news.sap.com\/romania\/2020\/07\/sap-o-numeste-pe-josephin-galla-noul-managing-director-pentru-europa-de-sud-est\/\"},\"author\":{\"name\":\"SAP News\",\"@id\":\"https:\/\/news.sap.com\/romania\/#\/schema\/person\/53b9854bd790d6f18f3fc4bbb2ad7570\"},\"headline\":\"SAP o nume\u0219te pe Josephin Galla noul Managing Director pentru Europa de Sud-Est\",\"datePublished\":\"2020-07-30T11:24:33+00:00\",\"dateModified\":\"2020-07-30T11:26:28+00:00\",\"mainEntityOfPage\":{\"@id\":\"https:\/\/news.sap.com\/romania\/2020\/07\/sap-o-numeste-pe-josephin-galla-noul-managing-director-pentru-europa-de-sud-est\/\"},\"wordCount\":470,\"keywords\":[\"Cloud\",\"newmanagingdirector\",\"SAP\",\"Tehnologie\"],\"articleSection\":[\"Client\",\"Companie\",\"Ecosistem\",\"Evenimente\",\"Sectoare industriale\",\"Solu\u0163ii\"],\"inLanguage\":\"ro-RO\"},{\"@type\":\"WebPage\",\"@id\":\"https:\/\/news.sap.com\/romania\/2020\/07\/sap-o-numeste-pe-josephin-galla-noul-managing-director-pentru-europa-de-sud-est\/\",\"url\":\"https:\/\/news.sap.com\/romania\/2020\/07\/sap-o-numeste-pe-josephin-galla-noul-managing-director-pentru-europa-de-sud-est\/\",\"name\":\"SAP o nume\u0219te pe Josephin Galla noul Managing Director pentru Europa de Sud-Est - SAP Rom\u00e2nia Nout\u0103\u021bi\",\"isPartOf\":{\"@id\":\"https:\/\/news.sap.com\/romania\/#website\"},\"datePublished\":\"2020-07-30T11:24:33+00:00\",\"dateModified\":\"2020-07-30T11:26:28+00:00\",\"author\":{\"@id\":\"https:\/\/news.sap.com\/romania\/#\/schema\/person\/53b9854bd790d6f18f3fc4bbb2ad7570\"},\"breadcrumb\":{\"@id\":\"https:\/\/news.sap.com\/romania\/2020\/07\/sap-o-numeste-pe-josephin-galla-noul-managing-director-pentru-europa-de-sud-est\/#breadcrumb\"},\"inLanguage\":\"ro-RO\",\"potentialAction\":[{\"@type\":\"ReadAction\",\"target\":[\"https:\/\/news.sap.com\/romania\/2020\/07\/sap-o-numeste-pe-josephin-galla-noul-managing-director-pentru-europa-de-sud-est\/\"]}]},{\"@type\":\"BreadcrumbList\",\"@id\":\"https:\/\/news.sap.com\/romania\/2020\/07\/sap-o-numeste-pe-josephin-galla-noul-managing-director-pentru-europa-de-sud-est\/#breadcrumb\",\"itemListElement\":[{\"@type\":\"ListItem\",\"position\":1,\"name\":\"Home\",\"item\":\"https:\/\/news.sap.com\/romania\/\"},{\"@type\":\"ListItem\",\"position\":2,\"name\":\"SAP o nume\u0219te pe Josephin Galla noul Managing Director pentru Europa de Sud-Est\"}]},{\"@type\":\"WebSite\",\"@id\":\"https:\/\/news.sap.com\/romania\/#website\",\"url\":\"https:\/\/news.sap.com\/romania\/\",\"name\":\"SAP Rom\u00e2nia Nout\u0103\u021bi\",\"description\":\"News about SAP Romania\",\"potentialAction\":[{\"@type\":\"SearchAction\",\"target\":{\"@type\":\"EntryPoint\",\"urlTemplate\":\"https:\/\/news.sap.com\/romania\/?s={search_term_string}\"},\"query-input\":{\"@type\":\"PropertyValueSpecification\",\"valueRequired\":true,\"valueName\":\"search_term_string\"}}],\"inLanguage\":\"ro-RO\"},{\"@type\":\"Person\",\"@id\":\"https:\/\/news.sap.com\/romania\/#\/schema\/person\/53b9854bd790d6f18f3fc4bbb2ad7570\",\"name\":\"SAP News\",\"image\":{\"@type\":\"ImageObject\",\"inLanguage\":\"ro-RO\",\"@id\":\"https:\/\/news.sap.com\/romania\/#\/schema\/person\/image\/\",\"url\":\"https:\/\/news.sap.com\/romania\/wp-content\/plugins\/wp-user-avatars\/wp-user-avatars\/assets\/images\/mystery.jpg\",\"contentUrl\":\"https:\/\/news.sap.com\/romania\/wp-content\/plugins\/wp-user-avatars\/wp-user-avatars\/assets\/images\/mystery.jpg\",\"caption\":\"SAP News\"},\"url\":\"https:\/\/news.sap.com\/romania\/author\/colleenraftery\/\"}]}<\/script>\n<!-- \/ Yoast SEO Premium plugin. -->","yoast_head_json":{"title":"SAP o nume\u0219te pe Josephin Galla noul Managing Director pentru Europa de Sud-Est - SAP Rom\u00e2nia Nout\u0103\u021bi","robots":{"index":"index","follow":"follow","max-snippet":"max-snippet:-1","max-image-preview":"max-image-preview:large","max-video-preview":"max-video-preview:-1"},"canonical":"https:\/\/news.sap.com\/romania\/2020\/07\/sap-o-numeste-pe-josephin-galla-noul-managing-director-pentru-europa-de-sud-est\/","og_locale":"ro_RO","og_type":"article","og_title":"SAP o nume\u0219te pe Josephin Galla noul Managing Director pentru Europa de Sud-Est","og_description":"\u00cencep\u00e2nd cu luna iulie 2020, SAP, lider global \u00een transformare digital\u0103, are un nou Managing Director pentru \u021b\u0103rile din Sud-Estul Europei \u2013 Josephin Galla \u2013...","og_url":"https:\/\/news.sap.com\/romania\/2020\/07\/sap-o-numeste-pe-josephin-galla-noul-managing-director-pentru-europa-de-sud-est\/","og_site_name":"SAP Rom\u00e2nia Nout\u0103\u021bi","article_published_time":"2020-07-30T11:24:33+00:00","article_modified_time":"2020-07-30T11:26:28+00:00","og_image":[{"width":1920,"height":600,"url":"https:\/\/news.sap.com\/romania\/files\/2019\/10\/275047_275047_l_srgb_s_gl_F.jpg","type":"image\/jpeg"}],"author":"SAP News","twitter_card":"summary_large_image","twitter_misc":{"Scris de":"SAP News","Timp estimat pentru citire":"2 minute"},"schema":{"@context":"https:\/\/schema.org","@graph":[{"@type":"Article","@id":"https:\/\/news.sap.com\/romania\/2020\/07\/sap-o-numeste-pe-josephin-galla-noul-managing-director-pentru-europa-de-sud-est\/#article","isPartOf":{"@id":"https:\/\/news.sap.com\/romania\/2020\/07\/sap-o-numeste-pe-josephin-galla-noul-managing-director-pentru-europa-de-sud-est\/"},"author":{"name":"SAP News","@id":"https:\/\/news.sap.com\/romania\/#\/schema\/person\/53b9854bd790d6f18f3fc4bbb2ad7570"},"headline":"SAP o nume\u0219te pe Josephin Galla noul Managing Director pentru Europa de Sud-Est","datePublished":"2020-07-30T11:24:33+00:00","dateModified":"2020-07-30T11:26:28+00:00","mainEntityOfPage":{"@id":"https:\/\/news.sap.com\/romania\/2020\/07\/sap-o-numeste-pe-josephin-galla-noul-managing-director-pentru-europa-de-sud-est\/"},"wordCount":470,"keywords":["Cloud","newmanagingdirector","SAP","Tehnologie"],"articleSection":["Client","Companie","Ecosistem","Evenimente","Sectoare industriale","Solu\u0163ii"],"inLanguage":"ro-RO"},{"@type":"WebPage","@id":"https:\/\/news.sap.com\/romania\/2020\/07\/sap-o-numeste-pe-josephin-galla-noul-managing-director-pentru-europa-de-sud-est\/","url":"https:\/\/news.sap.com\/romania\/2020\/07\/sap-o-numeste-pe-josephin-galla-noul-managing-director-pentru-europa-de-sud-est\/","name":"SAP o nume\u0219te pe Josephin Galla noul Managing Director pentru Europa de Sud-Est - SAP Rom\u00e2nia Nout\u0103\u021bi","isPartOf":{"@id":"https:\/\/news.sap.com\/romania\/#website"},"datePublished":"2020-07-30T11:24:33+00:00","dateModified":"2020-07-30T11:26:28+00:00","author":{"@id":"https:\/\/news.sap.com\/romania\/#\/schema\/person\/53b9854bd790d6f18f3fc4bbb2ad7570"},"breadcrumb":{"@id":"https:\/\/news.sap.com\/romania\/2020\/07\/sap-o-numeste-pe-josephin-galla-noul-managing-director-pentru-europa-de-sud-est\/#breadcrumb"},"inLanguage":"ro-RO","potentialAction":[{"@type":"ReadAction","target":["https:\/\/news.sap.com\/romania\/2020\/07\/sap-o-numeste-pe-josephin-galla-noul-managing-director-pentru-europa-de-sud-est\/"]}]},{"@type":"BreadcrumbList","@id":"https:\/\/news.sap.com\/romania\/2020\/07\/sap-o-numeste-pe-josephin-galla-noul-managing-director-pentru-europa-de-sud-est\/#breadcrumb","itemListElement":[{"@type":"ListItem","position":1,"name":"Home","item":"https:\/\/news.sap.com\/romania\/"},{"@type":"ListItem","position":2,"name":"SAP o nume\u0219te pe Josephin Galla noul Managing Director pentru Europa de Sud-Est"}]},{"@type":"WebSite","@id":"https:\/\/news.sap.com\/romania\/#website","url":"https:\/\/news.sap.com\/romania\/","name":"SAP Rom\u00e2nia Nout\u0103\u021bi","description":"News about SAP Romania","potentialAction":[{"@type":"SearchAction","target":{"@type":"EntryPoint","urlTemplate":"https:\/\/news.sap.com\/romania\/?s={search_term_string}"},"query-input":{"@type":"PropertyValueSpecification","valueRequired":true,"valueName":"search_term_string"}}],"inLanguage":"ro-RO"},{"@type":"Person","@id":"https:\/\/news.sap.com\/romania\/#\/schema\/person\/53b9854bd790d6f18f3fc4bbb2ad7570","name":"SAP News","image":{"@type":"ImageObject","inLanguage":"ro-RO","@id":"https:\/\/news.sap.com\/romania\/#\/schema\/person\/image\/","url":"https:\/\/news.sap.com\/romania\/wp-content\/plugins\/wp-user-avatars\/wp-user-avatars\/assets\/images\/mystery.jpg","contentUrl":"https:\/\/news.sap.com\/romania\/wp-content\/plugins\/wp-user-avatars\/wp-user-avatars\/assets\/images\/mystery.jpg","caption":"SAP News"},"url":"https:\/\/news.sap.com\/romania\/author\/colleenraftery\/"}]}},"amp_enabled":true,"_links":{"self":[{"href":"https:\/\/news.sap.com\/romania\/wp-json\/wp\/v2\/posts\/1422","targetHints":{"allow":["GET"]}}],"collection":[{"href":"https:\/\/news.sap.com\/romania\/wp-json\/wp\/v2\/posts"}],"about":[{"href":"https:\/\/news.sap.com\/romania\/wp-json\/wp\/v2\/types\/post"}],"author":[{"embeddable":true,"href":"https:\/\/news.sap.com\/romania\/wp-json\/wp\/v2\/users\/29"}],"replies":[{"embeddable":true,"href":"https:\/\/news.sap.com\/romania\/wp-json\/wp\/v2\/comments?post=1422"}],"version-history":[{"count":0,"href":"https:\/\/news.sap.com\/romania\/wp-json\/wp\/v2\/posts\/1422\/revisions"}],"wp:attachment":[{"href":"https:\/\/news.sap.com\/romania\/wp-json\/wp\/v2\/media?parent=1422"}],"wp:term":[{"taxonomy":"category","embeddable":true,"href":"https:\/\/news.sap.com\/romania\/wp-json\/wp\/v2\/categories?post=1422"},{"taxonomy":"post_tag","embeddable":true,"href":"https:\/\/news.sap.com\/romania\/wp-json\/wp\/v2\/tags?post=1422"},{"taxonomy":"sapn-display","embeddable":true,"href":"https:\/\/news.sap.com\/romania\/wp-json\/wp\/v2\/sapn-display?post=1422"},{"taxonomy":"sapn-type","embeddable":true,"href":"https:\/\/news.sap.com\/romania\/wp-json\/wp\/v2\/sapn-type?post=1422"}],"curies":[{"name":"wp","href":"https:\/\/api.w.org\/{rel}","templated":true}]}}