{"id":1881,"date":"2022-11-02T10:17:52","date_gmt":"2022-11-02T10:17:52","guid":{"rendered":"https:\/\/news.sap.com\/sk\/?p=1881"},"modified":"2024-08-19T20:22:58","modified_gmt":"2024-08-19T20:22:58","slug":"sap-oznamil-vysledky-za-q3-cloud-nadalej-rastie","status":"publish","type":"post","link":"https:\/\/news.sap.com\/sk\/2022\/11\/sap-oznamil-vysledky-za-q3-cloud-nadalej-rastie\/","title":{"rendered":"SAP ozn\u00e1mil v\u00fdsledky za Q3, cloud na\u010falej rastie"},"content":{"rendered":"<p class=\"lead\"><strong>Walldorf, Bratislava <\/strong>\u2013 Spolo\u010dnos\u0165 SAP SE, svetov\u00fd l\u00edder v oblasti podnikov\u00fdch informa\u010dn\u00fdch syst\u00e9mov, ozn\u00e1mila finan\u010dn\u00e9 v\u00fdsledky za tret\u00ed \u0161tvr\u0165rok 2023.<\/p>\n<ul>\n<li>tempo rastu cloudu na\u010falej zr\u00fdch\u013euje<\/li>\n<li>pr\u00edjmy z cloudu st\u00fapli o 38 % a o 25 % pri fixnom menovom kurze<\/li>\n<li>objem dohodnut\u00fdch objedn\u00e1vok cloudu nar\u00e1stol o 38 % a o 26 % pri fixnom menovom kurze<\/li>\n<li>objem dohodnut\u00fdch objedn\u00e1vok SAP S\/4HANA cloud sa zv\u00e4\u010d\u0161il o 108 % a o 90 % pri fixnom menovom kurze<\/li>\n<li>hrub\u00fd zisk z cloudu st\u00fapol o 44 % (IFRS), o 42 % (non-IFRS) a o 30 % pri fixnom menovom kurze<\/li>\n<li>prev\u00e1dzkov\u00fd zisk klesol o 1 % (IFRS), zostal na rovnakej \u00farovni (non-IFRS) a pri fixnom menovom kurze klesol o 8 %<\/li>\n<\/ul>\n<p><strong><u>V\u00fdznamn\u00e9 obchodn\u00e9 ukazovatele<\/u><\/strong><\/p>\n<p><u>Finan\u010dn\u00e9 ukazovatele za Q3 2022<\/u><\/p>\n<p>S\u00fa\u010dasn\u00fd objem dohodnut\u00fdch objedn\u00e1vok cloudu si na\u010falej dr\u017e\u00ed tempo rastu a moment\u00e1lne dosahuje 11,27 miliardy eur. Ide o n\u00e1rast o 38 % (o 26 % pri fixnom menovom kurze).<\/p>\n<p>Pr\u00edjmy z cloudu st\u00fapli o 38 % na 3,29 miliardy eur (o 25 % pri fixnom menovom kurze), \u010do je najm\u00e4 d\u00f4sledkom dvojcifern\u00e9ho rastu SaaS a PaaS portf\u00f3lia.<\/p>\n<p>Hrub\u00fd zisk z cloudu st\u00fapol o 44 % (IFRS), o 42 % (non-IFRS) a o 30 % (non-IFRS pri fixnom menovom kurze). Medziro\u010dne sa hrub\u00e1 mar\u017ea cloudu zv\u00fd\u0161ila o 2,8 percentu\u00e1lneho bodu na 69,8 % (IFRS) a o 2,3 percentu\u00e1lneho bodu na 71,7 % (non-IFRS). N\u00e1rast sa opiera najm\u00e4 o v\u00fdrazn\u00e9 zv\u00fd\u0161enie SaaS mar\u017ee, zlep\u0161en\u00e1 efektivita vykompenzovala aj n\u00e1rast invest\u00edci\u00ed do programu poskytovania cloudu bud\u00facej gener\u00e1cie.<\/p>\n<p>IFRS prev\u00e1dzkov\u00fd zisk klesol o\u00a01,0 % na 1,24 miliardy eur a IFRS prev\u00e1dzkov\u00e1 mar\u017ea klesla o 2,4 percentu\u00e1lneho bodu na 15,8 %. Non-IFRS prev\u00e1dzkov\u00fd zisk sa udr\u017eal na rovnakej \u00farovni 2,09 miliardy eur (klesol o 8 % pri fixnom menovom kurze). Non-IFRS prev\u00e1dzkov\u00e1 mar\u017ea klesla o 4,0 percentu\u00e1lneho bodu na 26,7 % (o 3,8 percentu\u00e1lneho bodu pri fixnom menovom kurze). Podobne ako v predch\u00e1dzaj\u00facich \u0161tvr\u0165rokoch, pr\u00ed\u010dinou je najm\u00e4 zn\u00ed\u017een\u00fd pr\u00edspevok pr\u00edjmov z predaja softv\u00e9rov\u00fdch licenci\u00ed, ako aj n\u00e1rast invest\u00edci\u00ed do v\u00fdskumu a v\u00fdvoja \u010di marketingu a obchodu na zachytenie s\u00fa\u010dasn\u00fdch a bud\u00facich pr\u00edle\u017eitost\u00ed na rast. IFRS a non-IFRS prev\u00e1dzkov\u00fd zisk v predch\u00e1dzaj\u00facom tre\u0165om \u0161tvr\u0165roku navy\u0161e zah\u0155\u0148al dispozi\u010dn\u00fd zisk 77 mili\u00f3nov eur spojen\u00fd so spusten\u00edm SAP Fioneer.<\/p>\n<p>Zisk na akciu (IFRS) klesol o 52 % na 0,57 eura a o 36 % na 1,12 eura (non-IFRS). Medziro\u010dn\u00fd pokles zisku na akciu vypl\u00fdva z v\u00fdrazne ni\u017e\u0161ieho pr\u00edspevku Sapphire Ventures k finan\u010dn\u00fdm pr\u00edjmom v porovnan\u00ed s rovnak\u00fdm obdob\u00edm minul\u00e9ho roka, \u010do je d\u00f4sledok situ\u00e1cie na trhoch. Efekt\u00edvna da\u0148ov\u00e1 sadzba bola 35,7 % (IFRS) a\u00a026,0 % (non-IFRS). Medziro\u010dn\u00fd n\u00e1rast vyplynul najm\u00e4 zo zmien v pr\u00edjmoch vy\u0148at\u00fdch z da\u0148ovej povinnosti t\u00fdkaj\u00facich sa Sapphire Ventures.<\/p>\n<p>Vo\u013en\u00fd cash flow za prv\u00fdch dev\u00e4\u0165 mesiacov klesol o 38 % na 2,54 miliardy eur. Pokles v porovnan\u00ed s minul\u00fdm rokom mo\u017eno prip\u00edsa\u0165 najm\u00e4 v\u00fdvoju ziskovosti a negat\u00edvnym dopadom na pracovn\u00fd kapit\u00e1l. Vo \u0161tvrtom \u0161tvr\u0165roku o\u010dak\u00e1vame priaznivej\u0161\u00ed v\u00fdvoj cash flow z d\u00f4vodu v\u00e4\u010d\u0161ieho zamerania na riadenie pracovn\u00e9ho kapit\u00e1lu a ni\u017e\u0161ie v\u00fddavky na hotovostn\u00e9 dane, kompenz\u00e1cie odv\u00edjaj\u00face sa od akci\u00ed a capex. Vzh\u013eadom na s\u00fa\u010dasn\u00fa poz\u00edciu v\u0161ak upravujeme v\u00fdh\u013ead vo\u013en\u00e9ho cash flow za tento rok na pribli\u017ene 4,5 miliardy eur (doteraz: \u201enad 4,5 miliardy eur\u201c).<\/p>\n<p>Spolo\u010dnos\u0165 SAP 21. j\u00fala ozn\u00e1mila svoj druh\u00fd program v\u00fdkupu akci\u00ed v roku 2022, ktor\u00fd ukon\u010dila 6. septembra. V r\u00e1mci programu vyk\u00fapila 5 715 512 akci\u00ed za priemern\u00fa cenu 87,50 eura v celkovej hodnote pribli\u017ene 500 mili\u00f3nov eur. Vyk\u00fapen\u00e9 akcie sa pou\u017eij\u00fa prim\u00e1rne na odmeny, ude\u013eovan\u00e9 v r\u00e1mci kompenza\u010dn\u00fdch pl\u00e1nov pre zamestnancov, ktor\u00e9 s\u00fa zalo\u017een\u00e9 na akci\u00e1ch.<\/p>\n<p><strong>O spolo\u010dnosti SAP<\/strong><\/p>\n<p>Strat\u00e9giou spolo\u010dnosti SAP je pom\u00f4c\u0165 firm\u00e1m sta\u0165 sa inteligentn\u00fdm podnikom. Ako l\u00edder na trhu s\u00a0podnikov\u00fdm aplika\u010dn\u00fdm softv\u00e9rom pom\u00e1ha firm\u00e1m v\u0161etk\u00fdch ve\u013ekost\u00ed a odvetv\u00ed zlep\u0161ova\u0165 ich fungovanie: a\u017e 77 % v\u0161etk\u00fdch pr\u00edjmov z transakci\u00ed na svete pr\u00edde do kontaktu so syst\u00e9mami SAP. Technol\u00f3gie strojov\u00e9ho u\u010denia, IoT a pokro\u010dilej analytiky pom\u00e1haj\u00fa SAP z\u00e1kazn\u00edkom zmeni\u0165 ich spolo\u010dnosti na inteligentn\u00e9 podniky. SAP rie\u0161enia poskytuj\u00fa \u013eu\u010fom a organiz\u00e1ci\u00e1m detailn\u00e9 inform\u00e1cie a\u00a0pom\u00e1haj\u00fa im tak zlep\u0161i\u0165 \u00farove\u0148 spolupr\u00e1ce, v\u010faka \u010domu s\u00fa v\u017edy o krok pred konkurenciou. Neust\u00e1le zjednodu\u0161ovanie sp\u00f4sobu pr\u00e1ce s\u00a0technol\u00f3giami vedie k\u00a0tomu, \u017ee firmy m\u00f4\u017eu vyu\u017e\u00edva\u0165 SAP softv\u00e9r presne tak\u00fdm sp\u00f4sobom, ktor\u00fd im vyhovuje. End-to-end bal\u00edk aplik\u00e1ci\u00ed a slu\u017eieb umo\u017e\u0148uje\u00a0z\u00e1kazn\u00edkom v\u00a0komer\u010dnom aj verejnom sektore naprie\u010d 25 odvetviami riadi\u0165 svoje organiz\u00e1cie rentabilne a plynule sa prisp\u00f4sobova\u0165 meniacim sa podmienkam. V\u010faka glob\u00e1lnej sieti z\u00e1kazn\u00edkov, partnerov, zamestnancov a\u00a0\u0161pi\u010dkov\u00fdch odborn\u00edkov, ktor\u00ed s\u00fa l\u00eddrami v\u00a0oblasti inov\u00e1ci\u00ed, pom\u00e1ha SAP zlep\u0161ova\u0165 fungovanie sveta a skvalit\u0148ova\u0165 \u017eivoty \u013eud\u00ed. Viac inform\u00e1ci\u00ed na <a href=\"http:\/\/www.sap.com\">www.sap.com<\/a><\/p>\n<p># # #<\/p>\n<p>V\u0161etky v\u00fdroky v\u00a0tomto dokumente nevyjadruj\u00fa historick\u00e9 skuto\u010dnosti a predstavuj\u00fa v\u00fdroky t\u00fdkaj\u00face sa bud\u00facnosti v\u00a0zmysle americk\u00e9ho Z\u00e1kona o reforme vedenia s\u00fadnych sporov t\u00fdkaj\u00facich sa cenn\u00fdch papierov z\u00a0roku 1995. V\u00fdrazy ako \u201epredpoklada\u0165\u201c, \u201edomnieva\u0165 sa\u201c, \u201eodhadova\u0165\u201c, \u201eo\u010dak\u00e1va\u0165\u201c, \u201epredpoveda\u0165\u201c, \u201ezam\u00fd\u0161\u013ea\u0165\u201c, \u201em\u00f4c\u0165\u201c, \u201epl\u00e1nova\u0165\u201c, \u201epredikova\u0165\u201c, \u201emal by\u201c a \u201ebude\u201c a podobn\u00e9 v\u00fdrazy vo vz\u0165ahu k\u00a0spolo\u010dnosti SAP ozna\u010duj\u00fa tak\u00e9to v\u00fdroky vz\u0165ahuj\u00face sa k\u00a0bud\u00facnosti. Spolo\u010dnos\u0165 SAP sa \u017eiadnym sp\u00f4sobom nezav\u00e4zuje v\u00fdroky t\u00fdkaj\u00face sa bud\u00facnosti verejne aktualizova\u0165 alebo revidova\u0165. V\u0161etky v\u00fdroky t\u00fdkaj\u00face sa bud\u00facnosti podliehaj\u00fa r\u00f4znym rizik\u00e1m a neistot\u00e1m, ktor\u00e9 m\u00f4\u017eu sp\u00f4sobi\u0165, \u017ee sa skuto\u010dn\u00e9 v\u00fdsledky bud\u00fa podstatne odli\u0161ova\u0165 od predpokladov. Faktory, ktor\u00e9 m\u00f4\u017eu ovplyvni\u0165 bud\u00face hospod\u00e1rske v\u00fdsledky spolo\u010dnosti SAP, s\u00fa podrobnej\u0161ie pop\u00edsan\u00e9 v\u00a0dokumentoch predlo\u017een\u00fdch americkej Komisii pre cenn\u00e9 papiere a burzu (SEC) vr\u00e1tane najnov\u0161ej v\u00fdro\u010dnej spr\u00e1vy na formul\u00e1ri 20-F. \u010citate\u013eom odpor\u00fa\u010dame, aby sa na tak\u00e9to v\u00fdroky t\u00fdkaj\u00face sa bud\u00facnosti nespoliehali. V\u00fdroky maj\u00fa v\u00fdpovedn\u00fa hodnotu len v\u00a0okamihu ich publikovania.<\/p>\n<p>\u00a9 2022 SAP SE. V\u0161etky pr\u00e1va vyhraden\u00e9.<\/p>\n<p>SAP a in\u00e9 produkty a slu\u017eby SAP spomenut\u00e9 v\u00a0tomto dokumente a ich log\u00e1 s\u00fa ochrann\u00fdmi zn\u00e1mkami alebo zap\u00edsan\u00fdmi ochrann\u00fdmi zn\u00e1mkami spolo\u010dnosti SAP SE v\u00a0Nemecku a \u010fal\u0161\u00edch krajin\u00e1ch. \u010eal\u0161ie inform\u00e1cie a upozornenie oh\u013eadne ochrann\u00fdch zn\u00e1mok n\u00e1jdete na adrese <a href=\"https:\/\/www.sap.com\/copyright\">https:\/\/www.sap.com\/copyright<\/a><u>.<\/u><\/p>\n<p><strong>Inform\u00e1cia pre editorov:<\/strong><\/p>\n<p>Z\u00e1bery v \u0161tandardnom vysielacom form\u00e1te a fotografie pre tla\u010d si m\u00f4\u017eete v digit\u00e1lnej podobe pozrie\u0165 a stiahnu\u0165 na www.sap.com\/photos. Na tejto platforme n\u00e1jdete materi\u00e1ly vo vysokom rozl\u00ed\u0161en\u00ed pre va\u0161e medi\u00e1lne kan\u00e1ly. Video pr\u00edbehy na r\u00f4zne t\u00e9my si m\u00f4\u017eete pozrie\u0165 na www.sap-tv.com. Z tejto str\u00e1nky m\u00f4\u017eete vklada\u0165 vide\u00e1 na vlastn\u00e9 webov\u00e9 str\u00e1nky, zdie\u013ea\u0165 ich prostredn\u00edctvom liniek cez e-mail a m\u00f4\u017eete sa tu prihl\u00e1si\u0165 aj na odber RSS zdroja SAP TV<\/p>\n<p><strong>Viac inform\u00e1ci\u00ed o\u00a0rie\u0161eniach a\u00a0slu\u017eb\u00e1ch SAP:<\/strong><\/p>\n<p>Infolinka: 0800 049\u00a0001 | www.sap.com\/sk<\/p>\n<p><strong>Kontakt pre m\u00e9di\u00e1:<\/strong><\/p>\n<p>Slavom\u00edr \u0160ikuda | slavo@mediamedia.sk | +421 908 454\u00a0043<\/p>\n<p>&nbsp;<\/p>\n<p>Prehl\u00e1senie spolo\u010dnosti SAP o ochrane osobn\u00fdch \u00fadajov n\u00e1jdete <a href=\"https:\/\/www.sap.com\/corporate\/en\/legal\/privacy.html\">TU<\/a>. Pokia\u013e u\u017e nechcete dost\u00e1va\u0165 materi\u00e1ly, dajte n\u00e1m pros\u00edm vedie\u0165 na kontakty uveden\u00e9 vy\u0161\u0161ie.<\/p>\n","protected":false},"excerpt":{"rendered":"<p>Walldorf, Bratislava \u2013 Spolo\u010dnos\u0165 SAP SE, svetov\u00fd l\u00edder v oblasti podnikov\u00fdch informa\u010dn\u00fdch syst\u00e9mov, ozn\u00e1mila finan\u010dn\u00e9 v\u00fdsledky za tret\u00ed \u0161tvr\u0165rok 2023. tempo rastu cloudu na\u010falej zr\u00fdch\u013euje&#8230;<\/p>\n","protected":false},"author":29,"featured_media":2397,"comment_status":"closed","ping_status":"closed","sticky":false,"template":"","format":"standard","meta":{"footnotes":"","_links_to":"","_links_to_target":""},"categories":[5593276],"tags":[5593274],"sapn-display":[4501682,4501959,4502270],"sapn-type":[4507125],"class_list":["post-1881","post","type-post","status-publish","format-standard","has-post-thumbnail","hentry","category-spolocnost","tag-financne-vysledky","sapn-display-homepage-hero","sapn-display-top-stories","sapn-display-hero","sapn-type-tlacova-sprava"],"yoast_head":"<!-- This site is optimized with the Yoast SEO Premium plugin v26.9 (Yoast SEO v26.9) - https:\/\/yoast.com\/product\/yoast-seo-premium-wordpress\/ -->\n<title>SAP ozn\u00e1mil v\u00fdsledky za Q3, cloud na\u010falej rastie -<\/title>\n<meta name=\"description\" content=\"SAP ozn\u00e1mil v\u00fdsledky za Q3, cloud na\u010falej rastie \u00b7 tempo rastu cloudu na\u010falej zr\u00fdch\u013euje \u00b7 pr\u00edjmy z cloudu st\u00fapli o 38 % a o 25 % pri fixnom ...\" \/>\n<meta name=\"robots\" content=\"index, follow, max-snippet:-1, max-image-preview:large, max-video-preview:-1\" \/>\n<link rel=\"canonical\" href=\"https:\/\/news.sap.com\/sk\/2022\/11\/sap-oznamil-vysledky-za-q3-cloud-nadalej-rastie\/\" \/>\n<meta property=\"og:locale\" content=\"sk_SK\" \/>\n<meta property=\"og:type\" content=\"article\" \/>\n<meta property=\"og:title\" content=\"SAP ozn\u00e1mil v\u00fdsledky za Q3, cloud na\u010falej rastie\" \/>\n<meta property=\"og:description\" content=\"SAP ozn\u00e1mil v\u00fdsledky za Q3, cloud na\u010falej rastie \u00b7 tempo rastu cloudu na\u010falej zr\u00fdch\u013euje \u00b7 pr\u00edjmy z cloudu st\u00fapli o 38 % a o 25 % pri fixnom ...\" \/>\n<meta property=\"og:url\" content=\"https:\/\/news.sap.com\/sk\/2022\/11\/sap-oznamil-vysledky-za-q3-cloud-nadalej-rastie\/\" \/>\n<meta property=\"og:site_name\" content=\"SAP Slovakia Press Room\" \/>\n<meta property=\"article:published_time\" content=\"2022-11-02T10:17:52+00:00\" \/>\n<meta property=\"article:modified_time\" content=\"2024-08-19T20:22:58+00:00\" \/>\n<meta property=\"og:image\" content=\"https:\/\/news.sap.com\/sk\/files\/2024\/08\/19\/292927_GettyImages-1322684759_medium_uncropped_F.jpg\" \/>\n\t<meta property=\"og:image:width\" content=\"1920\" \/>\n\t<meta property=\"og:image:height\" content=\"1280\" \/>\n\t<meta property=\"og:image:type\" content=\"image\/jpeg\" \/>\n<meta name=\"author\" content=\"SAP News\" \/>\n<meta name=\"twitter:card\" content=\"summary_large_image\" \/>\n<meta name=\"twitter:label1\" content=\"Autor\" \/>\n\t<meta name=\"twitter:data1\" content=\"SAP News\" \/>\n\t<meta name=\"twitter:label2\" content=\"Predpokladan\u00fd \u010das \u010d\u00edtania\" \/>\n\t<meta name=\"twitter:data2\" content=\"6 min\u00fat\" \/>\n<script type=\"application\/ld+json\" class=\"yoast-schema-graph\">{\"@context\":\"https:\/\/schema.org\",\"@graph\":[{\"@type\":\"Article\",\"@id\":\"https:\/\/news.sap.com\/sk\/2022\/11\/sap-oznamil-vysledky-za-q3-cloud-nadalej-rastie\/#article\",\"isPartOf\":{\"@id\":\"https:\/\/news.sap.com\/sk\/2022\/11\/sap-oznamil-vysledky-za-q3-cloud-nadalej-rastie\/\"},\"author\":{\"name\":\"SAP News\",\"@id\":\"https:\/\/news.sap.com\/sk\/#\/schema\/person\/53b9854bd790d6f18f3fc4bbb2ad7570\"},\"headline\":\"SAP ozn\u00e1mil v\u00fdsledky za Q3, cloud na\u010falej rastie\",\"datePublished\":\"2022-11-02T10:17:52+00:00\",\"dateModified\":\"2024-08-19T20:22:58+00:00\",\"mainEntityOfPage\":{\"@id\":\"https:\/\/news.sap.com\/sk\/2022\/11\/sap-oznamil-vysledky-za-q3-cloud-nadalej-rastie\/\"},\"wordCount\":1340,\"image\":{\"@id\":\"https:\/\/news.sap.com\/sk\/2022\/11\/sap-oznamil-vysledky-za-q3-cloud-nadalej-rastie\/#primaryimage\"},\"thumbnailUrl\":\"https:\/\/news.sap.com\/sk\/files\/2024\/08\/19\/292927_GettyImages-1322684759_medium_uncropped_F.jpg\",\"keywords\":[\"finan\u010dn\u00e9 v\u00fdsledky\"],\"articleSection\":[\"Spolo\u010dnos\u0165\"],\"inLanguage\":\"sk-SK\"},{\"@type\":\"WebPage\",\"@id\":\"https:\/\/news.sap.com\/sk\/2022\/11\/sap-oznamil-vysledky-za-q3-cloud-nadalej-rastie\/\",\"url\":\"https:\/\/news.sap.com\/sk\/2022\/11\/sap-oznamil-vysledky-za-q3-cloud-nadalej-rastie\/\",\"name\":\"SAP ozn\u00e1mil v\u00fdsledky za Q3, cloud na\u010falej rastie -\",\"isPartOf\":{\"@id\":\"https:\/\/news.sap.com\/sk\/#website\"},\"primaryImageOfPage\":{\"@id\":\"https:\/\/news.sap.com\/sk\/2022\/11\/sap-oznamil-vysledky-za-q3-cloud-nadalej-rastie\/#primaryimage\"},\"image\":{\"@id\":\"https:\/\/news.sap.com\/sk\/2022\/11\/sap-oznamil-vysledky-za-q3-cloud-nadalej-rastie\/#primaryimage\"},\"thumbnailUrl\":\"https:\/\/news.sap.com\/sk\/files\/2024\/08\/19\/292927_GettyImages-1322684759_medium_uncropped_F.jpg\",\"datePublished\":\"2022-11-02T10:17:52+00:00\",\"dateModified\":\"2024-08-19T20:22:58+00:00\",\"author\":{\"@id\":\"https:\/\/news.sap.com\/sk\/#\/schema\/person\/53b9854bd790d6f18f3fc4bbb2ad7570\"},\"description\":\"SAP ozn\u00e1mil v\u00fdsledky za Q3, cloud na\u010falej rastie \u00b7 tempo rastu cloudu na\u010falej zr\u00fdch\u013euje \u00b7 pr\u00edjmy z cloudu st\u00fapli o 38 % a o 25 % pri fixnom ...\",\"breadcrumb\":{\"@id\":\"https:\/\/news.sap.com\/sk\/2022\/11\/sap-oznamil-vysledky-za-q3-cloud-nadalej-rastie\/#breadcrumb\"},\"inLanguage\":\"sk-SK\",\"potentialAction\":[{\"@type\":\"ReadAction\",\"target\":[\"https:\/\/news.sap.com\/sk\/2022\/11\/sap-oznamil-vysledky-za-q3-cloud-nadalej-rastie\/\"]}]},{\"@type\":\"ImageObject\",\"inLanguage\":\"sk-SK\",\"@id\":\"https:\/\/news.sap.com\/sk\/2022\/11\/sap-oznamil-vysledky-za-q3-cloud-nadalej-rastie\/#primaryimage\",\"url\":\"https:\/\/news.sap.com\/sk\/files\/2024\/08\/19\/292927_GettyImages-1322684759_medium_uncropped_F.jpg\",\"contentUrl\":\"https:\/\/news.sap.com\/sk\/files\/2024\/08\/19\/292927_GettyImages-1322684759_medium_uncropped_F.jpg\",\"width\":1920,\"height\":1280,\"caption\":\"Smiling student sitting on stairs working on a laptop, preparing for exams outdoors\"},{\"@type\":\"BreadcrumbList\",\"@id\":\"https:\/\/news.sap.com\/sk\/2022\/11\/sap-oznamil-vysledky-za-q3-cloud-nadalej-rastie\/#breadcrumb\",\"itemListElement\":[{\"@type\":\"ListItem\",\"position\":1,\"name\":\"Home\",\"item\":\"https:\/\/news.sap.com\/sk\/\"},{\"@type\":\"ListItem\",\"position\":2,\"name\":\"SAP ozn\u00e1mil v\u00fdsledky za Q3, cloud na\u010falej rastie\"}]},{\"@type\":\"WebSite\",\"@id\":\"https:\/\/news.sap.com\/sk\/#website\",\"url\":\"https:\/\/news.sap.com\/sk\/\",\"name\":\"SAP Slovakia Press Room\",\"description\":\"News about Slovakia\",\"potentialAction\":[{\"@type\":\"SearchAction\",\"target\":{\"@type\":\"EntryPoint\",\"urlTemplate\":\"https:\/\/news.sap.com\/sk\/?s={search_term_string}\"},\"query-input\":{\"@type\":\"PropertyValueSpecification\",\"valueRequired\":true,\"valueName\":\"search_term_string\"}}],\"inLanguage\":\"sk-SK\"},{\"@type\":\"Person\",\"@id\":\"https:\/\/news.sap.com\/sk\/#\/schema\/person\/53b9854bd790d6f18f3fc4bbb2ad7570\",\"name\":\"SAP News\",\"image\":{\"@type\":\"ImageObject\",\"inLanguage\":\"sk-SK\",\"@id\":\"https:\/\/news.sap.com\/sk\/#\/schema\/person\/image\/\",\"url\":\"https:\/\/news.sap.com\/sk\/wp-content\/plugins\/wp-user-avatars\/wp-user-avatars\/assets\/images\/mystery.jpg\",\"contentUrl\":\"https:\/\/news.sap.com\/sk\/wp-content\/plugins\/wp-user-avatars\/wp-user-avatars\/assets\/images\/mystery.jpg\",\"caption\":\"SAP News\"},\"url\":\"https:\/\/news.sap.com\/sk\/author\/colleenraftery\/\"}]}<\/script>\n<!-- \/ Yoast SEO Premium plugin. -->","yoast_head_json":{"title":"SAP ozn\u00e1mil v\u00fdsledky za Q3, cloud na\u010falej rastie -","description":"SAP ozn\u00e1mil v\u00fdsledky za Q3, cloud na\u010falej rastie \u00b7 tempo rastu cloudu na\u010falej zr\u00fdch\u013euje \u00b7 pr\u00edjmy z cloudu st\u00fapli o 38 % a o 25 % pri fixnom ...","robots":{"index":"index","follow":"follow","max-snippet":"max-snippet:-1","max-image-preview":"max-image-preview:large","max-video-preview":"max-video-preview:-1"},"canonical":"https:\/\/news.sap.com\/sk\/2022\/11\/sap-oznamil-vysledky-za-q3-cloud-nadalej-rastie\/","og_locale":"sk_SK","og_type":"article","og_title":"SAP ozn\u00e1mil v\u00fdsledky za Q3, cloud na\u010falej rastie","og_description":"SAP ozn\u00e1mil v\u00fdsledky za Q3, cloud na\u010falej rastie \u00b7 tempo rastu cloudu na\u010falej zr\u00fdch\u013euje \u00b7 pr\u00edjmy z cloudu st\u00fapli o 38 % a o 25 % pri fixnom ...","og_url":"https:\/\/news.sap.com\/sk\/2022\/11\/sap-oznamil-vysledky-za-q3-cloud-nadalej-rastie\/","og_site_name":"SAP Slovakia Press Room","article_published_time":"2022-11-02T10:17:52+00:00","article_modified_time":"2024-08-19T20:22:58+00:00","og_image":[{"width":1920,"height":1280,"url":"https:\/\/news.sap.com\/sk\/files\/2024\/08\/19\/292927_GettyImages-1322684759_medium_uncropped_F.jpg","type":"image\/jpeg"}],"author":"SAP News","twitter_card":"summary_large_image","twitter_misc":{"Autor":"SAP News","Predpokladan\u00fd \u010das \u010d\u00edtania":"6 min\u00fat"},"schema":{"@context":"https:\/\/schema.org","@graph":[{"@type":"Article","@id":"https:\/\/news.sap.com\/sk\/2022\/11\/sap-oznamil-vysledky-za-q3-cloud-nadalej-rastie\/#article","isPartOf":{"@id":"https:\/\/news.sap.com\/sk\/2022\/11\/sap-oznamil-vysledky-za-q3-cloud-nadalej-rastie\/"},"author":{"name":"SAP News","@id":"https:\/\/news.sap.com\/sk\/#\/schema\/person\/53b9854bd790d6f18f3fc4bbb2ad7570"},"headline":"SAP ozn\u00e1mil v\u00fdsledky za Q3, cloud na\u010falej rastie","datePublished":"2022-11-02T10:17:52+00:00","dateModified":"2024-08-19T20:22:58+00:00","mainEntityOfPage":{"@id":"https:\/\/news.sap.com\/sk\/2022\/11\/sap-oznamil-vysledky-za-q3-cloud-nadalej-rastie\/"},"wordCount":1340,"image":{"@id":"https:\/\/news.sap.com\/sk\/2022\/11\/sap-oznamil-vysledky-za-q3-cloud-nadalej-rastie\/#primaryimage"},"thumbnailUrl":"https:\/\/news.sap.com\/sk\/files\/2024\/08\/19\/292927_GettyImages-1322684759_medium_uncropped_F.jpg","keywords":["finan\u010dn\u00e9 v\u00fdsledky"],"articleSection":["Spolo\u010dnos\u0165"],"inLanguage":"sk-SK"},{"@type":"WebPage","@id":"https:\/\/news.sap.com\/sk\/2022\/11\/sap-oznamil-vysledky-za-q3-cloud-nadalej-rastie\/","url":"https:\/\/news.sap.com\/sk\/2022\/11\/sap-oznamil-vysledky-za-q3-cloud-nadalej-rastie\/","name":"SAP ozn\u00e1mil v\u00fdsledky za Q3, cloud na\u010falej rastie -","isPartOf":{"@id":"https:\/\/news.sap.com\/sk\/#website"},"primaryImageOfPage":{"@id":"https:\/\/news.sap.com\/sk\/2022\/11\/sap-oznamil-vysledky-za-q3-cloud-nadalej-rastie\/#primaryimage"},"image":{"@id":"https:\/\/news.sap.com\/sk\/2022\/11\/sap-oznamil-vysledky-za-q3-cloud-nadalej-rastie\/#primaryimage"},"thumbnailUrl":"https:\/\/news.sap.com\/sk\/files\/2024\/08\/19\/292927_GettyImages-1322684759_medium_uncropped_F.jpg","datePublished":"2022-11-02T10:17:52+00:00","dateModified":"2024-08-19T20:22:58+00:00","author":{"@id":"https:\/\/news.sap.com\/sk\/#\/schema\/person\/53b9854bd790d6f18f3fc4bbb2ad7570"},"description":"SAP ozn\u00e1mil v\u00fdsledky za Q3, cloud na\u010falej rastie \u00b7 tempo rastu cloudu na\u010falej zr\u00fdch\u013euje \u00b7 pr\u00edjmy z cloudu st\u00fapli o 38 % a o 25 % pri fixnom ...","breadcrumb":{"@id":"https:\/\/news.sap.com\/sk\/2022\/11\/sap-oznamil-vysledky-za-q3-cloud-nadalej-rastie\/#breadcrumb"},"inLanguage":"sk-SK","potentialAction":[{"@type":"ReadAction","target":["https:\/\/news.sap.com\/sk\/2022\/11\/sap-oznamil-vysledky-za-q3-cloud-nadalej-rastie\/"]}]},{"@type":"ImageObject","inLanguage":"sk-SK","@id":"https:\/\/news.sap.com\/sk\/2022\/11\/sap-oznamil-vysledky-za-q3-cloud-nadalej-rastie\/#primaryimage","url":"https:\/\/news.sap.com\/sk\/files\/2024\/08\/19\/292927_GettyImages-1322684759_medium_uncropped_F.jpg","contentUrl":"https:\/\/news.sap.com\/sk\/files\/2024\/08\/19\/292927_GettyImages-1322684759_medium_uncropped_F.jpg","width":1920,"height":1280,"caption":"Smiling student sitting on stairs working on a laptop, preparing for exams outdoors"},{"@type":"BreadcrumbList","@id":"https:\/\/news.sap.com\/sk\/2022\/11\/sap-oznamil-vysledky-za-q3-cloud-nadalej-rastie\/#breadcrumb","itemListElement":[{"@type":"ListItem","position":1,"name":"Home","item":"https:\/\/news.sap.com\/sk\/"},{"@type":"ListItem","position":2,"name":"SAP ozn\u00e1mil v\u00fdsledky za Q3, cloud na\u010falej rastie"}]},{"@type":"WebSite","@id":"https:\/\/news.sap.com\/sk\/#website","url":"https:\/\/news.sap.com\/sk\/","name":"SAP Slovakia Press Room","description":"News about Slovakia","potentialAction":[{"@type":"SearchAction","target":{"@type":"EntryPoint","urlTemplate":"https:\/\/news.sap.com\/sk\/?s={search_term_string}"},"query-input":{"@type":"PropertyValueSpecification","valueRequired":true,"valueName":"search_term_string"}}],"inLanguage":"sk-SK"},{"@type":"Person","@id":"https:\/\/news.sap.com\/sk\/#\/schema\/person\/53b9854bd790d6f18f3fc4bbb2ad7570","name":"SAP News","image":{"@type":"ImageObject","inLanguage":"sk-SK","@id":"https:\/\/news.sap.com\/sk\/#\/schema\/person\/image\/","url":"https:\/\/news.sap.com\/sk\/wp-content\/plugins\/wp-user-avatars\/wp-user-avatars\/assets\/images\/mystery.jpg","contentUrl":"https:\/\/news.sap.com\/sk\/wp-content\/plugins\/wp-user-avatars\/wp-user-avatars\/assets\/images\/mystery.jpg","caption":"SAP News"},"url":"https:\/\/news.sap.com\/sk\/author\/colleenraftery\/"}]}},"amp_enabled":true,"_links":{"self":[{"href":"https:\/\/news.sap.com\/sk\/wp-json\/wp\/v2\/posts\/1881","targetHints":{"allow":["GET"]}}],"collection":[{"href":"https:\/\/news.sap.com\/sk\/wp-json\/wp\/v2\/posts"}],"about":[{"href":"https:\/\/news.sap.com\/sk\/wp-json\/wp\/v2\/types\/post"}],"author":[{"embeddable":true,"href":"https:\/\/news.sap.com\/sk\/wp-json\/wp\/v2\/users\/29"}],"replies":[{"embeddable":true,"href":"https:\/\/news.sap.com\/sk\/wp-json\/wp\/v2\/comments?post=1881"}],"version-history":[{"count":0,"href":"https:\/\/news.sap.com\/sk\/wp-json\/wp\/v2\/posts\/1881\/revisions"}],"wp:featuredmedia":[{"embeddable":true,"href":"https:\/\/news.sap.com\/sk\/wp-json\/wp\/v2\/media\/2397"}],"wp:attachment":[{"href":"https:\/\/news.sap.com\/sk\/wp-json\/wp\/v2\/media?parent=1881"}],"wp:term":[{"taxonomy":"category","embeddable":true,"href":"https:\/\/news.sap.com\/sk\/wp-json\/wp\/v2\/categories?post=1881"},{"taxonomy":"post_tag","embeddable":true,"href":"https:\/\/news.sap.com\/sk\/wp-json\/wp\/v2\/tags?post=1881"},{"taxonomy":"sapn-display","embeddable":true,"href":"https:\/\/news.sap.com\/sk\/wp-json\/wp\/v2\/sapn-display?post=1881"},{"taxonomy":"sapn-type","embeddable":true,"href":"https:\/\/news.sap.com\/sk\/wp-json\/wp\/v2\/sapn-type?post=1881"}],"curies":[{"name":"wp","href":"https:\/\/api.w.org\/{rel}","templated":true}]}}