{"id":5420,"date":"2022-10-04T07:07:12","date_gmt":"2022-10-04T07:07:12","guid":{"rendered":"https:\/\/news.sap.com\/spain\/?p=5420"},"modified":"2022-10-04T07:08:11","modified_gmt":"2022-10-04T07:08:11","slug":"google-cloud-y-sap-aceleran-la-migracion-a-la-nube-de-las-empresas-espanolas-gracias-a-rise-with-sap-en-la-region-de-datos-de-madrid","status":"publish","type":"post","link":"https:\/\/news.sap.com\/spain\/2022\/10\/google-cloud-y-sap-aceleran-la-migracion-a-la-nube-de-las-empresas-espanolas-gracias-a-rise-with-sap-en-la-region-de-datos-de-madrid\/","title":{"rendered":"Google Cloud y SAP aceleran la migraci\u00f3n a la nube de las empresas espa\u00f1olas gracias a \u2018RISE with SAP\u2019 en la regi\u00f3n de datos de Madrid"},"content":{"rendered":"<h3><em>Google Cloud se convierte en el primer hiperescalador que ofrecer\u00e1 \u2018RISE with SAP\u2019 con infraestructura local gracias a la regi\u00f3n de la nube de Google en Madrid<\/em><\/h3>\n<p><em>\u00a0<\/em><strong>Madrid<\/strong>&#8211; <a href=\"https:\/\/cloud.google.com\/?hl=es\">Google Cloud<\/a> y SAP han anunciado la disponibilidad del servicio de <a href=\"https:\/\/services.google.com\/fh\/files\/misc\/sap_rise_with_google_cloud_brief.pdf\">RISE with SAP<\/a> en la regi\u00f3n de Google Cloud en Madrid. Gracias a ello las empresas espa\u00f1olas e instituciones p\u00fablicas ya tienen la posibilidad de migrar las aplicaciones, plataformas, herramientas y servicios a este modelo junto con todas las posibilidades de innovaci\u00f3n que ofrece. A mediados de a\u00f1o, Google Cloud, se convirti\u00f3 en el primer hiperescalador o proveedor de nube en abrir una regi\u00f3n de datos en Espa\u00f1a, y ahora es el primero en traer la tecnolog\u00eda RISE de la mano de SAP en su regi\u00f3n.<\/p>\n<p>Gracias a la regi\u00f3n de Google Cloud en Madrid, los clientes de \u2018RISE with SAP\u2019 podr\u00e1n acelerar su trabajo y almacenar su informaci\u00f3n en su regi\u00f3n de datos en Espa\u00f1a. Esto permitir\u00e1 que aquellas compa\u00f1\u00edas que trabajen en sectores altamente regulados cumplan con las leyes de protecci\u00f3n de datos y los requisitos de gobierno digital, a la vez que se benefician de una menor latencia y se aseguran una red fiable de alto rendimiento y disponibilidad integrada.<\/p>\n<p>Mediante el despliegue de esta soluci\u00f3n, Google Cloud y SAP ayudar\u00e1n a las empresas a transformar digitalmente su negocio as\u00ed como a dar valor a sus sistemas y datos con Inteligencia Artificial, Machine Learning y an\u00e1lisis de datos, todo ello en la nube m\u00e1s limpia en la industria. Las empresas tambi\u00e9n recibir\u00e1n asesor\u00eda, servicios de migraci\u00f3n de cargas de trabajo y un apoyo t\u00e9cnico constante para reducir los riesgos y los costes.<\/p>\n<p>\u201cLa disponibilidad de \u2018RISE with SAP\u2019 en Madrid posiciona a Google Cloud como compa\u00f1\u00eda pionera en los servicios en la nube que se ofrecen en nuestro pa\u00eds\u201d, dice Isaac Hern\u00e1ndez, Country Manager de Google Cloud en Espa\u00f1a y Portugal. \u201cLas empresas que operan en Espa\u00f1a cuentan ahora con una soluci\u00f3n que les ayuda a seguir innovando, al trabajar con sus datos en una nube situada en Espa\u00f1a. Estamos entusiasmados de habernos asociado con SAP para traer su oferta a Espa\u00f1a, lo que derriba una nueva barrera hacia la adopci\u00f3n de la nube\u201d .<\/p>\n<p>\u00abEs una gran motivaci\u00f3n para los clientes de SAP en Espa\u00f1a, que ya est\u00e1n considerando migrar a \u2018RISE with SAP\u2019 y convertirla en la base de su transformaci\u00f3n digital para ser m\u00e1s resilientes, eficientes, m\u00e1s \u00e1giles y para ser capaces de innovar m\u00e1s r\u00e1pida y f\u00e1cilmente.\u00a0 La posibilidad de trabajar desde una regi\u00f3n situada en el pa\u00eds era algo que los clientes espa\u00f1oles con requerimientos especiales estaban reclamando hace tiempo. Google Cloud les ha escuchado y con su servicio ha hecho m\u00e1s fuerte nuestra alianza\u201d, afirma F\u00e9lix Monedero, director general de SAP en Espa\u00f1a.<\/p>\n<p><strong>Acerca de Google Cloud<br \/>\n<\/strong>Google Cloud acelera la capacidad de transformaci\u00f3n digital de las actividades de cualquier\u00a0organizaci\u00f3n. Ofrecemos soluciones de alcance empresarial que capitalizan la tecnolog\u00eda de\u00a0vanguardia de Google, todo ello en la nube m\u00e1s ecol\u00f3gica del sector. Google Cloud tiene\u00a0clientes en m\u00e1s de 200 pa\u00edses y territorios, que nos consideran un socio de confianza para\u00a0facilitar su crecimiento y encontrar soluciones a los problemas de negocio m\u00e1s cr\u00edticos.<\/p>\n<p><strong>Acerca de SAP<br \/>\n<\/strong>La estrategia de SAP es ayudar a cada negocio a funcionar como una empresa inteligente. Como l\u00edder del mercado de software de gesti\u00f3n empresarial, ayudamos a empresas de todos los tama\u00f1os y sectores a gestionar su negocio de la mejor manera posible. Nuestras tecnolog\u00edas de Machine Learning, Internet de las Cosas (IoT) y anal\u00edtica avanzada ayudan a convertir los negocios de los clientes en empresas inteligentes. SAP ayuda a proporcionar a las personas y a las organizaciones una visi\u00f3n en profundidad del negocio y fomenta la colaboraci\u00f3n que les ayuda a situarse por delante de su competencia. Simplificamos la tecnolog\u00eda para que las empresas puedan consumir nuestro software de la forma que deseen, sin interrupciones. Nuestro conjunto integral de aplicaciones y servicios permite a los clientes empresariales y p\u00fablicos de 25 sectores de todo el mundo operar de forma rentable, adaptarse continuamente y marcar la diferencia. Con una red global de clientes, partners, empleados y l\u00edderes de opini\u00f3n, SAP ayuda a que el mundo funcione mejor y a mejorar la vida de las personas.<\/p>\n<p><strong>Contacto Prensa<\/strong><\/p>\n<p><strong>Agencia Google Cloud: <\/strong>PRGarage:\u00a0google@prgarage.es | 91 453 13 96<\/p>\n<p><strong>SAP Espa\u00f1a, <\/strong>Bel\u00e9n Mart\u00ednez Mill\u00e1n (<a href=\"mailto:belen.martinez@sap.com\">belen.martinez@sap.com)\u00a0<\/a>Tel.: 91 456 72 20<\/p>\n<h5>Cualquier declaraci\u00f3n contenida en este documento que no sea un hecho hist\u00f3rico es una declaraci\u00f3n de futuro, tal y como se define en la Ley de Reforma de Litigios sobre Valores Privados de Estados Unidos de 1995. Palabras como \u00abanticipar\u00bb, \u00abcreer\u00bb, \u00abestimar\u00bb, \u00abesperar\u00bb, \u00abpronosticar\u00bb, \u00abpretender\u00bb, \u00abpuede\u00bb, \u00abplanear\u00bb, \u00abproyectar\u00bb, \u00abpredecir\u00bb, \u00abdeber\u00eda\u00bb y \u00abhar\u00e1\u00bb y expresiones similares en relaci\u00f3n con SAP pretenden identificar dichas declaraciones prospectivas. SAP no asume ninguna obligaci\u00f3n de actualizar o revisar p\u00fablicamente las declaraciones prospectivas. Todas las declaraciones prospectivas est\u00e1n sujetas a diversos riesgos e incertidumbres que podr\u00edan hacer que los resultados reales difieran materialmente de las expectativas. Los factores que podr\u00edan afectar a los futuros resultados financieros de SAP se analizan con m\u00e1s detalle en los documentos presentados por SAP ante la Comisi\u00f3n de Valores de EE.UU. (\u00abSEC\u00bb), incluido el m\u00e1s reciente Informe Anual de SAP en el Formulario 20-F presentado ante la SEC. Se advierte a los lectores que no deben confiar indebidamente en estas declaraciones prospectivas, que s\u00f3lo se refieren a sus fechas.<\/h5>\n<h5>2022 SAP SE. Todos los derechos reservados.<\/h5>\n<h5>SAP y otros productos y servicios de SAP mencionados en este documento, as\u00ed como sus respectivos logotipos, son marcas comerciales o marcas registradas de SAP SE en Alemania y otros pa\u00edses. Consulte <a href=\"https:\/\/www.sap.com\/copyright\">https:\/\/www.sap.com\/copyright<\/a> para obtener informaci\u00f3n y avisos adicionales sobre marcas comerciales.<strong>\u00a0<\/strong><\/h5>\n","protected":false},"excerpt":{"rendered":"<p>Google Cloud se convierte en el primer hiperescalador que ofrecer\u00e1 \u2018RISE with SAP\u2019 con infraestructura local gracias a la regi\u00f3n de la nube de Google&#8230;<\/p>\n","protected":false},"author":29,"featured_media":5422,"comment_status":"closed","ping_status":"closed","sticky":false,"template":"","format":"standard","meta":{"footnotes":"","_links_to":"","_links_to_target":""},"categories":[12870],"tags":[53011,3797243,53145],"sapn-display":[45149,60294],"sapn-type":[52105],"class_list":["post-5420","post","type-post","status-publish","format-standard","has-post-thumbnail","hentry","category-ecosistema","tag-digital-transformation","tag-intelligent-erp","tag-sap-s4hana","sapn-display-homepage-hero","sapn-display-topic-hero","sapn-type-comunicado-de-prensa"],"yoast_head":"<!-- This site is optimized with the Yoast SEO Premium plugin v26.9 (Yoast SEO v26.9) - https:\/\/yoast.com\/product\/yoast-seo-premium-wordpress\/ -->\n<title>Google Cloud y SAP aceleran la migraci\u00f3n a la nube de las empresas espa\u00f1olas gracias a \u2018RISE with SAP\u2019 en la regi\u00f3n de datos de Madrid - SAP Espa\u00f1a News Center<\/title>\n<meta name=\"robots\" content=\"index, follow, max-snippet:-1, max-image-preview:large, max-video-preview:-1\" \/>\n<link rel=\"canonical\" href=\"https:\/\/news.sap.com\/spain\/2022\/10\/google-cloud-y-sap-aceleran-la-migracion-a-la-nube-de-las-empresas-espanolas-gracias-a-rise-with-sap-en-la-region-de-datos-de-madrid\/\" \/>\n<meta property=\"og:locale\" content=\"es_ES\" \/>\n<meta property=\"og:type\" content=\"article\" \/>\n<meta property=\"og:title\" content=\"Google Cloud y SAP aceleran la migraci\u00f3n a la nube de las empresas espa\u00f1olas gracias a \u2018RISE with SAP\u2019 en la regi\u00f3n de datos de Madrid\" \/>\n<meta property=\"og:description\" content=\"Google Cloud se convierte en el primer hiperescalador que ofrecer\u00e1 \u2018RISE with SAP\u2019 con infraestructura local gracias a la regi\u00f3n de la nube de Google...\" \/>\n<meta property=\"og:url\" content=\"https:\/\/news.sap.com\/spain\/2022\/10\/google-cloud-y-sap-aceleran-la-migracion-a-la-nube-de-las-empresas-espanolas-gracias-a-rise-with-sap-en-la-region-de-datos-de-madrid\/\" \/>\n<meta property=\"og:site_name\" content=\"SAP Espa\u00f1a News Center\" \/>\n<meta property=\"article:published_time\" content=\"2022-10-04T07:07:12+00:00\" \/>\n<meta property=\"article:modified_time\" content=\"2022-10-04T07:08:11+00:00\" \/>\n<meta property=\"og:image\" content=\"https:\/\/news.sap.com\/spain\/files\/2022\/10\/03\/288476_GettyImages-1006829296_medium_jpg-e1664785405915.jpg\" \/>\n\t<meta property=\"og:image:width\" content=\"2194\" \/>\n\t<meta property=\"og:image:height\" content=\"1366\" \/>\n\t<meta property=\"og:image:type\" content=\"image\/jpeg\" \/>\n<meta name=\"author\" content=\"SAP News\" \/>\n<meta name=\"twitter:card\" content=\"summary_large_image\" \/>\n<meta name=\"twitter:label1\" content=\"Escrito por\" \/>\n\t<meta name=\"twitter:data1\" content=\"SAP News\" \/>\n\t<meta name=\"twitter:label2\" content=\"Tiempo de lectura\" \/>\n\t<meta name=\"twitter:data2\" content=\"5 minutos\" \/>\n<script type=\"application\/ld+json\" class=\"yoast-schema-graph\">{\"@context\":\"https:\/\/schema.org\",\"@graph\":[{\"@type\":\"Article\",\"@id\":\"https:\/\/news.sap.com\/spain\/2022\/10\/google-cloud-y-sap-aceleran-la-migracion-a-la-nube-de-las-empresas-espanolas-gracias-a-rise-with-sap-en-la-region-de-datos-de-madrid\/#article\",\"isPartOf\":{\"@id\":\"https:\/\/news.sap.com\/spain\/2022\/10\/google-cloud-y-sap-aceleran-la-migracion-a-la-nube-de-las-empresas-espanolas-gracias-a-rise-with-sap-en-la-region-de-datos-de-madrid\/\"},\"author\":{\"name\":\"SAP News\",\"@id\":\"https:\/\/news.sap.com\/spain\/#\/schema\/person\/53b9854bd790d6f18f3fc4bbb2ad7570\"},\"headline\":\"Google Cloud y SAP aceleran la migraci\u00f3n a la nube de las empresas espa\u00f1olas gracias a \u2018RISE with SAP\u2019 en la regi\u00f3n de datos de Madrid\",\"datePublished\":\"2022-10-04T07:07:12+00:00\",\"dateModified\":\"2022-10-04T07:08:11+00:00\",\"mainEntityOfPage\":{\"@id\":\"https:\/\/news.sap.com\/spain\/2022\/10\/google-cloud-y-sap-aceleran-la-migracion-a-la-nube-de-las-empresas-espanolas-gracias-a-rise-with-sap-en-la-region-de-datos-de-madrid\/\"},\"wordCount\":1065,\"image\":{\"@id\":\"https:\/\/news.sap.com\/spain\/2022\/10\/google-cloud-y-sap-aceleran-la-migracion-a-la-nube-de-las-empresas-espanolas-gracias-a-rise-with-sap-en-la-region-de-datos-de-madrid\/#primaryimage\"},\"thumbnailUrl\":\"https:\/\/news.sap.com\/spain\/files\/2022\/10\/03\/288476_GettyImages-1006829296_medium_jpg-e1664785405915.jpg\",\"keywords\":[\"Digital Transformation\",\"intelligent ERP\",\"SAP S\/4HANA\"],\"articleSection\":[\"Ecosistema\"],\"inLanguage\":\"es\"},{\"@type\":\"WebPage\",\"@id\":\"https:\/\/news.sap.com\/spain\/2022\/10\/google-cloud-y-sap-aceleran-la-migracion-a-la-nube-de-las-empresas-espanolas-gracias-a-rise-with-sap-en-la-region-de-datos-de-madrid\/\",\"url\":\"https:\/\/news.sap.com\/spain\/2022\/10\/google-cloud-y-sap-aceleran-la-migracion-a-la-nube-de-las-empresas-espanolas-gracias-a-rise-with-sap-en-la-region-de-datos-de-madrid\/\",\"name\":\"Google Cloud y SAP aceleran la migraci\u00f3n a la nube de las empresas espa\u00f1olas gracias a \u2018RISE with SAP\u2019 en la regi\u00f3n de datos de Madrid - SAP Espa\u00f1a News Center\",\"isPartOf\":{\"@id\":\"https:\/\/news.sap.com\/spain\/#website\"},\"primaryImageOfPage\":{\"@id\":\"https:\/\/news.sap.com\/spain\/2022\/10\/google-cloud-y-sap-aceleran-la-migracion-a-la-nube-de-las-empresas-espanolas-gracias-a-rise-with-sap-en-la-region-de-datos-de-madrid\/#primaryimage\"},\"image\":{\"@id\":\"https:\/\/news.sap.com\/spain\/2022\/10\/google-cloud-y-sap-aceleran-la-migracion-a-la-nube-de-las-empresas-espanolas-gracias-a-rise-with-sap-en-la-region-de-datos-de-madrid\/#primaryimage\"},\"thumbnailUrl\":\"https:\/\/news.sap.com\/spain\/files\/2022\/10\/03\/288476_GettyImages-1006829296_medium_jpg-e1664785405915.jpg\",\"datePublished\":\"2022-10-04T07:07:12+00:00\",\"dateModified\":\"2022-10-04T07:08:11+00:00\",\"author\":{\"@id\":\"https:\/\/news.sap.com\/spain\/#\/schema\/person\/53b9854bd790d6f18f3fc4bbb2ad7570\"},\"breadcrumb\":{\"@id\":\"https:\/\/news.sap.com\/spain\/2022\/10\/google-cloud-y-sap-aceleran-la-migracion-a-la-nube-de-las-empresas-espanolas-gracias-a-rise-with-sap-en-la-region-de-datos-de-madrid\/#breadcrumb\"},\"inLanguage\":\"es\",\"potentialAction\":[{\"@type\":\"ReadAction\",\"target\":[\"https:\/\/news.sap.com\/spain\/2022\/10\/google-cloud-y-sap-aceleran-la-migracion-a-la-nube-de-las-empresas-espanolas-gracias-a-rise-with-sap-en-la-region-de-datos-de-madrid\/\"]}]},{\"@type\":\"ImageObject\",\"inLanguage\":\"es\",\"@id\":\"https:\/\/news.sap.com\/spain\/2022\/10\/google-cloud-y-sap-aceleran-la-migracion-a-la-nube-de-las-empresas-espanolas-gracias-a-rise-with-sap-en-la-region-de-datos-de-madrid\/#primaryimage\",\"url\":\"https:\/\/news.sap.com\/spain\/files\/2022\/10\/03\/288476_GettyImages-1006829296_medium_jpg-e1664785405915.jpg\",\"contentUrl\":\"https:\/\/news.sap.com\/spain\/files\/2022\/10\/03\/288476_GettyImages-1006829296_medium_jpg-e1664785405915.jpg\",\"width\":2194,\"height\":1366,\"caption\":\"Helping hikers\"},{\"@type\":\"BreadcrumbList\",\"@id\":\"https:\/\/news.sap.com\/spain\/2022\/10\/google-cloud-y-sap-aceleran-la-migracion-a-la-nube-de-las-empresas-espanolas-gracias-a-rise-with-sap-en-la-region-de-datos-de-madrid\/#breadcrumb\",\"itemListElement\":[{\"@type\":\"ListItem\",\"position\":1,\"name\":\"Home\",\"item\":\"https:\/\/news.sap.com\/spain\/\"},{\"@type\":\"ListItem\",\"position\":2,\"name\":\"Google Cloud y SAP aceleran la migraci\u00f3n a la nube de las empresas espa\u00f1olas gracias a \u2018RISE with SAP\u2019 en la regi\u00f3n de datos de Madrid\"}]},{\"@type\":\"WebSite\",\"@id\":\"https:\/\/news.sap.com\/spain\/#website\",\"url\":\"https:\/\/news.sap.com\/spain\/\",\"name\":\"SAP Espa\u00f1a News Center\",\"description\":\"Noticias e informaci\u00f3n sobre SAP\",\"potentialAction\":[{\"@type\":\"SearchAction\",\"target\":{\"@type\":\"EntryPoint\",\"urlTemplate\":\"https:\/\/news.sap.com\/spain\/?s={search_term_string}\"},\"query-input\":{\"@type\":\"PropertyValueSpecification\",\"valueRequired\":true,\"valueName\":\"search_term_string\"}}],\"inLanguage\":\"es\"},{\"@type\":\"Person\",\"@id\":\"https:\/\/news.sap.com\/spain\/#\/schema\/person\/53b9854bd790d6f18f3fc4bbb2ad7570\",\"name\":\"SAP News\",\"image\":{\"@type\":\"ImageObject\",\"inLanguage\":\"es\",\"@id\":\"https:\/\/news.sap.com\/spain\/#\/schema\/person\/image\/\",\"url\":\"https:\/\/news.sap.com\/spain\/wp-content\/plugins\/wp-user-avatars\/wp-user-avatars\/assets\/images\/mystery.jpg\",\"contentUrl\":\"https:\/\/news.sap.com\/spain\/wp-content\/plugins\/wp-user-avatars\/wp-user-avatars\/assets\/images\/mystery.jpg\",\"caption\":\"SAP News\"},\"url\":\"https:\/\/news.sap.com\/spain\/author\/colleenraftery\/\"}]}<\/script>\n<!-- \/ Yoast SEO Premium plugin. -->","yoast_head_json":{"title":"Google Cloud y SAP aceleran la migraci\u00f3n a la nube de las empresas espa\u00f1olas gracias a \u2018RISE with SAP\u2019 en la regi\u00f3n de datos de Madrid - SAP Espa\u00f1a News Center","robots":{"index":"index","follow":"follow","max-snippet":"max-snippet:-1","max-image-preview":"max-image-preview:large","max-video-preview":"max-video-preview:-1"},"canonical":"https:\/\/news.sap.com\/spain\/2022\/10\/google-cloud-y-sap-aceleran-la-migracion-a-la-nube-de-las-empresas-espanolas-gracias-a-rise-with-sap-en-la-region-de-datos-de-madrid\/","og_locale":"es_ES","og_type":"article","og_title":"Google Cloud y SAP aceleran la migraci\u00f3n a la nube de las empresas espa\u00f1olas gracias a \u2018RISE with SAP\u2019 en la regi\u00f3n de datos de Madrid","og_description":"Google Cloud se convierte en el primer hiperescalador que ofrecer\u00e1 \u2018RISE with SAP\u2019 con infraestructura local gracias a la regi\u00f3n de la nube de Google...","og_url":"https:\/\/news.sap.com\/spain\/2022\/10\/google-cloud-y-sap-aceleran-la-migracion-a-la-nube-de-las-empresas-espanolas-gracias-a-rise-with-sap-en-la-region-de-datos-de-madrid\/","og_site_name":"SAP Espa\u00f1a News Center","article_published_time":"2022-10-04T07:07:12+00:00","article_modified_time":"2022-10-04T07:08:11+00:00","og_image":[{"width":2194,"height":1366,"url":"https:\/\/news.sap.com\/spain\/files\/2022\/10\/03\/288476_GettyImages-1006829296_medium_jpg-e1664785405915.jpg","type":"image\/jpeg"}],"author":"SAP News","twitter_card":"summary_large_image","twitter_misc":{"Escrito por":"SAP News","Tiempo de lectura":"5 minutos"},"schema":{"@context":"https:\/\/schema.org","@graph":[{"@type":"Article","@id":"https:\/\/news.sap.com\/spain\/2022\/10\/google-cloud-y-sap-aceleran-la-migracion-a-la-nube-de-las-empresas-espanolas-gracias-a-rise-with-sap-en-la-region-de-datos-de-madrid\/#article","isPartOf":{"@id":"https:\/\/news.sap.com\/spain\/2022\/10\/google-cloud-y-sap-aceleran-la-migracion-a-la-nube-de-las-empresas-espanolas-gracias-a-rise-with-sap-en-la-region-de-datos-de-madrid\/"},"author":{"name":"SAP News","@id":"https:\/\/news.sap.com\/spain\/#\/schema\/person\/53b9854bd790d6f18f3fc4bbb2ad7570"},"headline":"Google Cloud y SAP aceleran la migraci\u00f3n a la nube de las empresas espa\u00f1olas gracias a \u2018RISE with SAP\u2019 en la regi\u00f3n de datos de Madrid","datePublished":"2022-10-04T07:07:12+00:00","dateModified":"2022-10-04T07:08:11+00:00","mainEntityOfPage":{"@id":"https:\/\/news.sap.com\/spain\/2022\/10\/google-cloud-y-sap-aceleran-la-migracion-a-la-nube-de-las-empresas-espanolas-gracias-a-rise-with-sap-en-la-region-de-datos-de-madrid\/"},"wordCount":1065,"image":{"@id":"https:\/\/news.sap.com\/spain\/2022\/10\/google-cloud-y-sap-aceleran-la-migracion-a-la-nube-de-las-empresas-espanolas-gracias-a-rise-with-sap-en-la-region-de-datos-de-madrid\/#primaryimage"},"thumbnailUrl":"https:\/\/news.sap.com\/spain\/files\/2022\/10\/03\/288476_GettyImages-1006829296_medium_jpg-e1664785405915.jpg","keywords":["Digital Transformation","intelligent ERP","SAP S\/4HANA"],"articleSection":["Ecosistema"],"inLanguage":"es"},{"@type":"WebPage","@id":"https:\/\/news.sap.com\/spain\/2022\/10\/google-cloud-y-sap-aceleran-la-migracion-a-la-nube-de-las-empresas-espanolas-gracias-a-rise-with-sap-en-la-region-de-datos-de-madrid\/","url":"https:\/\/news.sap.com\/spain\/2022\/10\/google-cloud-y-sap-aceleran-la-migracion-a-la-nube-de-las-empresas-espanolas-gracias-a-rise-with-sap-en-la-region-de-datos-de-madrid\/","name":"Google Cloud y SAP aceleran la migraci\u00f3n a la nube de las empresas espa\u00f1olas gracias a \u2018RISE with SAP\u2019 en la regi\u00f3n de datos de Madrid - SAP Espa\u00f1a News Center","isPartOf":{"@id":"https:\/\/news.sap.com\/spain\/#website"},"primaryImageOfPage":{"@id":"https:\/\/news.sap.com\/spain\/2022\/10\/google-cloud-y-sap-aceleran-la-migracion-a-la-nube-de-las-empresas-espanolas-gracias-a-rise-with-sap-en-la-region-de-datos-de-madrid\/#primaryimage"},"image":{"@id":"https:\/\/news.sap.com\/spain\/2022\/10\/google-cloud-y-sap-aceleran-la-migracion-a-la-nube-de-las-empresas-espanolas-gracias-a-rise-with-sap-en-la-region-de-datos-de-madrid\/#primaryimage"},"thumbnailUrl":"https:\/\/news.sap.com\/spain\/files\/2022\/10\/03\/288476_GettyImages-1006829296_medium_jpg-e1664785405915.jpg","datePublished":"2022-10-04T07:07:12+00:00","dateModified":"2022-10-04T07:08:11+00:00","author":{"@id":"https:\/\/news.sap.com\/spain\/#\/schema\/person\/53b9854bd790d6f18f3fc4bbb2ad7570"},"breadcrumb":{"@id":"https:\/\/news.sap.com\/spain\/2022\/10\/google-cloud-y-sap-aceleran-la-migracion-a-la-nube-de-las-empresas-espanolas-gracias-a-rise-with-sap-en-la-region-de-datos-de-madrid\/#breadcrumb"},"inLanguage":"es","potentialAction":[{"@type":"ReadAction","target":["https:\/\/news.sap.com\/spain\/2022\/10\/google-cloud-y-sap-aceleran-la-migracion-a-la-nube-de-las-empresas-espanolas-gracias-a-rise-with-sap-en-la-region-de-datos-de-madrid\/"]}]},{"@type":"ImageObject","inLanguage":"es","@id":"https:\/\/news.sap.com\/spain\/2022\/10\/google-cloud-y-sap-aceleran-la-migracion-a-la-nube-de-las-empresas-espanolas-gracias-a-rise-with-sap-en-la-region-de-datos-de-madrid\/#primaryimage","url":"https:\/\/news.sap.com\/spain\/files\/2022\/10\/03\/288476_GettyImages-1006829296_medium_jpg-e1664785405915.jpg","contentUrl":"https:\/\/news.sap.com\/spain\/files\/2022\/10\/03\/288476_GettyImages-1006829296_medium_jpg-e1664785405915.jpg","width":2194,"height":1366,"caption":"Helping hikers"},{"@type":"BreadcrumbList","@id":"https:\/\/news.sap.com\/spain\/2022\/10\/google-cloud-y-sap-aceleran-la-migracion-a-la-nube-de-las-empresas-espanolas-gracias-a-rise-with-sap-en-la-region-de-datos-de-madrid\/#breadcrumb","itemListElement":[{"@type":"ListItem","position":1,"name":"Home","item":"https:\/\/news.sap.com\/spain\/"},{"@type":"ListItem","position":2,"name":"Google Cloud y SAP aceleran la migraci\u00f3n a la nube de las empresas espa\u00f1olas gracias a \u2018RISE with SAP\u2019 en la regi\u00f3n de datos de Madrid"}]},{"@type":"WebSite","@id":"https:\/\/news.sap.com\/spain\/#website","url":"https:\/\/news.sap.com\/spain\/","name":"SAP Espa\u00f1a News Center","description":"Noticias e informaci\u00f3n sobre SAP","potentialAction":[{"@type":"SearchAction","target":{"@type":"EntryPoint","urlTemplate":"https:\/\/news.sap.com\/spain\/?s={search_term_string}"},"query-input":{"@type":"PropertyValueSpecification","valueRequired":true,"valueName":"search_term_string"}}],"inLanguage":"es"},{"@type":"Person","@id":"https:\/\/news.sap.com\/spain\/#\/schema\/person\/53b9854bd790d6f18f3fc4bbb2ad7570","name":"SAP News","image":{"@type":"ImageObject","inLanguage":"es","@id":"https:\/\/news.sap.com\/spain\/#\/schema\/person\/image\/","url":"https:\/\/news.sap.com\/spain\/wp-content\/plugins\/wp-user-avatars\/wp-user-avatars\/assets\/images\/mystery.jpg","contentUrl":"https:\/\/news.sap.com\/spain\/wp-content\/plugins\/wp-user-avatars\/wp-user-avatars\/assets\/images\/mystery.jpg","caption":"SAP News"},"url":"https:\/\/news.sap.com\/spain\/author\/colleenraftery\/"}]}},"amp_enabled":true,"_links":{"self":[{"href":"https:\/\/news.sap.com\/spain\/wp-json\/wp\/v2\/posts\/5420","targetHints":{"allow":["GET"]}}],"collection":[{"href":"https:\/\/news.sap.com\/spain\/wp-json\/wp\/v2\/posts"}],"about":[{"href":"https:\/\/news.sap.com\/spain\/wp-json\/wp\/v2\/types\/post"}],"author":[{"embeddable":true,"href":"https:\/\/news.sap.com\/spain\/wp-json\/wp\/v2\/users\/29"}],"replies":[{"embeddable":true,"href":"https:\/\/news.sap.com\/spain\/wp-json\/wp\/v2\/comments?post=5420"}],"version-history":[{"count":0,"href":"https:\/\/news.sap.com\/spain\/wp-json\/wp\/v2\/posts\/5420\/revisions"}],"wp:featuredmedia":[{"embeddable":true,"href":"https:\/\/news.sap.com\/spain\/wp-json\/wp\/v2\/media\/5422"}],"wp:attachment":[{"href":"https:\/\/news.sap.com\/spain\/wp-json\/wp\/v2\/media?parent=5420"}],"wp:term":[{"taxonomy":"category","embeddable":true,"href":"https:\/\/news.sap.com\/spain\/wp-json\/wp\/v2\/categories?post=5420"},{"taxonomy":"post_tag","embeddable":true,"href":"https:\/\/news.sap.com\/spain\/wp-json\/wp\/v2\/tags?post=5420"},{"taxonomy":"sapn-display","embeddable":true,"href":"https:\/\/news.sap.com\/spain\/wp-json\/wp\/v2\/sapn-display?post=5420"},{"taxonomy":"sapn-type","embeddable":true,"href":"https:\/\/news.sap.com\/spain\/wp-json\/wp\/v2\/sapn-type?post=5420"}],"curies":[{"name":"wp","href":"https:\/\/api.w.org\/{rel}","templated":true}]}}