{"id":7701,"date":"2025-09-23T07:55:20","date_gmt":"2025-09-23T07:55:20","guid":{"rendered":"https:\/\/news.sap.com\/spain\/?p=7701"},"modified":"2025-09-23T09:20:20","modified_gmt":"2025-09-23T09:20:20","slug":"entelgy-impulsa-su-transformacion-de-negocio-con-las-soluciones-cloud-de-sap","status":"publish","type":"post","link":"https:\/\/news.sap.com\/spain\/2025\/09\/entelgy-impulsa-su-transformacion-de-negocio-con-las-soluciones-cloud-de-sap\/","title":{"rendered":"Entelgy impulsa su transformaci\u00f3n de negocio con las soluciones cloud de SAP"},"content":{"rendered":"<h2>Madrid- Como parte de su plan de transformaci\u00f3n de negocio global iniciado en 2024, <a href=\"http:\/\/www.entelgy.com\">Entelgy, The Business Tech Consultancy<\/a>, ha culminado su migraci\u00f3n de sistemas econ\u00f3mico-financiero, proyectos, gesti\u00f3n laboral y n\u00f3minas a SAP Cloud ERP en Espa\u00f1a, marcando un nuevo hito en su evoluci\u00f3n estrat\u00e9gica.<\/h2>\n<p>El crecimiento internacional de la compa\u00f1\u00eda ha generado la necesidad de unificar operaciones y procesos a nivel corporativo, superando la situaci\u00f3n de sistemas locales y procesos particulares en cada pa\u00eds. En este contexto, la implementaci\u00f3n de SAP Cloud ERP sustituye un sistema de gesti\u00f3n anterior que operaba \u00fanicamente en Espa\u00f1a, dando paso a una nueva instancia en la nube de SAP, con un enfoque en minimizar las personalizaciones y adherirse a los est\u00e1ndares.<\/p>\n<p>Esta soluci\u00f3n cubre las \u00e1reas de finanzas, compras, proyectos y laboral, incluyendo la gesti\u00f3n de empleados (SAP SuccessFactors) y n\u00f3minas para sus 2.000 profesionales, lo que proporciona una visi\u00f3n centralizada y corporativa.<\/p>\n<p>Tras el \u00e9xito de la implementaci\u00f3n en Espa\u00f1a se ha iniciado el despliegue internacional en Argentina, Brasil, Chile, Colombia y Per\u00fa. La apuesta por este modelo cloud ha sido clave para superar las limitaciones de los proyectos on-premise, ofreciendo ventajas como escalabilidad y flexibilidad, reducci\u00f3n de costes, accesibilidad para el trabajo remoto, actualizaciones autom\u00e1ticas, seguridad avanzada e innovaci\u00f3n continua con acceso a tecnolog\u00edas como an\u00e1lisis avanzados e inteligencia artificial.<\/p>\n<p>\u201cEste proyecto es fundamental en el plan de transformaci\u00f3n de negocio a tres a\u00f1os de Entelgy, buscando la optimizaci\u00f3n de procesos, mejora en la toma de decisiones, aumento de productividad, reducci\u00f3n de costes y adaptaci\u00f3n normativa, entre otros\u201d, se\u00f1ala Jos\u00e9 Antonio Rocha, managing director de Entelgy. Y a\u00f1ade: \u201ctras m\u00e1s de 20 a\u00f1os de experiencia implementando y dando soporte a soluciones SAP en grandes organizaciones, apostamos por SAP Business Technology Platform (SAP BTP) como eje estrat\u00e9gico, centr\u00e1ndonos en el dise\u00f1o y construcci\u00f3n de soluciones para extender capacidades core, automatizar flujos, integrar entornos y activar la innovaci\u00f3n continua en el cliente\u201d.<\/p>\n<p>\u201cCada vez son m\u00e1s las compa\u00f1\u00edas que tienen claro que el futuro de los negocios pasa ineludiblemente por la nube. En este contexto, las capacidades de inteligencia artificial que proporciona SAP Cloud ERP permiten a las organizaciones optimizar sus procesos, al incrementar la eficiencia operativa y mejorar la productividad de los usuarios gracias a una experiencia m\u00e1s intuitiva. En SAP estamos orgullosos de acompa\u00f1ar a Entelgy en este viaje y ayudar a construir una base s\u00f3lida para prosperar en el din\u00e1mico entorno empresarial\u201d, ha declarado Jos\u00e9 Vall\u00e9s, director general de SAP Espa\u00f1a.<\/p>\n<p>Visita <a href=\"https:\/\/news.sap.com\/\">SAP News Center<\/a>. Recibe las noticias de SAP a trav\u00e9s de <a href=\"https:\/\/www.linkedin.com\/showcase\/sap-news\">LinkedIn<\/a> y <a href=\"https:\/\/bsky.app\/profile\/sap.com\">Bluesky<\/a>.<\/p>\n<p>Contacto Prensa:\u00a0Bel\u00e9n Mart\u00ednez Mill\u00e1n (<a href=\"mailto:belen.martinez@sap.com\">belen.martinez@sap.com)\u00a0<\/a>Tel.: 91 456 72 00<\/p>\n<h5>Este documento contiene declaraciones prospectivas, que son predicciones, proyecciones u otras declaraciones sobre acontecimientos futuros. Estas afirmaciones se basan en expectativas, previsiones y suposiciones actuales que est\u00e1n sujetas a riesgos e incertidumbres que podr\u00edan hacer que los resultados reales difirieran materialmente. Puede encontrar informaci\u00f3n adicional sobre estos riesgos e incertidumbres en nuestros documentos presentados ante la Securities and Exchange Commission, incluida, entre otras, la secci\u00f3n de factores de riesgo del Informe Anual 2023 de SAP en el Formulario 20-F.<br \/>\n\u00a9 2025 SAP SE. Todos los derechos reservados.<br \/>\nSAP y otros productos y servicios de SAP mencionados en este documento, as\u00ed como sus respectivos logotipos, son marcas comerciales o marcas comerciales registradas de SAP SE en Alemania y otros pa\u00edses. Por favor, consulte https:\/\/www.sap.com\/copyright para obtener informaci\u00f3n y avisos adicionales sobre marcas comerciales<\/h5>\n","protected":false},"excerpt":{"rendered":"<p>Madrid- Como parte de su plan de transformaci\u00f3n de negocio global iniciado en 2024, Entelgy, The Business Tech Consultancy, ha culminado su migraci\u00f3n de sistemas&#8230;<\/p>\n","protected":false},"author":3497,"featured_media":7706,"comment_status":"closed","ping_status":"closed","sticky":false,"template":"","format":"standard","meta":{"footnotes":"","_links_to":"","_links_to_target":""},"categories":[56724,5563697],"tags":[5563863],"sapn-display":[45149,5563696],"sapn-type":[4448],"class_list":["post-7701","post","type-post","status-publish","format-standard","has-post-thumbnail","hentry","category-cliente","category-cloud","tag-sap-cloud-erp","sapn-display-homepage-hero","sapn-display-news-hero","sapn-type-newsbyte"],"yoast_head":"<!-- This site is optimized with the Yoast SEO Premium plugin v26.9 (Yoast SEO v26.9) - https:\/\/yoast.com\/product\/yoast-seo-premium-wordpress\/ -->\n<title>Entelgy impulsa su transformaci\u00f3n de negocio con las soluciones cloud de SAP - SAP Espa\u00f1a News Center<\/title>\n<meta name=\"robots\" content=\"index, follow, max-snippet:-1, max-image-preview:large, max-video-preview:-1\" \/>\n<link rel=\"canonical\" href=\"https:\/\/news.sap.com\/spain\/2025\/09\/entelgy-impulsa-su-transformacion-de-negocio-con-las-soluciones-cloud-de-sap\/\" \/>\n<meta property=\"og:locale\" content=\"es_ES\" \/>\n<meta property=\"og:type\" content=\"article\" \/>\n<meta property=\"og:title\" content=\"Entelgy impulsa su transformaci\u00f3n de negocio con las soluciones cloud de SAP\" \/>\n<meta property=\"og:description\" content=\"Madrid- Como parte de su plan de transformaci\u00f3n de negocio global iniciado en 2024, Entelgy, The Business Tech Consultancy, ha culminado su migraci\u00f3n de sistemas...\" \/>\n<meta property=\"og:url\" content=\"https:\/\/news.sap.com\/spain\/2025\/09\/entelgy-impulsa-su-transformacion-de-negocio-con-las-soluciones-cloud-de-sap\/\" \/>\n<meta property=\"og:site_name\" content=\"SAP Espa\u00f1a News Center\" \/>\n<meta property=\"article:published_time\" content=\"2025-09-23T07:55:20+00:00\" \/>\n<meta property=\"article:modified_time\" content=\"2025-09-23T09:20:20+00:00\" \/>\n<meta property=\"og:image\" content=\"https:\/\/news.sap.com\/spain\/files\/2025\/09\/23\/301453_GettyImages-1043627262_medium_jpg-1.jpg\" \/>\n\t<meta property=\"og:image:width\" content=\"2191\" \/>\n\t<meta property=\"og:image:height\" content=\"1368\" \/>\n\t<meta property=\"og:image:type\" content=\"image\/jpeg\" \/>\n<meta name=\"author\" content=\"SAP News Center\" \/>\n<meta name=\"twitter:card\" content=\"summary_large_image\" \/>\n<meta name=\"twitter:label1\" content=\"Escrito por\" \/>\n\t<meta name=\"twitter:data1\" content=\"SAP News Center\" \/>\n\t<meta name=\"twitter:label2\" content=\"Tiempo de lectura\" \/>\n\t<meta name=\"twitter:data2\" content=\"3 minutos\" \/>\n<script type=\"application\/ld+json\" class=\"yoast-schema-graph\">{\"@context\":\"https:\/\/schema.org\",\"@graph\":[{\"@type\":\"Article\",\"@id\":\"https:\/\/news.sap.com\/spain\/2025\/09\/entelgy-impulsa-su-transformacion-de-negocio-con-las-soluciones-cloud-de-sap\/#article\",\"isPartOf\":{\"@id\":\"https:\/\/news.sap.com\/spain\/2025\/09\/entelgy-impulsa-su-transformacion-de-negocio-con-las-soluciones-cloud-de-sap\/\"},\"author\":{\"name\":\"SAP News Center\",\"@id\":\"https:\/\/news.sap.com\/spain\/#\/schema\/person\/6361f6511a8d94819bb94e56f7de3f20\"},\"headline\":\"Entelgy impulsa su transformaci\u00f3n de negocio con las soluciones cloud de SAP\",\"datePublished\":\"2025-09-23T07:55:20+00:00\",\"dateModified\":\"2025-09-23T09:20:20+00:00\",\"mainEntityOfPage\":{\"@id\":\"https:\/\/news.sap.com\/spain\/2025\/09\/entelgy-impulsa-su-transformacion-de-negocio-con-las-soluciones-cloud-de-sap\/\"},\"wordCount\":637,\"image\":{\"@id\":\"https:\/\/news.sap.com\/spain\/2025\/09\/entelgy-impulsa-su-transformacion-de-negocio-con-las-soluciones-cloud-de-sap\/#primaryimage\"},\"thumbnailUrl\":\"https:\/\/news.sap.com\/spain\/files\/2025\/09\/23\/301453_GettyImages-1043627262_medium_jpg-1.jpg\",\"keywords\":[\"SAP Cloud ERP\"],\"articleSection\":[\"Cliente\",\"Cloud\"],\"inLanguage\":\"es\"},{\"@type\":\"WebPage\",\"@id\":\"https:\/\/news.sap.com\/spain\/2025\/09\/entelgy-impulsa-su-transformacion-de-negocio-con-las-soluciones-cloud-de-sap\/\",\"url\":\"https:\/\/news.sap.com\/spain\/2025\/09\/entelgy-impulsa-su-transformacion-de-negocio-con-las-soluciones-cloud-de-sap\/\",\"name\":\"Entelgy impulsa su transformaci\u00f3n de negocio con las soluciones cloud de SAP - SAP Espa\u00f1a News Center\",\"isPartOf\":{\"@id\":\"https:\/\/news.sap.com\/spain\/#website\"},\"primaryImageOfPage\":{\"@id\":\"https:\/\/news.sap.com\/spain\/2025\/09\/entelgy-impulsa-su-transformacion-de-negocio-con-las-soluciones-cloud-de-sap\/#primaryimage\"},\"image\":{\"@id\":\"https:\/\/news.sap.com\/spain\/2025\/09\/entelgy-impulsa-su-transformacion-de-negocio-con-las-soluciones-cloud-de-sap\/#primaryimage\"},\"thumbnailUrl\":\"https:\/\/news.sap.com\/spain\/files\/2025\/09\/23\/301453_GettyImages-1043627262_medium_jpg-1.jpg\",\"datePublished\":\"2025-09-23T07:55:20+00:00\",\"dateModified\":\"2025-09-23T09:20:20+00:00\",\"author\":{\"@id\":\"https:\/\/news.sap.com\/spain\/#\/schema\/person\/6361f6511a8d94819bb94e56f7de3f20\"},\"breadcrumb\":{\"@id\":\"https:\/\/news.sap.com\/spain\/2025\/09\/entelgy-impulsa-su-transformacion-de-negocio-con-las-soluciones-cloud-de-sap\/#breadcrumb\"},\"inLanguage\":\"es\",\"potentialAction\":[{\"@type\":\"ReadAction\",\"target\":[\"https:\/\/news.sap.com\/spain\/2025\/09\/entelgy-impulsa-su-transformacion-de-negocio-con-las-soluciones-cloud-de-sap\/\"]}]},{\"@type\":\"ImageObject\",\"inLanguage\":\"es\",\"@id\":\"https:\/\/news.sap.com\/spain\/2025\/09\/entelgy-impulsa-su-transformacion-de-negocio-con-las-soluciones-cloud-de-sap\/#primaryimage\",\"url\":\"https:\/\/news.sap.com\/spain\/files\/2025\/09\/23\/301453_GettyImages-1043627262_medium_jpg-1.jpg\",\"contentUrl\":\"https:\/\/news.sap.com\/spain\/files\/2025\/09\/23\/301453_GettyImages-1043627262_medium_jpg-1.jpg\",\"width\":2191,\"height\":1368,\"caption\":\"Attractive men and women after a training or a conference. Employee education concept.\"},{\"@type\":\"BreadcrumbList\",\"@id\":\"https:\/\/news.sap.com\/spain\/2025\/09\/entelgy-impulsa-su-transformacion-de-negocio-con-las-soluciones-cloud-de-sap\/#breadcrumb\",\"itemListElement\":[{\"@type\":\"ListItem\",\"position\":1,\"name\":\"Home\",\"item\":\"https:\/\/news.sap.com\/spain\/\"},{\"@type\":\"ListItem\",\"position\":2,\"name\":\"Entelgy impulsa su transformaci\u00f3n de negocio con las soluciones cloud de SAP\"}]},{\"@type\":\"WebSite\",\"@id\":\"https:\/\/news.sap.com\/spain\/#website\",\"url\":\"https:\/\/news.sap.com\/spain\/\",\"name\":\"SAP Espa\u00f1a News Center\",\"description\":\"Noticias e informaci\u00f3n sobre SAP\",\"potentialAction\":[{\"@type\":\"SearchAction\",\"target\":{\"@type\":\"EntryPoint\",\"urlTemplate\":\"https:\/\/news.sap.com\/spain\/?s={search_term_string}\"},\"query-input\":{\"@type\":\"PropertyValueSpecification\",\"valueRequired\":true,\"valueName\":\"search_term_string\"}}],\"inLanguage\":\"es\"},{\"@type\":\"Person\",\"@id\":\"https:\/\/news.sap.com\/spain\/#\/schema\/person\/6361f6511a8d94819bb94e56f7de3f20\",\"name\":\"SAP News Center\",\"image\":{\"@type\":\"ImageObject\",\"inLanguage\":\"es\",\"@id\":\"https:\/\/news.sap.com\/spain\/#\/schema\/person\/image\/\",\"url\":\"https:\/\/news.sap.com\/spain\/wp-content\/plugins\/wp-user-avatars\/wp-user-avatars\/assets\/images\/mystery.jpg\",\"contentUrl\":\"https:\/\/news.sap.com\/spain\/wp-content\/plugins\/wp-user-avatars\/wp-user-avatars\/assets\/images\/mystery.jpg\",\"caption\":\"SAP News Center\"},\"url\":\"https:\/\/news.sap.com\/spain\/author\/sapnewscenter\/\"}]}<\/script>\n<!-- \/ Yoast SEO Premium plugin. -->","yoast_head_json":{"title":"Entelgy impulsa su transformaci\u00f3n de negocio con las soluciones cloud de SAP - SAP Espa\u00f1a News Center","robots":{"index":"index","follow":"follow","max-snippet":"max-snippet:-1","max-image-preview":"max-image-preview:large","max-video-preview":"max-video-preview:-1"},"canonical":"https:\/\/news.sap.com\/spain\/2025\/09\/entelgy-impulsa-su-transformacion-de-negocio-con-las-soluciones-cloud-de-sap\/","og_locale":"es_ES","og_type":"article","og_title":"Entelgy impulsa su transformaci\u00f3n de negocio con las soluciones cloud de SAP","og_description":"Madrid- Como parte de su plan de transformaci\u00f3n de negocio global iniciado en 2024, Entelgy, The Business Tech Consultancy, ha culminado su migraci\u00f3n de sistemas...","og_url":"https:\/\/news.sap.com\/spain\/2025\/09\/entelgy-impulsa-su-transformacion-de-negocio-con-las-soluciones-cloud-de-sap\/","og_site_name":"SAP Espa\u00f1a News Center","article_published_time":"2025-09-23T07:55:20+00:00","article_modified_time":"2025-09-23T09:20:20+00:00","og_image":[{"width":2191,"height":1368,"url":"https:\/\/news.sap.com\/spain\/files\/2025\/09\/23\/301453_GettyImages-1043627262_medium_jpg-1.jpg","type":"image\/jpeg"}],"author":"SAP News Center","twitter_card":"summary_large_image","twitter_misc":{"Escrito por":"SAP News Center","Tiempo de lectura":"3 minutos"},"schema":{"@context":"https:\/\/schema.org","@graph":[{"@type":"Article","@id":"https:\/\/news.sap.com\/spain\/2025\/09\/entelgy-impulsa-su-transformacion-de-negocio-con-las-soluciones-cloud-de-sap\/#article","isPartOf":{"@id":"https:\/\/news.sap.com\/spain\/2025\/09\/entelgy-impulsa-su-transformacion-de-negocio-con-las-soluciones-cloud-de-sap\/"},"author":{"name":"SAP News Center","@id":"https:\/\/news.sap.com\/spain\/#\/schema\/person\/6361f6511a8d94819bb94e56f7de3f20"},"headline":"Entelgy impulsa su transformaci\u00f3n de negocio con las soluciones cloud de SAP","datePublished":"2025-09-23T07:55:20+00:00","dateModified":"2025-09-23T09:20:20+00:00","mainEntityOfPage":{"@id":"https:\/\/news.sap.com\/spain\/2025\/09\/entelgy-impulsa-su-transformacion-de-negocio-con-las-soluciones-cloud-de-sap\/"},"wordCount":637,"image":{"@id":"https:\/\/news.sap.com\/spain\/2025\/09\/entelgy-impulsa-su-transformacion-de-negocio-con-las-soluciones-cloud-de-sap\/#primaryimage"},"thumbnailUrl":"https:\/\/news.sap.com\/spain\/files\/2025\/09\/23\/301453_GettyImages-1043627262_medium_jpg-1.jpg","keywords":["SAP Cloud ERP"],"articleSection":["Cliente","Cloud"],"inLanguage":"es"},{"@type":"WebPage","@id":"https:\/\/news.sap.com\/spain\/2025\/09\/entelgy-impulsa-su-transformacion-de-negocio-con-las-soluciones-cloud-de-sap\/","url":"https:\/\/news.sap.com\/spain\/2025\/09\/entelgy-impulsa-su-transformacion-de-negocio-con-las-soluciones-cloud-de-sap\/","name":"Entelgy impulsa su transformaci\u00f3n de negocio con las soluciones cloud de SAP - SAP Espa\u00f1a News Center","isPartOf":{"@id":"https:\/\/news.sap.com\/spain\/#website"},"primaryImageOfPage":{"@id":"https:\/\/news.sap.com\/spain\/2025\/09\/entelgy-impulsa-su-transformacion-de-negocio-con-las-soluciones-cloud-de-sap\/#primaryimage"},"image":{"@id":"https:\/\/news.sap.com\/spain\/2025\/09\/entelgy-impulsa-su-transformacion-de-negocio-con-las-soluciones-cloud-de-sap\/#primaryimage"},"thumbnailUrl":"https:\/\/news.sap.com\/spain\/files\/2025\/09\/23\/301453_GettyImages-1043627262_medium_jpg-1.jpg","datePublished":"2025-09-23T07:55:20+00:00","dateModified":"2025-09-23T09:20:20+00:00","author":{"@id":"https:\/\/news.sap.com\/spain\/#\/schema\/person\/6361f6511a8d94819bb94e56f7de3f20"},"breadcrumb":{"@id":"https:\/\/news.sap.com\/spain\/2025\/09\/entelgy-impulsa-su-transformacion-de-negocio-con-las-soluciones-cloud-de-sap\/#breadcrumb"},"inLanguage":"es","potentialAction":[{"@type":"ReadAction","target":["https:\/\/news.sap.com\/spain\/2025\/09\/entelgy-impulsa-su-transformacion-de-negocio-con-las-soluciones-cloud-de-sap\/"]}]},{"@type":"ImageObject","inLanguage":"es","@id":"https:\/\/news.sap.com\/spain\/2025\/09\/entelgy-impulsa-su-transformacion-de-negocio-con-las-soluciones-cloud-de-sap\/#primaryimage","url":"https:\/\/news.sap.com\/spain\/files\/2025\/09\/23\/301453_GettyImages-1043627262_medium_jpg-1.jpg","contentUrl":"https:\/\/news.sap.com\/spain\/files\/2025\/09\/23\/301453_GettyImages-1043627262_medium_jpg-1.jpg","width":2191,"height":1368,"caption":"Attractive men and women after a training or a conference. Employee education concept."},{"@type":"BreadcrumbList","@id":"https:\/\/news.sap.com\/spain\/2025\/09\/entelgy-impulsa-su-transformacion-de-negocio-con-las-soluciones-cloud-de-sap\/#breadcrumb","itemListElement":[{"@type":"ListItem","position":1,"name":"Home","item":"https:\/\/news.sap.com\/spain\/"},{"@type":"ListItem","position":2,"name":"Entelgy impulsa su transformaci\u00f3n de negocio con las soluciones cloud de SAP"}]},{"@type":"WebSite","@id":"https:\/\/news.sap.com\/spain\/#website","url":"https:\/\/news.sap.com\/spain\/","name":"SAP Espa\u00f1a News Center","description":"Noticias e informaci\u00f3n sobre SAP","potentialAction":[{"@type":"SearchAction","target":{"@type":"EntryPoint","urlTemplate":"https:\/\/news.sap.com\/spain\/?s={search_term_string}"},"query-input":{"@type":"PropertyValueSpecification","valueRequired":true,"valueName":"search_term_string"}}],"inLanguage":"es"},{"@type":"Person","@id":"https:\/\/news.sap.com\/spain\/#\/schema\/person\/6361f6511a8d94819bb94e56f7de3f20","name":"SAP News Center","image":{"@type":"ImageObject","inLanguage":"es","@id":"https:\/\/news.sap.com\/spain\/#\/schema\/person\/image\/","url":"https:\/\/news.sap.com\/spain\/wp-content\/plugins\/wp-user-avatars\/wp-user-avatars\/assets\/images\/mystery.jpg","contentUrl":"https:\/\/news.sap.com\/spain\/wp-content\/plugins\/wp-user-avatars\/wp-user-avatars\/assets\/images\/mystery.jpg","caption":"SAP News Center"},"url":"https:\/\/news.sap.com\/spain\/author\/sapnewscenter\/"}]}},"amp_enabled":true,"_links":{"self":[{"href":"https:\/\/news.sap.com\/spain\/wp-json\/wp\/v2\/posts\/7701","targetHints":{"allow":["GET"]}}],"collection":[{"href":"https:\/\/news.sap.com\/spain\/wp-json\/wp\/v2\/posts"}],"about":[{"href":"https:\/\/news.sap.com\/spain\/wp-json\/wp\/v2\/types\/post"}],"author":[{"embeddable":true,"href":"https:\/\/news.sap.com\/spain\/wp-json\/wp\/v2\/users\/3497"}],"replies":[{"embeddable":true,"href":"https:\/\/news.sap.com\/spain\/wp-json\/wp\/v2\/comments?post=7701"}],"version-history":[{"count":0,"href":"https:\/\/news.sap.com\/spain\/wp-json\/wp\/v2\/posts\/7701\/revisions"}],"wp:featuredmedia":[{"embeddable":true,"href":"https:\/\/news.sap.com\/spain\/wp-json\/wp\/v2\/media\/7706"}],"wp:attachment":[{"href":"https:\/\/news.sap.com\/spain\/wp-json\/wp\/v2\/media?parent=7701"}],"wp:term":[{"taxonomy":"category","embeddable":true,"href":"https:\/\/news.sap.com\/spain\/wp-json\/wp\/v2\/categories?post=7701"},{"taxonomy":"post_tag","embeddable":true,"href":"https:\/\/news.sap.com\/spain\/wp-json\/wp\/v2\/tags?post=7701"},{"taxonomy":"sapn-display","embeddable":true,"href":"https:\/\/news.sap.com\/spain\/wp-json\/wp\/v2\/sapn-display?post=7701"},{"taxonomy":"sapn-type","embeddable":true,"href":"https:\/\/news.sap.com\/spain\/wp-json\/wp\/v2\/sapn-type?post=7701"}],"curies":[{"name":"wp","href":"https:\/\/api.w.org\/{rel}","templated":true}]}}