{"id":106351,"date":"2022-06-08T06:36:12","date_gmt":"2022-06-08T06:36:12","guid":{"rendered":"https:\/\/news.sap.com\/swiss\/?p=106351"},"modified":"2024-08-15T16:09:11","modified_gmt":"2024-08-15T16:09:11","slug":"sap-schweiz-pionier-fuer-nachhaltige-mobilitaet","status":"publish","type":"post","link":"https:\/\/news.sap.com\/swiss\/2022\/06\/sap-schweiz-pionier-fuer-nachhaltige-mobilitaet\/","title":{"rendered":"SAP Schweiz: Pionier f\u00fcr nachhaltige Mobilit\u00e4t"},"content":{"rendered":"<p><strong><em>SAP NEWSBYTE \u00a0&#8211; 8. Juni 2022<\/em><\/strong><strong> <em>\u2013 <\/em><\/strong>SAP Schweiz macht ernst mit dem Engagement f\u00fcr Nachhaltigkeit: Als erstes Unternehmen in der Schweiz setzt SAP auf die Plattform Trafi for Business, die auf Trafi\u2019s innovativer Mobility-as-a-Service L\u00f6sung basiert. Die zugeh\u00f6rige App bietet Unternehmen eine All-in-One Mobilit\u00e4tsl\u00f6sung: \u00d6ffentliche Verkehrsmittel, Carsharing, E-Roller, E-Scooters, Stand-up-Paddling, \u2013 alle Transportmittel k\u00f6nnen die Mitarbeitenden in dieser App reservieren, buchen und abrechnen.<\/p>\n<p><strong>Nicht mehr zeitgem\u00e4ss: Gesch\u00e4ftsauto und Carpools<\/strong><\/p>\n<p>Die neuartige Mobilit\u00e4tsl\u00f6sung versteht SAP Schweiz als Erg\u00e4nzung und Alternative zum Firmenauto. \u00abWir haben festgestellt, dass f\u00fcr viele Mitarbeiterinnen und Mitarbeiter das Gesch\u00e4ftsauto nicht mehr zeitgem\u00e4ss ist\u00bb, erkl\u00e4rt Gabriel Wiskemann, HR Director bei SAP Schweiz. \u00abWer in urbanen Gegenden wohnt, hat M\u00fche einen Parkplatz zu finden, w\u00e4hrend alternative Angebote vor der T\u00fcr warten. Wer eher auf dem Land wohnt und in st\u00e4dtische Zentren zu Kundenterminen und Meetings f\u00e4hrt, sucht da oft vergebens nach einem Parkplatz. Mit der Mobilit\u00e4tsl\u00f6sung Trafi for Business bieten wir unseren Mitarbeitenden eine moderne, zukunftsgerichtete und vor allem nachhaltige L\u00f6sung f\u00fcr ihre individuellen Mobilit\u00e4tsbed\u00fcrfnisse.\u00bb<\/p>\n<p><strong>Verkehrsmittel einfach buchen und abrechnen<\/strong><\/p>\n<p>Gem\u00e4ss einer Mitarbeiterbefragung st\u00f6sst das Angebot bei SAP Schweiz auf grosses Interesse. Dies veranlasste das Management, im Rahmen eines Pilotprojekts das Angebot selbst und die Akzeptanz bei den Projektteilnehmern w\u00e4hrend eines Jahres zu pr\u00fcfen. Schnell waren Testpersonen gefunden, die bereit waren, sich komplett vom Gesch\u00e4ftsauto zu verabschieden. Wer sich f\u00fcr die neue Mobilit\u00e4tsl\u00f6sung entscheidet, l\u00e4dt die App auf das Mobiltelefon und erh\u00e4lt von SAP ein Mobilit\u00e4tsbudget zugesprochen. Die User kaufen mit der App Tickets f\u00fcr Bahn, Bus und Tram, reservieren bei Carsharing-Anbietern Autos oder lassen sich den n\u00e4chstgelegenen Standplatz eines E-Scooters anzeigen.<\/p>\n<p>Ebenso einfach kann SAP die Mobilit\u00e4tsbudgets ihrer Mitarbeitenden erstellen und verwalten. Den Rest erledigt Trafi. Die Plattform liefert SAP Abrechnungen und Auswertungen auf monatlicher Basis. Alle Daten aus Trafi for Business k\u00f6nnen an einer Stelle zusammenlaufen, dies macht ein umfassendes und integriertes Mobilit\u00e4tsangebot aus einer Hand m\u00f6glich. Geplant ist dar\u00fcber hinaus die Integration in das Buchhaltungs- oder Spesenmanagementsystem bei SAP.<\/p>\n<p><strong>Ziel: Nachhaltige Mobilit\u00e4t und hohe Flexibilit\u00e4t<\/strong><\/p>\n<p>Zum Start stehen den SAP-Mitarbeitenden in erster Linie der \u00f6ffentliche Verkehr, E-Scooter, Mobility Car Sharing, Carvolution und sogar Stand-up-Paddling zur Verf\u00fcgung. Und das Angebot wird zusammen mit Trafi laufend ausgebaut.<\/p>\n<p>\u00abDurch dieses Pilotprojekt m\u00f6chten wir das Angebot f\u00fcr die Mitarbeitenden noch attraktiver gestalten, damit es auf breiter Basis genutzt wird und werden kann\u00bb, gibt sich Thomas Schreitm\u00fcller, CFO bei SAP Schweiz, zuversichtlich. \u00abEin wichtiges Ziel f\u00fcr uns ist es, mit der Trafi for Business-App einen Beitrag zur Reduktion des CO<sup>2<\/sup>-Fussabdrucks zu leisten. Denn darum geht es bei diesem Projekt: um nachhaltige Mobilit\u00e4t in einer intakten Umwelt und um ein hohes Mass an Flexibilit\u00e4t f\u00fcr unsere Mitarbeitenden. Wir freuen uns, als SAP Schweiz eine Pionierrolle zu \u00fcbernehmen.\u00bb<\/p>\n<p>Anlass zur Freude hat auch Martynas Gudonavi\u010dius, CEO von Trafi: \u00abMit SAP haben wir unseren ersten Kunden f\u00fcr Trafi for Business gewonnen. Er teilt mit uns seine Zukunftsvision und stellt seinen Mitarbeitern Mobilit\u00e4tsbudgets zur Verf\u00fcgung. Damit f\u00f6rdern wir gemeinsam Klimaneutralit\u00e4t und helfen Pendlern, umweltfreundlichere Mobilit\u00e4tsentscheidungen zu treffen.\u00bb<\/p>\n<p>&nbsp;<\/p>\n<p><strong>Breites Nachhaltigkeitsportfolio von SAP<\/strong><\/p>\n<p>Im Rahmen ihrer <a href=\"https:\/\/www.sap.com\/products\/sustainability.html\">Nachhaltigkeitsstrategie<\/a> entwickelt SAP ein breites Portfolio von L\u00f6sungen, welches sich \u00fcber vier Bereiche erstreckt. Bei einem steht der Klimawandel im Zentrum sowie Massnahmen, um den Treibhauseffekt und den CO2-Fussabdruck zu reduzieren. Die Mobilit\u00e4tsinitiative von SAP Schweiz ist Teil dieser Massnahmen und L\u00f6sungen. Weitere Schwerpunkte sind.<\/p>\n<ul>\n<li>die Einbindung von ESG-Dimensionen (Environment, Social, Governance) in die Finanzberichterstattung,<\/li>\n<li>die Umstellung von Liefer- und Wertsch\u00f6pfungsketten auf Kreislaufprozesse, um Abf\u00e4lle zu vermeiden, unseren Planeten zu sch\u00fctzen und die Artenvielfalt auf unserem Planeten zu erhalten und<\/li>\n<li>der Einsatz f\u00fcr Gleichberechtigung und soziale Gerechtigkeit in der eigenen Belegschaft und den Unternehmensnetzwerken als Teil der Sozialen Verantwortung.<\/li>\n<\/ul>\n<p>&nbsp;<\/p>\n<p><strong>Video<\/strong>: <a href=\"https:\/\/www.youtube.com\/watch?v=w62BO4oK-fQ\">SAP goes Trafi<\/a><\/p>\n<p>&nbsp;<\/p>\n<p>Weitere Presseinformationen finden Sie im <a href=\"https:\/\/news.sap.com\/germany\">SAP News Center<\/a>. Folgen Sie SAP auf Twitter unter <a href=\"https:\/\/twitter.com\/SAPdach?ref_src=twsrc%5Egoogle%7Ctwcamp%5Eserp%7Ctwgr%5Eauthor\">@SAPdach<\/a>.<\/p>\n<p>&nbsp;<\/p>\n<p><strong>Informationen zu SAP<\/strong><\/p>\n<p>Die SAP-Strategie soll dabei helfen, jedes Unternehmen in ein intelligentes nachhaltiges Unternehmen zu verwandeln. Als ein Marktf\u00fchrer f\u00fcr Gesch\u00e4ftssoftware unterst\u00fctzen wir Unternehmen jeder Gr\u00f6sse und Branche dabei, ihre Ziele bestm\u00f6glich zu erreichen: SAP-Kunden generieren 87\u00a0% des gesamten weltweiten Handels. Unsere Technologien f\u00fcr maschinelles Lernen, das Internet der Dinge und fortschrittliche Analyseverfahren helfen unseren Kunden auf dem Weg zum intelligenten Unternehmen. SAP unterst\u00fctzt Menschen und Unternehmen dabei, fundiertes Wissen \u00fcber ihre Organisationen zu gewinnen, f\u00f6rdert die Zusammenarbeit und hilft so, dem Wettbewerb einen Schritt voraus zu sein. Wir vereinfachen Technologie f\u00fcr Unternehmen, damit sie unsere Software nach ihren eigenen Vorstellungen einfach und reibungslos nutzen k\u00f6nnen. Unsere End-to-End-Suite aus Anwendungen und Services erm\u00f6glicht es Kunden in 25 Branchen weltweit, profitabel zu sein, sich stets neu und flexibel anzupassen und etwas zu bewegen. Mit einem globalen Netzwerk aus Kunden, Partnern, Mitarbeitern und Vordenkern hilft SAP, die Abl\u00e4ufe der weltweiten Wirtschaft und das Leben von Menschen zu verbessern. Weitere Informationen unter <a href=\"http:\/\/www.sap.ch\">www.sap.ch<\/a>.<\/p>\n<p># # #<\/p>\n<p>Dieses Dokument enth\u00e4lt vorausschauende Aussagen, das heisst Vorhersagen, Prognosen oder andere Aussagen zu zuk\u00fcnftigen Ereignissen. Diese Aussagen basieren auf aktuellen Erwartungen, Voraussagen und Annahmen, die Risiken und Unsicherheiten unterliegen, was dazu f\u00fchren kann, dass die tats\u00e4chlichen Ergebnisse und Resultate erheblich hiervon abweichen k\u00f6nnen.\u00a0 Zus\u00e4tzliche Informationen zu diesen Risiken und Unsicherheiten finden Sie in den von uns bei der US-amerikanischen \u201eSecurities and Exchange Commission\u201c (SEC) eingereichten Unterlagen, einschliesslich, aber nicht beschr\u00e4nkt auf den Abschnitt zu den Risikofaktoren des SAP-Jahresberichts 2021 auf dem Formular 20-F.<\/p>\n<p>&nbsp;<\/p>\n<p>\u00a9 2022 SAP SE. Alle Rechte vorbehalten.<br \/>\nSAP und andere in diesem Dokument erw\u00e4hnte Produkte und Dienstleistungen von SAP sowie die dazugeh\u00f6rigen Logos sind Marken oder eingetragene Marken der SAP SE in Deutschland und anderen L\u00e4ndern. Zus\u00e4tzliche Informationen zur Marke und Vermerke finden Sie auf der Seite <a href=\"http:\/\/www.sap.de\/copyright\">http:\/\/www.sap.de\/copyright<\/a>.<\/p>\n<p>&nbsp;<\/p>\n<p><strong>Hinweis an die Redaktionen<\/strong><\/p>\n<p>F\u00fcr Pressefotos und Fernsehmaterial in hoher Aufl\u00f6sung besuchen Sie bitte unsere Plattform <a href=\"http:\/\/www.sap.com\/photos\">www.sap.com\/photos<\/a><u>.<\/u> Dort finden Sie aktuelles sendef\u00e4higes TV-Footage-Material sowie Bilder zu Themen rund um SAP zum direkten Download. Videos zu SAP-Themen aus der ganzen Welt finden Sie unter <a href=\"http:\/\/www.sap-tv.com\">www.sap-tv.com<\/a>. Sie k\u00f6nnen die Filme von dieser Seite auch in Ihren eigenen Publikationen und Webseiten einbinden.<\/p>\n<p><strong>Ansprechpartner f\u00fcr die Medien<\/strong><br \/>\nStephanie Freise<br \/>\nCorporate Communications &amp; Media Relations<br \/>\nSAP (Schweiz) AG<br \/>\nThe Circle<br \/>\n8058 Z\u00fcrich<br \/>\nTel. +41 58 871 67 15<br \/>\nMobil +41 79 214 45 81<br \/>\nE-Mail: <a href=\"mailto:stephanie.freise@sap.com\">stephanie.freise@sap.com<\/a><\/p>\n<h2>Bitte beachten Sie unsere <a href=\"https:\/\/www.sap.com\/corporate\/de\/legal\/privacy.html\">Datenschutzbestimmungen<\/a>.<\/h2>\n<p>&nbsp;<\/p>\n","protected":false},"excerpt":{"rendered":"<p>SAP NEWSBYTE \u00a0&#8211; 8. Juni 2022 \u2013 SAP Schweiz macht ernst mit dem Engagement f\u00fcr Nachhaltigkeit: Als erstes Unternehmen in der Schweiz setzt SAP auf&#8230;<\/p>\n","protected":false},"author":29,"featured_media":106345,"comment_status":"closed","ping_status":"closed","sticky":false,"template":"","format":"standard","meta":{"footnotes":"","_links_to":"","_links_to_target":""},"categories":[45272,40863],"tags":[5586641,5586642],"sapn-display":[45149,3848,60294],"sapn-type":[4448],"class_list":["post-106351","post","type-post","status-publish","format-standard","has-post-thumbnail","hentry","category-losungen","category-unternehmen","tag-mobility","tag-sustainability","sapn-display-homepage-hero","sapn-display-top-stories","sapn-display-topic-hero","sapn-type-newsbyte"],"yoast_head":"<!-- This site is optimized with the Yoast SEO Premium plugin v26.9 (Yoast SEO v26.9) - https:\/\/yoast.com\/product\/yoast-seo-premium-wordpress\/ -->\n<title>SAP Schweiz: Pionier f\u00fcr nachhaltige Mobilit\u00e4t - SAP Switzerland Pressebereich<\/title>\n<meta name=\"robots\" content=\"index, follow, max-snippet:-1, max-image-preview:large, max-video-preview:-1\" \/>\n<link rel=\"canonical\" href=\"https:\/\/news.sap.com\/swiss\/2022\/06\/sap-schweiz-pionier-fuer-nachhaltige-mobilitaet\/\" \/>\n<meta property=\"og:locale\" content=\"de_DE\" \/>\n<meta property=\"og:type\" content=\"article\" \/>\n<meta property=\"og:title\" content=\"SAP Schweiz: Pionier f\u00fcr nachhaltige Mobilit\u00e4t\" \/>\n<meta property=\"og:description\" content=\"SAP NEWSBYTE \u00a0&#8211; 8. Juni 2022 \u2013 SAP Schweiz macht ernst mit dem Engagement f\u00fcr Nachhaltigkeit: Als erstes Unternehmen in der Schweiz setzt SAP auf...\" \/>\n<meta property=\"og:url\" content=\"https:\/\/news.sap.com\/swiss\/2022\/06\/sap-schweiz-pionier-fuer-nachhaltige-mobilitaet\/\" \/>\n<meta property=\"og:site_name\" content=\"SAP Switzerland Pressebereich\" \/>\n<meta property=\"article:published_time\" content=\"2022-06-08T06:36:12+00:00\" \/>\n<meta property=\"article:modified_time\" content=\"2024-08-15T16:09:11+00:00\" \/>\n<meta property=\"og:image\" content=\"https:\/\/news.sap.com\/swiss\/files\/2022\/06\/02\/286452_shutterstock_1089491075-1024x683.jpg\" \/>\n\t<meta property=\"og:image:width\" content=\"1024\" \/>\n\t<meta property=\"og:image:height\" content=\"683\" \/>\n\t<meta property=\"og:image:type\" content=\"image\/jpeg\" \/>\n<meta name=\"author\" content=\"SAP News\" \/>\n<meta name=\"twitter:card\" content=\"summary_large_image\" \/>\n<meta name=\"twitter:label1\" content=\"Geschrieben von\" \/>\n\t<meta name=\"twitter:data1\" content=\"SAP News\" \/>\n\t<meta name=\"twitter:label2\" content=\"Gesch\u00e4tzte Lesezeit\" \/>\n\t<meta name=\"twitter:data2\" content=\"6\u00a0Minuten\" \/>\n<script type=\"application\/ld+json\" class=\"yoast-schema-graph\">{\"@context\":\"https:\/\/schema.org\",\"@graph\":[{\"@type\":\"Article\",\"@id\":\"https:\/\/news.sap.com\/swiss\/2022\/06\/sap-schweiz-pionier-fuer-nachhaltige-mobilitaet\/#article\",\"isPartOf\":{\"@id\":\"https:\/\/news.sap.com\/swiss\/2022\/06\/sap-schweiz-pionier-fuer-nachhaltige-mobilitaet\/\"},\"author\":{\"name\":\"SAP News\",\"@id\":\"https:\/\/news.sap.com\/swiss\/#\/schema\/person\/53b9854bd790d6f18f3fc4bbb2ad7570\"},\"headline\":\"SAP Schweiz: Pionier f\u00fcr nachhaltige Mobilit\u00e4t\",\"datePublished\":\"2022-06-08T06:36:12+00:00\",\"dateModified\":\"2024-08-15T16:09:11+00:00\",\"mainEntityOfPage\":{\"@id\":\"https:\/\/news.sap.com\/swiss\/2022\/06\/sap-schweiz-pionier-fuer-nachhaltige-mobilitaet\/\"},\"wordCount\":1116,\"image\":{\"@id\":\"https:\/\/news.sap.com\/swiss\/2022\/06\/sap-schweiz-pionier-fuer-nachhaltige-mobilitaet\/#primaryimage\"},\"thumbnailUrl\":\"https:\/\/news.sap.com\/swiss\/files\/2022\/06\/02\/286452_shutterstock_1089491075.jpg\",\"keywords\":[\"Mobility\",\"Sustainability\"],\"articleSection\":[\"L\u00f6sungen\",\"Unternehmen\"],\"inLanguage\":\"de-CH\"},{\"@type\":\"WebPage\",\"@id\":\"https:\/\/news.sap.com\/swiss\/2022\/06\/sap-schweiz-pionier-fuer-nachhaltige-mobilitaet\/\",\"url\":\"https:\/\/news.sap.com\/swiss\/2022\/06\/sap-schweiz-pionier-fuer-nachhaltige-mobilitaet\/\",\"name\":\"SAP Schweiz: Pionier f\u00fcr nachhaltige Mobilit\u00e4t - SAP Switzerland Pressebereich\",\"isPartOf\":{\"@id\":\"https:\/\/news.sap.com\/swiss\/#website\"},\"primaryImageOfPage\":{\"@id\":\"https:\/\/news.sap.com\/swiss\/2022\/06\/sap-schweiz-pionier-fuer-nachhaltige-mobilitaet\/#primaryimage\"},\"image\":{\"@id\":\"https:\/\/news.sap.com\/swiss\/2022\/06\/sap-schweiz-pionier-fuer-nachhaltige-mobilitaet\/#primaryimage\"},\"thumbnailUrl\":\"https:\/\/news.sap.com\/swiss\/files\/2022\/06\/02\/286452_shutterstock_1089491075.jpg\",\"datePublished\":\"2022-06-08T06:36:12+00:00\",\"dateModified\":\"2024-08-15T16:09:11+00:00\",\"author\":{\"@id\":\"https:\/\/news.sap.com\/swiss\/#\/schema\/person\/53b9854bd790d6f18f3fc4bbb2ad7570\"},\"breadcrumb\":{\"@id\":\"https:\/\/news.sap.com\/swiss\/2022\/06\/sap-schweiz-pionier-fuer-nachhaltige-mobilitaet\/#breadcrumb\"},\"inLanguage\":\"de-CH\",\"potentialAction\":[{\"@type\":\"ReadAction\",\"target\":[\"https:\/\/news.sap.com\/swiss\/2022\/06\/sap-schweiz-pionier-fuer-nachhaltige-mobilitaet\/\"]}]},{\"@type\":\"ImageObject\",\"inLanguage\":\"de-CH\",\"@id\":\"https:\/\/news.sap.com\/swiss\/2022\/06\/sap-schweiz-pionier-fuer-nachhaltige-mobilitaet\/#primaryimage\",\"url\":\"https:\/\/news.sap.com\/swiss\/files\/2022\/06\/02\/286452_shutterstock_1089491075.jpg\",\"contentUrl\":\"https:\/\/news.sap.com\/swiss\/files\/2022\/06\/02\/286452_shutterstock_1089491075.jpg\",\"width\":6966,\"height\":4646},{\"@type\":\"BreadcrumbList\",\"@id\":\"https:\/\/news.sap.com\/swiss\/2022\/06\/sap-schweiz-pionier-fuer-nachhaltige-mobilitaet\/#breadcrumb\",\"itemListElement\":[{\"@type\":\"ListItem\",\"position\":1,\"name\":\"Home\",\"item\":\"https:\/\/news.sap.com\/swiss\/\"},{\"@type\":\"ListItem\",\"position\":2,\"name\":\"SAP Schweiz: Pionier f\u00fcr nachhaltige Mobilit\u00e4t\"}]},{\"@type\":\"WebSite\",\"@id\":\"https:\/\/news.sap.com\/swiss\/#website\",\"url\":\"https:\/\/news.sap.com\/swiss\/\",\"name\":\"SAP Switzerland Pressebereich\",\"description\":\"Pressemitteilungen | SAP Switzerland\",\"potentialAction\":[{\"@type\":\"SearchAction\",\"target\":{\"@type\":\"EntryPoint\",\"urlTemplate\":\"https:\/\/news.sap.com\/swiss\/?s={search_term_string}\"},\"query-input\":{\"@type\":\"PropertyValueSpecification\",\"valueRequired\":true,\"valueName\":\"search_term_string\"}}],\"inLanguage\":\"de-CH\"},{\"@type\":\"Person\",\"@id\":\"https:\/\/news.sap.com\/swiss\/#\/schema\/person\/53b9854bd790d6f18f3fc4bbb2ad7570\",\"name\":\"SAP News\",\"image\":{\"@type\":\"ImageObject\",\"inLanguage\":\"de-CH\",\"@id\":\"https:\/\/news.sap.com\/swiss\/#\/schema\/person\/image\/\",\"url\":\"https:\/\/news.sap.com\/swiss\/wp-content\/plugins\/wp-user-avatars\/wp-user-avatars\/assets\/images\/mystery.jpg\",\"contentUrl\":\"https:\/\/news.sap.com\/swiss\/wp-content\/plugins\/wp-user-avatars\/wp-user-avatars\/assets\/images\/mystery.jpg\",\"caption\":\"SAP News\"},\"url\":\"https:\/\/news.sap.com\/swiss\/author\/colleenraftery\/\"}]}<\/script>\n<!-- \/ Yoast SEO Premium plugin. -->","yoast_head_json":{"title":"SAP Schweiz: Pionier f\u00fcr nachhaltige Mobilit\u00e4t - SAP Switzerland Pressebereich","robots":{"index":"index","follow":"follow","max-snippet":"max-snippet:-1","max-image-preview":"max-image-preview:large","max-video-preview":"max-video-preview:-1"},"canonical":"https:\/\/news.sap.com\/swiss\/2022\/06\/sap-schweiz-pionier-fuer-nachhaltige-mobilitaet\/","og_locale":"de_DE","og_type":"article","og_title":"SAP Schweiz: Pionier f\u00fcr nachhaltige Mobilit\u00e4t","og_description":"SAP NEWSBYTE \u00a0&#8211; 8. Juni 2022 \u2013 SAP Schweiz macht ernst mit dem Engagement f\u00fcr Nachhaltigkeit: Als erstes Unternehmen in der Schweiz setzt SAP auf...","og_url":"https:\/\/news.sap.com\/swiss\/2022\/06\/sap-schweiz-pionier-fuer-nachhaltige-mobilitaet\/","og_site_name":"SAP Switzerland Pressebereich","article_published_time":"2022-06-08T06:36:12+00:00","article_modified_time":"2024-08-15T16:09:11+00:00","og_image":[{"width":1024,"height":683,"url":"https:\/\/news.sap.com\/swiss\/files\/2022\/06\/02\/286452_shutterstock_1089491075-1024x683.jpg","type":"image\/jpeg"}],"author":"SAP News","twitter_card":"summary_large_image","twitter_misc":{"Geschrieben von":"SAP News","Gesch\u00e4tzte Lesezeit":"6\u00a0Minuten"},"schema":{"@context":"https:\/\/schema.org","@graph":[{"@type":"Article","@id":"https:\/\/news.sap.com\/swiss\/2022\/06\/sap-schweiz-pionier-fuer-nachhaltige-mobilitaet\/#article","isPartOf":{"@id":"https:\/\/news.sap.com\/swiss\/2022\/06\/sap-schweiz-pionier-fuer-nachhaltige-mobilitaet\/"},"author":{"name":"SAP News","@id":"https:\/\/news.sap.com\/swiss\/#\/schema\/person\/53b9854bd790d6f18f3fc4bbb2ad7570"},"headline":"SAP Schweiz: Pionier f\u00fcr nachhaltige Mobilit\u00e4t","datePublished":"2022-06-08T06:36:12+00:00","dateModified":"2024-08-15T16:09:11+00:00","mainEntityOfPage":{"@id":"https:\/\/news.sap.com\/swiss\/2022\/06\/sap-schweiz-pionier-fuer-nachhaltige-mobilitaet\/"},"wordCount":1116,"image":{"@id":"https:\/\/news.sap.com\/swiss\/2022\/06\/sap-schweiz-pionier-fuer-nachhaltige-mobilitaet\/#primaryimage"},"thumbnailUrl":"https:\/\/news.sap.com\/swiss\/files\/2022\/06\/02\/286452_shutterstock_1089491075.jpg","keywords":["Mobility","Sustainability"],"articleSection":["L\u00f6sungen","Unternehmen"],"inLanguage":"de-CH"},{"@type":"WebPage","@id":"https:\/\/news.sap.com\/swiss\/2022\/06\/sap-schweiz-pionier-fuer-nachhaltige-mobilitaet\/","url":"https:\/\/news.sap.com\/swiss\/2022\/06\/sap-schweiz-pionier-fuer-nachhaltige-mobilitaet\/","name":"SAP Schweiz: Pionier f\u00fcr nachhaltige Mobilit\u00e4t - SAP Switzerland Pressebereich","isPartOf":{"@id":"https:\/\/news.sap.com\/swiss\/#website"},"primaryImageOfPage":{"@id":"https:\/\/news.sap.com\/swiss\/2022\/06\/sap-schweiz-pionier-fuer-nachhaltige-mobilitaet\/#primaryimage"},"image":{"@id":"https:\/\/news.sap.com\/swiss\/2022\/06\/sap-schweiz-pionier-fuer-nachhaltige-mobilitaet\/#primaryimage"},"thumbnailUrl":"https:\/\/news.sap.com\/swiss\/files\/2022\/06\/02\/286452_shutterstock_1089491075.jpg","datePublished":"2022-06-08T06:36:12+00:00","dateModified":"2024-08-15T16:09:11+00:00","author":{"@id":"https:\/\/news.sap.com\/swiss\/#\/schema\/person\/53b9854bd790d6f18f3fc4bbb2ad7570"},"breadcrumb":{"@id":"https:\/\/news.sap.com\/swiss\/2022\/06\/sap-schweiz-pionier-fuer-nachhaltige-mobilitaet\/#breadcrumb"},"inLanguage":"de-CH","potentialAction":[{"@type":"ReadAction","target":["https:\/\/news.sap.com\/swiss\/2022\/06\/sap-schweiz-pionier-fuer-nachhaltige-mobilitaet\/"]}]},{"@type":"ImageObject","inLanguage":"de-CH","@id":"https:\/\/news.sap.com\/swiss\/2022\/06\/sap-schweiz-pionier-fuer-nachhaltige-mobilitaet\/#primaryimage","url":"https:\/\/news.sap.com\/swiss\/files\/2022\/06\/02\/286452_shutterstock_1089491075.jpg","contentUrl":"https:\/\/news.sap.com\/swiss\/files\/2022\/06\/02\/286452_shutterstock_1089491075.jpg","width":6966,"height":4646},{"@type":"BreadcrumbList","@id":"https:\/\/news.sap.com\/swiss\/2022\/06\/sap-schweiz-pionier-fuer-nachhaltige-mobilitaet\/#breadcrumb","itemListElement":[{"@type":"ListItem","position":1,"name":"Home","item":"https:\/\/news.sap.com\/swiss\/"},{"@type":"ListItem","position":2,"name":"SAP Schweiz: Pionier f\u00fcr nachhaltige Mobilit\u00e4t"}]},{"@type":"WebSite","@id":"https:\/\/news.sap.com\/swiss\/#website","url":"https:\/\/news.sap.com\/swiss\/","name":"SAP Switzerland Pressebereich","description":"Pressemitteilungen | SAP Switzerland","potentialAction":[{"@type":"SearchAction","target":{"@type":"EntryPoint","urlTemplate":"https:\/\/news.sap.com\/swiss\/?s={search_term_string}"},"query-input":{"@type":"PropertyValueSpecification","valueRequired":true,"valueName":"search_term_string"}}],"inLanguage":"de-CH"},{"@type":"Person","@id":"https:\/\/news.sap.com\/swiss\/#\/schema\/person\/53b9854bd790d6f18f3fc4bbb2ad7570","name":"SAP News","image":{"@type":"ImageObject","inLanguage":"de-CH","@id":"https:\/\/news.sap.com\/swiss\/#\/schema\/person\/image\/","url":"https:\/\/news.sap.com\/swiss\/wp-content\/plugins\/wp-user-avatars\/wp-user-avatars\/assets\/images\/mystery.jpg","contentUrl":"https:\/\/news.sap.com\/swiss\/wp-content\/plugins\/wp-user-avatars\/wp-user-avatars\/assets\/images\/mystery.jpg","caption":"SAP News"},"url":"https:\/\/news.sap.com\/swiss\/author\/colleenraftery\/"}]}},"amp_enabled":true,"_links":{"self":[{"href":"https:\/\/news.sap.com\/swiss\/wp-json\/wp\/v2\/posts\/106351","targetHints":{"allow":["GET"]}}],"collection":[{"href":"https:\/\/news.sap.com\/swiss\/wp-json\/wp\/v2\/posts"}],"about":[{"href":"https:\/\/news.sap.com\/swiss\/wp-json\/wp\/v2\/types\/post"}],"author":[{"embeddable":true,"href":"https:\/\/news.sap.com\/swiss\/wp-json\/wp\/v2\/users\/29"}],"replies":[{"embeddable":true,"href":"https:\/\/news.sap.com\/swiss\/wp-json\/wp\/v2\/comments?post=106351"}],"version-history":[{"count":0,"href":"https:\/\/news.sap.com\/swiss\/wp-json\/wp\/v2\/posts\/106351\/revisions"}],"wp:featuredmedia":[{"embeddable":true,"href":"https:\/\/news.sap.com\/swiss\/wp-json\/wp\/v2\/media\/106345"}],"wp:attachment":[{"href":"https:\/\/news.sap.com\/swiss\/wp-json\/wp\/v2\/media?parent=106351"}],"wp:term":[{"taxonomy":"category","embeddable":true,"href":"https:\/\/news.sap.com\/swiss\/wp-json\/wp\/v2\/categories?post=106351"},{"taxonomy":"post_tag","embeddable":true,"href":"https:\/\/news.sap.com\/swiss\/wp-json\/wp\/v2\/tags?post=106351"},{"taxonomy":"sapn-display","embeddable":true,"href":"https:\/\/news.sap.com\/swiss\/wp-json\/wp\/v2\/sapn-display?post=106351"},{"taxonomy":"sapn-type","embeddable":true,"href":"https:\/\/news.sap.com\/swiss\/wp-json\/wp\/v2\/sapn-type?post=106351"}],"curies":[{"name":"wp","href":"https:\/\/api.w.org\/{rel}","templated":true}]}}