{"id":106821,"date":"2025-06-17T17:07:04","date_gmt":"2025-06-17T17:07:04","guid":{"rendered":"https:\/\/news.sap.com\/swiss\/?p=106821"},"modified":"2025-06-17T17:07:04","modified_gmt":"2025-06-17T17:07:04","slug":"sap-und-climeworks-schmieden-allianz-zur-co2-reduzierung","status":"publish","type":"post","link":"https:\/\/news.sap.com\/swiss\/2025\/06\/sap-und-climeworks-schmieden-allianz-zur-co2-reduzierung\/","title":{"rendered":"SAP und Climeworks schmieden Allianz zur CO2-Reduzierung"},"content":{"rendered":"<p><strong><em>SAP NEWSBYTE \u2013 <\/em><\/strong><em><strong>17. Juni 2025 \u2013<\/strong><\/em> Im Rahmen einer strategischen Partnerschaft wollen die SAP und Climeworks L\u00f6sungen zur CO2-Entnahme in die Klimaneutralit\u00e4tsstrategie der SAP einbinden und gemeinsam an innovativen durchg\u00e4ngigen L\u00f6sungen zur Steuerung von CO2-Emissionen f\u00fcr Unternehmen arbeiten.<\/p>\n<p>SAP und Climeworks, zwei der zukunftsweisenden Technologieunternehmen Europas, geben eine Allianz zur CO2-Reduzierung bekannt. Aus der Vereinbarung der Unternehmen im Wert von mehreren Millionen Euro ergeben sich vielf\u00e4ltige, qualit\u00e4tsvolle Emissionsgutschriften in H\u00f6he von 37.000 Tonnen. Bis 2034 beseitigt Climeworks f\u00fcr die SAP CO2 \u00fcber ein Portfolio aus Direct Air Capture, Pflanzenkohle und beschleunigter Verwitterung, das spezifisch auf den Gesch\u00e4ftskontext der SAP zugeschnitten ist. \u00a0Zudem wollen Climeworks und die SAP im Rahmen einer gemeinsamen Entwicklung Unternehmen mit einer vollst\u00e4ndig auf ERP ausgerichteten Steuerung von CO2-Emissionen unterst\u00fctzen. Climeworks hat die Unternehmensl\u00f6sungen von SAP eingef\u00fchrt, um das Gesch\u00e4ft auszubauen.<\/p>\n<p><strong>Der Weg zur Klimaneutralit\u00e4t: Die SAP investiert in das Portfolio zur CO2-Entnahme von Climeworks, um verbleibende CO2-Emissionen zu neutralisieren<\/strong><br \/>\nDurch den Aufbau eines vielf\u00e4ltigen Portfolios zur CO2-Entnahme in hoher Qualit\u00e4t folgt die SAP weiterhin dem strengen Net-Zero-Standard f\u00fcr Unternehmen der Science-Based Targets Initiative (SBTi), st\u00e4rkt ihre Widerstandsf\u00e4higkeit gegen Risiken im Zusammenhang mit dem Klimawandel und erschliesst Know-how, um Kunden und Partner beim \u00dcbergang zu einer emissionsarmen Wirtschaft zu unterst\u00fctzen.<\/p>\n<p>\u00abBei Investitionen in eine qualit\u00e4tsvolle CO2-Entnahme geht es um Emissionen, die wir nicht direkt beseitigen k\u00f6nnen. Unsere Partnerschaft mit Climeworks sichert eng integrierte Kapazit\u00e4ten zu Vorzugspreisen bei gleichzeitigem Schutz vor Preisschwankungen. Durch diese Investition wird die SAP auch \u00f6konomisch gest\u00e4rkt \u2013 wir k\u00f6nnen nun neue Produkte entwickeln, die die steigenden Erwartungen von Kunden, Partnern und Aufsichtsbeh\u00f6rden erf\u00fcllen\u00bb, so SAP Chief Sustainability &amp; Commercial Officer Sophia Mendelsohn.<\/p>\n<p><strong>Gemeinsame Innovationen f\u00fcr eine verantwortungsvolle CO2-Entnahme<\/strong><br \/>\nDie SAP und Climeworks schliessen sich zusammen, um zukunftsweisende Nachhaltigkeitsl\u00f6sungen zu entwickeln, mit denen Unternehmen ihre Klimaneutralit\u00e4tsziele erreichen k\u00f6nnen. Die deckungsgleiche Vision beider Unternehmen von technologiegest\u00fctzten L\u00f6sungen mit globaler Bedeutung bildete den Anstoss f\u00fcr eine gemeinsame Entwicklung von L\u00f6sungen, mit denen das Portfolio zur CO2-Entnahme eines Unternehmens verwaltet werden kann, wie z. B. einer vollst\u00e4ndig auf ERP ausgerichteten Steuerung von CO2-Emissionen durch SAP Sustainability Control Tower und SAP Store. Diese L\u00f6sungen k\u00f6nnten Unternehmen nahtlose, auf ERP ausgerichtete Tools bieten, um ihre CO2-Bilanz zu messen, zu steuern und zu verbessern, und so datengest\u00fctzte Klimaschutzmassnahmen nach Mass erm\u00f6glichen.<\/p>\n<p>Christoph Gebald, Mitgr\u00fcnder und Co-CEO von Climeworks, meint dazu: \u00abClimeworks und die SAP sind \u00fcberzeugt, dass Nachhaltigkeit ein Kernelement der Unternehmensstrategie darstellt. Durch diese Partnerschaft f\u00f6rdern wir nicht nur die CO2-Entnahme als zentrale L\u00f6sung zur Verringerung von Unternehmensrisiken im Zusammenhang mit dem Klimawandel, sondern binden diese auch in Unternehmenstechnologie ein, sodass dies f\u00fcr Unternehmen weltweit einfach umsetzbar wird. So k\u00f6nnen Unternehmen Widerstandsf\u00e4higkeit aufbauen, sodass die Umstellung auf nachhaltige Abl\u00e4ufe zur Chance wird, und nicht zum Kompromiss.\u00bb<\/p>\n<p><strong>Climeworks mit SAP S\/4 HANA auf Kurs zur Expansion<\/strong><br \/>\nIm Rahmen der Allianz hat Climeworks durch das Programm GROW with SAP SAP S\/4HANA Public Cloud sowie SAP LeanIX implementiert und sichert sich so eine skalierbare, zukunftssichere Plattform. Diese sorgt f\u00fcr effizientere Abl\u00e4ufe sowie eine optimierte Einhaltung von Vorschriften und ein besseres Finanzmanagement \u2013 allesamt wichtige Faktoren f\u00fcr eine Ausweitung der Gesch\u00e4ftst\u00e4tigkeit in der Branche. Climeworks plant, den Einsatz der SAP-Nachhaltigkeitsl\u00f6sungen auszuweiten, darunter SAP Sustainability Control Tower. \u00abSAP zu implementieren, war der richtige Schritt. Wir k\u00f6nnen so die Einhaltung von Vorschriften sicherstellen, die Rentabilit\u00e4t im Blick behalten und unsere Finanzdaten in Echtzeit verwalten\u00bb, so Christoph Gebald abschliessend.<\/p>\n<p>Weitere Presseinformationen finden Sie im <a href=\"https:\/\/news.sap.com\/germany\">SAP News Center<\/a>.\u00a0Erhalten Sie SAP News auf <a href=\"https:\/\/eur03.safelinks.protection.outlook.com\/?url=https%3A%2F%2Fwww.linkedin.com%2Fshowcase%2Fsap-news&amp;data=05%7C02%7Cstephanie.freise%40sap.com%7C4197a51334b344f5d2bc08ddad6ca7d8%7C42f7676cf455423c82f6dc2d99791af7%7C0%7C0%7C638857404359808792%7CUnknown%7CTWFpbGZsb3d8eyJFbXB0eU1hcGkiOnRydWUsIlYiOiIwLjAuMDAwMCIsIlAiOiJXaW4zMiIsIkFOIjoiTWFpbCIsIldUIjoyfQ%3D%3D%7C0%7C%7C%7C&amp;sdata=Jnu5bPFyb2QKcw8F63X6I5wLZgrO506g4WS9%2BXZHQyI%3D&amp;reserved=0\">LinkedIn<\/a> und <a href=\"https:\/\/eur03.safelinks.protection.outlook.com\/?url=https%3A%2F%2Fbsky.app%2Fprofile%2Fsap.com&amp;data=05%7C02%7Cstephanie.freise%40sap.com%7C4197a51334b344f5d2bc08ddad6ca7d8%7C42f7676cf455423c82f6dc2d99791af7%7C0%7C0%7C638857404359847322%7CUnknown%7CTWFpbGZsb3d8eyJFbXB0eU1hcGkiOnRydWUsIlYiOiIwLjAuMDAwMCIsIlAiOiJXaW4zMiIsIkFOIjoiTWFpbCIsIldUIjoyfQ%3D%3D%7C0%7C%7C%7C&amp;sdata=3fg1O3xwh8XRJ9IO6N9nVvQw6K0ifxpEIw%2FLLSrjh1Y%3D&amp;reserved=0\">Bluesky<\/a>.<\/p>\n<p><strong>Informationen zu SAP<\/strong><br \/>\nAls weltweit f\u00fchrender Anbieter von Unternehmensanwendungen und Business AI steht SAP (NYSE:SAP) an der Schnittstelle zwischen Unternehmen und Technologie. Seit \u00fcber 50 Jahren vertrauen Unternehmen auf SAP, um ihr volles Potenzial auszusch\u00f6pfen, indem sie gesch\u00e4ftskritische Abl\u00e4ufe wie Finanzwesen, Beschaffung, Personalwesen, Lieferkette und Kundenerlebnis vereinheitlichen. Weitere Informationen unter <a href=\"https:\/\/eur03.safelinks.protection.outlook.com\/?url=http%3A%2F%2Fwww.sap.ch%2F&amp;data=05%7C02%7Cstephanie.freise%40sap.com%7C4197a51334b344f5d2bc08ddad6ca7d8%7C42f7676cf455423c82f6dc2d99791af7%7C0%7C0%7C638857404359871869%7CUnknown%7CTWFpbGZsb3d8eyJFbXB0eU1hcGkiOnRydWUsIlYiOiIwLjAuMDAwMCIsIlAiOiJXaW4zMiIsIkFOIjoiTWFpbCIsIldUIjoyfQ%3D%3D%7C0%7C%7C%7C&amp;sdata=zSJ%2F2vx52MKvgNui5vny8hNkSF5a2amTCE%2B1t9keNFc%3D&amp;reserved=0\">www.sap.ch<\/a>.<\/p>\n<p># # #<\/p>\n<p>Dieses Dokument enth\u00e4lt vorausschauende Aussagen, das heisst Vorhersagen, Prognosen oder andere Aussagen zu zuk\u00fcnftigen Ereignissen. Diese Aussagen basieren auf aktuellen Erwartungen, Voraussagen und Annahmen, die Risiken und Unsicherheiten unterliegen, was dazu f\u00fchren kann, dass die tats\u00e4chlichen Ergebnisse und Resultate erheblich hiervon abweichen k\u00f6nnen. \u00a0Zus\u00e4tzliche Informationen zu diesen Risiken und Unsicherheiten finden Sie in den von uns bei der US-amerikanischen \u201eSecurities and Exchange Commission\u201c (SEC) eingereichten Unterlagen, einschliesslich, aber nicht beschr\u00e4nkt auf den Abschnitt zu den Risikofaktoren des SAP-Jahresberichts 2024\u00a0auf dem Formular 20-F.<\/p>\n<p>\u00a9 2025\u00a0SAP SE. Alle Rechte vorbehalten.<br \/>\nSAP und andere in diesem Dokument erw\u00e4hnte Produkte und Dienstleistungen von SAP sowie die dazugeh\u00f6rigen Logos sind Marken oder eingetragene Marken der SAP SE in Deutschland und anderen L\u00e4ndern. Zus\u00e4tzliche Informationen zur Marke und Vermerke finden Sie auf der Seite <a href=\"https:\/\/eur03.safelinks.protection.outlook.com\/?url=http%3A%2F%2Fwww.sap.de%2Fcopyright&amp;data=05%7C02%7Cstephanie.freise%40sap.com%7C4197a51334b344f5d2bc08ddad6ca7d8%7C42f7676cf455423c82f6dc2d99791af7%7C0%7C0%7C638857404359895170%7CUnknown%7CTWFpbGZsb3d8eyJFbXB0eU1hcGkiOnRydWUsIlYiOiIwLjAuMDAwMCIsIlAiOiJXaW4zMiIsIkFOIjoiTWFpbCIsIldUIjoyfQ%3D%3D%7C0%7C%7C%7C&amp;sdata=m5X%2FaSqYfTGm0y0GAjVuw4iAp4DJisb9yZMf%2FdSq7wU%3D&amp;reserved=0\">http:\/\/www.sap.de\/copyright<\/a>.<\/p>\n<p><strong>Hinweis an die Redaktionen<\/strong><br \/>\nF\u00fcr Pressefotos und Fernsehmaterial in hoher Aufl\u00f6sung besuchen Sie bitte unsere Plattform <a href=\"http:\/\/www.sap.com\/photos\">www.sap.com\/photos<\/a>. Dort finden Sie aktuelles sendef\u00e4higes TV-Footage-Material sowie Bilder zu Themen rund um SAP zum direkten Download.<\/p>\n<p><strong>Ansprechpartnerin f\u00fcr die Medien<\/strong><br \/>\nStephanie Freise<br \/>\nCorporate Communications &amp; Media Relations<br \/>\nSAP (Schweiz) AG<br \/>\nThe Circle<br \/>\n8058 Z\u00fcrich<br \/>\nTel. +41 58 871 67 15<br \/>\nMobil +41 79 214 45 81<br \/>\nE-Mail: <a href=\"mailto:stephanie.freise@sap.com\">stephanie.freise@sap.com<\/a><\/p>\n<p>Bitte beachten Sie unsere <a href=\"https:\/\/www.sap.com\/corporate\/de\/legal\/privacy.html\">Datenschutzbestimmungen<\/a>.\u00a0Sie m\u00f6chten keine Pressemeldungen mehr von uns bekommen? Senden Sie dazu bitte eine E-Mail an <a href=\"mailto:press@sap.com?subject=Unsubscribe\">press@sap.com<\/a> mit dem Begriff \u00abUnsubscribe\u00bb in der Betreffzeile.<\/p>\n","protected":false},"excerpt":{"rendered":"<p>SAP NEWSBYTE \u2013 17. Juni 2025 \u2013 Im Rahmen einer strategischen Partnerschaft wollen die SAP und Climeworks L\u00f6sungen zur CO2-Entnahme in die Klimaneutralit\u00e4tsstrategie der SAP&#8230;<\/p>\n","protected":false},"author":792,"featured_media":106822,"comment_status":"closed","ping_status":"closed","sticky":false,"template":"","format":"standard","meta":{"footnotes":"","_links_to":"","_links_to_target":""},"categories":[5021,45272,4976,40863],"tags":[5586664,5586666,5586663,5586665],"sapn-display":[45149,3848],"sapn-type":[4448],"class_list":["post-106821","post","type-post","status-publish","format-standard","has-post-thumbnail","hentry","category-kunden","category-losungen","category-technologie","category-unternehmen","tag-climeworks","tag-grow","tag-sap","tag-sap-s-4-hana","sapn-display-homepage-hero","sapn-display-top-stories","sapn-type-newsbyte"],"yoast_head":"<!-- This site is optimized with the Yoast SEO Premium plugin v26.9 (Yoast SEO v26.9) - https:\/\/yoast.com\/product\/yoast-seo-premium-wordpress\/ -->\n<title>SAP und Climeworks schmieden Allianz zur CO2-Reduzierung - SAP Switzerland Pressebereich<\/title>\n<meta name=\"robots\" content=\"index, follow, max-snippet:-1, max-image-preview:large, max-video-preview:-1\" \/>\n<link rel=\"canonical\" href=\"https:\/\/news.sap.com\/swiss\/2025\/06\/sap-und-climeworks-schmieden-allianz-zur-co2-reduzierung\/\" \/>\n<meta property=\"og:locale\" content=\"de_DE\" \/>\n<meta property=\"og:type\" content=\"article\" \/>\n<meta property=\"og:title\" content=\"SAP und Climeworks schmieden Allianz zur CO2-Reduzierung\" \/>\n<meta property=\"og:description\" content=\"SAP NEWSBYTE \u2013 17. Juni 2025 \u2013 Im Rahmen einer strategischen Partnerschaft wollen die SAP und Climeworks L\u00f6sungen zur CO2-Entnahme in die Klimaneutralit\u00e4tsstrategie der SAP...\" \/>\n<meta property=\"og:url\" content=\"https:\/\/news.sap.com\/swiss\/2025\/06\/sap-und-climeworks-schmieden-allianz-zur-co2-reduzierung\/\" \/>\n<meta property=\"og:site_name\" content=\"SAP Switzerland Pressebereich\" \/>\n<meta property=\"article:published_time\" content=\"2025-06-17T17:07:04+00:00\" \/>\n<meta property=\"og:image\" content=\"https:\/\/news.sap.com\/swiss\/files\/2025\/06\/17\/CW_Screenshot-2025-06-17-180058.png\" \/>\n\t<meta property=\"og:image:width\" content=\"1523\" \/>\n\t<meta property=\"og:image:height\" content=\"492\" \/>\n\t<meta property=\"og:image:type\" content=\"image\/png\" \/>\n<meta name=\"author\" content=\"Stephanie Freise\" \/>\n<meta name=\"twitter:card\" content=\"summary_large_image\" \/>\n<meta name=\"twitter:label1\" content=\"Geschrieben von\" \/>\n\t<meta name=\"twitter:data1\" content=\"Stephanie Freise\" \/>\n\t<meta name=\"twitter:label2\" content=\"Gesch\u00e4tzte Lesezeit\" \/>\n\t<meta name=\"twitter:data2\" content=\"5\u00a0Minuten\" \/>\n<script type=\"application\/ld+json\" class=\"yoast-schema-graph\">{\"@context\":\"https:\/\/schema.org\",\"@graph\":[{\"@type\":\"Article\",\"@id\":\"https:\/\/news.sap.com\/swiss\/2025\/06\/sap-und-climeworks-schmieden-allianz-zur-co2-reduzierung\/#article\",\"isPartOf\":{\"@id\":\"https:\/\/news.sap.com\/swiss\/2025\/06\/sap-und-climeworks-schmieden-allianz-zur-co2-reduzierung\/\"},\"author\":{\"name\":\"Stephanie Freise\",\"@id\":\"https:\/\/news.sap.com\/swiss\/#\/schema\/person\/dfbbadc6d655ab32202df3240202cce3\"},\"headline\":\"SAP und Climeworks schmieden Allianz zur CO2-Reduzierung\",\"datePublished\":\"2025-06-17T17:07:04+00:00\",\"mainEntityOfPage\":{\"@id\":\"https:\/\/news.sap.com\/swiss\/2025\/06\/sap-und-climeworks-schmieden-allianz-zur-co2-reduzierung\/\"},\"wordCount\":937,\"image\":{\"@id\":\"https:\/\/news.sap.com\/swiss\/2025\/06\/sap-und-climeworks-schmieden-allianz-zur-co2-reduzierung\/#primaryimage\"},\"thumbnailUrl\":\"https:\/\/news.sap.com\/swiss\/files\/2025\/06\/17\/CW_Screenshot-2025-06-17-180058.png\",\"keywords\":[\"Climeworks\",\"GROW\",\"SAP\",\"SAP S\/4 HANA\"],\"articleSection\":[\"Kunden\",\"L\u00f6sungen\",\"Technologie\",\"Unternehmen\"],\"inLanguage\":\"de-CH\"},{\"@type\":\"WebPage\",\"@id\":\"https:\/\/news.sap.com\/swiss\/2025\/06\/sap-und-climeworks-schmieden-allianz-zur-co2-reduzierung\/\",\"url\":\"https:\/\/news.sap.com\/swiss\/2025\/06\/sap-und-climeworks-schmieden-allianz-zur-co2-reduzierung\/\",\"name\":\"SAP und Climeworks schmieden Allianz zur CO2-Reduzierung - SAP Switzerland Pressebereich\",\"isPartOf\":{\"@id\":\"https:\/\/news.sap.com\/swiss\/#website\"},\"primaryImageOfPage\":{\"@id\":\"https:\/\/news.sap.com\/swiss\/2025\/06\/sap-und-climeworks-schmieden-allianz-zur-co2-reduzierung\/#primaryimage\"},\"image\":{\"@id\":\"https:\/\/news.sap.com\/swiss\/2025\/06\/sap-und-climeworks-schmieden-allianz-zur-co2-reduzierung\/#primaryimage\"},\"thumbnailUrl\":\"https:\/\/news.sap.com\/swiss\/files\/2025\/06\/17\/CW_Screenshot-2025-06-17-180058.png\",\"datePublished\":\"2025-06-17T17:07:04+00:00\",\"author\":{\"@id\":\"https:\/\/news.sap.com\/swiss\/#\/schema\/person\/dfbbadc6d655ab32202df3240202cce3\"},\"breadcrumb\":{\"@id\":\"https:\/\/news.sap.com\/swiss\/2025\/06\/sap-und-climeworks-schmieden-allianz-zur-co2-reduzierung\/#breadcrumb\"},\"inLanguage\":\"de-CH\",\"potentialAction\":[{\"@type\":\"ReadAction\",\"target\":[\"https:\/\/news.sap.com\/swiss\/2025\/06\/sap-und-climeworks-schmieden-allianz-zur-co2-reduzierung\/\"]}]},{\"@type\":\"ImageObject\",\"inLanguage\":\"de-CH\",\"@id\":\"https:\/\/news.sap.com\/swiss\/2025\/06\/sap-und-climeworks-schmieden-allianz-zur-co2-reduzierung\/#primaryimage\",\"url\":\"https:\/\/news.sap.com\/swiss\/files\/2025\/06\/17\/CW_Screenshot-2025-06-17-180058.png\",\"contentUrl\":\"https:\/\/news.sap.com\/swiss\/files\/2025\/06\/17\/CW_Screenshot-2025-06-17-180058.png\",\"width\":1523,\"height\":492},{\"@type\":\"BreadcrumbList\",\"@id\":\"https:\/\/news.sap.com\/swiss\/2025\/06\/sap-und-climeworks-schmieden-allianz-zur-co2-reduzierung\/#breadcrumb\",\"itemListElement\":[{\"@type\":\"ListItem\",\"position\":1,\"name\":\"Home\",\"item\":\"https:\/\/news.sap.com\/swiss\/\"},{\"@type\":\"ListItem\",\"position\":2,\"name\":\"SAP und Climeworks schmieden Allianz zur CO2-Reduzierung\"}]},{\"@type\":\"WebSite\",\"@id\":\"https:\/\/news.sap.com\/swiss\/#website\",\"url\":\"https:\/\/news.sap.com\/swiss\/\",\"name\":\"SAP Switzerland Pressebereich\",\"description\":\"Pressemitteilungen | SAP Switzerland\",\"potentialAction\":[{\"@type\":\"SearchAction\",\"target\":{\"@type\":\"EntryPoint\",\"urlTemplate\":\"https:\/\/news.sap.com\/swiss\/?s={search_term_string}\"},\"query-input\":{\"@type\":\"PropertyValueSpecification\",\"valueRequired\":true,\"valueName\":\"search_term_string\"}}],\"inLanguage\":\"de-CH\"},{\"@type\":\"Person\",\"@id\":\"https:\/\/news.sap.com\/swiss\/#\/schema\/person\/dfbbadc6d655ab32202df3240202cce3\",\"name\":\"Stephanie Freise\",\"image\":{\"@type\":\"ImageObject\",\"inLanguage\":\"de-CH\",\"@id\":\"https:\/\/news.sap.com\/swiss\/#\/schema\/person\/image\/\",\"url\":\"https:\/\/news.sap.com\/swiss\/wp-content\/plugins\/wp-user-avatars\/wp-user-avatars\/assets\/images\/mystery.jpg\",\"contentUrl\":\"https:\/\/news.sap.com\/swiss\/wp-content\/plugins\/wp-user-avatars\/wp-user-avatars\/assets\/images\/mystery.jpg\",\"caption\":\"Stephanie Freise\"},\"url\":\"https:\/\/news.sap.com\/swiss\/author\/stephaniefreise\/\"}]}<\/script>\n<!-- \/ Yoast SEO Premium plugin. -->","yoast_head_json":{"title":"SAP und Climeworks schmieden Allianz zur CO2-Reduzierung - SAP Switzerland Pressebereich","robots":{"index":"index","follow":"follow","max-snippet":"max-snippet:-1","max-image-preview":"max-image-preview:large","max-video-preview":"max-video-preview:-1"},"canonical":"https:\/\/news.sap.com\/swiss\/2025\/06\/sap-und-climeworks-schmieden-allianz-zur-co2-reduzierung\/","og_locale":"de_DE","og_type":"article","og_title":"SAP und Climeworks schmieden Allianz zur CO2-Reduzierung","og_description":"SAP NEWSBYTE \u2013 17. Juni 2025 \u2013 Im Rahmen einer strategischen Partnerschaft wollen die SAP und Climeworks L\u00f6sungen zur CO2-Entnahme in die Klimaneutralit\u00e4tsstrategie der SAP...","og_url":"https:\/\/news.sap.com\/swiss\/2025\/06\/sap-und-climeworks-schmieden-allianz-zur-co2-reduzierung\/","og_site_name":"SAP Switzerland Pressebereich","article_published_time":"2025-06-17T17:07:04+00:00","og_image":[{"width":1523,"height":492,"url":"https:\/\/news.sap.com\/swiss\/files\/2025\/06\/17\/CW_Screenshot-2025-06-17-180058.png","type":"image\/png"}],"author":"Stephanie Freise","twitter_card":"summary_large_image","twitter_misc":{"Geschrieben von":"Stephanie Freise","Gesch\u00e4tzte Lesezeit":"5\u00a0Minuten"},"schema":{"@context":"https:\/\/schema.org","@graph":[{"@type":"Article","@id":"https:\/\/news.sap.com\/swiss\/2025\/06\/sap-und-climeworks-schmieden-allianz-zur-co2-reduzierung\/#article","isPartOf":{"@id":"https:\/\/news.sap.com\/swiss\/2025\/06\/sap-und-climeworks-schmieden-allianz-zur-co2-reduzierung\/"},"author":{"name":"Stephanie Freise","@id":"https:\/\/news.sap.com\/swiss\/#\/schema\/person\/dfbbadc6d655ab32202df3240202cce3"},"headline":"SAP und Climeworks schmieden Allianz zur CO2-Reduzierung","datePublished":"2025-06-17T17:07:04+00:00","mainEntityOfPage":{"@id":"https:\/\/news.sap.com\/swiss\/2025\/06\/sap-und-climeworks-schmieden-allianz-zur-co2-reduzierung\/"},"wordCount":937,"image":{"@id":"https:\/\/news.sap.com\/swiss\/2025\/06\/sap-und-climeworks-schmieden-allianz-zur-co2-reduzierung\/#primaryimage"},"thumbnailUrl":"https:\/\/news.sap.com\/swiss\/files\/2025\/06\/17\/CW_Screenshot-2025-06-17-180058.png","keywords":["Climeworks","GROW","SAP","SAP S\/4 HANA"],"articleSection":["Kunden","L\u00f6sungen","Technologie","Unternehmen"],"inLanguage":"de-CH"},{"@type":"WebPage","@id":"https:\/\/news.sap.com\/swiss\/2025\/06\/sap-und-climeworks-schmieden-allianz-zur-co2-reduzierung\/","url":"https:\/\/news.sap.com\/swiss\/2025\/06\/sap-und-climeworks-schmieden-allianz-zur-co2-reduzierung\/","name":"SAP und Climeworks schmieden Allianz zur CO2-Reduzierung - SAP Switzerland Pressebereich","isPartOf":{"@id":"https:\/\/news.sap.com\/swiss\/#website"},"primaryImageOfPage":{"@id":"https:\/\/news.sap.com\/swiss\/2025\/06\/sap-und-climeworks-schmieden-allianz-zur-co2-reduzierung\/#primaryimage"},"image":{"@id":"https:\/\/news.sap.com\/swiss\/2025\/06\/sap-und-climeworks-schmieden-allianz-zur-co2-reduzierung\/#primaryimage"},"thumbnailUrl":"https:\/\/news.sap.com\/swiss\/files\/2025\/06\/17\/CW_Screenshot-2025-06-17-180058.png","datePublished":"2025-06-17T17:07:04+00:00","author":{"@id":"https:\/\/news.sap.com\/swiss\/#\/schema\/person\/dfbbadc6d655ab32202df3240202cce3"},"breadcrumb":{"@id":"https:\/\/news.sap.com\/swiss\/2025\/06\/sap-und-climeworks-schmieden-allianz-zur-co2-reduzierung\/#breadcrumb"},"inLanguage":"de-CH","potentialAction":[{"@type":"ReadAction","target":["https:\/\/news.sap.com\/swiss\/2025\/06\/sap-und-climeworks-schmieden-allianz-zur-co2-reduzierung\/"]}]},{"@type":"ImageObject","inLanguage":"de-CH","@id":"https:\/\/news.sap.com\/swiss\/2025\/06\/sap-und-climeworks-schmieden-allianz-zur-co2-reduzierung\/#primaryimage","url":"https:\/\/news.sap.com\/swiss\/files\/2025\/06\/17\/CW_Screenshot-2025-06-17-180058.png","contentUrl":"https:\/\/news.sap.com\/swiss\/files\/2025\/06\/17\/CW_Screenshot-2025-06-17-180058.png","width":1523,"height":492},{"@type":"BreadcrumbList","@id":"https:\/\/news.sap.com\/swiss\/2025\/06\/sap-und-climeworks-schmieden-allianz-zur-co2-reduzierung\/#breadcrumb","itemListElement":[{"@type":"ListItem","position":1,"name":"Home","item":"https:\/\/news.sap.com\/swiss\/"},{"@type":"ListItem","position":2,"name":"SAP und Climeworks schmieden Allianz zur CO2-Reduzierung"}]},{"@type":"WebSite","@id":"https:\/\/news.sap.com\/swiss\/#website","url":"https:\/\/news.sap.com\/swiss\/","name":"SAP Switzerland Pressebereich","description":"Pressemitteilungen | SAP Switzerland","potentialAction":[{"@type":"SearchAction","target":{"@type":"EntryPoint","urlTemplate":"https:\/\/news.sap.com\/swiss\/?s={search_term_string}"},"query-input":{"@type":"PropertyValueSpecification","valueRequired":true,"valueName":"search_term_string"}}],"inLanguage":"de-CH"},{"@type":"Person","@id":"https:\/\/news.sap.com\/swiss\/#\/schema\/person\/dfbbadc6d655ab32202df3240202cce3","name":"Stephanie Freise","image":{"@type":"ImageObject","inLanguage":"de-CH","@id":"https:\/\/news.sap.com\/swiss\/#\/schema\/person\/image\/","url":"https:\/\/news.sap.com\/swiss\/wp-content\/plugins\/wp-user-avatars\/wp-user-avatars\/assets\/images\/mystery.jpg","contentUrl":"https:\/\/news.sap.com\/swiss\/wp-content\/plugins\/wp-user-avatars\/wp-user-avatars\/assets\/images\/mystery.jpg","caption":"Stephanie Freise"},"url":"https:\/\/news.sap.com\/swiss\/author\/stephaniefreise\/"}]}},"amp_enabled":true,"_links":{"self":[{"href":"https:\/\/news.sap.com\/swiss\/wp-json\/wp\/v2\/posts\/106821","targetHints":{"allow":["GET"]}}],"collection":[{"href":"https:\/\/news.sap.com\/swiss\/wp-json\/wp\/v2\/posts"}],"about":[{"href":"https:\/\/news.sap.com\/swiss\/wp-json\/wp\/v2\/types\/post"}],"author":[{"embeddable":true,"href":"https:\/\/news.sap.com\/swiss\/wp-json\/wp\/v2\/users\/792"}],"replies":[{"embeddable":true,"href":"https:\/\/news.sap.com\/swiss\/wp-json\/wp\/v2\/comments?post=106821"}],"version-history":[{"count":0,"href":"https:\/\/news.sap.com\/swiss\/wp-json\/wp\/v2\/posts\/106821\/revisions"}],"wp:featuredmedia":[{"embeddable":true,"href":"https:\/\/news.sap.com\/swiss\/wp-json\/wp\/v2\/media\/106822"}],"wp:attachment":[{"href":"https:\/\/news.sap.com\/swiss\/wp-json\/wp\/v2\/media?parent=106821"}],"wp:term":[{"taxonomy":"category","embeddable":true,"href":"https:\/\/news.sap.com\/swiss\/wp-json\/wp\/v2\/categories?post=106821"},{"taxonomy":"post_tag","embeddable":true,"href":"https:\/\/news.sap.com\/swiss\/wp-json\/wp\/v2\/tags?post=106821"},{"taxonomy":"sapn-display","embeddable":true,"href":"https:\/\/news.sap.com\/swiss\/wp-json\/wp\/v2\/sapn-display?post=106821"},{"taxonomy":"sapn-type","embeddable":true,"href":"https:\/\/news.sap.com\/swiss\/wp-json\/wp\/v2\/sapn-type?post=106821"}],"curies":[{"name":"wp","href":"https:\/\/api.w.org\/{rel}","templated":true}]}}