{"id":1356,"date":"2023-08-04T12:46:32","date_gmt":"2023-08-04T12:46:32","guid":{"rendered":"https:\/\/news.sap.com\/turkey\/?p=1356"},"modified":"2024-08-20T15:15:11","modified_gmt":"2024-08-20T15:15:11","slug":"is-dunyasi-profesyonelleri-sap-business-transformation-tour-etkinligi-turkiye-etabinda-bir-araya-geldi","status":"publish","type":"post","link":"https:\/\/news.sap.com\/turkey\/2023\/08\/is-dunyasi-profesyonelleri-sap-business-transformation-tour-etkinligi-turkiye-etabinda-bir-araya-geldi\/","title":{"rendered":"\u0130\u015f d\u00fcnyas\u0131 profesyonelleri, \u201cSAP &#8220;Business Transformation Tour etkinli\u011fi T\u00fcrkiye etab\u0131nda bir araya geldi."},"content":{"rendered":"<p style=\"text-align: left\"><strong>SAP T\u00fcrkiye Genel M\u00fcd\u00fcr\u00fc U\u011fur Candan: <\/strong><strong>Sistemimiz \u00fc\u00e7 bile\u015fenden olu\u015fuyor: \u201cTeknoloji, S\u00fcre\u00e7, \u0130nsan\u201d<\/strong><\/p>\n<p class=\"Body\" style=\"text-align: left\" align=\"center\"><b><i><span style=\"font-size: 13.0pt;font-family: 'Calibri',sans-serif\">SAP T\u00fcrkiye taraf\u0131ndan Intel sponsorlu\u011funda <\/span><\/i><\/b><b><i><span style=\"font-family: 'Calibri',sans-serif\">(10 May\u0131s \u00c7ar\u015famba g\u00fcn\u00fc)<\/span><\/i><\/b><b><i><span style=\"font-size: 13.0pt;font-family: 'Calibri',sans-serif\"> d\u00fczenlenen ve sunuculu\u011funu Oylum Talu\u2019nun \u00fcstlendi\u011fi etkinlikte, i\u015fletmelerin <u>daha esnek, daha \u00e7evik, ak\u0131ll\u0131 ve s\u00fcrd\u00fcr\u00fclebilir hale gelmesinde teknolojinin nas\u0131l \u00f6nemli bir rol<\/u> oynad\u0131\u011f\u0131na de\u011finilerek, farkl\u0131 sekt\u00f6rlerden ba\u015far\u0131 hikayeleri ve SAP\u2019nin en g\u00fcncel ve \u00fcr\u00fcn ve inovasyonlar\u0131 anlat\u0131ld\u0131.<\/span><\/i><\/b><\/p>\n<p><strong>\u201c\u0130skele alabanda\u201d<\/strong><\/p>\n<p>Denizcilik ve yelken konseptiyle ger\u00e7ekle\u015fen ve SAP T\u00fcrkiye\u00a0taraf\u0131ndan, Intel sponsorlu\u011funda \u0130stanbul&#8217;da d\u00fczenlenen \u201cSAP Transformation Business Tour\u201d etkinli\u011finin a\u00e7\u0131l\u0131\u015f\u0131n\u0131 <strong>SAP T\u00fcrkiye Genel M\u00fcd\u00fcr\u00fc U\u011fur Candan<\/strong> yapt\u0131. Candan, \u201c\u0130skele Alabanda\u201d ba\u015fl\u0131kl\u0131 konu\u015fmas\u0131nda \u201c2024 y\u0131l\u0131nda, on \u00e7al\u0131\u015fandan biri, devasa uygulamalar\u0131 ve teknolojik \u00fcr\u00fcnleri geli\u015ftirebilecek imkana sahip olacak. No-code\/low-code\u2019dan co-code\u2019a ge\u00e7ilecek!\u201d diyerek \u201cSAP olarak art\u0131k \u00e7ok uzun s\u00fcreler harcanarak yap\u0131lan i\u015fleri saatlere indirebildi\u011fimiz bir\u00e7ok yeni \u00fcr\u00fcne sahibiz. Teknoloji s\u00fcre\u00e7leri \u00e7ok yak\u0131nda, IT uzmanl\u0131\u011f\u0131 ve yetkinli\u011fi olmayanlar\u0131n bile bir tu\u015fa basarak ger\u00e7ekle\u015febilecek a\u015famaya gelecek.\u201d s\u00f6zleriyle tamamlad\u0131.<\/p>\n<p><strong>\u201cKarl\u0131 olmak kadar s\u00fcrd\u00fcr\u00fclebilir olmay\u0131 da istemeliyiz\u201d<\/strong><\/p>\n<p><strong>SAP Ama\u00e7 ve S\u00fcrd\u00fcr\u00fclebilirlik Global Direkt\u00f6r\u00fc Dr. Erdem Aksakal <\/strong>da \u201cDe\u011fi\u015fim, D\u00f6n\u00fc\u015f\u00fcm, S\u00fcrd\u00fcr\u00fclebilirlik\u201d ba\u015fl\u0131\u011f\u0131nda yapt\u0131\u011f\u0131 konu\u015fmada, SAP\u2019nin s\u00fcrd\u00fcr\u00fclebilirlik yakla\u015f\u0131m\u0131ndan s\u00f6z ederek \u201cBizler ancak i\u015fimizin \u00f6z\u00fcn\u00fc, ana g\u00f6vdesini s\u00fcrd\u00fcr\u00fclebilir yaparsak o zaman bu amaca ger\u00e7ekten hizmet etmi\u015f oluruz. SAP\u2019nin ilk zamanlardaki vizyonu, her \u015firketin ak\u0131ll\u0131 i\u015fletme olmas\u0131 iken, ge\u00e7ti\u011fimiz y\u0131l itibari ile bu s\u00f6ylem ak\u0131ll\u0131 ve s\u00fcrd\u00fcr\u00fclebilir i\u015fletme olarak de\u011fi\u015fti.\u201d dedi.<\/p>\n<p><strong>SAP T\u00fcrkiye K\u0131demli \u00c7\u00f6z\u00fcm Sat\u0131\u015f Y\u00f6neticisi R\u0131fat \u00c7akmak<\/strong> ile \u201cDerin Denizlerin Ka\u015fifleri\u201d ba\u015fl\u0131kl\u0131 panelde konu\u015fan <strong>Martur Fompak International Ak\u0131ll\u0131 Teknolojiler K\u0131demli Direkt\u00f6r\u00fc \u00d6zlem Alt\u0131n\u0131\u015f\u0131k<\/strong> ise \u201cDe\u011fi\u015fime, d\u00f6n\u00fc\u015f\u00fcme y\u00f6n vermek, biraz \u00f6nc\u00fc olabilmek teknoloji liderlerinin t\u00fcm\u00fc i\u00e7in en \u00f6nemli g\u00f6revlerden biri. Ya\u015fanan dalgalanmalarla teknoloji sayesinde ba\u015f edebiliriz. Son y\u0131llarda bize, ak\u0131ll\u0131 Martur Fompak olmak yetmedi, s\u00fcrd\u00fcr\u00fclebilir de olmak istedik. Hem ak\u0131ll\u0131 teknolojiler alan\u0131nda hem de s\u00fcrd\u00fcr\u00fclebilirlik alan\u0131nda yenilik\u00e7i projeler yaratmak \u00fczerinde gayret i\u00e7erisindeyiz.\u201d diyerek, SAP\u2019nin yeni vizyonuyla hareket ettiklerini vurgulad\u0131.<\/p>\n<p><strong>SAP EMEA G\u00fcney B\u00f6lge, RISE with SAP \u00c7\u00f6z\u00fcm Y\u00f6neticisi P\u0131nar Aksulu<\/strong>\u2019nun moderat\u00f6rl\u00fc\u011f\u00fcnde ger\u00e7ekle\u015fen \u2018D\u00f6n\u00fc\u015f\u00fcm\u00fcn Seyir Defteri\u2019 isimli panelde konu\u015fan <strong>Y\u0131ld\u0131r\u0131m Grubu \u0130\u015f Sistemleri Direkt\u00f6r\u00fc Murat Dericio\u011flu<\/strong>, pandemiyle birlikte i\u015f s\u00fcre\u00e7lerinde konulara bak\u0131\u015f a\u00e7\u0131lar\u0131 ve d\u00fc\u015f\u00fcnme \u015fekillerinin de\u011fi\u015fti\u011fine dikkat \u00e7ekerek, yeni teknolojilere \u00e7ok h\u0131zl\u0131 uyum sa\u011flad\u0131klar\u0131n\u0131, hatta SAP ile bile uzaktan \u00e7al\u0131\u015fabildiklerini belirtti.<\/p>\n<p>Dericio\u011flu \u201cY\u0131ld\u0131r\u0131m Grubu olarak limanc\u0131l\u0131k, g\u00fcbre \u00fcretimi ve madencilik sekt\u00f6r\u00fcnde faaliyet g\u00f6steriyor ve t\u00fcm bu sekt\u00f6rlerde yeni teknolojileri \u00e7ok yo\u011fun olarak kullan\u0131yoruz. SAP ile var olan i\u015f birli\u011fimizden \u00e7ok memnunuz.<\/p>\n<p>Bundan bir y\u0131l \u00f6nce t\u00fcm i\u015f gruplar\u0131m\u0131z ayn\u0131 sistem \u00fczerindeydi ama bu 3 grubun t\u00fcm i\u015f isterleri ve teknoloji gereksinimleri \u00e7ok farkl\u0131yd\u0131. Bu nedenle bir ayr\u0131\u015ft\u0131rma projesi yapmaya karar verdik. B\u00f6ylece bu 3 grubun da bundan sonraki i\u015fleyi\u015fleri 3 farkl\u0131 kanal \u00fczerinde devam edecekti. Proje iki k\u0131s\u0131mdan olu\u015fuyordu, ilk proje SAP Hana Enterprise Cloud (HEC) taraf\u0131nda kurulumlar ile 3 grubun da ayr\u0131 birer kurulum haline gelmeleriydi. \u015eu an itibariyle hepsinin kendi teknoloji isterlerini ve kendi duru\u015flar\u0131n\u0131 kar\u015f\u0131lar hale getirdik.<\/p>\n<p>\u0130kinci k\u0131s\u0131mda ise, SAP Almanya m\u00fchendislerinin de kat\u0131l\u0131m\u0131yla \u015firket kodlar\u0131n\u0131n ayr\u0131\u015ft\u0131r\u0131lmas\u0131na \u00f6zel tasarlam\u0131\u015f oldu\u011fu ara\u00e7lar\u0131 kullanarak bir proje ger\u00e7ekle\u015ftirdik. Bu proje ger\u00e7ekle\u015firken asl\u0131nda kurumlara b\u00fcy\u00fck bir efor ve mesai gerektiriyor. Ama biz bunu SAP ile haftalar mertebesinde ger\u00e7ekle\u015ftirdik. Liman taraf\u0131nda kulland\u0131\u011f\u0131m\u0131z SAP BRIM (Billing and Revenue Innovation Management) sayesinde de faturaland\u0131rma performans\u0131m\u0131z ciddi bir art\u0131\u015f g\u00f6sterdi. B\u00f6ylece hizmetlerimizde kesintisiz s\u00fcreklili\u011fimiz devam ediyor. Sat\u0131n almalarla b\u00fcy\u00fcyen bir yap\u0131 oldu\u011fumuz i\u00e7in, \u00e7ok farkl\u0131 \u00fclkelerde ihtiya\u00e7lar\u0131m\u0131z do\u011fabiliyor. Bu durumlarda da i\u015f orta\u011f\u0131m\u0131z SAP\u2019ye d\u00f6nd\u00fc\u011f\u00fcm\u00fczde bunu yine RISE with SAP ile bize haftalar mertebesinde sa\u011flayabiliyorlar.\u201d<\/p>\n<p><strong>Anadolu Efes Grup Bilgi ve Dijital \u00c7\u00f6z\u00fcmler Direkt\u00f6r\u00fc Murat \u00d6zkan<\/strong> ise, faaliyet g\u00f6sterdikleri sekt\u00f6rdeki liderliklerini ancak dijital d\u00f6n\u00fc\u015f\u00fcmlerini tamamlayarak s\u00fcrd\u00fcrebileceklerini d\u00fc\u015f\u00fcnerek SAP ile yapt\u0131klar\u0131 i\u015f birli\u011finden s\u00f6z ederek yelken konseptinden \u00f6rnekle a\u00e7\u0131klad\u0131: \u201cYelkeniniz var, hedef belli, \u00e7\u0131k\u0131\u015f noktan\u0131z belli ama bu yeterli de\u011fil. Yola \u00e7\u0131kabilmeniz i\u00e7in bir tak\u0131m laz\u0131m, bu yolculukta size inanan sizinle olacak, o yelkeni sizinle beraber hareket ettirecek stratejik bir i\u015f orta\u011f\u0131na ihtiyac\u0131n\u0131z var. Bu yolculuk s\u0131ras\u0131nda kaos \u00e7\u0131kabilir, zamanla yar\u0131\u015fmak gibi durumlar olu\u015fabilir.<\/p>\n<p>Biz bu yolculukta bize inanan, bizimle yola \u00e7\u0131kacak firma olarak SAP ile bulu\u015ftuk ve rotam\u0131z\u0131 \u00e7izdik. \u00d6nce T\u00fcrkiye\u2019de ba\u015flayan yolculu\u011fumuzu \u015fu an 4 \u00fclkede y\u00fcr\u00fct\u00fcyoruz. B\u00f6ylece de\u011fi\u015fen d\u00fcnyaya uyum sa\u011flad\u0131k ve g\u00f6rd\u00fck ki esas\u0131nda insanlar her t\u00fcrl\u00fc zorlu\u011fa uyum sa\u011flayabiliyor. Yeter ki siz r\u00fczgar\u0131 arkan\u0131za al\u0131n ve yan\u0131n\u0131zdaki ekip sizinle ayn\u0131 yolda y\u00fcr\u00fcmeye inan\u00e7l\u0131 olsun. Biz bu yolculu\u011fun sonunda her \u015fey sadece sistem \u00fczerinde ilerlesin istiyoruz. Bu noktada da hedefimiz 2023 sonunda tamamen buluta ge\u00e7mek. Bu sadece T\u00fcrkiye i\u00e7in de\u011fil global yap\u0131m\u0131z i\u00e7in ge\u00e7erli. Buradaki tercihimiz de RISE with SAP oldu. Bu bize deneyimlerimizi farkl\u0131la\u015ft\u0131rma, i\u015f yapma \u015fekillerimizin de\u011fi\u015fmesini sa\u011fl\u0131yor hatta RISE\u2019a adapte olarak as\u0131l i\u015fimize daha fazla nas\u0131l katk\u0131 sa\u011flayaca\u011f\u0131m\u0131za odaklanma imkan\u0131m\u0131z oluyor.\u201d dedi.<\/p>\n<p><strong>P\u0131nar Aksulu<\/strong>\u2019nun panelin konu\u015fmac\u0131lar\u0131ndan<strong> Unifree Duty Free Bilgi Teknolojileri Direkt\u00f6r\u00fc Osman Ayhan<\/strong>\u2019a \u201cSizin denizinizin \u00fcst\u00fcnde hi\u00e7 g\u00fcne\u015f batm\u0131yor, 7\/24 inan\u0131lmaz bir talep var. Sizi bu kadar heyecanl\u0131 denizlerden, okyanusa a\u00e7\u0131lmaya iten nedir?\u201d diye y\u00f6neltti\u011fi soruyu, Ayhan \u015f\u00f6yle yan\u0131tlad\u0131: \u201cTeknoloji departman\u0131 olarak bizlerin iki temel g\u00f6revi oluyor. \u0130lki i\u015f birimimize katma de\u011ferli \u00e7\u00f6z\u00fcmler \u00fcretmek, ikincisi kesintisizli\u011fi s\u00fcrekli hedefimiz halinde tutarak bunun oda\u011f\u0131 ile ilerlemek. Biz bunlar\u0131 yapt\u0131\u011f\u0131m\u0131zda sorunsuz \u00e7al\u0131\u015facak t\u00fcm birimlerimiz ile m\u00fc\u015fterilerimize \u00fcst\u00fcn bir memnuniyet duygusu ya\u015fatabiliriz.<\/p>\n<p>Bunun i\u00e7in ge\u00e7ti\u011fimiz y\u0131l Mart ay\u0131nda <strong>RISE with SAP<\/strong> yolculu\u011fumuza \u00e7\u0131kmaya karar verdik ve gemimizi biraz daha \u0131l\u0131man iklimlerden r\u00fczgar\u0131n sert oldu\u011fu denizlere de\u011fil bulut denizlerine s\u00fcrmeye karar verdik. Bu zor bir yolculuk ama zorun zaferi daha k\u0131ymetli. Oda\u011f\u0131m\u0131z art\u0131k altyap\u0131da de\u011fil ona bizim i\u00e7in bakan bir bulut ekosistemi var. Kesintisizli\u011fimize ba\u011fl\u0131l\u0131\u011f\u0131m\u0131z devam ediyor. Biz ise i\u015f birimlerimizle beraber yeni denizlere yelken a\u00e7\u0131yoruz.\u201d<\/p>\n<p>Moderat\u00f6rl\u00fc\u011f\u00fcn\u00fc <strong>SAP T\u00fcrkiye Tedarik Zinciri \u00c7\u00f6z\u00fcmleri Y\u00f6neticisi Engin Erg\u00f6r<\/strong>\u2019\u00fcn yapt\u0131\u011f\u0131 <strong>\u201cR\u00fczgara G\u00f6re Yelken A\u00e7mak\u201d<\/strong> panelinde konu\u015fan <strong>Norm Holding CIO\u2019su ve Norm Digital Genel M\u00fcd\u00fcr\u00fc Erkan Yeni\u00e7are<\/strong>, teknoloji t\u00fcketen konumundan ayn\u0131 zamanda teknoloji \u00fcreten konumuna ge\u00e7erek kurduklar\u0131 teknoloji \u015firketi Norm Digital\u2019in 1 y\u0131l i\u00e7erisinde \u00e7ok h\u0131zl\u0131 b\u00fcy\u00fcyerek 40 m\u00fc\u015fteriye ula\u015ft\u0131\u011f\u0131n\u0131 ifade etti. Ayn\u0131 zamanda \u00e7ok k\u0131sa bir s\u00fcrede \u201cBuluta do\u011fan ilk T\u00fcrk Partner\u201d tan\u0131m\u0131yla SAP i\u015f orta\u011f\u0131 olduklar\u0131na vurgu yapan Yeni\u00e7are, sekt\u00f6r\u00fcn\u00fcn a\u00e7\u0131k ara lideri ve global otomotiv sekt\u00f6r\u00fc \u00fcreticisi Norm Holding\u2019teki IBP, PPDS gibi SAP uygulamalar\u0131n\u0131n kullan\u0131m\u0131n\u0131n artmas\u0131 ile global \u00e7aptaki tedarik zinciri k\u0131r\u0131lganl\u0131klar\u0131n\u0131n y\u00f6netiminde \u00f6nemli a\u015famalar kaydettiklerini belirtti. Erkan Yeni\u00e7are, \u201cTeknolojiyi m\u00fc\u015fteriye de\u011fer yaratmak i\u00e7in kullan\u0131yorsan\u0131z do\u011fru yoldas\u0131n\u0131zd\u0131r. Organizasyon de\u011fi\u015fimi i\u00e7in do\u011fru soruyu sormak \u00f6nemli. Her organizasyonun kendi dinami\u011fi ve k\u00fclt\u00fcr\u00fc var.\u201d s\u00f6zleriyle de kendi yakla\u015f\u0131mlar\u0131n\u0131 \u00f6zetledi.<\/p>\n<p>Panelistlerden <strong>Cargill Tar\u0131m ve G\u0131da<\/strong> <strong>Global Tedarik Zinciri M\u00fckemmellik Merkezi Direkt\u00f6r\u00fc O\u011fuzhan Yavuz<\/strong> da \u201cBakt\u0131\u011f\u0131n\u0131z zaman her \u015firketin bir misyonu var, bizim de ba\u011fl\u0131 oldu\u011fumuz varl\u0131k sebebimiz d\u00fcnyay\u0131 s\u00fcrd\u00fcr\u00fclebilir, g\u00fcvenilebilir bir \u015fekilde ve sorumluluk bilinciyle beslemek. Biz insanlara yat\u0131r\u0131m yap\u0131yoruz ve insanlara, m\u00fc\u015fterilere, \u00e7ekirde\u011fe odaklan\u0131yoruz. Yapt\u0131\u011f\u0131m\u0131z i\u015fi m\u00fc\u015fteriye teslim edebiliyorsak b\u00fcy\u00fcyoruz.\u201d diyerek, Cargill\u2019in y\u00f6netim anlay\u0131\u015f\u0131n\u0131 aktard\u0131.<\/p>\n<p><strong>SAP EMEA G\u00fcney B\u00f6lge RISE with SAP (COO) Operasyon Y\u00f6neticisi \u00d6zg\u00fcr Odaba\u015f\u0131o\u011flu, \u201cB\u00fcy\u00fck Dalgalarda Surf\u201d<\/strong> ba\u015fl\u0131kl\u0131 sunumunda, s\u00fcrd\u00fcr\u00fclebilirli\u011fin art\u0131k hayat\u0131m\u0131z\u0131n en \u00f6nemli ger\u00e7eklerinden biri oldu\u011funa dikkat \u00e7ekerek, \u015firketlerin karl\u0131l\u0131k ve s\u00fcrd\u00fcr\u00fclebilirlik aras\u0131nda bir tercih yapmamalar\u0131 gerekti\u011fini belirtti. Odaba\u015f\u0131o\u011flu bu konudaki \u00f6rne\u011fini de \u201cR\u00fczgarlar sertle\u015fince dalgalar b\u00fcy\u00fcd\u00fc. Bu dalgalar bizi alabora da edebilir, lehimize de \u00e7al\u0131\u015fabilir.\u201d s\u00f6zleriyle vererek <strong>RISE with SAP<\/strong> i\u015f birli\u011fi modelinden bahsetti: \u201cRise\u2019\u0131 farkl\u0131 k\u0131lan, s\u00fcrekli de\u011fi\u015fim ve d\u00f6n\u00fc\u015f\u00fcm. Bu \u00e7\u00f6z\u00fcm\u00fc konumland\u0131rd\u0131\u011f\u0131m\u0131z \u015firketler de s\u00fcre\u00e7lerini iyile\u015ftirmeyi \u00f6nemseyenlerden olu\u015fuyor. \u015eirketlerin bu iyile\u015ftirmeyi yapabilmesi i\u00e7in yal\u0131nla\u015fmas\u0131 \u00f6nemli. Yal\u0131nla\u015farak ve odaklanarak bu dalgalar\u0131 lehine \u00e7evirebilirler.\u201d<\/p>\n<p>G\u00fcvenlik konusuna da de\u011finilen etkinlikte <strong>\u201c\u00d6nce G\u00fcvenlik\u201d <\/strong>ba\u015fl\u0131\u011f\u0131nda ger\u00e7ekle\u015fen panelin moderat\u00f6rl\u00fc\u011f\u00fcn\u00fc <strong>Zorlu Holding CIO\u2019su Murat Zeren<\/strong> \u00fcstlendi ve panel a\u00e7\u0131l\u0131\u015f\u0131n\u0131; bulut \u00e7\u00f6z\u00fcmlerinin her zaman g\u00fcndemde oldu\u011fu ancak bu konudaki reg\u00fclasyonlar\u0131n \u00e7ok iyi takip edilmesi gerekti\u011fine vurgu yaparak ger\u00e7ekle\u015ftirdi. Zeren, panelistlerden <strong>BTS &amp; Partner Kurucu ve Y\u00f6netici Orta\u011f\u0131 Yasin Beceni<\/strong>\u2019ye y\u00f6neltti\u011fi ilk soruda \u201c\u015eu anda T\u00fcrkiye\u2019nin bulut \u00e7\u00f6z\u00fcmlerinde nerede oldu\u011funu, nelere dikkat edilmesi gerekti\u011fini\u201d sordu. <strong>Yasin Beceni <\/strong>de hukuk d\u00fczeni ve hukuk kurallar\u0131n\u0131n, temel itibari ile i\u015f yap\u0131\u015f \u015fekillerinde \u00e7\u0131kabilecek uyu\u015fmazl\u0131klarla ve taraflar aras\u0131ndaki anla\u015fmazl\u0131klarla ilgili yol g\u00f6stermek kurgulanan kaynaklar oldu\u011funa dikkat \u00e7ekerek, T\u00fcrkiye i\u00e7in yeni reg\u00fclasyonlar\u0131n 2000\u2019li y\u0131llar\u0131n ba\u015f\u0131ndaki h\u0131zl\u0131 geli\u015fmeler ile ya\u015fanan ekonomik krizler ve toplumsal de\u011fi\u015fimlerin sonucunda do\u011fdu\u011funu ifade etti.<\/p>\n<p>O d\u00f6nem \u00f6zellikle bankalar\u0131n \u00e7ok b\u00fcy\u00fck teknoloji \u015firketleri kurduklar\u0131na ve T\u00fcrkiye\u2019nin bankac\u0131l\u0131k teknolojilerini \u00fcreten bir \u00fclke haline geldi\u011fine dikkat \u00e7ekti. Reg\u00fclasyonlar\u0131n, olas\u0131 risklerin ortaya \u00e7\u0131kmas\u0131n\u0131 \u00f6nlemek amac\u0131yla d\u00fczenlendi\u011fini belirten <strong>Beceni<\/strong>, do\u011fru anla\u015f\u0131ld\u0131klar\u0131 s\u00fcrece i\u015fin yap\u0131lmas\u0131na engel olmad\u0131\u011f\u0131n\u0131 ve BT uzmanlar\u0131n\u0131n en stratejik noktalar\u0131nda karar veren y\u00f6neticiler oldu\u011funu ifade etti.<\/p>\n<p><strong>Murat Zeren<\/strong>, panelin di\u011fer konu\u015fmac\u0131s\u0131 <strong>SAP <\/strong><strong>RISE with SAP Bulut \u00c7\u00f6z\u00fcm Mimar\u0131 Alper Akbal<\/strong>\u2019a ise \u201c\u015eirketler neden kalbini buluta ta\u015f\u0131s\u0131nlar?\u201d \u015feklinde en \u00e7ok merak edilen soruyu y\u00f6neltti. Alper Akbal da yan\u0131t\u0131nda \u00e7evikli\u011fe dikkat \u00e7ekerek <strong>\u201c<\/strong>Kurumlar\u0131n ve m\u00fc\u015fterilerimizin \u00e7evikli\u011fe ihtiyac\u0131 var. Bizim, bulutta m\u00fc\u015fterilere sa\u011flad\u0131\u011f\u0131m\u0131z imkan asl\u0131nda bu \u00e7eviklik. Bulut ERP\u2019nin sa\u011flad\u0131\u011f\u0131 en b\u00fcy\u00fck fayda, g\u00fcvenlik taraf\u0131nda. SAP olarak en b\u00fcy\u00fck fark\u0131m\u0131z siber g\u00fcvenli\u011fe verdi\u011fimiz \u00f6nem. SAP gibi firmalar kendilerini ve m\u00fc\u015fterilerini bu sald\u0131r\u0131dan korumak i\u00e7in \u00e7ok b\u00fcy\u00fck yat\u0131r\u0131m yap\u0131yor. SAP\u2019nin \u00e7ok y\u00fcksek standartlar\u0131 ve kendi kendini geli\u015ftiren sistemleri (yapay zeka ve makine \u00f6\u011frenmesi) mevcut. Her yeni teknolojiyle olu\u015fan d\u00f6n\u00fc\u015f\u00fcme ve mevzuata uygun \u00fcr\u00fcnler \u00e7\u0131karmaya \u00e7al\u0131\u015f\u0131yoruz.\u201d dedi.<\/p>\n<p><strong>TV programc\u0131s\u0131 ve sunucu Oylum Talu<\/strong>\u2019nun moderat\u00f6rl\u00fc\u011f\u00fcn\u00fc yapt\u0131\u011f\u0131 <strong>\u201c<\/strong><strong>De\u011fi\u015fen Ekonomide Rota Bulmak\u201d <\/strong>panelinde konu\u015fan <strong>\u0130GDA\u015e Finans Direkt\u00f6r\u00fc Mehmet \u00d6zel <\/strong>\u201cEnerji sekt\u00f6r\u00fc, d\u00fcnya ekonomisinin bel kemi\u011fini olu\u015fturan sekt\u00f6rlerden biri. Ekonomideki de\u011fi\u015fimler, \u00f6n\u00fcm\u00fcz\u00fc g\u00f6rmemizi zorla\u015ft\u0131rsa da burada enerjiyi iyi okumak gerekiyor. Bunun i\u00e7in hem kendi verilerimizi hem de piyasadaki verileri analiz etmeli, h\u0131zl\u0131 karar almal\u0131 ve bu kararlar\u0131 da esnek bir \u015fekilde uygulayabilmeliyiz.\u201d diyerek enerji ve do\u011falgaz\u0131n \u00f6nemine de\u011findi.<\/p>\n<p>Panelin bir di\u011fer konu\u015fmac\u0131s\u0131 olan <strong>Ekonomist Dr. Cevdet Ak\u00e7ay<\/strong> ise, d\u00fcnyadaki k\u00fcreselle\u015fmenin hizmet odakl\u0131 b\u00fcy\u00fcd\u00fc\u011f\u00fcne dikkat \u00e7ekerek \u201cB\u00fcy\u00fck resim ile detaylar\u0131 iyi okumak laz\u0131m. Bazen b\u00fcy\u00fck resim de\u011fi\u015fir, onu alg\u0131lamay\u0131p detaylara bo\u011fulursan\u0131z, mevzuyu \u0131skalayabilirsiniz. Bazen de b\u00fcy\u00fck resim \u00fczerinde herkes uzla\u015fm\u0131\u015ft\u0131r, o zaman da detaylarda en iyi giden \u00f6ne \u00e7\u0131kacakt\u0131r. Bu y\u00fczden bunun ayr\u0131\u015fmas\u0131n\u0131 iyi yapmak gerekir. De\u011fi\u015fen b\u00fcy\u00fck resim mi yoksa detaylarda m\u0131 sorun var, bunu iyi okumal\u0131 \u015firketler.\u201d dedi.<\/p>\n<p><strong>SAP T\u00fcrkiye Finansal Uygulamalar \u00c7\u00f6z\u00fcm Y\u00f6neticisi Burak Ba\u015farslan<\/strong> ise paneldeki konu\u015fmas\u0131nda, \u201cSAP olarak de\u011fi\u015fen ekonomilerde m\u00fc\u015fterilerimize rota bulmalar\u0131nda yard\u0131mc\u0131 oluyoruz. Bunu yaparken \u00fc\u00e7 ba\u015fl\u0131kta konuyu inceliyoruz. \u015eirketimizi tan\u0131mak, mevcut durumu g\u00f6rebilmek ve de\u011fi\u015fen ekonominin etki analizini ortaya koymak \u00f6nceli\u011fimiz. Etki analizlerini yapt\u0131ktan sonra da sonu\u00e7lar\u0131n\u0131 y\u00f6netebiliyor olmam\u0131z ikinci konu. Gelecekte ya\u015fanacak de\u011fi\u015fikliklere haz\u0131r olmak ise \u00fc\u00e7\u00fcnc\u00fc konumuz.\u201d diyerek finans alan\u0131nda \u00f6nem verdikleri ba\u015fl\u0131klara dikkat \u00e7ekti.<\/p>\n<p>&nbsp;<\/p>\n","protected":false},"excerpt":{"rendered":"<p>SAP T\u00fcrkiye Genel M\u00fcd\u00fcr\u00fc U\u011fur Candan: Sistemimiz \u00fc\u00e7 bile\u015fenden olu\u015fuyor: \u201cTeknoloji, S\u00fcre\u00e7, \u0130nsan\u201d SAP T\u00fcrkiye taraf\u0131ndan Intel sponsorlu\u011funda (10 May\u0131s \u00c7ar\u015famba g\u00fcn\u00fc) d\u00fczenlenen ve sunuculu\u011funu&#8230;<\/p>\n","protected":false},"author":29,"featured_media":0,"comment_status":"closed","ping_status":"closed","sticky":false,"template":"","format":"standard","meta":{"footnotes":"","_links_to":"","_links_to_target":""},"categories":[4577107,4573105],"tags":[],"sapn-display":[4572323,4572533,4573591],"sapn-type":[4574530],"class_list":["post-1356","post","type-post","status-publish","format-standard","hentry","category-etkinlikler","category-kurumsal","sapn-display-homepage-hero","sapn-display-topic-hero","sapn-display-top-stories","sapn-type-basin-bildirisi"],"yoast_head":"<!-- This site is optimized with the Yoast SEO Premium plugin v26.9 (Yoast SEO v26.9) - https:\/\/yoast.com\/product\/yoast-seo-premium-wordpress\/ -->\n<title>\u0130\u015f d\u00fcnyas\u0131 profesyonelleri, \u201cSAP &quot;Business Transformation Tour etkinli\u011fi T\u00fcrkiye etab\u0131nda bir araya geldi. - SAP T\u00fcrkiye Bas\u0131n Odas\u0131<\/title>\n<meta name=\"robots\" content=\"index, follow, max-snippet:-1, max-image-preview:large, max-video-preview:-1\" \/>\n<link rel=\"canonical\" href=\"https:\/\/news.sap.com\/turkey\/2023\/08\/is-dunyasi-profesyonelleri-sap-business-transformation-tour-etkinligi-turkiye-etabinda-bir-araya-geldi\/\" \/>\n<meta property=\"og:locale\" content=\"tr_TR\" \/>\n<meta property=\"og:type\" content=\"article\" \/>\n<meta property=\"og:title\" content=\"\u0130\u015f d\u00fcnyas\u0131 profesyonelleri, \u201cSAP &quot;Business Transformation Tour etkinli\u011fi T\u00fcrkiye etab\u0131nda bir araya geldi.\" \/>\n<meta property=\"og:description\" content=\"SAP T\u00fcrkiye Genel M\u00fcd\u00fcr\u00fc U\u011fur Candan: Sistemimiz \u00fc\u00e7 bile\u015fenden olu\u015fuyor: \u201cTeknoloji, S\u00fcre\u00e7, \u0130nsan\u201d SAP T\u00fcrkiye taraf\u0131ndan Intel sponsorlu\u011funda (10 May\u0131s \u00c7ar\u015famba g\u00fcn\u00fc) d\u00fczenlenen ve sunuculu\u011funu...\" \/>\n<meta property=\"og:url\" content=\"https:\/\/news.sap.com\/turkey\/2023\/08\/is-dunyasi-profesyonelleri-sap-business-transformation-tour-etkinligi-turkiye-etabinda-bir-araya-geldi\/\" \/>\n<meta property=\"og:site_name\" content=\"SAP T\u00fcrkiye Bas\u0131n Odas\u0131\" \/>\n<meta property=\"article:published_time\" content=\"2023-08-04T12:46:32+00:00\" \/>\n<meta property=\"article:modified_time\" content=\"2024-08-20T15:15:11+00:00\" \/>\n<meta name=\"author\" content=\"SAP News\" \/>\n<meta name=\"twitter:card\" content=\"summary_large_image\" \/>\n<meta name=\"twitter:label1\" content=\"Yazan:\" \/>\n\t<meta name=\"twitter:data1\" content=\"SAP News\" \/>\n\t<meta name=\"twitter:label2\" content=\"Tahmini okuma s\u00fcresi\" \/>\n\t<meta name=\"twitter:data2\" content=\"10 dakika\" \/>\n<script type=\"application\/ld+json\" class=\"yoast-schema-graph\">{\"@context\":\"https:\/\/schema.org\",\"@graph\":[{\"@type\":\"Article\",\"@id\":\"https:\/\/news.sap.com\/turkey\/2023\/08\/is-dunyasi-profesyonelleri-sap-business-transformation-tour-etkinligi-turkiye-etabinda-bir-araya-geldi\/#article\",\"isPartOf\":{\"@id\":\"https:\/\/news.sap.com\/turkey\/2023\/08\/is-dunyasi-profesyonelleri-sap-business-transformation-tour-etkinligi-turkiye-etabinda-bir-araya-geldi\/\"},\"author\":{\"name\":\"SAP News\",\"@id\":\"https:\/\/news.sap.com\/turkey\/#\/schema\/person\/53b9854bd790d6f18f3fc4bbb2ad7570\"},\"headline\":\"\u0130\u015f d\u00fcnyas\u0131 profesyonelleri, \u201cSAP &#8220;Business Transformation Tour etkinli\u011fi T\u00fcrkiye etab\u0131nda bir araya geldi.\",\"datePublished\":\"2023-08-04T12:46:32+00:00\",\"dateModified\":\"2024-08-20T15:15:11+00:00\",\"mainEntityOfPage\":{\"@id\":\"https:\/\/news.sap.com\/turkey\/2023\/08\/is-dunyasi-profesyonelleri-sap-business-transformation-tour-etkinligi-turkiye-etabinda-bir-araya-geldi\/\"},\"wordCount\":2404,\"articleSection\":[\"Etkinlikler\",\"Kurumsal\"],\"inLanguage\":\"tr\"},{\"@type\":\"WebPage\",\"@id\":\"https:\/\/news.sap.com\/turkey\/2023\/08\/is-dunyasi-profesyonelleri-sap-business-transformation-tour-etkinligi-turkiye-etabinda-bir-araya-geldi\/\",\"url\":\"https:\/\/news.sap.com\/turkey\/2023\/08\/is-dunyasi-profesyonelleri-sap-business-transformation-tour-etkinligi-turkiye-etabinda-bir-araya-geldi\/\",\"name\":\"\u0130\u015f d\u00fcnyas\u0131 profesyonelleri, \u201cSAP \\\"Business Transformation Tour etkinli\u011fi T\u00fcrkiye etab\u0131nda bir araya geldi. - SAP T\u00fcrkiye Bas\u0131n Odas\u0131\",\"isPartOf\":{\"@id\":\"https:\/\/news.sap.com\/turkey\/#website\"},\"datePublished\":\"2023-08-04T12:46:32+00:00\",\"dateModified\":\"2024-08-20T15:15:11+00:00\",\"author\":{\"@id\":\"https:\/\/news.sap.com\/turkey\/#\/schema\/person\/53b9854bd790d6f18f3fc4bbb2ad7570\"},\"breadcrumb\":{\"@id\":\"https:\/\/news.sap.com\/turkey\/2023\/08\/is-dunyasi-profesyonelleri-sap-business-transformation-tour-etkinligi-turkiye-etabinda-bir-araya-geldi\/#breadcrumb\"},\"inLanguage\":\"tr\",\"potentialAction\":[{\"@type\":\"ReadAction\",\"target\":[\"https:\/\/news.sap.com\/turkey\/2023\/08\/is-dunyasi-profesyonelleri-sap-business-transformation-tour-etkinligi-turkiye-etabinda-bir-araya-geldi\/\"]}]},{\"@type\":\"BreadcrumbList\",\"@id\":\"https:\/\/news.sap.com\/turkey\/2023\/08\/is-dunyasi-profesyonelleri-sap-business-transformation-tour-etkinligi-turkiye-etabinda-bir-araya-geldi\/#breadcrumb\",\"itemListElement\":[{\"@type\":\"ListItem\",\"position\":1,\"name\":\"Home\",\"item\":\"https:\/\/news.sap.com\/turkey\/\"},{\"@type\":\"ListItem\",\"position\":2,\"name\":\"\u0130\u015f d\u00fcnyas\u0131 profesyonelleri, \u201cSAP &#8220;Business Transformation Tour etkinli\u011fi T\u00fcrkiye etab\u0131nda bir araya geldi.\"}]},{\"@type\":\"WebSite\",\"@id\":\"https:\/\/news.sap.com\/turkey\/#website\",\"url\":\"https:\/\/news.sap.com\/turkey\/\",\"name\":\"SAP T\u00fcrkiye Bas\u0131n Odas\u0131\",\"description\":\"SAP ile ilgili haberler\",\"potentialAction\":[{\"@type\":\"SearchAction\",\"target\":{\"@type\":\"EntryPoint\",\"urlTemplate\":\"https:\/\/news.sap.com\/turkey\/?s={search_term_string}\"},\"query-input\":{\"@type\":\"PropertyValueSpecification\",\"valueRequired\":true,\"valueName\":\"search_term_string\"}}],\"inLanguage\":\"tr\"},{\"@type\":\"Person\",\"@id\":\"https:\/\/news.sap.com\/turkey\/#\/schema\/person\/53b9854bd790d6f18f3fc4bbb2ad7570\",\"name\":\"SAP News\",\"image\":{\"@type\":\"ImageObject\",\"inLanguage\":\"tr\",\"@id\":\"https:\/\/news.sap.com\/turkey\/#\/schema\/person\/image\/\",\"url\":\"https:\/\/news.sap.com\/turkey\/wp-content\/plugins\/wp-user-avatars\/wp-user-avatars\/assets\/images\/mystery.jpg\",\"contentUrl\":\"https:\/\/news.sap.com\/turkey\/wp-content\/plugins\/wp-user-avatars\/wp-user-avatars\/assets\/images\/mystery.jpg\",\"caption\":\"SAP News\"},\"url\":\"https:\/\/news.sap.com\/turkey\/author\/colleenraftery\/\"}]}<\/script>\n<!-- \/ Yoast SEO Premium plugin. -->","yoast_head_json":{"title":"\u0130\u015f d\u00fcnyas\u0131 profesyonelleri, \u201cSAP \"Business Transformation Tour etkinli\u011fi T\u00fcrkiye etab\u0131nda bir araya geldi. - SAP T\u00fcrkiye Bas\u0131n Odas\u0131","robots":{"index":"index","follow":"follow","max-snippet":"max-snippet:-1","max-image-preview":"max-image-preview:large","max-video-preview":"max-video-preview:-1"},"canonical":"https:\/\/news.sap.com\/turkey\/2023\/08\/is-dunyasi-profesyonelleri-sap-business-transformation-tour-etkinligi-turkiye-etabinda-bir-araya-geldi\/","og_locale":"tr_TR","og_type":"article","og_title":"\u0130\u015f d\u00fcnyas\u0131 profesyonelleri, \u201cSAP \"Business Transformation Tour etkinli\u011fi T\u00fcrkiye etab\u0131nda bir araya geldi.","og_description":"SAP T\u00fcrkiye Genel M\u00fcd\u00fcr\u00fc U\u011fur Candan: Sistemimiz \u00fc\u00e7 bile\u015fenden olu\u015fuyor: \u201cTeknoloji, S\u00fcre\u00e7, \u0130nsan\u201d SAP T\u00fcrkiye taraf\u0131ndan Intel sponsorlu\u011funda (10 May\u0131s \u00c7ar\u015famba g\u00fcn\u00fc) d\u00fczenlenen ve sunuculu\u011funu...","og_url":"https:\/\/news.sap.com\/turkey\/2023\/08\/is-dunyasi-profesyonelleri-sap-business-transformation-tour-etkinligi-turkiye-etabinda-bir-araya-geldi\/","og_site_name":"SAP T\u00fcrkiye Bas\u0131n Odas\u0131","article_published_time":"2023-08-04T12:46:32+00:00","article_modified_time":"2024-08-20T15:15:11+00:00","author":"SAP News","twitter_card":"summary_large_image","twitter_misc":{"Yazan:":"SAP News","Tahmini okuma s\u00fcresi":"10 dakika"},"schema":{"@context":"https:\/\/schema.org","@graph":[{"@type":"Article","@id":"https:\/\/news.sap.com\/turkey\/2023\/08\/is-dunyasi-profesyonelleri-sap-business-transformation-tour-etkinligi-turkiye-etabinda-bir-araya-geldi\/#article","isPartOf":{"@id":"https:\/\/news.sap.com\/turkey\/2023\/08\/is-dunyasi-profesyonelleri-sap-business-transformation-tour-etkinligi-turkiye-etabinda-bir-araya-geldi\/"},"author":{"name":"SAP News","@id":"https:\/\/news.sap.com\/turkey\/#\/schema\/person\/53b9854bd790d6f18f3fc4bbb2ad7570"},"headline":"\u0130\u015f d\u00fcnyas\u0131 profesyonelleri, \u201cSAP &#8220;Business Transformation Tour etkinli\u011fi T\u00fcrkiye etab\u0131nda bir araya geldi.","datePublished":"2023-08-04T12:46:32+00:00","dateModified":"2024-08-20T15:15:11+00:00","mainEntityOfPage":{"@id":"https:\/\/news.sap.com\/turkey\/2023\/08\/is-dunyasi-profesyonelleri-sap-business-transformation-tour-etkinligi-turkiye-etabinda-bir-araya-geldi\/"},"wordCount":2404,"articleSection":["Etkinlikler","Kurumsal"],"inLanguage":"tr"},{"@type":"WebPage","@id":"https:\/\/news.sap.com\/turkey\/2023\/08\/is-dunyasi-profesyonelleri-sap-business-transformation-tour-etkinligi-turkiye-etabinda-bir-araya-geldi\/","url":"https:\/\/news.sap.com\/turkey\/2023\/08\/is-dunyasi-profesyonelleri-sap-business-transformation-tour-etkinligi-turkiye-etabinda-bir-araya-geldi\/","name":"\u0130\u015f d\u00fcnyas\u0131 profesyonelleri, \u201cSAP \"Business Transformation Tour etkinli\u011fi T\u00fcrkiye etab\u0131nda bir araya geldi. - SAP T\u00fcrkiye Bas\u0131n Odas\u0131","isPartOf":{"@id":"https:\/\/news.sap.com\/turkey\/#website"},"datePublished":"2023-08-04T12:46:32+00:00","dateModified":"2024-08-20T15:15:11+00:00","author":{"@id":"https:\/\/news.sap.com\/turkey\/#\/schema\/person\/53b9854bd790d6f18f3fc4bbb2ad7570"},"breadcrumb":{"@id":"https:\/\/news.sap.com\/turkey\/2023\/08\/is-dunyasi-profesyonelleri-sap-business-transformation-tour-etkinligi-turkiye-etabinda-bir-araya-geldi\/#breadcrumb"},"inLanguage":"tr","potentialAction":[{"@type":"ReadAction","target":["https:\/\/news.sap.com\/turkey\/2023\/08\/is-dunyasi-profesyonelleri-sap-business-transformation-tour-etkinligi-turkiye-etabinda-bir-araya-geldi\/"]}]},{"@type":"BreadcrumbList","@id":"https:\/\/news.sap.com\/turkey\/2023\/08\/is-dunyasi-profesyonelleri-sap-business-transformation-tour-etkinligi-turkiye-etabinda-bir-araya-geldi\/#breadcrumb","itemListElement":[{"@type":"ListItem","position":1,"name":"Home","item":"https:\/\/news.sap.com\/turkey\/"},{"@type":"ListItem","position":2,"name":"\u0130\u015f d\u00fcnyas\u0131 profesyonelleri, \u201cSAP &#8220;Business Transformation Tour etkinli\u011fi T\u00fcrkiye etab\u0131nda bir araya geldi."}]},{"@type":"WebSite","@id":"https:\/\/news.sap.com\/turkey\/#website","url":"https:\/\/news.sap.com\/turkey\/","name":"SAP T\u00fcrkiye Bas\u0131n Odas\u0131","description":"SAP ile ilgili haberler","potentialAction":[{"@type":"SearchAction","target":{"@type":"EntryPoint","urlTemplate":"https:\/\/news.sap.com\/turkey\/?s={search_term_string}"},"query-input":{"@type":"PropertyValueSpecification","valueRequired":true,"valueName":"search_term_string"}}],"inLanguage":"tr"},{"@type":"Person","@id":"https:\/\/news.sap.com\/turkey\/#\/schema\/person\/53b9854bd790d6f18f3fc4bbb2ad7570","name":"SAP News","image":{"@type":"ImageObject","inLanguage":"tr","@id":"https:\/\/news.sap.com\/turkey\/#\/schema\/person\/image\/","url":"https:\/\/news.sap.com\/turkey\/wp-content\/plugins\/wp-user-avatars\/wp-user-avatars\/assets\/images\/mystery.jpg","contentUrl":"https:\/\/news.sap.com\/turkey\/wp-content\/plugins\/wp-user-avatars\/wp-user-avatars\/assets\/images\/mystery.jpg","caption":"SAP News"},"url":"https:\/\/news.sap.com\/turkey\/author\/colleenraftery\/"}]}},"amp_enabled":true,"_links":{"self":[{"href":"https:\/\/news.sap.com\/turkey\/wp-json\/wp\/v2\/posts\/1356","targetHints":{"allow":["GET"]}}],"collection":[{"href":"https:\/\/news.sap.com\/turkey\/wp-json\/wp\/v2\/posts"}],"about":[{"href":"https:\/\/news.sap.com\/turkey\/wp-json\/wp\/v2\/types\/post"}],"author":[{"embeddable":true,"href":"https:\/\/news.sap.com\/turkey\/wp-json\/wp\/v2\/users\/29"}],"replies":[{"embeddable":true,"href":"https:\/\/news.sap.com\/turkey\/wp-json\/wp\/v2\/comments?post=1356"}],"version-history":[{"count":0,"href":"https:\/\/news.sap.com\/turkey\/wp-json\/wp\/v2\/posts\/1356\/revisions"}],"wp:attachment":[{"href":"https:\/\/news.sap.com\/turkey\/wp-json\/wp\/v2\/media?parent=1356"}],"wp:term":[{"taxonomy":"category","embeddable":true,"href":"https:\/\/news.sap.com\/turkey\/wp-json\/wp\/v2\/categories?post=1356"},{"taxonomy":"post_tag","embeddable":true,"href":"https:\/\/news.sap.com\/turkey\/wp-json\/wp\/v2\/tags?post=1356"},{"taxonomy":"sapn-display","embeddable":true,"href":"https:\/\/news.sap.com\/turkey\/wp-json\/wp\/v2\/sapn-display?post=1356"},{"taxonomy":"sapn-type","embeddable":true,"href":"https:\/\/news.sap.com\/turkey\/wp-json\/wp\/v2\/sapn-type?post=1356"}],"curies":[{"name":"wp","href":"https:\/\/api.w.org\/{rel}","templated":true}]}}