{"id":1379,"date":"2023-08-04T12:46:26","date_gmt":"2023-08-04T12:46:26","guid":{"rendered":"https:\/\/news.sap.com\/turkey\/?p=1379"},"modified":"2024-08-20T15:15:13","modified_gmt":"2024-08-20T15:15:13","slug":"yasar-toplulugu-ve-sap-turkiye-proje-feniks-ile-bolgenin-en-kapsamli-dijital-donusum-projesine-imza-atacak","status":"publish","type":"post","link":"https:\/\/news.sap.com\/turkey\/2023\/08\/yasar-toplulugu-ve-sap-turkiye-proje-feniks-ile-bolgenin-en-kapsamli-dijital-donusum-projesine-imza-atacak\/","title":{"rendered":"Ya\u015far Toplulu\u011fu ve SAP T\u00fcrkiye, \u201cProje Feniks\u201d ile b\u00f6lgenin en kapsaml\u0131 dijital d\u00f6n\u00fc\u015f\u00fcm projesine imza atacak"},"content":{"rendered":"<p><strong>Ya\u015far Toplulu\u011fu, dijital d\u00f6n\u00fc\u015f\u00fcm\u00fcn\u00fc SAP\u2019nin en g\u00fcncel bulut i\u015f modeli ile s\u00fcrd\u00fcrecek.<\/strong><\/p>\n<p><strong>\u00a0<\/strong><strong>Kurulu\u015fundan bu yana \u00e7a\u011f\u0131n ve teknolojinin geli\u015fimine paralel olarak kendini s\u00fcrekli yenileyerek sekt\u00f6r\u00fcne \u00f6nc\u00fcl\u00fck eden Ya\u015far Toplulu\u011fu, \u201cProje Feniks&#8221; ile dijital d\u00f6n\u00fc\u015f\u00fcm \u00e7al\u0131\u015fmalar\u0131na yenisini ekledi. <\/strong><strong>\u00a0<\/strong><\/p>\n<p><strong>Ge\u00e7ti\u011fimiz g\u00fcnlerde ger\u00e7ekle\u015fen toplant\u0131da, SAP T\u00fcrkiye\u2019nin g\u00fc\u00e7l\u00fc i\u015f ortakl\u0131\u011f\u0131nda y\u00fcr\u00fct\u00fclecek SAP S\/4HANA d\u00f6n\u00fc\u015f\u00fcm projesi \u201cProje Feniks\u201d detaylar\u0131yla aktar\u0131ld\u0131. Proje ile Ya\u015far Toplulu\u011fu, faaliyet g\u00f6sterdi\u011fi alanlardaki t\u00fcm i\u015f s\u00fcre\u00e7lerini, en iyi uygulamalar\u0131 temel alarak yeniden kurgulayacak.<\/strong><strong>\u00a0<\/strong><\/p>\n<p>Toplant\u0131da konu\u015fan <strong>SAP T\u00fcrkiye Genel M\u00fcd\u00fcr\u00fc U\u011fur Candan<\/strong>,<em> \u201cYa\u015far Toplulu\u011fu, 1996 y\u0131l\u0131nda SAP ERP (Kurumsal Kaynak Planlama) \u00e7\u00f6z\u00fcmlerini kullanmaya ba\u015flayan T\u00fcrkiye&#8217;deki ilk kurum olmu\u015ftu. 27 y\u0131l sonra da Proje Feniks\u2019te bir ilki ger\u00e7ekle\u015ftirece\u011fiz ve Ya\u015far Toplulu\u011fu, SAP S\/4HANA\u2019y\u0131 g\u0131dadan boyaya turizmden enerjiye kadar farkl\u0131 sekt\u00f6rlerde faaliyet g\u00f6steren \u015firketlerinde kullanacak. <\/em><em>\u00a0<\/em><\/p>\n<p><em>%90\u2019\u0131 SAP m\u00fc\u015fterisi olan g\u0131da ve i\u00e7ecek sekt\u00f6r\u00fc \u015firketlerinin d\u00fcnyada yaratt\u0131klar\u0131 toplam gelir, yakla\u015f\u0131k 2 trilyon dolar\u0131n \u00fczerinde. Ya\u015far Toplulu\u011fu\u2019nun da yer ald\u0131\u011f\u0131 sekt\u00f6rlerden olan g\u0131da ve i\u00e7ecek sekt\u00f6rleri, d\u00fcnya ve T\u00fcrkiye ekonomisinde \u00f6nemli bir yere sahip. Bu denli b\u00fcy\u00fck \u00f6l\u00e7ekli kurumlar\u0131n i\u015f s\u00fcre\u00e7lerindeki dijital d\u00f6n\u00fc\u015f\u00fcm projelerini hayata ge\u00e7irmek, \u00e7ok \u00f6nemli deneyimleri gerektiriyor. SAP olarak bu sekt\u00f6rlerdeki uzmanl\u0131\u011f\u0131m\u0131z\u0131 ve tecr\u00fcbemizi, Proje Feniks\u2019te en \u00fcst seviyede kullanaca\u011f\u0131z.\u201d <\/em>dedi.<\/p>\n<p><strong>T\u00fcrkiye ve b\u00f6lgenin en b\u00fcy\u00fck SAP S\/4HANA d\u00f6n\u00fc\u015f\u00fcm projesi<\/strong><\/p>\n<p>\u0130zlenebilirlik, \u00e7eviklik, h\u0131z, k\u00fclt\u00fcrel d\u00f6n\u00fc\u015f\u00fcm gibi \u00e7ok boyutlu etkilere sahip olacak dijital d\u00f6n\u00fc\u015f\u00fcm projesi \u201c<strong>Proje Feniks<\/strong>\u201d hakk\u0131nda Ya\u015far Toplulu\u011fu ad\u0131na konu\u015fan <strong>Ya\u015far Holding Y\u00f6netim Kurulu Ba\u015fkan\u0131 Feyhan Ya\u015far<\/strong> ise:<\/p>\n<p><em>\u201cYa\u015far Toplulu\u011fu olarak, \u015firketlerimizin kurumsal s\u00fcre\u00e7lerinin y\u00f6netildi\u011fi uygulamalar\u0131n en son yeniliklere h\u0131zl\u0131 adaptasyonu, end\u00fcstride en iyi uygulamalar\u0131n hayata ge\u00e7irilmesi ve veri odakl\u0131 bir \u015firket olma yolculu\u011fumuza h\u0131z kazand\u0131rmak amac\u0131yla dijital d\u00f6n\u00fc\u015f\u00fcm projemizi, g\u00fc\u00e7l\u00fc i\u015f orta\u011f\u0131m\u0131z SAP T\u00fcrkiye ile birlikte hayata ge\u00e7iriyoruz. <\/em><\/p>\n<p><em>\u0130novasyon ve yarat\u0131c\u0131l\u0131k, Ya\u015far Toplulu\u011fu\u2019nun k\u00fclt\u00fcr\u00fcnde \u00f6ne \u00e7\u0131kan kavramlar. Yenilikleri daha h\u0131zl\u0131 ve s\u00fcrd\u00fcr\u00fclebilir bir yakla\u015f\u0131mla takip etmek ve g\u00fcncel teknolojileri en verimli \u015fekilde uygulayabilmek i\u00e7in 27 sene \u00f6nce SAP\u2019nin i\u015f orta\u011f\u0131 olduk. Bug\u00fcn de SAP\u2019nin en g\u00fcncel bulut i\u015f modeli ile dijital d\u00f6n\u00fc\u015f\u00fcm s\u00fcrecimiz devam ediyor. Proje Feniks ile sadece bu d\u00f6n\u00fc\u015f\u00fcme de\u011fil, SAP\u2019nin ak\u0131ll\u0131 i\u015fletmeler konsepti ile ayn\u0131 zamanda gelece\u011fe de haz\u0131r olmay\u0131 hedefliyoruz. <\/em><\/p>\n<p><em>\u00a0<\/em><em>G\u0131da, i\u00e7ecek, boya, turizm, enerji gibi bir\u00e7ok farkl\u0131 sekt\u00f6rde faaliyet g\u00f6steren Ya\u015far Toplulu\u011fu\u2019nun t\u00fcm i\u015f s\u00fcre\u00e7lerini buluta ta\u015f\u0131yaca\u011f\u0131m\u0131z Proje Feniks, T\u00fcrkiye\u2019de t\u00fcm bu sekt\u00f6rler i\u00e7in ayn\u0131 anda yap\u0131lan en b\u00fcy\u00fck proje olma \u00f6zelli\u011fini ta\u015f\u0131yor. Bu proje ile <strong>G\u00fcney Avrupa b\u00f6lgesinde<\/strong> \u00e7oklu end\u00fcstriyi kapsayan en b\u00fcy\u00fck SAP d\u00f6n\u00fc\u015f\u00fcm projelerinden birine de imza ataca\u011f\u0131z.<\/em><\/p>\n<p><em>\u00a0<\/em><em>Proje Feniks\u2019in ba\u015far\u0131ya ula\u015fmas\u0131 i\u00e7in insan kayna\u011f\u0131m\u0131z \u00e7ok \u00f6nemli. Bu da k\u00fclt\u00fcrel d\u00f6n\u00fc\u015f\u00fcm\u00fc beraberinde getiriyor. Bu proje, kurumsal k\u00fclt\u00fcr\u00fcm\u00fczde ve i\u015f yapmadaki yeni lisan\u0131m\u0131z olacak.<\/em><em>\u00a0<\/em><\/p>\n<p><em>Hayata ge\u00e7mesiyle birlikte, k\u00fcresel yeni teknolojilere sahip bir altyap\u0131 ile ger\u00e7ek zamanl\u0131 veriye dayal\u0131 karar almak da m\u00fcmk\u00fcn olacak. B\u00f6ylece daha iyi tahminleme yapabilen, anl\u0131k raporlama ve analiz sunan bir yap\u0131ya kavu\u015faca\u011f\u0131z. G\u00fcncel, tekil ve merkezi bir sistem yaratmay\u0131 hedefleyen proje, \u00e7al\u0131\u015fanlar\u0131m\u0131z\u0131n memnuniyeti ve i\u015f veriminin art\u0131r\u0131lmas\u0131na da katk\u0131da bulunacak.<\/em><\/p>\n<p><strong><em>Feniks, mitolojide ve \u00e7e\u015fitli k\u00fclt\u00fcrlerde yenilenmeyi, yeniden do\u011fu\u015fu ve benzersizli\u011fi sembolize ediyor.<\/em><\/strong><\/p>\n<p><em>Biz de Proje Feniks ile yenileniyor, \u00f6nc\u00fc ve benzersiz projemizle g\u00fc\u00e7leniyoruz. \u00c7al\u0131\u015fanlar\u0131m\u0131z\u0131n, m\u00fc\u015fterilerimizin, tedarik\u00e7ilerimizin ve di\u011fer payda\u015flar\u0131m\u0131z\u0131n ihtiya\u00e7lar\u0131 g\u00f6zetilerek, k\u00fcresel \u00e7apta kullan\u0131lan yeni teknolojilerin sa\u011flad\u0131\u011f\u0131 verimlilik, h\u0131z ve g\u00fcvenlik imkanlar\u0131 ile i\u015f s\u00fcre\u00e7lerimizin iyile\u015ftirilmesi i\u00e7in her alanda dijital d\u00f6n\u00fc\u015f\u00fcm tabanl\u0131 \u00e7al\u0131\u015fmalara \u00f6ncelik verilmesi yakla\u015f\u0131m\u0131m\u0131z devam edecek.\u201d dedi.<\/em><\/p>\n<p><strong>\u0130lk faz\u0131n 18 ayl\u0131k bir s\u00fcrede tamamlanmas\u0131 \u00f6ng\u00f6r\u00fcl\u00fcyor<\/strong><\/p>\n<p>\u00c7ok say\u0131da sekt\u00f6rde faaliyet g\u00f6steren Ya\u015far Toplulu\u011fu\u2019nun faaliyet alanlar\u0131ndaki i\u015f s\u00fcre\u00e7leri, \u201cProje Feniks&#8221; ile en iyi uygulamalar temel al\u0131narak yeniden kurgulanacak. Altyap\u0131, veri g\u00fcvenli\u011fi, entegre sistem ve s\u00fcre\u00e7 y\u00f6netiminde iyile\u015fme de projeden beklenen kazan\u0131mlar aras\u0131nda yer al\u0131yor.<\/p>\n<p>Ya\u015far Holding Y\u00f6netim Kurulu\u2019nun sponsorlu\u011funda y\u00fcr\u00fct\u00fclecek ve ilk faz\u0131 yakla\u015f\u0131k 18 ayl\u0131k bir d\u00f6nemde hayata ge\u00e7irilecek projenin; kurumsal i\u015f s\u00fcre\u00e7lerinde s\u00fcrd\u00fcr\u00fclebilirlik, verim, h\u0131z ve \u00e7evikli\u011fi art\u0131rmas\u0131, yap\u0131lan iyile\u015ftirmelerin \u00e7al\u0131\u015fan, tedarik\u00e7i ve m\u00fc\u015fteri memnuniyetine do\u011frudan etki etmesi planlan\u0131yor. Proje tamamland\u0131\u011f\u0131nda son t\u00fcketici i\u00e7in ise \u00fcr\u00fcn ve hizmet kalitesinin daha da artmas\u0131, h\u0131z ve maliyet avantaj\u0131 gibi faydalar sa\u011flanacak.<\/p>\n<p>10 milyon euro yat\u0131r\u0131m b\u00fct\u00e7esi ile yola \u00e7\u0131kan projenin tam performansla uygulama s\u00fcrecinin, Ya\u015far Toplulu\u011fu\u2019nun yurt i\u00e7i ve yurt d\u0131\u015f\u0131ndaki t\u00fcm \u015firketlerinde 48 ayda tamamlanmas\u0131 hedefleniyor.<\/p>\n<p><strong>Ya\u015far Toplulu\u011fu ve SAP T\u00fcrkiye i\u015f birli\u011fi 27 y\u0131l \u00f6ncesine dayan\u0131yor<\/strong><\/p>\n<p>Rekabet avantaj\u0131 elde etmek ve g\u00fc\u00e7l\u00fc bir \u015fekilde b\u00fcy\u00fcmek isteyen \u015firketlerin dijital d\u00f6n\u00fc\u015f\u00fcme uyumlu bir \u015fekilde kendilerini g\u00fcncellemelerinin ka\u00e7\u0131n\u0131lmaz oldu\u011funa dikkat \u00e7eken <strong>SAP T\u00fcrkiye Genel M\u00fcd\u00fcr\u00fc U\u011fur Candan,<\/strong><\/p>\n<p><em>\u201cBug\u00fcn kurumum ad\u0131na da \u015fahs\u0131m ad\u0131na da \u00e7ok anlaml\u0131 bir g\u00fcn. \u00c7\u00fcnk\u00fc Ya\u015far Toplulu\u011fu\u2019nda 1996 y\u0131l\u0131nda ba\u015flayan proje ekibi i\u00e7inde ben de vard\u0131m ve bu y\u00f6n\u00fcyle projenin g\u00f6nl\u00fcmdeki yeri \u00e7ok farkl\u0131. Ya\u015far Toplulu\u011fu, aradan ge\u00e7en 27 y\u0131l boyunca yeniliklerin i\u00e7inde yan yana durmaktan gurur duydu\u011fumuz bir topluluk. <\/em><em>\u00a0<\/em><\/p>\n<p><em>Bulundu\u011fu sekt\u00f6rlerde ilklere ve yeniliklere \u00f6nc\u00fcl\u00fck eden, dijital \u00e7a\u011f\u0131n rekabet ko\u015fullar\u0131na g\u00f6re kendini s\u00fcrekli yenileyen, \u00fclkemizin en \u00f6nemli sanayi kurulu\u015flar\u0131ndan biri. \u0130\u015f alanlar\u0131nda verimlili\u011fi, inovasyonu art\u0131rmak ve s\u00fcrd\u00fcr\u00fclebilir b\u00fcy\u00fcme hedefine ula\u015fmak i\u00e7in SAP&#8217;nin yeni nesil bulut teknolojilerine yat\u0131r\u0131m yap\u0131yor. <\/em><\/p>\n<p><em>\u00a0<\/em><em>Topluluk \u015firketlerinde, karar alma s\u00fcre\u00e7lerinin ger\u00e7ek zamanl\u0131 veriye dayand\u0131r\u0131lmas\u0131; k\u00fcresel \u00e7apta kullan\u0131lan yeni teknolojilerin sa\u011flad\u0131\u011f\u0131 \u00e7eviklik, h\u0131z ve g\u00fcvenlik imkanlar\u0131 ile i\u015f s\u00fcre\u00e7lerinin iyile\u015ftirilmesi i\u00e7in her alanda dijital d\u00f6n\u00fc\u015f\u00fcm \u00e7al\u0131\u015fmalar\u0131na \u00f6ncelik veriliyor.<\/em><\/p>\n<p><em>Kurumsal d\u00f6n\u00fc\u015f\u00fcmde insan, teknoloji ve s\u00fcre\u00e7 dendi\u011finde bizim i\u00e7in de Ya\u015far Toplulu\u011fu i\u00e7in de en \u00f6nemli k\u0131s\u0131m, insan. Bu nedenle Proje Feniks\u2019i, sadece kurumsal kaynak planlama projesi olarak tan\u0131mlamak do\u011fru olmaz, i\u00e7inde hazine y\u00f6netimi, insan kaynaklar\u0131 y\u00f6netimi, b\u00fct\u00e7e planlama gibi alanlarda b\u00fcy\u00fck veri, i\u015f zekas\u0131 ve yapay zekan\u0131n devreye girdi\u011fi s\u00fcre\u00e7ler de s\u00f6z konusu. Bu konulardaki en derin projeleri yapm\u0131\u015f olan SAP ad\u0131na s\u00f6yleyebilirim ki; teknoloji bunun sadece bir bile\u015feni. \u00d6nceli\u011fimiz her zaman insan kayna\u011f\u0131.\u201d <\/em>dedi.<\/p>\n<p><strong>\u201c<\/strong><strong>Payda\u015flar\u0131m\u0131za d\u00fcnyan\u0131n en b\u00fcy\u00fck i\u015f a\u011f\u0131n\u0131 sunuyoruz\u201d<\/strong><\/p>\n<p>SAP olarak sunduklar\u0131 yeni nesil teknolojilerle T\u00fcrkiye\u2019nin dijital d\u00f6n\u00fc\u015f\u00fcm\u00fcn\u00fcn tam merkezinde yer ald\u0131klar\u0131n\u0131 ve \u00f6zellikle <strong>\u00fc\u00e7 alana <\/strong>odakland\u0131klar\u0131n\u0131 belirten <strong>SAP T\u00fcrkiye Genel M\u00fcd\u00fcr\u00fc U\u011fur Candan<\/strong> s\u00f6zlerini \u015f\u00f6yle s\u00fcrd\u00fcrd\u00fc:<\/p>\n<p><em>\u201c\u00d6ncelikle bulutta \u00e7al\u0131\u015fan ak\u0131ll\u0131 bir ERP \u00e7\u00f6z\u00fcm\u00fcyle entegre i\u015f s\u00fcre\u00e7leri yaratarak, m\u00fc\u015fterilerimizin ak\u0131ll\u0131 ve s\u00fcrd\u00fcr\u00fclebilir i\u015fletmelere d\u00f6n\u00fc\u015fmesini sa\u011fl\u0131yoruz. \u0130\u015f s\u00fcre\u00e7lerinin kurumlarla s\u0131n\u0131rl\u0131 olmad\u0131\u011f\u0131n\u0131 biliyor ve m\u00fc\u015fterilerimize, ilgili payda\u015flar\u0131n\u0131 da dahil edebilecekleri d\u00fcnyan\u0131n en b\u00fcy\u00fck i\u015f a\u011f\u0131n\u0131 sunuyoruz. Son olarak s\u00fcrd\u00fcr\u00fclebilirli\u011fe odaklan\u0131yoruz. \u015eirketlerin s\u0131f\u0131r emisyon hedefine ula\u015fmalar\u0131 i\u00e7in bulut teknolojileri \u00fczerinde s\u00fcrd\u00fcr\u00fclebilir bir \u00e7\u00f6z\u00fcm sunuyoruz.<\/em><\/p>\n<p><em>Ekosistemimiz ile birlikte imza att\u0131\u011f\u0131m\u0131z dijital d\u00f6n\u00fc\u015f\u00fcm projeleri, bulut teknolojisi ile birlikte olduk\u00e7a ivme kazand\u0131. M\u00fc\u015fterilerimizin SAP ile yapt\u0131\u011f\u0131 bulut teknoloji yat\u0131r\u0131mlar\u0131, son 2 y\u0131ld\u0131r her sene 2 kat b\u00fcy\u00fcme sa\u011flam\u0131\u015ft\u0131r.\u201d<\/em><\/p>\n","protected":false},"excerpt":{"rendered":"<p>Ya\u015far Toplulu\u011fu, dijital d\u00f6n\u00fc\u015f\u00fcm\u00fcn\u00fc SAP\u2019nin en g\u00fcncel bulut i\u015f modeli ile s\u00fcrd\u00fcrecek. \u00a0Kurulu\u015fundan bu yana \u00e7a\u011f\u0131n ve teknolojinin geli\u015fimine paralel olarak kendini s\u00fcrekli yenileyerek sekt\u00f6r\u00fcne&#8230;<\/p>\n","protected":false},"author":29,"featured_media":0,"comment_status":"closed","ping_status":"closed","sticky":false,"template":"","format":"standard","meta":{"footnotes":"","_links_to":"","_links_to_target":""},"categories":[4576818,4573105],"tags":[],"sapn-display":[4572323,4572533,4573591],"sapn-type":[4574530],"class_list":["post-1379","post","type-post","status-publish","format-standard","hentry","category-cozumler","category-kurumsal","sapn-display-homepage-hero","sapn-display-topic-hero","sapn-display-top-stories","sapn-type-basin-bildirisi"],"yoast_head":"<!-- This site is optimized with the Yoast SEO Premium plugin v26.9 (Yoast SEO v26.9) - https:\/\/yoast.com\/product\/yoast-seo-premium-wordpress\/ -->\n<title>Ya\u015far Toplulu\u011fu ve SAP T\u00fcrkiye, \u201cProje Feniks\u201d ile b\u00f6lgenin en kapsaml\u0131 dijital d\u00f6n\u00fc\u015f\u00fcm projesine imza atacak - SAP T\u00fcrkiye Bas\u0131n Odas\u0131<\/title>\n<meta name=\"robots\" content=\"index, follow, max-snippet:-1, max-image-preview:large, max-video-preview:-1\" \/>\n<link rel=\"canonical\" href=\"https:\/\/news.sap.com\/turkey\/2023\/08\/yasar-toplulugu-ve-sap-turkiye-proje-feniks-ile-bolgenin-en-kapsamli-dijital-donusum-projesine-imza-atacak\/\" \/>\n<meta property=\"og:locale\" content=\"tr_TR\" \/>\n<meta property=\"og:type\" content=\"article\" \/>\n<meta property=\"og:title\" content=\"Ya\u015far Toplulu\u011fu ve SAP T\u00fcrkiye, \u201cProje Feniks\u201d ile b\u00f6lgenin en kapsaml\u0131 dijital d\u00f6n\u00fc\u015f\u00fcm projesine imza atacak\" \/>\n<meta property=\"og:description\" content=\"Ya\u015far Toplulu\u011fu, dijital d\u00f6n\u00fc\u015f\u00fcm\u00fcn\u00fc SAP\u2019nin en g\u00fcncel bulut i\u015f modeli ile s\u00fcrd\u00fcrecek. \u00a0Kurulu\u015fundan bu yana \u00e7a\u011f\u0131n ve teknolojinin geli\u015fimine paralel olarak kendini s\u00fcrekli yenileyerek sekt\u00f6r\u00fcne...\" \/>\n<meta property=\"og:url\" content=\"https:\/\/news.sap.com\/turkey\/2023\/08\/yasar-toplulugu-ve-sap-turkiye-proje-feniks-ile-bolgenin-en-kapsamli-dijital-donusum-projesine-imza-atacak\/\" \/>\n<meta property=\"og:site_name\" content=\"SAP T\u00fcrkiye Bas\u0131n Odas\u0131\" \/>\n<meta property=\"article:published_time\" content=\"2023-08-04T12:46:26+00:00\" \/>\n<meta property=\"article:modified_time\" content=\"2024-08-20T15:15:13+00:00\" \/>\n<meta name=\"author\" content=\"SAP News\" \/>\n<meta name=\"twitter:card\" content=\"summary_large_image\" \/>\n<meta name=\"twitter:label1\" content=\"Yazan:\" \/>\n\t<meta name=\"twitter:data1\" content=\"SAP News\" \/>\n\t<meta name=\"twitter:label2\" content=\"Tahmini okuma s\u00fcresi\" \/>\n\t<meta name=\"twitter:data2\" content=\"7 dakika\" \/>\n<script type=\"application\/ld+json\" class=\"yoast-schema-graph\">{\"@context\":\"https:\/\/schema.org\",\"@graph\":[{\"@type\":\"Article\",\"@id\":\"https:\/\/news.sap.com\/turkey\/2023\/08\/yasar-toplulugu-ve-sap-turkiye-proje-feniks-ile-bolgenin-en-kapsamli-dijital-donusum-projesine-imza-atacak\/#article\",\"isPartOf\":{\"@id\":\"https:\/\/news.sap.com\/turkey\/2023\/08\/yasar-toplulugu-ve-sap-turkiye-proje-feniks-ile-bolgenin-en-kapsamli-dijital-donusum-projesine-imza-atacak\/\"},\"author\":{\"name\":\"SAP News\",\"@id\":\"https:\/\/news.sap.com\/turkey\/#\/schema\/person\/53b9854bd790d6f18f3fc4bbb2ad7570\"},\"headline\":\"Ya\u015far Toplulu\u011fu ve SAP T\u00fcrkiye, \u201cProje Feniks\u201d ile b\u00f6lgenin en kapsaml\u0131 dijital d\u00f6n\u00fc\u015f\u00fcm projesine imza atacak\",\"datePublished\":\"2023-08-04T12:46:26+00:00\",\"dateModified\":\"2024-08-20T15:15:13+00:00\",\"mainEntityOfPage\":{\"@id\":\"https:\/\/news.sap.com\/turkey\/2023\/08\/yasar-toplulugu-ve-sap-turkiye-proje-feniks-ile-bolgenin-en-kapsamli-dijital-donusum-projesine-imza-atacak\/\"},\"wordCount\":1554,\"articleSection\":[\"\u00c7\u00f6z\u00fcmler\",\"Kurumsal\"],\"inLanguage\":\"tr\"},{\"@type\":\"WebPage\",\"@id\":\"https:\/\/news.sap.com\/turkey\/2023\/08\/yasar-toplulugu-ve-sap-turkiye-proje-feniks-ile-bolgenin-en-kapsamli-dijital-donusum-projesine-imza-atacak\/\",\"url\":\"https:\/\/news.sap.com\/turkey\/2023\/08\/yasar-toplulugu-ve-sap-turkiye-proje-feniks-ile-bolgenin-en-kapsamli-dijital-donusum-projesine-imza-atacak\/\",\"name\":\"Ya\u015far Toplulu\u011fu ve SAP T\u00fcrkiye, \u201cProje Feniks\u201d ile b\u00f6lgenin en kapsaml\u0131 dijital d\u00f6n\u00fc\u015f\u00fcm projesine imza atacak - SAP T\u00fcrkiye Bas\u0131n Odas\u0131\",\"isPartOf\":{\"@id\":\"https:\/\/news.sap.com\/turkey\/#website\"},\"datePublished\":\"2023-08-04T12:46:26+00:00\",\"dateModified\":\"2024-08-20T15:15:13+00:00\",\"author\":{\"@id\":\"https:\/\/news.sap.com\/turkey\/#\/schema\/person\/53b9854bd790d6f18f3fc4bbb2ad7570\"},\"breadcrumb\":{\"@id\":\"https:\/\/news.sap.com\/turkey\/2023\/08\/yasar-toplulugu-ve-sap-turkiye-proje-feniks-ile-bolgenin-en-kapsamli-dijital-donusum-projesine-imza-atacak\/#breadcrumb\"},\"inLanguage\":\"tr\",\"potentialAction\":[{\"@type\":\"ReadAction\",\"target\":[\"https:\/\/news.sap.com\/turkey\/2023\/08\/yasar-toplulugu-ve-sap-turkiye-proje-feniks-ile-bolgenin-en-kapsamli-dijital-donusum-projesine-imza-atacak\/\"]}]},{\"@type\":\"BreadcrumbList\",\"@id\":\"https:\/\/news.sap.com\/turkey\/2023\/08\/yasar-toplulugu-ve-sap-turkiye-proje-feniks-ile-bolgenin-en-kapsamli-dijital-donusum-projesine-imza-atacak\/#breadcrumb\",\"itemListElement\":[{\"@type\":\"ListItem\",\"position\":1,\"name\":\"Home\",\"item\":\"https:\/\/news.sap.com\/turkey\/\"},{\"@type\":\"ListItem\",\"position\":2,\"name\":\"Ya\u015far Toplulu\u011fu ve SAP T\u00fcrkiye, \u201cProje Feniks\u201d ile b\u00f6lgenin en kapsaml\u0131 dijital d\u00f6n\u00fc\u015f\u00fcm projesine imza atacak\"}]},{\"@type\":\"WebSite\",\"@id\":\"https:\/\/news.sap.com\/turkey\/#website\",\"url\":\"https:\/\/news.sap.com\/turkey\/\",\"name\":\"SAP T\u00fcrkiye Bas\u0131n Odas\u0131\",\"description\":\"SAP ile ilgili haberler\",\"potentialAction\":[{\"@type\":\"SearchAction\",\"target\":{\"@type\":\"EntryPoint\",\"urlTemplate\":\"https:\/\/news.sap.com\/turkey\/?s={search_term_string}\"},\"query-input\":{\"@type\":\"PropertyValueSpecification\",\"valueRequired\":true,\"valueName\":\"search_term_string\"}}],\"inLanguage\":\"tr\"},{\"@type\":\"Person\",\"@id\":\"https:\/\/news.sap.com\/turkey\/#\/schema\/person\/53b9854bd790d6f18f3fc4bbb2ad7570\",\"name\":\"SAP News\",\"image\":{\"@type\":\"ImageObject\",\"inLanguage\":\"tr\",\"@id\":\"https:\/\/news.sap.com\/turkey\/#\/schema\/person\/image\/\",\"url\":\"https:\/\/news.sap.com\/turkey\/wp-content\/plugins\/wp-user-avatars\/wp-user-avatars\/assets\/images\/mystery.jpg\",\"contentUrl\":\"https:\/\/news.sap.com\/turkey\/wp-content\/plugins\/wp-user-avatars\/wp-user-avatars\/assets\/images\/mystery.jpg\",\"caption\":\"SAP News\"},\"url\":\"https:\/\/news.sap.com\/turkey\/author\/colleenraftery\/\"}]}<\/script>\n<!-- \/ Yoast SEO Premium plugin. -->","yoast_head_json":{"title":"Ya\u015far Toplulu\u011fu ve SAP T\u00fcrkiye, \u201cProje Feniks\u201d ile b\u00f6lgenin en kapsaml\u0131 dijital d\u00f6n\u00fc\u015f\u00fcm projesine imza atacak - SAP T\u00fcrkiye Bas\u0131n Odas\u0131","robots":{"index":"index","follow":"follow","max-snippet":"max-snippet:-1","max-image-preview":"max-image-preview:large","max-video-preview":"max-video-preview:-1"},"canonical":"https:\/\/news.sap.com\/turkey\/2023\/08\/yasar-toplulugu-ve-sap-turkiye-proje-feniks-ile-bolgenin-en-kapsamli-dijital-donusum-projesine-imza-atacak\/","og_locale":"tr_TR","og_type":"article","og_title":"Ya\u015far Toplulu\u011fu ve SAP T\u00fcrkiye, \u201cProje Feniks\u201d ile b\u00f6lgenin en kapsaml\u0131 dijital d\u00f6n\u00fc\u015f\u00fcm projesine imza atacak","og_description":"Ya\u015far Toplulu\u011fu, dijital d\u00f6n\u00fc\u015f\u00fcm\u00fcn\u00fc SAP\u2019nin en g\u00fcncel bulut i\u015f modeli ile s\u00fcrd\u00fcrecek. \u00a0Kurulu\u015fundan bu yana \u00e7a\u011f\u0131n ve teknolojinin geli\u015fimine paralel olarak kendini s\u00fcrekli yenileyerek sekt\u00f6r\u00fcne...","og_url":"https:\/\/news.sap.com\/turkey\/2023\/08\/yasar-toplulugu-ve-sap-turkiye-proje-feniks-ile-bolgenin-en-kapsamli-dijital-donusum-projesine-imza-atacak\/","og_site_name":"SAP T\u00fcrkiye Bas\u0131n Odas\u0131","article_published_time":"2023-08-04T12:46:26+00:00","article_modified_time":"2024-08-20T15:15:13+00:00","author":"SAP News","twitter_card":"summary_large_image","twitter_misc":{"Yazan:":"SAP News","Tahmini okuma s\u00fcresi":"7 dakika"},"schema":{"@context":"https:\/\/schema.org","@graph":[{"@type":"Article","@id":"https:\/\/news.sap.com\/turkey\/2023\/08\/yasar-toplulugu-ve-sap-turkiye-proje-feniks-ile-bolgenin-en-kapsamli-dijital-donusum-projesine-imza-atacak\/#article","isPartOf":{"@id":"https:\/\/news.sap.com\/turkey\/2023\/08\/yasar-toplulugu-ve-sap-turkiye-proje-feniks-ile-bolgenin-en-kapsamli-dijital-donusum-projesine-imza-atacak\/"},"author":{"name":"SAP News","@id":"https:\/\/news.sap.com\/turkey\/#\/schema\/person\/53b9854bd790d6f18f3fc4bbb2ad7570"},"headline":"Ya\u015far Toplulu\u011fu ve SAP T\u00fcrkiye, \u201cProje Feniks\u201d ile b\u00f6lgenin en kapsaml\u0131 dijital d\u00f6n\u00fc\u015f\u00fcm projesine imza atacak","datePublished":"2023-08-04T12:46:26+00:00","dateModified":"2024-08-20T15:15:13+00:00","mainEntityOfPage":{"@id":"https:\/\/news.sap.com\/turkey\/2023\/08\/yasar-toplulugu-ve-sap-turkiye-proje-feniks-ile-bolgenin-en-kapsamli-dijital-donusum-projesine-imza-atacak\/"},"wordCount":1554,"articleSection":["\u00c7\u00f6z\u00fcmler","Kurumsal"],"inLanguage":"tr"},{"@type":"WebPage","@id":"https:\/\/news.sap.com\/turkey\/2023\/08\/yasar-toplulugu-ve-sap-turkiye-proje-feniks-ile-bolgenin-en-kapsamli-dijital-donusum-projesine-imza-atacak\/","url":"https:\/\/news.sap.com\/turkey\/2023\/08\/yasar-toplulugu-ve-sap-turkiye-proje-feniks-ile-bolgenin-en-kapsamli-dijital-donusum-projesine-imza-atacak\/","name":"Ya\u015far Toplulu\u011fu ve SAP T\u00fcrkiye, \u201cProje Feniks\u201d ile b\u00f6lgenin en kapsaml\u0131 dijital d\u00f6n\u00fc\u015f\u00fcm projesine imza atacak - SAP T\u00fcrkiye Bas\u0131n Odas\u0131","isPartOf":{"@id":"https:\/\/news.sap.com\/turkey\/#website"},"datePublished":"2023-08-04T12:46:26+00:00","dateModified":"2024-08-20T15:15:13+00:00","author":{"@id":"https:\/\/news.sap.com\/turkey\/#\/schema\/person\/53b9854bd790d6f18f3fc4bbb2ad7570"},"breadcrumb":{"@id":"https:\/\/news.sap.com\/turkey\/2023\/08\/yasar-toplulugu-ve-sap-turkiye-proje-feniks-ile-bolgenin-en-kapsamli-dijital-donusum-projesine-imza-atacak\/#breadcrumb"},"inLanguage":"tr","potentialAction":[{"@type":"ReadAction","target":["https:\/\/news.sap.com\/turkey\/2023\/08\/yasar-toplulugu-ve-sap-turkiye-proje-feniks-ile-bolgenin-en-kapsamli-dijital-donusum-projesine-imza-atacak\/"]}]},{"@type":"BreadcrumbList","@id":"https:\/\/news.sap.com\/turkey\/2023\/08\/yasar-toplulugu-ve-sap-turkiye-proje-feniks-ile-bolgenin-en-kapsamli-dijital-donusum-projesine-imza-atacak\/#breadcrumb","itemListElement":[{"@type":"ListItem","position":1,"name":"Home","item":"https:\/\/news.sap.com\/turkey\/"},{"@type":"ListItem","position":2,"name":"Ya\u015far Toplulu\u011fu ve SAP T\u00fcrkiye, \u201cProje Feniks\u201d ile b\u00f6lgenin en kapsaml\u0131 dijital d\u00f6n\u00fc\u015f\u00fcm projesine imza atacak"}]},{"@type":"WebSite","@id":"https:\/\/news.sap.com\/turkey\/#website","url":"https:\/\/news.sap.com\/turkey\/","name":"SAP T\u00fcrkiye Bas\u0131n Odas\u0131","description":"SAP ile ilgili haberler","potentialAction":[{"@type":"SearchAction","target":{"@type":"EntryPoint","urlTemplate":"https:\/\/news.sap.com\/turkey\/?s={search_term_string}"},"query-input":{"@type":"PropertyValueSpecification","valueRequired":true,"valueName":"search_term_string"}}],"inLanguage":"tr"},{"@type":"Person","@id":"https:\/\/news.sap.com\/turkey\/#\/schema\/person\/53b9854bd790d6f18f3fc4bbb2ad7570","name":"SAP News","image":{"@type":"ImageObject","inLanguage":"tr","@id":"https:\/\/news.sap.com\/turkey\/#\/schema\/person\/image\/","url":"https:\/\/news.sap.com\/turkey\/wp-content\/plugins\/wp-user-avatars\/wp-user-avatars\/assets\/images\/mystery.jpg","contentUrl":"https:\/\/news.sap.com\/turkey\/wp-content\/plugins\/wp-user-avatars\/wp-user-avatars\/assets\/images\/mystery.jpg","caption":"SAP News"},"url":"https:\/\/news.sap.com\/turkey\/author\/colleenraftery\/"}]}},"amp_enabled":true,"_links":{"self":[{"href":"https:\/\/news.sap.com\/turkey\/wp-json\/wp\/v2\/posts\/1379","targetHints":{"allow":["GET"]}}],"collection":[{"href":"https:\/\/news.sap.com\/turkey\/wp-json\/wp\/v2\/posts"}],"about":[{"href":"https:\/\/news.sap.com\/turkey\/wp-json\/wp\/v2\/types\/post"}],"author":[{"embeddable":true,"href":"https:\/\/news.sap.com\/turkey\/wp-json\/wp\/v2\/users\/29"}],"replies":[{"embeddable":true,"href":"https:\/\/news.sap.com\/turkey\/wp-json\/wp\/v2\/comments?post=1379"}],"version-history":[{"count":0,"href":"https:\/\/news.sap.com\/turkey\/wp-json\/wp\/v2\/posts\/1379\/revisions"}],"wp:attachment":[{"href":"https:\/\/news.sap.com\/turkey\/wp-json\/wp\/v2\/media?parent=1379"}],"wp:term":[{"taxonomy":"category","embeddable":true,"href":"https:\/\/news.sap.com\/turkey\/wp-json\/wp\/v2\/categories?post=1379"},{"taxonomy":"post_tag","embeddable":true,"href":"https:\/\/news.sap.com\/turkey\/wp-json\/wp\/v2\/tags?post=1379"},{"taxonomy":"sapn-display","embeddable":true,"href":"https:\/\/news.sap.com\/turkey\/wp-json\/wp\/v2\/sapn-display?post=1379"},{"taxonomy":"sapn-type","embeddable":true,"href":"https:\/\/news.sap.com\/turkey\/wp-json\/wp\/v2\/sapn-type?post=1379"}],"curies":[{"name":"wp","href":"https:\/\/api.w.org\/{rel}","templated":true}]}}